{"id":14614,"date":"2018-05-01T16:30:54","date_gmt":"2018-05-01T13:30:54","guid":{"rendered":"https:\/\/mdu.edu.az\/mdu-nun-igtisad-lar-stratezhi-yol-kh-rit-sini-m-zakir-edibl-r\/"},"modified":"2018-05-01T16:30:54","modified_gmt":"2018-05-01T13:30:54","slug":"mdu-nun-igtisad-lar-stratezhi-yol-kh-rit-sini-m-zakir-edibl-r","status":"publish","type":"post","link":"https:\/\/mdu.edu.az\/en\/mdu-nun-igtisad-lar-stratezhi-yol-kh-rit-sini-m-zakir-edibl-r\/","title":{"rendered":"MDU-nun iqtisad\u00e7\u0131lar\u0131 Strateji Yol X\u0259rit\u0259sini m\u00fczakir\u0259 edibl\u0259r"},"content":{"rendered":"<p style=\"text-align: center;\"><span style=\"font-family: 'times new roman', times; font-size: 14pt;\"><span style=\"font-family: 'times new roman', times; font-size: 12pt;\"><b><span style=\"color: #c00000;\">MDU-nun iqtisad&ccedil;\u0131lar\u0131 Strateji Yol X\u0259rit\u0259sini m&uuml;zakir\u0259 edibl\u0259r<\/span><\/b><\/span><span style=\"color: black; font-family: 'times new roman', times; font-size: 12pt;\"><\/span><\/span><\/p>\n<p style=\"text-align: justify; text-indent: 27pt;\"><span style=\"color: black; font-family: 'times new roman', times; font-size: 12pt;\">Ming\u0259&ccedil;evir D&ouml;vl\u0259t Universiteti \u0130qtisadiyyat v\u0259 idar\u0259etm\u0259 fak&uuml;lt\u0259sind\u0259 &ldquo;Milli iqtisadiyyat v\u0259 iqtisadiyyat\u0131n \u0259sas sektorlar\u0131 &uuml;zr\u0259 strateji yol x\u0259rit\u0259sinin ba\u015fl\u0131ca istiqam\u0259tl\u0259ri&rdquo; &ccedil;\u0259r&ccedil;iv\u0259sind\u0259 D\u0259yirmi masa ke&ccedil;irilmi\u015fdir. &ldquo;Strateji yol x\u0259rit\u0259l\u0259rinin realla\u015fd\u0131r\u0131lmas\u0131nda ali t\u0259hsil m&uuml;\u0259ssis\u0259l\u0259rinin rolu v\u0259 f\u0259aliyy\u0259t istiqam\u0259tl\u0259ri&rdquo; m&ouml;vzusunda ke&ccedil;iril\u0259n d\u0259yirmi masan\u0131 giri\u015f s&ouml;z&uuml; il\u0259 Ming\u0259&ccedil;evir D&ouml;vl\u0259t Universitetinin rektoru Akif Hac\u0131yev a&ccedil;\u0131b. <em><span style=\"font-style: normal;\">Bildirib ki, d&uuml;nyada ged\u0259n siyasi v\u0259 iqtisadi prosesl\u0259r &ouml;lk\u0259 iqtisadiyyat\u0131n\u0131n r\u0259qab\u0259t qabiliyy\u0259tini art\u0131rmaq, idxaldan as\u0131l\u0131l\u0131\u011f\u0131 azaltmaq, ixracy&ouml;n&uuml;ml&uuml; qeyri-neft iqtisadiyyat\u0131n\u0131n \u0259sasl\u0131 inki\u015faf\u0131n\u0131 realla\u015fd\u0131rmaq, insan kapital\u0131ndan s\u0259m\u0259r\u0259li istifad\u0259 etm\u0259k kimi prioritetl\u0259rin &ouml;n plana &ccedil;\u0259kilm\u0259sini z\u0259ruri edir.<\/span><\/em> Qeyd edib ki, el\u0259 buna g&ouml;r\u0259 d\u0259&nbsp; Az\u0259rbaycan Respublikas\u0131n\u0131n Prezidenti \u0130lham \u018fliyev &ldquo;Milli iqtisadiyyat v\u0259 iqtisadiyyat\u0131n \u0259sas sektorlar\u0131 &uuml;zr\u0259 strateji yol x\u0259rit\u0259l\u0259ri&rdquo;nin t\u0259sdiq edilm\u0259si haqq\u0131nda 06 dekabr 2016-c\u0131 il tarixd\u0259 F\u0259rman imzalam\u0131\u015fd\u0131r. &Uuml;mumilikd\u0259 &ouml;lk\u0259nin perspektiv inki\u015faf h\u0259d\u0259fl\u0259ri v\u0259 istiqam\u0259tl\u0259rini m&uuml;\u0259yy\u0259nl\u0259\u015fdir\u0259n 12, o c&uuml;ml\u0259d\u0259n ayr\u0131-ayr\u0131 sektorlar &uuml;zr\u0259 is\u0259 11 strateji yol x\u0259rit\u0259si q\u0259bul edilmi\u015fdir. <\/span><\/p>\n<p style=\"margin-top: 0cm; margin-right: 0cm; margin-bottom: 0.0001pt; text-align: justify; text-indent: 27pt;\"><span style=\"color: black; font-family: 'times new roman', times; font-size: 12pt;\">A.Hac\u0131yev bildirib ki, strateji yol x\u0259rit\u0259l\u0259ri 2016-2020-ci ill\u0259r &uuml;&ccedil;&uuml;n iqtisadi inki\u015faf strategiyas\u0131n\u0131 v\u0259 t\u0259dbirl\u0259r plan\u0131n\u0131, 2025-ci il\u0259d\u0259k olan d&ouml;vr &uuml;&ccedil;&uuml;n uzunm&uuml;dd\u0259tli bax\u0131\u015f\u0131 v\u0259 2025-ci ild\u0259n sonrak\u0131 d&ouml;vr\u0259 h\u0259d\u0259f bax\u0131\u015f\u0131 &ouml;z&uuml;nd\u0259 ehtiva edir. Layih\u0259l\u0259r a&ccedil;\u0131q m&uuml;zakir\u0259y\u0259 verilib v\u0259 yekun s\u0259n\u0259d t\u0259rtib edil\u0259rk\u0259n maraql\u0131 t\u0259r\u0259fl\u0259rin, o c&uuml;ml\u0259d\u0259n v\u0259t\u0259nda\u015f c\u0259miyy\u0259ti t\u0259sisatlar\u0131n\u0131n v\u0259 v\u0259t\u0259nda\u015flar\u0131n &ccedil;oxsayl\u0131 r\u0259y v\u0259 t\u0259klifl\u0259ri n\u0259z\u0259r\u0259 al\u0131n\u0131b.<\/span><\/p>\n<p style=\"margin-top: 0cm; margin-right: 0cm; margin-bottom: 0.0001pt; text-align: justify; text-indent: 27pt;\"><span style=\"color: black; font-family: 'times new roman', times; font-size: 12pt;\">A.Hac\u0131yev qeyd edib ki, bura Az\u0259rbaycan Respublikas\u0131n\u0131n milli iqtisadiyyat perspektivi, o c&uuml;ml\u0259d\u0259n, neft v\u0259 qaz s\u0259nayesi (kimya m\u0259hsullar\u0131 daxil olmaqla), a\u011f\u0131r s\u0259naye v\u0259 ma\u015f\u0131nqay\u0131rma, k\u0259nd t\u0259s\u0259rr&uuml;fat\u0131 m\u0259hsullar\u0131n\u0131n istehsal\u0131 v\u0259 emal\u0131, habel\u0259&nbsp; ki&ccedil;ik v\u0259 orta sahibkarl\u0131q s\u0259viyy\u0259sind\u0259 istehlak mallar\u0131n\u0131n haz\u0131rlanmas\u0131, ixtisasla\u015fm\u0131\u015f turizm s\u0259nayesi, logistika v\u0259 ticar\u0259t, uy\u011fun qiym\u0259t\u0259 m\u0259nzil t\u0259minat\u0131, pe\u015f\u0259 t\u0259hsili v\u0259 t\u0259limi, maliyy\u0259 xidm\u0259tl\u0259ri, telekommunikasiya v\u0259 informasiya texnologiyalar\u0131 v\u0259 kommunal xidm\u0259tl\u0259rin (elektrik v\u0259 istilik enerjisi, su v\u0259 qaz) inki\u015faf\u0131na&nbsp;dair strateji yol x\u0259rit\u0259l\u0259ri daxildir. <\/span><\/p>\n<p style=\"text-align: justify; text-indent: 27pt;\"><span style=\"color: black; font-family: 'times new roman', times; font-size: 12pt;\">Sonra d\u0259yirmi masada &rdquo;Milli iqtisadiyyat v\u0259 iqtisadiyyat\u0131n ayr\u0131-ayr\u0131 sektorlar\u0131 &uuml;zr\u0259 strateji yol x\u0259rit\u0259si&rdquo;nin Az\u0259rbaycan\u0131n sosial-iqtisadi inki\u015faf\u0131nda rolu m&ouml;vzusunda Ming\u0259&ccedil;evir D&ouml;vl\u0259t Universitetinin elmi i\u015fl\u0259r &uuml;zr\u0259 prorektoru, professor Veys\u0259l \u018fyyubov &ccedil;\u0131x\u0131\u015f edib. O, 2004-2016-c\u0131 ill\u0259r &uuml;zr\u0259 &ouml;lk\u0259 iqtisadiyyat\u0131 &uuml;zr\u0259 r\u0259smi statistik r\u0259q\u0259ml\u0259ri t\u0259hlil edib, Az\u0259rbaycan Respublikas\u0131n\u0131n Prezidenti \u0130lham \u018fliyevin imzalad\u0131\u011f\u0131 u\u011furlu D&ouml;vl\u0259t Proqramlar\u0131, F\u0259rman v\u0259 s\u0259r\u0259ncamlar\u0131 haqq\u0131nda \u0259trafl\u0131 m\u0259lumat verib. V.\u018fyyubov qeyd edib ki, m&uuml;zakir\u0259 m&ouml;vzumuz milli iqtisadiyyat\u0131m\u0131z\u0131n olduqca aktual bir problemin\u0259, davaml\u0131 inki\u015faf\u0131n t\u0259min olunmas\u0131nda qeyri-neft sektorunun roluna h\u0259sr olunur. Bildirib ki, son ill\u0259r Az\u0259rbaycan iqtisadiyyat\u0131n\u0131n bir &ccedil;ox sah\u0259l\u0259rind\u0259, x&uuml;susil\u0259 d\u0259 qeyri-neft sektorunda n\u0259z\u0259r\u0259 &ccedil;arpan y&uuml;ks\u0259li\u015f bir t\u0259r\u0259fd\u0259n &ouml;lk\u0259mizin geni\u015f inki\u015faf potensial\u0131n\u0131 \u0259ks etdirir, dig\u0259r t\u0259r\u0259fd\u0259n is\u0259 bu potensialdan tam istifad\u0259 olunmas\u0131 m\u0259qs\u0259dil\u0259 \u0259lav\u0259 t\u0259dbirl\u0259rin h\u0259yata ke&ccedil;irilm\u0259si z\u0259rur\u0259tini yarad\u0131r. &ldquo;Milli iqtisadiyyat v\u0259 iqtisadiyyat\u0131n \u0259sas sektorlar\u0131 &uuml;zr\u0259 strateji yol x\u0259rit\u0259l\u0259rinin t\u0259sdiq edilm\u0259si haqq\u0131nda&rdquo; Az\u0259rbaycan Respublikas\u0131 Prezidentinin f\u0259rman\u0131 il\u0259 m\u0259hz bu m&uuml;h&uuml;m v\u0259zif\u0259 qar\u015f\u0131ya qoyulub. Ona g&ouml;r\u0259 d\u0259 yax\u0131n ill\u0259rd\u0259 iqtisadi art\u0131m\u0131n ma\u015f\u0131nqay\u0131rma, ixtisasla\u015fm\u0131\u015f turizm, k\u0259nd t\u0259s\u0259rr&uuml;fat\u0131, el\u0259c\u0259 d\u0259 dig\u0259r&nbsp; sah\u0259l\u0259rin inki\u015faf\u0131na nail olmaqla realla\u015fd\u0131rmas\u0131 he&ccedil; bir \u015f&uuml;bh\u0259 d&ouml;\u011furmur.<\/span><\/p>\n<p style=\"margin-right: 1.45pt; text-align: justify; text-indent: 27pt;\"><span style=\"color: black; font-family: 'times new roman', times; font-size: 12pt;\">M&ouml;vzunun davam\u0131 olaraq \u0130qtisadiyyat v\u0259 idar\u0259etm\u0259 fak&uuml;lt\u0259sinin dekan\u0131, dosent N&uuml;\u015fab\u0259 Q\u0259dimli &ccedil;\u0131x\u0131\u015f edib. Qeyd edib ki, Milli iqtisadiyyat v\u0259 iqtisadiyyat\u0131n \u0259sas sektorlar\u0131 &uuml;zr\u0259 Strateji Yol X\u0259rit\u0259l\u0259rind\u0259 n\u0259z\u0259rd\u0259 tutulmu\u015f t\u0259dbirl\u0259rin icras\u0131 il\u0259 ba\u011fl\u0131 Az\u0259rbaycan Respublikas\u0131 T\u0259hsil Nazirliyinin Strateji Plan\u0131n\u0131n icras\u0131n\u0131 t\u0259min etm\u0259k m\u0259qs\u0259dil\u0259 universitet t\u0259r\u0259find\u0259n d\u0259 t\u0259dbirl\u0259r plan\u0131 haz\u0131rlanm\u0131\u015fd\u0131r v\u0259 m&uuml;vafiq olaraq Ming\u0259&ccedil;evir D&ouml;vl\u0259t Universitetinin rektoru t\u0259r\u0259find\u0259n T\u0259dbirl\u0259r Plan\u0131n\u0131n t\u0259sdiqi bar\u0259d\u0259 02.06.2017-ci il tarixli tarixli 57\/1 sayl\u0131 \u0259mr imzalanm\u0131\u015fd\u0131r.<\/span><\/p>\n<p style=\"margin-right: 1.45pt; text-align: justify; text-indent: 27pt;\"><span style=\"color: black; font-family: 'times new roman', times; font-size: 12pt;\">N.Q\u0259dimli qeyd edib ki, t\u0259dbirl\u0259r Plan\u0131na uy\u011fun olaraq fak&uuml;lt\u0259l\u0259rd\u0259, kafedralarda uy\u011fun struktur b&ouml;lm\u0259l\u0259rind\u0259 v\u0259 ixtisas qruplar\u0131nda \u0259m\u0259li maarifl\u0259ndirici t\u0259dbirl\u0259rin, konfrans, d\u0259yirmi masa, seminarlar\u0131n, TEC-in t\u0259dbirl\u0259rinin ke&ccedil;irilm\u0259si n\u0259z\u0259rd\u0259 tutulub. Ming\u0259&ccedil;evir D&ouml;vl\u0259t Universiteti \u0130qtisadiyyat v\u0259 idar\u0259etm\u0259 fak&uuml;lt\u0259si t\u0259r\u0259find\u0259n &ldquo;Strateji yol x\u0259rit\u0259l\u0259rinin realla\u015fd\u0131r\u0131lmas\u0131nda ali t\u0259hsil m&uuml;\u0259ssis\u0259l\u0259rinin rolu v\u0259 f\u0259aliyy\u0259t istiqam\u0259tl\u0259ri&rdquo; m&ouml;vzusunda ke&ccedil;iril\u0259n d\u0259yirmi masa qeyd olunan t\u0259dbirl\u0259rd\u0259n biridir. D\u0259yirmi masan\u0131n m\u0259qs\u0259di d\u0259 t\u0259dbirl\u0259r plan\u0131nda n\u0259z\u0259rd\u0259 tutulmu\u015f v\u0259zif\u0259l\u0259r v\u0259 ondan ir\u0259li g\u0259l\u0259n m\u0259s\u0259l\u0259l\u0259rin m&uuml;zakir\u0259sinin apar\u0131lmas\u0131d\u0131r. <\/span><\/p>\n<p style=\"margin-top: 0cm; margin-right: 0cm; margin-bottom: 0.0001pt; text-align: justify; text-indent: 27pt;\"><span style=\"color: black; font-family: 'times new roman', times; font-size: 12pt;\">Dosent N&uuml;\u015fab\u0259 Q\u0259dimli bildirib ki, Strateji yol x\u0259rit\u0259si uzun m&uuml;dd\u0259t\u0259 &ouml;lk\u0259nin m&uuml;h&uuml;m h\u0259d\u0259fl\u0259rini m&uuml;\u0259yy\u0259nl\u0259\u015fdir\u0259c\u0259k. Az\u0259rbaycan d&ouml;vl\u0259ti strateji yol x\u0259rit\u0259sini &ouml;lk\u0259mizin b&uuml;t&uuml;n \u0259razisind\u0259 tam dol\u011funlu\u011fu il\u0259 h\u0259yata ke&ccedil;ir\u0259c\u0259k. Strateji yol x\u0259rit\u0259si Az\u0259rbaycan\u0131 orta g\u0259lirli &ouml;lk\u0259d\u0259n y&uuml;ks\u0259k g\u0259lirli &ouml;lk\u0259l\u0259r s\u0131ras\u0131na qald\u0131rmaq niyy\u0259ti da\u015f\u0131y\u0131r. Bunun &uuml;&ccedil;&uuml;n qar\u015f\u0131da 3 \u0259sas m\u0259qs\u0259din- kapital, talant, bazar prinsipl\u0259rinin&nbsp; ger&ccedil;\u0259kl\u0259\u015fdirilm\u0259si kimi m&uuml;h&uuml;m v\u0259zif\u0259 durur. H\u0259r &uuml;&ccedil; istiqam\u0259t &uuml;zr\u0259 strateji yol x\u0259rit\u0259si Az\u0259rbaycan d&ouml;vl\u0259tinin uzunm&uuml;dd\u0259tli h\u0259d\u0259fl\u0259rini m&uuml;\u0259yy\u0259nl\u0259\u015fdirir.<\/span><\/p>\n<p style=\"margin-top: 0cm; margin-right: 0cm; margin-bottom: 0.0001pt; text-align: justify; text-indent: 27pt;\"><span style=\"color: black; font-family: 'times new roman', times; font-size: 12pt;\">Sonra &ldquo;\u0130qtisadiyyat&rdquo; kafedras\u0131n\u0131n m&uuml;diri, i.f.d. C\u0259mil\u0259 Musayeva, ba\u015f m&uuml;\u0259llim Arif Ta\u011f\u0131yev, Ming\u0259&ccedil;evir S\u0259naye Park\u0131n\u0131n ba\u015f m&uuml;h\u0259ndisi, dosent Mustafa M\u0259mm\u0259dov Y&uuml;ks\u0259k ixtisasl\u0131 kadrlar\u0131n haz\u0131rlanmas\u0131n\u0131n \u0259m\u0259k bazar\u0131n\u0131n t\u0259l\u0259bl\u0259rin\u0259 uy\u011funla\u015fd\u0131r\u0131lmas\u0131 haqq\u0131nda, &ldquo;S\u0259nayenin t\u0259\u015fkili v\u0259 idar\u0259etm\u0259&rdquo; kafedras\u0131n\u0131n m&uuml;diri dosent Emiliya H&uuml;seynova Universitet klasterl\u0259rinin yarad\u0131lmas\u0131na strateji yana\u015fma haqq\u0131nda, ba\u015f m&uuml;\u0259llim G&uuml;n\u0259\u015f \u015e\u0259faq\u0259tov v\u0259 M&uuml;h\u0259ndislik fak&uuml;lt\u0259sinin dekan\u0131, dosent V&uuml;qar Mustafayev Elmi-t\u0259dqiqat i\u015fl\u0259rinin v\u0259 t\u0259dris prosesinin innovativ y&ouml;n&uuml;ml&uuml;l&uuml;y&uuml;n&uuml;n y&uuml;ks\u0259ldilm\u0259sinin b\u0259zi aspektl\u0259ri haqq\u0131nda m&ouml;vzu \u0259traf\u0131nda m&uuml;zakir\u0259l\u0259rd\u0259 &ccedil;\u0131x\u0131\u015f etdil\u0259r.<\/span><\/p>\n<p style=\"margin-top: 0cm; margin-right: 0cm; margin-bottom: 0.0001pt; text-align: justify; text-indent: 27pt;\"><span style=\"color: black; font-family: 'times new roman', times; font-size: 12pt;\">Natiql\u0259r qeyd edibl\u0259r ki, davaml\u0131 iqtisadi islahatlar &ccedil;\u0259r&ccedil;iv\u0259sind\u0259 &ouml;lk\u0259d\u0259 apar\u0131lan iqtisadi siyas\u0259t qlobal iqtisadi &ccedil;a\u011f\u0131r\u0131\u015flara uy\u011fun m&uuml;asir konseptual yana\u015fmalarla daha da t\u0259kmill\u0259\u015fdirilib, strateji m\u0259qs\u0259dl\u0259r\u0259 uy\u011fun s\u0259rb\u0259st bazar m&uuml;nasib\u0259tl\u0259rinin v\u0259 &ouml;z&uuml;n&uuml;inki\u015faf qabiliyy\u0259tin\u0259 malik sosialy&ouml;n&uuml;ml&uuml;, diversifikasiya olunan milli iqtisadiyyat\u0131n formala\u015fd\u0131r\u0131lmas\u0131 t\u0259min edilib. H\u0259yata ke&ccedil;iril\u0259n m\u0259qs\u0259dy&ouml;nl&uuml; t\u0259dbirl\u0259r n\u0259tic\u0259sind\u0259 makroiqtisadi sabitlik qorunub saxlan\u0131l\u0131b, qeyri-neft sah\u0259l\u0259rinin v\u0259 b&uuml;t&ouml;vl&uuml;kd\u0259 regionlar\u0131n tarazl\u0131 inki\u015faf\u0131 s&uuml;r\u0259tl\u0259nib,&nbsp;&nbsp;strateji valyuta ehtiyatlar\u0131ndan s\u0259m\u0259r\u0259li istifad\u0259 t\u0259min olunub, sahibkarl\u0131\u011fa d&ouml;vl\u0259t d\u0259st\u0259yi g&uuml;cl\u0259ndirilib, \u0259lveri\u015fli biznes v\u0259 investisiya m&uuml;hiti formala\u015f\u0131b, \u0259halinin sosial rifah\u0131 davaml\u0131 olaraq yax\u015f\u0131la\u015f\u0131b. Lakin bununla bel\u0259 son d&ouml;vrl\u0259rd\u0259 ist\u0259r regionda, ist\u0259rs\u0259 d\u0259 qlobal iqtisadiyyatda ged\u0259n prosesl\u0259r, neft g\u0259lirl\u0259rinin k\u0259skin azalmas\u0131, m&uuml;r\u0259kk\u0259b xarici iqtisadi m&uuml;hit &ouml;lk\u0259nin makroiqtisadi v\u0259 maliyy\u0259 sabitliyin\u0259 &ouml;z t\u0259sirini g&ouml;st\u0259rm\u0259kd\u0259dir. D&uuml;nyada c\u0259r\u0259yan ed\u0259n prosesl\u0259rin yaratd\u0131\u011f\u0131 yeni &ccedil;a\u011f\u0131r\u0131\u015flara uy\u011funla\u015fmaq v\u0259 m&ouml;vcud qlobal iqtisadi b&ouml;hran\u0131n &ouml;lk\u0259miz\u0259 t\u0259sirini minimuma endirm\u0259k m\u0259qs\u0259dil\u0259 iqtisadi islahatlar\u0131n \u0259sas strateji h\u0259d\u0259fl\u0259rin\u0259 uy\u011fun olaraq sistem xarakterli bir s\u0131ra t\u0259dbirl\u0259rin h\u0259yata ke&ccedil;irilm\u0259si, sosial-iqtisadi inki\u015faf\u0131n cari, orta v\u0259 uzunm&uuml;dd\u0259tli d&ouml;vrl\u0259ri aras\u0131nda &uuml;zvi ba\u011fl\u0131l\u0131q v\u0259 qar\u015f\u0131l\u0131ql\u0131 uzla\u015fma yaratmaqla, iqtisadi inki\u015faf\u0131n keyfiyy\u0259tc\u0259 yeni modelinin formala\u015fd\u0131r\u0131lmas\u0131 qar\u015f\u0131da duran \u0259sas prioritet v\u0259zif\u0259l\u0259rd\u0259ndir.<\/span><\/p>\n<p style=\"margin-top: 0cm; margin-right: 0cm; margin-bottom: 0.0001pt; text-align: justify; text-indent: 27pt;\"><span style=\"color: black; font-family: 'times new roman', times; font-size: 12pt;\">Qeyd ed\u0259k ki, D\u0259yirmi masada universitetin professor v\u0259 m&uuml;\u0259llim hey\u0259til\u0259 yana\u015f\u0131, d\u0259v\u0259t olunan Ming\u0259&ccedil;evir S\u0259naye Park\u0131n\u0131n, M\u0259\u015f\u011fulluq M\u0259rk\u0259zinin, K\u0130V-in n&uuml;may\u0259nd\u0259l\u0259ri d\u0259 i\u015ftirak edibl\u0259r.<\/span><\/p>\n<p>{phocagallery view=category|categoryid=14|limitstart=0|limitcount=0}<\/p>","protected":false},"excerpt":{"rendered":"<p>MDU-nun iqtisad&ccedil;\u0131lar\u0131 Strateji Yol X\u0259rit\u0259sini m&uuml;zakir\u0259 edibl\u0259r Ming\u0259&ccedil;evir D&ouml;vl\u0259t Universiteti \u0130qtisadiyyat v\u0259 idar\u0259etm\u0259 fak&uuml;lt\u0259sind\u0259 &ldquo;Milli iqtisadiyyat v\u0259 iqtisadiyyat\u0131n \u0259sas sektorlar\u0131 &uuml;zr\u0259 strateji yol x\u0259rit\u0259sinin ba\u015fl\u0131ca istiqam\u0259tl\u0259ri&rdquo; &ccedil;\u0259r&ccedil;iv\u0259sind\u0259 D\u0259yirmi masa ke&ccedil;irilmi\u015fdir. &ldquo;Strateji yol x\u0259rit\u0259l\u0259rinin realla\u015fd\u0131r\u0131lmas\u0131nda ali t\u0259hsil m&uuml;\u0259ssis\u0259l\u0259rinin rolu v\u0259 f\u0259aliyy\u0259t istiqam\u0259tl\u0259ri&rdquo; m&ouml;vzusunda ke&ccedil;iril\u0259n d\u0259yirmi masan\u0131 giri\u015f s&ouml;z&uuml; il\u0259 Ming\u0259&ccedil;evir D&ouml;vl\u0259t Universitetinin rektoru Akif Hac\u0131yev a&ccedil;\u0131b. [&hellip;]<\/p>\n","protected":false},"author":1,"featured_media":0,"comment_status":"open","ping_status":"open","sticky":false,"template":"","format":"standard","meta":{"_eb_attr":"","ocean_post_layout":"","ocean_both_sidebars_style":"","ocean_both_sidebars_content_width":0,"ocean_both_sidebars_sidebars_width":0,"ocean_sidebar":"","ocean_second_sidebar":"","ocean_disable_margins":"enable","ocean_add_body_class":"","ocean_shortcode_before_top_bar":"","ocean_shortcode_after_top_bar":"","ocean_shortcode_before_header":"","ocean_shortcode_after_header":"","ocean_has_shortcode":"","ocean_shortcode_after_title":"","ocean_shortcode_before_footer_widgets":"","ocean_shortcode_after_footer_widgets":"","ocean_shortcode_before_footer_bottom":"","ocean_shortcode_after_footer_bottom":"","ocean_display_top_bar":"default","ocean_display_header":"default","ocean_header_style":"","ocean_center_header_left_menu":"","ocean_custom_header_template":"","ocean_custom_logo":0,"ocean_custom_retina_logo":0,"ocean_custom_logo_max_width":0,"ocean_custom_logo_tablet_max_width":0,"ocean_custom_logo_mobile_max_width":0,"ocean_custom_logo_max_height":0,"ocean_custom_logo_tablet_max_height":0,"ocean_custom_logo_mobile_max_height":0,"ocean_header_custom_menu":"","ocean_menu_typo_font_family":"","ocean_menu_typo_font_subset":"","ocean_menu_typo_font_size":0,"ocean_menu_typo_font_size_tablet":0,"ocean_menu_typo_font_size_mobile":0,"ocean_menu_typo_font_size_unit":"px","ocean_menu_typo_font_weight":"","ocean_menu_typo_font_weight_tablet":"","ocean_menu_typo_font_weight_mobile":"","ocean_menu_typo_transform":"","ocean_menu_typo_transform_tablet":"","ocean_menu_typo_transform_mobile":"","ocean_menu_typo_line_height":0,"ocean_menu_typo_line_height_tablet":0,"ocean_menu_typo_line_height_mobile":0,"ocean_menu_typo_line_height_unit":"","ocean_menu_typo_spacing":0,"ocean_menu_typo_spacing_tablet":0,"ocean_menu_typo_spacing_mobile":0,"ocean_menu_typo_spacing_unit":"","ocean_menu_link_color":"","ocean_menu_link_color_hover":"","ocean_menu_link_color_active":"","ocean_menu_link_background":"","ocean_menu_link_hover_background":"","ocean_menu_link_active_background":"","ocean_menu_social_links_bg":"","ocean_menu_social_hover_links_bg":"","ocean_menu_social_links_color":"","ocean_menu_social_hover_links_color":"","ocean_disable_title":"default","ocean_disable_heading":"default","ocean_post_title":"","ocean_post_subheading":"","ocean_post_title_style":"","ocean_post_title_background_color":"","ocean_post_title_background":0,"ocean_post_title_bg_image_position":"","ocean_post_title_bg_image_attachment":"","ocean_post_title_bg_image_repeat":"","ocean_post_title_bg_image_size":"","ocean_post_title_height":0,"ocean_post_title_bg_overlay":0.5,"ocean_post_title_bg_overlay_color":"","ocean_disable_breadcrumbs":"default","ocean_breadcrumbs_color":"","ocean_breadcrumbs_separator_color":"","ocean_breadcrumbs_links_color":"","ocean_breadcrumbs_links_hover_color":"","ocean_display_footer_widgets":"default","ocean_display_footer_bottom":"default","ocean_custom_footer_template":"","ocean_post_oembed":"","ocean_post_self_hosted_media":"","ocean_post_video_embed":"","ocean_link_format":"","ocean_link_format_target":"self","ocean_quote_format":"","ocean_quote_format_link":"post","ocean_gallery_link_images":"on","ocean_gallery_id":[],"footnotes":""},"categories":[63],"tags":[],"class_list":["post-14614","post","type-post","status-publish","format-standard","hentry","category-khaebaerlaer-az","entry"],"_links":{"self":[{"href":"https:\/\/mdu.edu.az\/en\/wp-json\/wp\/v2\/posts\/14614","targetHints":{"allow":["GET"]}}],"collection":[{"href":"https:\/\/mdu.edu.az\/en\/wp-json\/wp\/v2\/posts"}],"about":[{"href":"https:\/\/mdu.edu.az\/en\/wp-json\/wp\/v2\/types\/post"}],"author":[{"embeddable":true,"href":"https:\/\/mdu.edu.az\/en\/wp-json\/wp\/v2\/users\/1"}],"replies":[{"embeddable":true,"href":"https:\/\/mdu.edu.az\/en\/wp-json\/wp\/v2\/comments?post=14614"}],"version-history":[{"count":0,"href":"https:\/\/mdu.edu.az\/en\/wp-json\/wp\/v2\/posts\/14614\/revisions"}],"wp:attachment":[{"href":"https:\/\/mdu.edu.az\/en\/wp-json\/wp\/v2\/media?parent=14614"}],"wp:term":[{"taxonomy":"category","embeddable":true,"href":"https:\/\/mdu.edu.az\/en\/wp-json\/wp\/v2\/categories?post=14614"},{"taxonomy":"post_tag","embeddable":true,"href":"https:\/\/mdu.edu.az\/en\/wp-json\/wp\/v2\/tags?post=14614"}],"curies":[{"name":"wp","href":"https:\/\/api.w.org\/{rel}","templated":true}]}}