{"id":14639,"date":"2018-05-02T17:48:36","date_gmt":"2018-05-02T14:48:36","guid":{"rendered":"https:\/\/mdu.edu.az\/m-h-ndislik-fak-lt-sind-tedz-in-u-urlu-konfrans\/"},"modified":"2018-05-02T17:48:36","modified_gmt":"2018-05-02T14:48:36","slug":"m-h-ndislik-fak-lt-sind-tedz-in-u-urlu-konfrans","status":"publish","type":"post","link":"https:\/\/mdu.edu.az\/en\/m-h-ndislik-fak-lt-sind-tedz-in-u-urlu-konfrans\/","title":{"rendered":"M\u00fch\u0259ndislik fak\u00fclt\u0259sind\u0259 TEC-in u\u011furlu konfrans\u0131"},"content":{"rendered":"<p style=\"margin-bottom: 0.0001pt; text-align: center; line-height: normal;\"><span style=\"font-family: 'times new roman', times; font-size: 14pt;\"><b><span style=\"font-size: 14pt; font-family: 'Times New Roman', serif; color: red;\">M&uuml;h\u0259ndislik fak&uuml;lt\u0259sind\u0259 TEC-in u\u011furlu konfrans\u0131<\/span><\/b><span style=\"font-size: 12pt; font-family: 'Times New Roman', serif;\"><\/span><\/span><\/p>\n<p style=\"margin-bottom: 0.0001pt; text-align: justify; text-indent: 1cm; line-height: normal;\"><span style=\"font-family: 'times new roman', times; font-size: 12pt;\">Ming\u0259&ccedil;evir D&ouml;vl\u0259t Universitetinin M&uuml;h\u0259ndislik fak&uuml;lt\u0259sinin T\u0259l\u0259b\u0259 Elmi C\u0259miyy\u0259tinin &ldquo;Elm, zaman v\u0259 g\u0259nclik m&ouml;vzusunda&rdquo; konfrans\u0131 ke&ccedil;irilib. Konfrans Az\u0259rbaycan Xalq C&uuml;mhuriyy\u0259tinin 100 illik yubileyi v\u0259 &uuml;mummilli lider Heyd\u0259r \u018fliyevin anadan olmas\u0131n\u0131n 95 illiyin\u0259 h\u0259sr olunmu\u015fdur. Konfrans\u0131n i\u015find\u0259 fak&uuml;lt\u0259nin pedaqoji v\u0259 t\u0259l\u0259b\u0259 hey\u0259tinin n&uuml;may\u0259nd\u0259l\u0259ri il\u0259 yana\u015f\u0131 MDU-nun Elmi i\u015fl\u0259r &uuml;zr\u0259 prorektoru, professor V.\u018fyyubov v\u0259 universitetin TEC s\u0259dr ba\u015f m&uuml;\u0259llim G&uuml;n\u0259\u015f \u015e\u0259faq\u0259tov i\u015ftirak edibl\u0259r.<\/span><\/p>\n<p style=\"margin-bottom: 0.0001pt; text-align: justify; text-indent: 1cm; line-height: normal;\"><span style=\"font-family: 'times new roman', times; font-size: 12pt;\">Konfrans\u0131 giri\u015f s&ouml;z&uuml; il\u0259 fak&uuml;lt\u0259 dekan\u0131 dos. V&uuml;qar Mustafayev a&ccedil;\u0131b. Konfransda TEC-in &uuml;zvl\u0259ri t\u0259r\u0259find\u0259n apar\u0131lm\u0131\u015f t\u0259dqiqat i\u015fl\u0259rinin y&uuml;ks\u0259k s\u0259viyy\u0259d\u0259 haz\u0131rland\u0131\u011f\u0131n\u0131 qeyd edib. Sonra Elmi i\u015fl\u0259r &uuml;zr\u0259 prorektor, professor V.\u018fyyubov &ccedil;\u0131x\u0131\u015f ed\u0259r\u0259k konfrans i\u015ftirak&ccedil;\u0131lar\u0131na universitet r\u0259hb\u0259rliyinin salamlar\u0131n\u0131 bildirdi v\u0259 t\u0259l\u0259b\u0259l\u0259r\u0259 konfrans\u0131n i\u015find\u0259 u\u011furlar arzu etdi.<\/span><\/p>\n<p style=\"margin-bottom: 0.0001pt; text-align: justify; text-indent: 1cm; line-height: normal;\"><span style=\"font-family: 'times new roman', times; font-size: 12pt;\">Sonra EM15 sayl\u0131 qrupun t\u0259l\u0259b\u0259si Leyla \u0130smay\u0131lova &ldquo;H\u0259yat &uuml;&ccedil;&uuml;n su onilliyi&rdquo; (elmi r\u0259hb\u0259r, dos. P\u0259rvan\u0259 S\u0259f\u0259rova); EE15 sayl\u0131 qrupun t\u0259l\u0259b\u0259si Taleh M\u0259mm\u0259dov &ldquo;Elektrik verili\u015f x\u0259tl\u0259rinin buz t\u0259b\u0259q\u0259sind\u0259n m&uuml;hafiz\u0259 yollar\u0131&rdquo; (elmi r\u0259hb\u0259r S\u0259ad\u0259t \u015e\u0131x\u0259liyeva); EM17 sayl\u0131 qrupun t\u0259l\u0259b\u0259si Ai\u015f\u0259 Mal\u0131mova &ldquo;B\u0259\u015f\u0259riyy\u0259tin &ldquo;a\u011f ciy\u0259rl\u0259ri&rdquo;&rdquo; (elmi r\u0259hb\u0259r dos. M\u0259hy\u0259ddin Mehdiyev); EE17 sayl\u0131 qrupun t\u0259l\u0259b\u0259si R\u0259van \u018fliyev &ldquo;Avtomatik qur\u011fular\u0131n inki\u015faf tarixinin erk\u0259n d&ouml;vr&uuml;&rdquo; (elmi r\u0259hb\u0259r V&uuml;qar Mustafayev); \u0130T16 sayl\u0131 qrupu t\u0259l\u0259b\u0259si Aid\u0259 Qurbanova &ldquo;\u0130nternet as\u0131l\u0131l\u0131\u011f\u0131 v\u0259 depressiya&rdquo; (elmi r\u0259hb\u0259r ba\u015f m&uuml;\u0259llim Aid\u0259 Mustafayeva) v\u0259 YN16 sayl\u0131 qrupun t\u0259l\u0259b\u0259si Elvin H\u0259\u015fimli &ldquo;N\u0259qliyyat\u0131n artmas\u0131n\u0131n ekoloji f\u0259sadlar\u0131&rdquo; (elmi r\u0259hb\u0259r dos. S\u0259buhi Q\u0259hr\u0259manov) m&ouml;vzular\u0131nda t\u0259dqiqat i\u015fl\u0259rini \u0259yani \u015f\u0259kild\u0259 slaydlarla birlikd\u0259 m\u0259ruz\u0259 edibl\u0259r.<\/span><\/p>\n<p style=\"margin-bottom: 0.0001pt; text-align: justify; text-indent: 1cm; line-height: normal;\"><span style=\"font-family: 'times new roman', times; font-size: 12pt;\">Fak&uuml;lt\u0259 dekan\u0131 dos. V&uuml;qar Mustafayev v\u0259 universitetin TEC s\u0259dr ba\u015f m&uuml;\u0259llim G&uuml;n\u0259\u015f \u015e\u0259faq\u0259tov &ccedil;\u0131x\u0131\u015f edibl\u0259r. Y&uuml;ks\u0259k s\u0259viyy\u0259d\u0259 haz\u0131rlanan t\u0259dqiqat i\u015fl\u0259rinin n\u0259tic\u0259l\u0259rind\u0259n raz\u0131 qald\u0131qlar\u0131n\u0131 bildirdil\u0259r v\u0259 onlara g\u0259l\u0259c\u0259k f\u0259aliyy\u0259tl\u0259rind\u0259 u\u011furlar arzu etdil\u0259r.&nbsp;<\/span><\/p>\n<p>{phocagallery view=category|categoryid=47|limitstart=0|limitcount=0}<\/p>","protected":false},"excerpt":{"rendered":"<p>M&uuml;h\u0259ndislik fak&uuml;lt\u0259sind\u0259 TEC-in u\u011furlu konfrans\u0131 Ming\u0259&ccedil;evir D&ouml;vl\u0259t Universitetinin M&uuml;h\u0259ndislik fak&uuml;lt\u0259sinin T\u0259l\u0259b\u0259 Elmi C\u0259miyy\u0259tinin &ldquo;Elm, zaman v\u0259 g\u0259nclik m&ouml;vzusunda&rdquo; konfrans\u0131 ke&ccedil;irilib. Konfrans Az\u0259rbaycan Xalq C&uuml;mhuriyy\u0259tinin 100 illik yubileyi v\u0259 &uuml;mummilli lider Heyd\u0259r \u018fliyevin anadan olmas\u0131n\u0131n 95 illiyin\u0259 h\u0259sr olunmu\u015fdur. Konfrans\u0131n i\u015find\u0259 fak&uuml;lt\u0259nin pedaqoji v\u0259 t\u0259l\u0259b\u0259 hey\u0259tinin n&uuml;may\u0259nd\u0259l\u0259ri il\u0259 yana\u015f\u0131 MDU-nun Elmi i\u015fl\u0259r &uuml;zr\u0259 prorektoru, professor V.\u018fyyubov [&hellip;]<\/p>\n","protected":false},"author":1,"featured_media":0,"comment_status":"open","ping_status":"open","sticky":false,"template":"","format":"standard","meta":{"_eb_attr":"","ocean_post_layout":"","ocean_both_sidebars_style":"","ocean_both_sidebars_content_width":0,"ocean_both_sidebars_sidebars_width":0,"ocean_sidebar":"","ocean_second_sidebar":"","ocean_disable_margins":"enable","ocean_add_body_class":"","ocean_shortcode_before_top_bar":"","ocean_shortcode_after_top_bar":"","ocean_shortcode_before_header":"","ocean_shortcode_after_header":"","ocean_has_shortcode":"","ocean_shortcode_after_title":"","ocean_shortcode_before_footer_widgets":"","ocean_shortcode_after_footer_widgets":"","ocean_shortcode_before_footer_bottom":"","ocean_shortcode_after_footer_bottom":"","ocean_display_top_bar":"default","ocean_display_header":"default","ocean_header_style":"","ocean_center_header_left_menu":"","ocean_custom_header_template":"","ocean_custom_logo":0,"ocean_custom_retina_logo":0,"ocean_custom_logo_max_width":0,"ocean_custom_logo_tablet_max_width":0,"ocean_custom_logo_mobile_max_width":0,"ocean_custom_logo_max_height":0,"ocean_custom_logo_tablet_max_height":0,"ocean_custom_logo_mobile_max_height":0,"ocean_header_custom_menu":"","ocean_menu_typo_font_family":"","ocean_menu_typo_font_subset":"","ocean_menu_typo_font_size":0,"ocean_menu_typo_font_size_tablet":0,"ocean_menu_typo_font_size_mobile":0,"ocean_menu_typo_font_size_unit":"px","ocean_menu_typo_font_weight":"","ocean_menu_typo_font_weight_tablet":"","ocean_menu_typo_font_weight_mobile":"","ocean_menu_typo_transform":"","ocean_menu_typo_transform_tablet":"","ocean_menu_typo_transform_mobile":"","ocean_menu_typo_line_height":0,"ocean_menu_typo_line_height_tablet":0,"ocean_menu_typo_line_height_mobile":0,"ocean_menu_typo_line_height_unit":"","ocean_menu_typo_spacing":0,"ocean_menu_typo_spacing_tablet":0,"ocean_menu_typo_spacing_mobile":0,"ocean_menu_typo_spacing_unit":"","ocean_menu_link_color":"","ocean_menu_link_color_hover":"","ocean_menu_link_color_active":"","ocean_menu_link_background":"","ocean_menu_link_hover_background":"","ocean_menu_link_active_background":"","ocean_menu_social_links_bg":"","ocean_menu_social_hover_links_bg":"","ocean_menu_social_links_color":"","ocean_menu_social_hover_links_color":"","ocean_disable_title":"default","ocean_disable_heading":"default","ocean_post_title":"","ocean_post_subheading":"","ocean_post_title_style":"","ocean_post_title_background_color":"","ocean_post_title_background":0,"ocean_post_title_bg_image_position":"","ocean_post_title_bg_image_attachment":"","ocean_post_title_bg_image_repeat":"","ocean_post_title_bg_image_size":"","ocean_post_title_height":0,"ocean_post_title_bg_overlay":0.5,"ocean_post_title_bg_overlay_color":"","ocean_disable_breadcrumbs":"default","ocean_breadcrumbs_color":"","ocean_breadcrumbs_separator_color":"","ocean_breadcrumbs_links_color":"","ocean_breadcrumbs_links_hover_color":"","ocean_display_footer_widgets":"default","ocean_display_footer_bottom":"default","ocean_custom_footer_template":"","ocean_post_oembed":"","ocean_post_self_hosted_media":"","ocean_post_video_embed":"","ocean_link_format":"","ocean_link_format_target":"self","ocean_quote_format":"","ocean_quote_format_link":"post","ocean_gallery_link_images":"on","ocean_gallery_id":[],"footnotes":""},"categories":[63],"tags":[],"class_list":["post-14639","post","type-post","status-publish","format-standard","hentry","category-khaebaerlaer-az","entry"],"_links":{"self":[{"href":"https:\/\/mdu.edu.az\/en\/wp-json\/wp\/v2\/posts\/14639","targetHints":{"allow":["GET"]}}],"collection":[{"href":"https:\/\/mdu.edu.az\/en\/wp-json\/wp\/v2\/posts"}],"about":[{"href":"https:\/\/mdu.edu.az\/en\/wp-json\/wp\/v2\/types\/post"}],"author":[{"embeddable":true,"href":"https:\/\/mdu.edu.az\/en\/wp-json\/wp\/v2\/users\/1"}],"replies":[{"embeddable":true,"href":"https:\/\/mdu.edu.az\/en\/wp-json\/wp\/v2\/comments?post=14639"}],"version-history":[{"count":0,"href":"https:\/\/mdu.edu.az\/en\/wp-json\/wp\/v2\/posts\/14639\/revisions"}],"wp:attachment":[{"href":"https:\/\/mdu.edu.az\/en\/wp-json\/wp\/v2\/media?parent=14639"}],"wp:term":[{"taxonomy":"category","embeddable":true,"href":"https:\/\/mdu.edu.az\/en\/wp-json\/wp\/v2\/categories?post=14639"},{"taxonomy":"post_tag","embeddable":true,"href":"https:\/\/mdu.edu.az\/en\/wp-json\/wp\/v2\/tags?post=14639"}],"curies":[{"name":"wp","href":"https:\/\/api.w.org\/{rel}","templated":true}]}}