{"id":14686,"date":"2018-11-13T09:18:05","date_gmt":"2018-11-13T06:18:05","guid":{"rendered":"https:\/\/mdu.edu.az\/minzh-evir-d-vl-t-universitetinin-m-kda-lar-beyn-lkhalzh-lazh-l-r-r-iv-sind-viln-sd-n-vb-ti-t-liml-rd\/"},"modified":"2018-11-13T09:18:05","modified_gmt":"2018-11-13T06:18:05","slug":"minzh-evir-d-vl-t-universitetinin-m-kda-lar-beyn-lkhalzh-lazh-l-r-r-iv-sind-viln-sd-n-vb-ti-t-liml-rd","status":"publish","type":"post","link":"https:\/\/mdu.edu.az\/en\/minzh-evir-d-vl-t-universitetinin-m-kda-lar-beyn-lkhalzh-lazh-l-r-r-iv-sind-viln-sd-n-vb-ti-t-liml-rd\/","title":{"rendered":"Ming\u0259\u00e7evir D\u00f6vl\u0259t Universitetinin \u0259m\u0259kda\u015flar\u0131 beyn\u0259lxalq \u0259laq\u0259l\u0259r \u00e7\u0259r\u00e7iv\u0259sind\u0259 Viln\u00fcsd\u0259 n\u00f6vb\u0259ti t\u0259liml\u0259rd\u0259"},"content":{"rendered":"<p style=\"margin-bottom: 6pt; text-indent: 35.45pt; text-align: center;\"><span style=\"font-size: 14pt; font-family: 'Times New Roman', serif; color: red;\">Ming\u0259&ccedil;evir D&ouml;vl\u0259t Universitetinin \u0259m\u0259kda\u015flar\u0131 beyn\u0259lxalq \u0259laq\u0259l\u0259r &ccedil;\u0259r&ccedil;iv\u0259sind\u0259 Viln&uuml;sd\u0259 n&ouml;vb\u0259ti t\u0259liml\u0259rd\u0259<\/span><\/p>\n<p style=\"margin-bottom: 6pt; text-align: justify; text-indent: 35.45pt; line-height: 12pt;\"><span style=\"font-size: 12pt; font-family: 'Times New Roman', serif;\"><\/span><span style=\"font-size: 12pt; font-family: 'Times New Roman', serif;\">Bak\u0131 Biznes Universitetinin (BBU) koordinatoru oldu\u011fu v\u0259 Avropa Komissiyas\u0131 t\u0259r\u0259find\u0259n maliyy\u0259l\u0259\u015fdiril\u0259n &ldquo;Az\u0259rbaycan universitetl\u0259rind\u0259 keyfiyy\u0259t t\u0259minat\u0131 m\u0259rk\u0259zl\u0259rinin yarad\u0131lmas\u0131 v\u0259 inki\u015faf etdirilm\u0259si&rdquo; layih\u0259si &ccedil;\u0259r&ccedil;iv\u0259sind\u0259 Litvan\u0131n Viln&uuml;s \u015f\u0259h\u0259rind\u0259 n&ouml;vb\u0259ti t\u0259liml\u0259r\u0259 ba\u015flan\u0131l\u0131b.<\/span><\/p>\n<p style=\"margin-bottom: 6pt; text-align: justify; text-indent: 35.45pt; line-height: 12pt;\"><span style=\"font-size: 12pt; font-family: 'Times New Roman', serif;\">\u0130lk t\u0259liml\u0259r Litvan\u0131n Ali T\u0259hsild\u0259 Keyfiyy\u0259t T\u0259minat\u0131 M\u0259rk\u0259zind\u0259 v\u0259 Mykolas Romeris Universitetind\u0259 ke&ccedil;irilib. N&ouml;vb\u0259ti t\u0259liml\u0259r is\u0259 Litvan\u0131n Sosial-T\u0259tbiqi Elml\u0259r Universitetind\u0259 t\u0259\u015fkil olunub. Ali t\u0259hsild\u0259 keyfiyy\u0259t t\u0259minat\u0131 sah\u0259sind\u0259 apar\u0131c\u0131 m&uuml;t\u0259x\u0259ssisl\u0259r t\u0259r\u0259find\u0259n apar\u0131lan t\u0259liml\u0259rd\u0259 Az\u0259rbaycan\u0131n 11 universitetind\u0259n 36 n&uuml;may\u0259nd\u0259 i\u015ftirak edir. T\u0259liml\u0259rin m\u0259qs\u0259di Az\u0259rbaycan universitetl\u0259rind\u0259 keyfiyy\u0259t t\u0259minat\u0131 m\u0259rk\u0259zl\u0259rinin yarad\u0131lmas\u0131 v\u0259 bu m\u0259rk\u0259zl\u0259rin i\u015f prinsipl\u0259rinin beyn\u0259lxalq standartlara uy\u011funla\u015fd\u0131r\u0131lmas\u0131d\u0131r.<\/span><\/p>\n<p style=\"margin-bottom: 6pt; text-align: justify; text-indent: 35.45pt; line-height: 12pt;\"><span style=\"font-size: 12pt; font-family: 'Times New Roman', serif;\">Ming\u0259&ccedil;evir D&ouml;vl\u0259t Universitetini M&uuml;h\u0259ndislik fak&uuml;lt\u0259sinin dekan\u0131, dosent V&uuml;qar Mustafayev, T\u0259dris hiss\u0259sinin m&uuml;dir m&uuml;avini &Uuml;zeyir Zeynalov v\u0259 Beyn\u0259lxalq \u0259laq\u0259l\u0259r sektorunun m&uuml;diri Samir\u0259 \u018fhm\u0259dovan\u0131n da i\u015ftirak\u0131 il\u0259 ke&ccedil;iril\u0259n t\u0259liml\u0259r noyabr\u0131n 11-d\u0259k davam etdiril\u0259c\u0259k.<\/span><\/p>\n<p style=\"margin-bottom: 6pt; text-align: justify; text-indent: 35.45pt; line-height: 12pt;\"><span style=\"font-size: 12pt; font-family: 'Times New Roman', serif;\">Qeyd ed\u0259k ki, T\u0259\u015fkilat komit\u0259si Az\u0259rbaycan n&uuml;may\u0259nd\u0259 hey\u0259ti il\u0259 birg\u0259 V&uuml;lnisd\u0259 D&ouml;vl\u0259t Bayra\u011f\u0131 g&uuml;n&uuml; m&uuml;nasib\u0259til\u0259 haz\u0131rlanm\u0131\u015f t\u0259dbir\u0259 qo\u015fulmu\u015flar.<\/span><\/p>\n<p>{phocagallery view=category|categoryid=75|limitstart=0|limitcount=0}<\/p>","protected":false},"excerpt":{"rendered":"<p>Ming\u0259&ccedil;evir D&ouml;vl\u0259t Universitetinin \u0259m\u0259kda\u015flar\u0131 beyn\u0259lxalq \u0259laq\u0259l\u0259r &ccedil;\u0259r&ccedil;iv\u0259sind\u0259 Viln&uuml;sd\u0259 n&ouml;vb\u0259ti t\u0259liml\u0259rd\u0259 Bak\u0131 Biznes Universitetinin (BBU) koordinatoru oldu\u011fu v\u0259 Avropa Komissiyas\u0131 t\u0259r\u0259find\u0259n maliyy\u0259l\u0259\u015fdiril\u0259n &ldquo;Az\u0259rbaycan universitetl\u0259rind\u0259 keyfiyy\u0259t t\u0259minat\u0131 m\u0259rk\u0259zl\u0259rinin yarad\u0131lmas\u0131 v\u0259 inki\u015faf etdirilm\u0259si&rdquo; layih\u0259si &ccedil;\u0259r&ccedil;iv\u0259sind\u0259 Litvan\u0131n Viln&uuml;s \u015f\u0259h\u0259rind\u0259 n&ouml;vb\u0259ti t\u0259liml\u0259r\u0259 ba\u015flan\u0131l\u0131b. \u0130lk t\u0259liml\u0259r Litvan\u0131n Ali T\u0259hsild\u0259 Keyfiyy\u0259t T\u0259minat\u0131 M\u0259rk\u0259zind\u0259 v\u0259 Mykolas Romeris Universitetind\u0259 ke&ccedil;irilib. N&ouml;vb\u0259ti t\u0259liml\u0259r is\u0259 Litvan\u0131n [&hellip;]<\/p>\n","protected":false},"author":1,"featured_media":0,"comment_status":"open","ping_status":"open","sticky":false,"template":"","format":"standard","meta":{"_eb_attr":"","ocean_post_layout":"","ocean_both_sidebars_style":"","ocean_both_sidebars_content_width":0,"ocean_both_sidebars_sidebars_width":0,"ocean_sidebar":"","ocean_second_sidebar":"","ocean_disable_margins":"enable","ocean_add_body_class":"","ocean_shortcode_before_top_bar":"","ocean_shortcode_after_top_bar":"","ocean_shortcode_before_header":"","ocean_shortcode_after_header":"","ocean_has_shortcode":"","ocean_shortcode_after_title":"","ocean_shortcode_before_footer_widgets":"","ocean_shortcode_after_footer_widgets":"","ocean_shortcode_before_footer_bottom":"","ocean_shortcode_after_footer_bottom":"","ocean_display_top_bar":"default","ocean_display_header":"default","ocean_header_style":"","ocean_center_header_left_menu":"","ocean_custom_header_template":"","ocean_custom_logo":0,"ocean_custom_retina_logo":0,"ocean_custom_logo_max_width":0,"ocean_custom_logo_tablet_max_width":0,"ocean_custom_logo_mobile_max_width":0,"ocean_custom_logo_max_height":0,"ocean_custom_logo_tablet_max_height":0,"ocean_custom_logo_mobile_max_height":0,"ocean_header_custom_menu":"","ocean_menu_typo_font_family":"","ocean_menu_typo_font_subset":"","ocean_menu_typo_font_size":0,"ocean_menu_typo_font_size_tablet":0,"ocean_menu_typo_font_size_mobile":0,"ocean_menu_typo_font_size_unit":"px","ocean_menu_typo_font_weight":"","ocean_menu_typo_font_weight_tablet":"","ocean_menu_typo_font_weight_mobile":"","ocean_menu_typo_transform":"","ocean_menu_typo_transform_tablet":"","ocean_menu_typo_transform_mobile":"","ocean_menu_typo_line_height":0,"ocean_menu_typo_line_height_tablet":0,"ocean_menu_typo_line_height_mobile":0,"ocean_menu_typo_line_height_unit":"","ocean_menu_typo_spacing":0,"ocean_menu_typo_spacing_tablet":0,"ocean_menu_typo_spacing_mobile":0,"ocean_menu_typo_spacing_unit":"","ocean_menu_link_color":"","ocean_menu_link_color_hover":"","ocean_menu_link_color_active":"","ocean_menu_link_background":"","ocean_menu_link_hover_background":"","ocean_menu_link_active_background":"","ocean_menu_social_links_bg":"","ocean_menu_social_hover_links_bg":"","ocean_menu_social_links_color":"","ocean_menu_social_hover_links_color":"","ocean_disable_title":"default","ocean_disable_heading":"default","ocean_post_title":"","ocean_post_subheading":"","ocean_post_title_style":"","ocean_post_title_background_color":"","ocean_post_title_background":0,"ocean_post_title_bg_image_position":"","ocean_post_title_bg_image_attachment":"","ocean_post_title_bg_image_repeat":"","ocean_post_title_bg_image_size":"","ocean_post_title_height":0,"ocean_post_title_bg_overlay":0.5,"ocean_post_title_bg_overlay_color":"","ocean_disable_breadcrumbs":"default","ocean_breadcrumbs_color":"","ocean_breadcrumbs_separator_color":"","ocean_breadcrumbs_links_color":"","ocean_breadcrumbs_links_hover_color":"","ocean_display_footer_widgets":"default","ocean_display_footer_bottom":"default","ocean_custom_footer_template":"","ocean_post_oembed":"","ocean_post_self_hosted_media":"","ocean_post_video_embed":"","ocean_link_format":"","ocean_link_format_target":"self","ocean_quote_format":"","ocean_quote_format_link":"post","ocean_gallery_link_images":"on","ocean_gallery_id":[],"footnotes":""},"categories":[63],"tags":[],"class_list":["post-14686","post","type-post","status-publish","format-standard","hentry","category-khaebaerlaer-az","entry"],"_links":{"self":[{"href":"https:\/\/mdu.edu.az\/en\/wp-json\/wp\/v2\/posts\/14686","targetHints":{"allow":["GET"]}}],"collection":[{"href":"https:\/\/mdu.edu.az\/en\/wp-json\/wp\/v2\/posts"}],"about":[{"href":"https:\/\/mdu.edu.az\/en\/wp-json\/wp\/v2\/types\/post"}],"author":[{"embeddable":true,"href":"https:\/\/mdu.edu.az\/en\/wp-json\/wp\/v2\/users\/1"}],"replies":[{"embeddable":true,"href":"https:\/\/mdu.edu.az\/en\/wp-json\/wp\/v2\/comments?post=14686"}],"version-history":[{"count":0,"href":"https:\/\/mdu.edu.az\/en\/wp-json\/wp\/v2\/posts\/14686\/revisions"}],"wp:attachment":[{"href":"https:\/\/mdu.edu.az\/en\/wp-json\/wp\/v2\/media?parent=14686"}],"wp:term":[{"taxonomy":"category","embeddable":true,"href":"https:\/\/mdu.edu.az\/en\/wp-json\/wp\/v2\/categories?post=14686"},{"taxonomy":"post_tag","embeddable":true,"href":"https:\/\/mdu.edu.az\/en\/wp-json\/wp\/v2\/tags?post=14686"}],"curies":[{"name":"wp","href":"https:\/\/api.w.org\/{rel}","templated":true}]}}