{"id":14689,"date":"2018-11-13T09:23:36","date_gmt":"2018-11-13T06:23:36","guid":{"rendered":"https:\/\/mdu.edu.az\/minzh-evirin-70-illik-yubileyi-mdu-da-silsil-t-dbirl-rl-yadda-gal-b\/"},"modified":"2018-11-13T09:23:36","modified_gmt":"2018-11-13T06:23:36","slug":"minzh-evirin-70-illik-yubileyi-mdu-da-silsil-t-dbirl-rl-yadda-gal-b","status":"publish","type":"post","link":"https:\/\/mdu.edu.az\/en\/minzh-evirin-70-illik-yubileyi-mdu-da-silsil-t-dbirl-rl-yadda-gal-b\/","title":{"rendered":"Ming\u0259\u00e7evirin 70 illik yubileyi MDU-da silsil\u0259 t\u0259dbirl\u0259rl\u0259 yadda qal\u0131b"},"content":{"rendered":"<p style=\"text-align: center; text-indent: 35.45pt;\"><span style=\"font-size: 14pt; font-family: 'Times New Roman', serif; color: red;\">Ming\u0259&ccedil;evirin 70 illik yubileyi MDU-da silsil\u0259 t\u0259dbirl\u0259rl\u0259 yadda qal\u0131b<\/span><\/p>\n<p style=\"text-align: justify; text-indent: 35.45pt; line-height: 12pt;\"><span style=\"font-size: 12pt; font-family: 'Times New Roman', serif;\">70 il \u0259vv\u0259l &ouml;lk\u0259mizin h\u0259r yerind\u0259n g\u0259ncl\u0259r komsomol &ccedil;a\u011f\u0131r\u0131\u015f\u0131 il\u0259 nur \u015f\u0259h\u0259rinin tikintisin\u0259 ax\u0131\u015f\u0131rd\u0131lar, onlar\u0131n &ccedil;oxu el\u0259 bu \u015f\u0259h\u0259rin ilk sakinl\u0259ri oldular, ail\u0259 qurub ev sahibi oldular, respublikam\u0131z\u0131n t\u0259r\u0259qqisin\u0259 t&ouml;hf\u0259 verdil\u0259r, bu cavan \u015f\u0259h\u0259ri Az\u0259rbaycan\u0131n d&ouml;rd&uuml;nc&uuml; s\u0259naye-istehsal m\u0259rk\u0259zin\u0259 &ccedil;evirdil\u0259r. <\/span><\/p>\n<p style=\"text-align: justify; text-indent: 35.45pt; line-height: 12pt;\"><span style=\"font-size: 12pt; font-family: 'Times New Roman', serif;\">1991-ci ild\u0259 bu s\u0259naye \u015f\u0259h\u0259rind\u0259 yeni bir t\u0259hsil oca\u011f\u0131, ilk ali m\u0259kt\u0259b, Ming\u0259&ccedil;evir Politexnik \u0130nstitutu yarad\u0131ld\u0131. <\/span><\/p>\n<p style=\"text-align: justify; text-indent: 35.45pt; line-height: 12pt;\"><span style=\"font-size: 12pt; font-family: 'Times New Roman', serif;\">M\u0259hz zaman\u0131n t\u0259l\u0259b etdiyi s&uuml;r\u0259tli inki\u015faf tempin\u0259 uy\u011fun islahatlar aparmaq yeni d&ouml;vr&uuml;n \u0259sas &ccedil;a\u011f\u0131r\u0131\u015flar\u0131d\u0131r. Respublikam\u0131z\u0131n son ill\u0259rd\u0259 b&ouml;y&uuml;k iqtisadi y&uuml;ks\u0259li\u015f\u0259 nail oldu\u011funu n\u0259z\u0259r\u0259 alsaq, o zaman elm sah\u0259l\u0259rinin inki\u015faf\u0131n\u0131n da iqtisadi t\u0259kam&uuml;l s\u0259viyy\u0259sin\u0259 uy\u011funla\u015fd\u0131r\u0131lmas\u0131 z\u0259rur\u0259ti dan\u0131lmazd\u0131r. M\u0259lumdur ki, respublikam\u0131z\u0131n iqtisadi g\u0259lirl\u0259rinin \u0259sas\u0131n\u0131 neft-qaz ixrac\u0131ndan \u0259ld\u0259 olunan g\u0259lirl\u0259r t\u0259\u015fkil edir. Haz\u0131rda qar\u015f\u0131da duran \u0259sas m\u0259qs\u0259dl\u0259rd\u0259n biri neft kapital\u0131n\u0131 insan kapital\u0131na &ccedil;evirm\u0259kdir. Bu is\u0259 ba\u015fl\u0131ca olaraq, &ouml;lk\u0259d\u0259 y&uuml;ks\u0259k ixtisasl\u0131 elmi v\u0259 pe\u015f\u0259kar kadrlar\u0131n haz\u0131rlanmas\u0131 il\u0259 m&uuml;mk&uuml;nd&uuml;r. <\/span><\/p>\n<p style=\"text-align: justify; text-indent: 35.45pt; line-height: 12pt;\"><span style=\"font-size: 12pt; font-family: 'Times New Roman', serif;\">24 illik f\u0259aliyy\u0259ti d&ouml;vr&uuml;nd\u0259 Ming\u0259&ccedil;evir Politexnik \u0130nstitutu yuxar\u0131da qeyd olunanlara \u0259sas\u0259n nail olmu\u015fdur. M\u0259hz bu bax\u0131mdan Az\u0259rbaycan\u0131n d&ouml;rd&uuml;nc&uuml; \u015f\u0259h\u0259ri olan Ming\u0259&ccedil;evirind\u0259 Az\u0259rbaycan Respublikas\u0131n\u0131n Prezidenti \u0130lham \u018fliyev c\u0259nablar\u0131n\u0131n 24 iyul 2015-ci il tarixli, 1335\u2116-li S\u0259r\u0259ncam\u0131 il\u0259 Az\u0259rbaycan Respublikas\u0131 T\u0259hsil Nazirliyinin tabeliyind\u0259 olan Ming\u0259&ccedil;evir Politexnik \u0130nstitutunun bazas\u0131nda ali t\u0259hsilin b&uuml;t&uuml;n s\u0259viyy\u0259l\u0259ri &uuml;zr\u0259 kadr haz\u0131rl\u0131\u011f\u0131n\u0131 h\u0259yata ke&ccedil;ir\u0259n, Az\u0259rbaycan Respublikas\u0131 T\u0259hsil Nazirliyinin tabeliyind\u0259 Ming\u0259&ccedil;evir D&ouml;vl\u0259t Universiteti yarad\u0131lm\u0131\u015fd\u0131r.<\/span><\/p>\n<p style=\"text-align: justify; text-indent: 35.45pt; line-height: 12pt;\"><span style=\"font-size: 12pt; font-family: 'Times New Roman', serif;\">Onun yarad\u0131lmas\u0131nda m\u0259qs\u0259d regionda birinci olaraq innovasiya texnologiyalar\u0131ndan maksimum yararlanaraq regionun ehtiyaclar\u0131na uy\u011fun kadr haz\u0131rl\u0131\u011f\u0131n\u0131n universall\u0131\u011f\u0131n\u0131 t\u0259min ed\u0259n, eyni zamanda yeni ixtisaslar &uuml;zr\u0259 kadrlara t\u0259l\u0259bat\u0131n &ouml;d\u0259nilm\u0259si missiyas\u0131n\u0131 \u015f\u0259r\u0259fl\u0259 yerin\u0259 yetir\u0259n ali t\u0259hsil m&uuml;\u0259ssis\u0259si formala\u015fd\u0131rmaq, Ming\u0259&ccedil;evir Politexnik \u0130nstitutunda toplanm\u0131\u015f m&uuml;sb\u0259t t\u0259cr&uuml;b\u0259 v\u0259 \u0259n\u0259n\u0259l\u0259ri inki\u015faf etdir\u0259r\u0259k intelektul kapital\u0131 g&uuml;cl\u0259ndirm\u0259k, \u0259n t\u0259kmil v\u0259 m&uuml;asir t\u0259dris metodlar\u0131 v\u0259 inki\u015faf strategiyalar\u0131n\u0131 t\u0259tbiq ed\u0259r\u0259k f\u0259aliyy\u0259t sistemini t\u0259kmill\u0259\u015fdirm\u0259kl\u0259 elm, t\u0259hsil v\u0259 t\u0259rbiy\u0259 sah\u0259sind\u0259 y&uuml;ks\u0259k m&ouml;vqey\u0259 nail olmaqd\u0131r.<\/span><\/p>\n<p style=\"text-align: justify; text-indent: 35.45pt; line-height: 12pt;\"><span style=\"font-size: 12pt; font-family: 'Times New Roman', serif;\">Ming\u0259&ccedil;evir D&ouml;vl\u0259t Universiteti s\u0259l\u0259fi il\u0259 birg\u0259 bu \u015f\u0259h\u0259rin 70 illik tarixinin s\u0259hif\u0259sind\u0259 m&uuml;\u0259yy\u0259n bir rol oynam\u0131\u015fd\u0131r. Bu m\u0259qs\u0259dl\u0259 \u015f\u0259h\u0259rin 70 illik yubileyi m&uuml;nasib\u0259til\u0259 Ming\u0259&ccedil;evir D&ouml;vl\u0259t Universitetind\u0259 silsil\u0259 t\u0259dbirl\u0259r ke&ccedil;irilib. \u0130lk olaraq t\u0259l\u0259b\u0259l\u0259r \u0259sas binan\u0131n \u0259razisind\u0259 t\u0259mizlik i\u015fl\u0259ril\u0259 m\u0259\u015f\u011ful olublar. Pedaqoji fak&uuml;lt\u0259nin t\u0259l\u0259b\u0259l\u0259ri \u015f\u0259h\u0259rin \u0259n b&ouml;y&uuml;k istehsal m&uuml;\u0259ssi\u0259si olan Az\u0259rbaycan \u0130ES MMC v\u0259 Ming\u0259&ccedil;evir Tarix Muzeyin\u0259 ekskursiya edibl\u0259r. <\/span><\/p>\n<p style=\"text-align: justify; text-indent: 35.45pt; line-height: 12pt;\"><span style=\"font-size: 12pt; font-family: 'Times New Roman', serif;\">Fak&uuml;lt\u0259 dekan\u0131, dosent Nizami Zeynalovun, M\u0259tbuat xidm\u0259tinin r\u0259hb\u0259ri Nazim Nift\u0259liyevin v\u0259 akademik m\u0259sl\u0259h\u0259t&ccedil;i \u015e\u0259bn\u0259m \u0130slamovan\u0131n m&uuml;\u015fay\u0259ti il\u0259 Az\u0259rbaycan \u0130ES MMC-d\u0259 t\u0259l\u0259b\u0259l\u0259r\u0259 M\u0259rk\u0259zi \u0130dar\u0259etm\u0259 \u015eitinin n&ouml;vb\u0259 r\u0259isi, m&uuml;h\u0259ndis M&uuml;\u011fd\u0259t Baba\u015fov stansiyan\u0131n i\u015fil\u0259 yax\u0131ndan tan\u0131\u015f edib. \u0130dar\u0259etm\u0259 punktunun f\u0259aliyy\u0259tini, enerji bloklar\u0131nda ged\u0259n prosesl\u0259ri t\u0259l\u0259b\u0259l\u0259r\u0259 izah edib. <\/span><\/p>\n<p style=\"text-align: justify; text-indent: 35.45pt; line-height: 12pt;\"><span style=\"font-size: 12pt; font-family: 'Times New Roman', serif;\">1 sayl\u0131 Qazan-Turbin Sexinin n&ouml;vb\u0259 r\u0259isi Ramiz Novruzov enerjinin istehsal prosesi, avadanl\u0131qlar\u0131n i\u015f prinsipi bar\u0259d\u0259 t\u0259l\u0259b\u0259l\u0259r\u0259 \u0259trafl\u0131 m\u0259lumat verib. <\/span><\/p>\n<p style=\"text-align: justify; text-indent: 35.45pt; line-height: 12pt;\"><span style=\"font-size: 12pt; font-family: 'Times New Roman', serif;\">M\u0259tbuat xidm\u0259tinin r\u0259hb\u0259ri Nazim Nift\u0259liyev 10 ild\u0259n art\u0131q bir m&uuml;dd\u0259td\u0259 i\u015fl\u0259diyi Az\u0259rbaycan \u0130ES MMC m&uuml;\u0259ssis\u0259sinin f\u0259aliyy\u0259til\u0259 ba\u011fl\u0131 t\u0259l\u0259b\u0259l\u0259r\u0259 m\u0259lumat verib. <\/span><\/p>\n<p style=\"text-align: justify; text-indent: 35.45pt; line-height: 12pt;\"><span style=\"font-size: 12pt; font-family: 'Times New Roman', serif;\">Xatir\u0259 \u015f\u0259kill\u0259ri &ccedil;\u0259kilib. <\/span><\/p>\n<p style=\"text-align: justify; text-indent: 35.45pt; line-height: 12pt;\"><span style=\"font-size: 12pt; font-family: 'Times New Roman', serif;\">Sonra t\u0259l\u0259b\u0259l\u0259r Ming\u0259&ccedil;evir Tarix Muzeyin\u0259 ekskursiya edibl\u0259r. Muzeyi Pedaqoji fak&uuml;lt\u0259nin t\u0259l\u0259b\u0259l\u0259ri il\u0259 yana\u015f\u0131 M&uuml;h\u0259ndislik fak&uuml;lt\u0259sinin m&uuml;\u0259lliml\u0259ri \u0130lham M\u0259mm\u0259dovun v\u0259 H&ouml;k&uuml;m\u0259 \u018fsg\u0259rovan\u0131n m&uuml;\u015fay\u0259ti il\u0259 t\u0259l\u0259b\u0259l\u0259r d\u0259 ziyar\u0259t edibl\u0259r. Muzeyin direktoru Nof\u0259r M\u0259mm\u0259d\u0259liyev t\u0259l\u0259b\u0259l\u0259ri salamlayaraq Muzey\u0259 bax\u0131\u015f&uuml;&ccedil;&uuml;n d\u0259v\u0259t etdi. Muzeyin apar\u0131c\u0131 t\u0259limat&ccedil;\u0131s\u0131 t\u0259l\u0259b\u0259l\u0259r\u0259 muzeyd\u0259ki eksponatlar bar\u0259d\u0259 \u0259trafl\u0131 m\u0259lumat verdi.<\/span><\/p>\n<p style=\"text-align: justify; text-indent: 35.45pt; line-height: 12pt;\"><span style=\"font-size: 12pt; font-family: 'Times New Roman', serif;\">Xatir\u0259 \u015f\u0259kill\u0259ri &ccedil;\u0259kildi. <\/span><\/p>\n<p style=\"text-align: justify; text-indent: 35.45pt; line-height: 12pt;\"><span style=\"font-size: 12pt; font-family: 'Times New Roman', serif;\">\u0130qtisadiyyat fak&uuml;lt\u0259sinin t\u0259l\u0259b\u0259l\u0259ri \u0259vv\u0259lc\u0259 &ldquo;Ming\u0259&ccedil;evir 70&rdquo; foto g&uuml;\u015f\u0259y\u0259 bax\u0131\u015f ke&ccedil;irib, sonra TO18 sayl\u0131 qrupun t\u0259l\u0259b\u0259si X\u0259dic\u0259 Qas\u0131movan\u0131n \u0259l i\u015fl\u0259ri il\u0259 tan\u0131\u015f olublar. Daha sonra M\u0259tbuat xidm\u0259tinin r\u0259hb\u0259ri Nazim Nift\u0259liyevin m&uuml;\u0259llifi oldu\u011fu &ldquo;Ming\u0259&ccedil;evir&rdquo; adl\u0131 s\u0259n\u0259dli film\u0259 bax\u0131\u015f ke&ccedil;iribl\u0259r. <\/span><\/p>\n<p>{phocagallery view=category|categoryid=67|limitstart=0|limitcount=0}<\/p>","protected":false},"excerpt":{"rendered":"<p>Ming\u0259&ccedil;evirin 70 illik yubileyi MDU-da silsil\u0259 t\u0259dbirl\u0259rl\u0259 yadda qal\u0131b 70 il \u0259vv\u0259l &ouml;lk\u0259mizin h\u0259r yerind\u0259n g\u0259ncl\u0259r komsomol &ccedil;a\u011f\u0131r\u0131\u015f\u0131 il\u0259 nur \u015f\u0259h\u0259rinin tikintisin\u0259 ax\u0131\u015f\u0131rd\u0131lar, onlar\u0131n &ccedil;oxu el\u0259 bu \u015f\u0259h\u0259rin ilk sakinl\u0259ri oldular, ail\u0259 qurub ev sahibi oldular, respublikam\u0131z\u0131n t\u0259r\u0259qqisin\u0259 t&ouml;hf\u0259 verdil\u0259r, bu cavan \u015f\u0259h\u0259ri Az\u0259rbaycan\u0131n d&ouml;rd&uuml;nc&uuml; s\u0259naye-istehsal m\u0259rk\u0259zin\u0259 &ccedil;evirdil\u0259r. 1991-ci ild\u0259 bu s\u0259naye \u015f\u0259h\u0259rind\u0259 yeni bir [&hellip;]<\/p>\n","protected":false},"author":1,"featured_media":0,"comment_status":"open","ping_status":"open","sticky":false,"template":"","format":"standard","meta":{"_eb_attr":"","ocean_post_layout":"","ocean_both_sidebars_style":"","ocean_both_sidebars_content_width":0,"ocean_both_sidebars_sidebars_width":0,"ocean_sidebar":"","ocean_second_sidebar":"","ocean_disable_margins":"enable","ocean_add_body_class":"","ocean_shortcode_before_top_bar":"","ocean_shortcode_after_top_bar":"","ocean_shortcode_before_header":"","ocean_shortcode_after_header":"","ocean_has_shortcode":"","ocean_shortcode_after_title":"","ocean_shortcode_before_footer_widgets":"","ocean_shortcode_after_footer_widgets":"","ocean_shortcode_before_footer_bottom":"","ocean_shortcode_after_footer_bottom":"","ocean_display_top_bar":"default","ocean_display_header":"default","ocean_header_style":"","ocean_center_header_left_menu":"","ocean_custom_header_template":"","ocean_custom_logo":0,"ocean_custom_retina_logo":0,"ocean_custom_logo_max_width":0,"ocean_custom_logo_tablet_max_width":0,"ocean_custom_logo_mobile_max_width":0,"ocean_custom_logo_max_height":0,"ocean_custom_logo_tablet_max_height":0,"ocean_custom_logo_mobile_max_height":0,"ocean_header_custom_menu":"","ocean_menu_typo_font_family":"","ocean_menu_typo_font_subset":"","ocean_menu_typo_font_size":0,"ocean_menu_typo_font_size_tablet":0,"ocean_menu_typo_font_size_mobile":0,"ocean_menu_typo_font_size_unit":"px","ocean_menu_typo_font_weight":"","ocean_menu_typo_font_weight_tablet":"","ocean_menu_typo_font_weight_mobile":"","ocean_menu_typo_transform":"","ocean_menu_typo_transform_tablet":"","ocean_menu_typo_transform_mobile":"","ocean_menu_typo_line_height":0,"ocean_menu_typo_line_height_tablet":0,"ocean_menu_typo_line_height_mobile":0,"ocean_menu_typo_line_height_unit":"","ocean_menu_typo_spacing":0,"ocean_menu_typo_spacing_tablet":0,"ocean_menu_typo_spacing_mobile":0,"ocean_menu_typo_spacing_unit":"","ocean_menu_link_color":"","ocean_menu_link_color_hover":"","ocean_menu_link_color_active":"","ocean_menu_link_background":"","ocean_menu_link_hover_background":"","ocean_menu_link_active_background":"","ocean_menu_social_links_bg":"","ocean_menu_social_hover_links_bg":"","ocean_menu_social_links_color":"","ocean_menu_social_hover_links_color":"","ocean_disable_title":"default","ocean_disable_heading":"default","ocean_post_title":"","ocean_post_subheading":"","ocean_post_title_style":"","ocean_post_title_background_color":"","ocean_post_title_background":0,"ocean_post_title_bg_image_position":"","ocean_post_title_bg_image_attachment":"","ocean_post_title_bg_image_repeat":"","ocean_post_title_bg_image_size":"","ocean_post_title_height":0,"ocean_post_title_bg_overlay":0.5,"ocean_post_title_bg_overlay_color":"","ocean_disable_breadcrumbs":"default","ocean_breadcrumbs_color":"","ocean_breadcrumbs_separator_color":"","ocean_breadcrumbs_links_color":"","ocean_breadcrumbs_links_hover_color":"","ocean_display_footer_widgets":"default","ocean_display_footer_bottom":"default","ocean_custom_footer_template":"","ocean_post_oembed":"","ocean_post_self_hosted_media":"","ocean_post_video_embed":"","ocean_link_format":"","ocean_link_format_target":"self","ocean_quote_format":"","ocean_quote_format_link":"post","ocean_gallery_link_images":"on","ocean_gallery_id":[],"footnotes":""},"categories":[63],"tags":[],"class_list":["post-14689","post","type-post","status-publish","format-standard","hentry","category-khaebaerlaer-az","entry"],"_links":{"self":[{"href":"https:\/\/mdu.edu.az\/en\/wp-json\/wp\/v2\/posts\/14689","targetHints":{"allow":["GET"]}}],"collection":[{"href":"https:\/\/mdu.edu.az\/en\/wp-json\/wp\/v2\/posts"}],"about":[{"href":"https:\/\/mdu.edu.az\/en\/wp-json\/wp\/v2\/types\/post"}],"author":[{"embeddable":true,"href":"https:\/\/mdu.edu.az\/en\/wp-json\/wp\/v2\/users\/1"}],"replies":[{"embeddable":true,"href":"https:\/\/mdu.edu.az\/en\/wp-json\/wp\/v2\/comments?post=14689"}],"version-history":[{"count":0,"href":"https:\/\/mdu.edu.az\/en\/wp-json\/wp\/v2\/posts\/14689\/revisions"}],"wp:attachment":[{"href":"https:\/\/mdu.edu.az\/en\/wp-json\/wp\/v2\/media?parent=14689"}],"wp:term":[{"taxonomy":"category","embeddable":true,"href":"https:\/\/mdu.edu.az\/en\/wp-json\/wp\/v2\/categories?post=14689"},{"taxonomy":"post_tag","embeddable":true,"href":"https:\/\/mdu.edu.az\/en\/wp-json\/wp\/v2\/tags?post=14689"}],"curies":[{"name":"wp","href":"https:\/\/api.w.org\/{rel}","templated":true}]}}