{"id":14736,"date":"2018-12-14T13:51:19","date_gmt":"2018-12-14T10:51:19","guid":{"rendered":"https:\/\/mdu.edu.az\/doktorantlar-n-v-zh-ndz-t-dzhizhat-lar-n-khkhii-respublika-elmi-konfrans-n-n-a-l-m-rasimi-ke-irilib\/"},"modified":"2018-12-14T13:51:19","modified_gmt":"2018-12-14T10:51:19","slug":"doktorantlar-n-v-zh-ndz-t-dzhizhat-lar-n-khkhii-respublika-elmi-konfrans-n-n-a-l-m-rasimi-ke-irilib","status":"publish","type":"post","link":"https:\/\/mdu.edu.az\/en\/doktorantlar-n-v-zh-ndz-t-dzhizhat-lar-n-khkhii-respublika-elmi-konfrans-n-n-a-l-m-rasimi-ke-irilib\/","title":{"rendered":"Doktorantlar\u0131n v\u0259 g\u0259nc t\u0259dqiqat\u00e7\u0131lar\u0131n XXII respublika elmi konfrans\u0131n\u0131n  a\u00e7\u0131l\u0131\u015f m\u0259rasimi ke\u00e7irilib"},"content":{"rendered":"<p style=\"margin-bottom: 0.0001pt; text-align: center; line-height: normal;\"><span style=\"font-family: 'times new roman', times; font-size: 14pt;\"><b><span style=\"font-size: 12pt; font-family: 'Times New Roman', serif; color: blue;\">Doktorantlar\u0131n v\u0259 g\u0259nc t\u0259dqiqat&ccedil;\u0131lar\u0131n XXII respublika elmi konfrans\u0131n\u0131n <\/span><\/b><\/span><\/p>\n<p style=\"margin-bottom: 0.0001pt; text-align: center; line-height: normal;\"><span style=\"font-family: 'times new roman', times; font-size: 14pt;\"><b><span style=\"font-size: 12pt; font-family: 'Times New Roman', serif; color: blue;\">a&ccedil;\u0131l\u0131\u015f m\u0259rasimi ke&ccedil;irilib<\/span><\/b><\/span><\/p>\n<p style=\"margin-bottom: 0.0001pt; line-height: normal;\"><span style=\"font-family: 'times new roman', times; color: black; font-size: 12pt;\"><\/span><\/p>\n<p style=\"margin-top: 0cm; margin-right: 0cm; margin-bottom: 0.0001pt; text-align: justify; text-indent: 1cm;\"><span style=\"color: #000000; font-family: 'times new roman', times; font-size: 12pt;\">Az\u0259rbaycan D&ouml;vl\u0259t Pedaqoji Universitetind\u0259 (ADPU) doktorantlar\u0131n v\u0259 g\u0259nc t\u0259dqiqat&ccedil;\u0131lar\u0131n XXII respublika elmi konfrans\u0131n\u0131n a&ccedil;\u0131l\u0131\u015f m\u0259rasimi ke&ccedil;irilib.<\/span><\/p>\n<p style=\"margin-top: 0cm; margin-right: 0cm; margin-bottom: 0.0001pt; text-align: justify; text-indent: 1cm;\"><span style=\"color: #000000; font-family: 'times new roman', times; font-size: 12pt;\">\u0130ki g&uuml;n davam ed\u0259c\u0259k konfrans Az\u0259rbaycan Xalq C&uuml;mhuriyy\u0259tinin 100 illik yubileyin\u0259 h\u0259sr olunub. Konfransda ali t\u0259hsil m&uuml;\u0259ssis\u0259l\u0259rinin r\u0259hb\u0259rl\u0259ri, respublikan\u0131n tan\u0131nm\u0131\u015f aliml\u0259ri, doktorantlar v\u0259 g\u0259nc t\u0259dqiqat&ccedil;\u0131lar i\u015ftirak edibl\u0259r.<\/span><\/p>\n<p style=\"margin-top: 0cm; margin-right: 0cm; margin-bottom: 0.0001pt; text-align: justify; text-indent: 1cm;\"><span style=\"color: #000000; font-family: 'times new roman', times; font-size: 12pt;\">A&ccedil;\u0131l\u0131\u015f m\u0259rasimind\u0259 &ccedil;\u0131x\u0131\u015f ed\u0259n ADPU-nun rektoru, professor C\u0259f\u0259r C\u0259f\u0259rov konfrans\u0131n g\u0259nc aliml\u0259rin elmi f\u0259aliyy\u0259tin\u0259 t\u0259kan ver\u0259c\u0259yini bildirib. &Ouml;lk\u0259mizd\u0259 elm v\u0259 t\u0259hsilin inki\u015faf\u0131na x&uuml;susi diqq\u0259t v\u0259 qay\u011f\u0131 g&ouml;st\u0259rildiyini dey\u0259n rektor son ill\u0259r universitetd\u0259 elmi-t\u0259dqiqat i\u015fl\u0259rinin s\u0259viyy\u0259sinin y&uuml;ks\u0259ldiyini bildirib. C.C\u0259f\u0259rov vur\u011fulay\u0131b ki, ADPU-nun t\u0259dqiqat universiteti statusu almas\u0131 qar\u015f\u0131da duran \u0259sas v\u0259zif\u0259l\u0259rd\u0259n biridir. Universitetd\u0259 g\u0259nc t\u0259dqiqat&ccedil;\u0131lar\u0131n yeti\u015fdirilm\u0259sin\u0259 x&uuml;susi diqq\u0259t yetirilir v\u0259 bu istiqam\u0259td\u0259 m\u0259qs\u0259dy&ouml;nl&uuml; f\u0259aliyy\u0259t h\u0259yata ke&ccedil;irilir.<\/span><\/p>\n<p style=\"margin-top: 0cm; margin-right: 0cm; margin-bottom: 0.0001pt; text-align: justify; text-indent: 1cm;\"><span style=\"color: #000000; font-family: 'times new roman', times; font-size: 12pt;\">T\u0259hsil naziri Ceyhun Bayramov &ccedil;\u0131x\u0131\u015f\u0131nda elm, t\u0259hsil v\u0259 innovasiyalar\u0131n inki\u015faf\u0131n\u0131n d&ouml;vl\u0259t siyas\u0259tinin \u0259sas prioritetl\u0259rind\u0259n biri oldu\u011funu deyib. Nazir d&ouml;vl\u0259timizin ba\u015f&ccedil;\u0131s\u0131n\u0131n S\u0259r\u0259ncam\u0131 il\u0259 &#8220;2019-2023-c&uuml; ill\u0259r &uuml;&ccedil;&uuml;n Az\u0259rbaycan Respublikas\u0131nda ali t\u0259hsil sisteminin beyn\u0259lxalq r\u0259qab\u0259tliliyinin art\u0131r\u0131lmas\u0131 &uuml;zr\u0259 D&ouml;vl\u0259t Proqram\u0131&rdquo;n\u0131n t\u0259sdiq edilm\u0259sinin doktorantlar\u0131n v\u0259 g\u0259nc t\u0259dqiqat&ccedil;\u0131lar\u0131n elmi f\u0259aliyy\u0259tinin stimulla\u015fd\u0131r\u0131lmas\u0131na, doktorantura t\u0259hsilinin beyn\u0259lxalq standartlar \u0259sas\u0131nda qurulmas\u0131na m&uuml;h&uuml;m t&ouml;hf\u0259 ver\u0259c\u0259yini vur\u011fulay\u0131b.<\/span><\/p>\n<p style=\"margin-top: 0cm; margin-right: 0cm; margin-bottom: 0.0001pt; text-align: justify; text-indent: 1cm;\"><span style=\"color: #000000; font-family: 'times new roman', times; font-size: 12pt;\">G\u0259ncl\u0259rin elmi f\u0259aliyy\u0259t\u0259 daha f\u0259al c\u0259lb olunmas\u0131 istiqam\u0259tind\u0259 davaml\u0131 add\u0131mlar\u0131n at\u0131lmas\u0131n\u0131n z\u0259ruri oldu\u011funu vur\u011fulayan C.Bayramov qeyd edib ki, haz\u0131rda &ouml;lk\u0259 &uuml;zr\u0259 elml\u0259r doktoru proqramlar\u0131nda t\u0259hsil alanlar\u0131n 8 faizini (45 n\u0259f\u0259r) 30 ya\u015fa q\u0259d\u0259r olan g\u0259ncl\u0259r, 29 faizini is\u0259 (163 n\u0259f\u0259r) 40 ya\u015fa q\u0259d\u0259r olanlar t\u0259\u015fkil edir. Nazir d&ouml;vl\u0259t d\u0259st\u0259yi say\u0259sind\u0259 elml\u0259 m\u0259\u015f\u011ful olan g\u0259ncl\u0259rin say\u0131n\u0131n art\u0131r\u0131lmas\u0131n\u0131n m&uuml;mk&uuml;n olaca\u011f\u0131na \u0259minliyini bildirib. Qeyd olunub ki, &ldquo;2007-2015-ci ill\u0259rd\u0259 Az\u0259rbaycan g\u0259ncl\u0259rinin xarici &ouml;lk\u0259l\u0259rd\u0259 t\u0259hsili &uuml;zr\u0259 D&ouml;vl\u0259t Proqram\u0131&rdquo; &ccedil;\u0259r&ccedil;iv\u0259sind\u0259 indiy\u0259d\u0259k 1534 n\u0259f\u0259r magistraturada, 547 n\u0259f\u0259r rezidenturada, 169 n\u0259f\u0259r doktoranturada t\u0259hsil almaq h&uuml;ququ qazan\u0131b.<\/span><\/p>\n<p style=\"margin-top: 0cm; margin-right: 0cm; margin-bottom: 0.0001pt; text-align: justify; text-indent: 1cm;\"><span style=\"color: #000000; font-family: 'times new roman', times; font-size: 12pt;\">C.Bayramov bildirib ki, T\u0259hsil Nazirliyinin &ldquo;Clarivate Analytics&rdquo; il\u0259 \u0259m\u0259kda\u015fl\u0131\u011f\u0131 n\u0259tic\u0259sind\u0259 Az\u0259rbaycan 2017-ci ild\u0259 &ldquo;Web of Science&rdquo; elmi bazas\u0131nda ilk d\u0259f\u0259 n\u0259\u015fr aktivliyinin son 3 il &uuml;zr\u0259 art\u0131m dinamikas\u0131na g&ouml;r\u0259 regionda birinci yer\u0259 &ccedil;\u0131x\u0131b. &ldquo;Web of Science&rdquo; elmi bazas\u0131nda 2017-ci ild\u0259 Az\u0259rbaycandan 1160 elmi t\u0259dqiqat i\u015fi qeyd\u0259 al\u0131n\u0131b ki, bu da son 25 ild\u0259 &ouml;lk\u0259 &uuml;zr\u0259 n\u0259\u015fr say\u0131nda rekord g&ouml;st\u0259rici hesab olunur.<\/span><\/p>\n<p style=\"margin-top: 0cm; margin-right: 0cm; margin-bottom: 0.0001pt; text-align: justify; text-indent: 1cm;\"><span style=\"color: #000000; font-family: 'times new roman', times; font-size: 12pt;\">Az\u0259rbaycan Respublikas\u0131n\u0131n Prezidenti yan\u0131nda Elmin \u0130nki\u015faf\u0131 Fondunun icra&ccedil;\u0131 direktoru El&ccedil;in Babayev &ccedil;\u0131x\u0131\u015f\u0131nda bildirib ki, g\u0259ncl\u0259rin inki\u015faf\u0131, onlar\u0131n elmi f\u0259aliyy\u0259t\u0259 c\u0259lb edilm\u0259si &ouml;lk\u0259 r\u0259hb\u0259rliyinin diqq\u0259t m\u0259rk\u0259zind\u0259dir. E.Babayev &ouml;lk\u0259mizd\u0259 insan resurslar\u0131n\u0131n inki\u015faf\u0131, kadr haz\u0131rl\u0131\u011f\u0131n\u0131n y&uuml;ks\u0259ldilm\u0259si sah\u0259sind\u0259 h\u0259yata ke&ccedil;iril\u0259n t\u0259dbirl\u0259r bar\u0259d\u0259 \u0259trafl\u0131 m\u0259lumat verib. O, g\u0259nc aliml\u0259r\u0259 k&ouml;m\u0259k m\u0259qs\u0259dil\u0259 fond t\u0259r\u0259find\u0259n realla\u015fd\u0131r\u0131lan qrant layih\u0259l\u0259rinin u\u011furlu n\u0259tic\u0259l\u0259rind\u0259n dan\u0131\u015f\u0131b.<\/span><\/p>\n<p style=\"margin-top: 0cm; margin-right: 0cm; margin-bottom: 0.0001pt; text-align: justify; text-indent: 1cm;\"><span style=\"color: #000000; font-family: 'times new roman', times; font-size: 12pt;\">Sonra g\u0259nc doktorantlar m&uuml;xt\u0259lif m&ouml;vzularda &ccedil;\u0131x\u0131\u015f edibl\u0259r.<\/span><\/p>\n<p style=\"margin-top: 0cm; margin-right: 0cm; margin-bottom: 0.0001pt; text-align: justify; text-indent: 1cm;\"><span style=\"color: #000000; font-family: 'times new roman', times; font-size: 12pt;\">Konfrans &ouml;z i\u015fini 15 b&ouml;lm\u0259d\u0259 davam etdirib. Konfransa ali t\u0259hsil m&uuml;\u0259ssis\u0259l\u0259rind\u0259n v\u0259 Az\u0259rbaycan Milli Elml\u0259r Akademiyas\u0131ndan 500 tezis t\u0259qdim olunub.<\/span><\/p>\n<p class=\"Default\" style=\"text-align: justify; text-indent: 27pt;\"><span style=\"font-family: 'times new roman', times; font-size: 12pt; color: #000000;\">Konfrans\u0131n i\u015find\u0259 v\u0259 b&ouml;lm\u0259 iclaslar\u0131nda i\u015ftirak ed\u0259n doktorant v\u0259 g\u0259nc t\u0259dqiqat&ccedil;\u0131lar aras\u0131nda Ming\u0259&ccedil;evir D&ouml;vl\u0259t Universitetinin 11 n\u0259f\u0259r \u0259m\u0259kda\u015f\u0131 respublikan\u0131n m&uuml;xt\u0259lf apar\u0131c\u0131 ali t\u0259hsil m&uuml;\u0259ssis\u0259l\u0259rind\u0259 v\u0259 elmi-t\u0259dqiqat institutlar\u0131nda t\u0259dqiqat i\u015fl\u0259rini davam etdirm\u0259kl\u0259 yana\u015f\u0131, konfransa t\u0259qdim etdikl\u0259ri tezisl\u0259rl\u0259 &ccedil;\u0131x\u0131\u015f edibl\u0259r.<\/span><\/p>\n<p class=\"Default\" style=\"text-align: justify; text-indent: 27pt;\"><span style=\"font-family: 'times new roman', times; font-size: 12pt; color: #000000;\"><b>Energetika, neft-qaz b&ouml;lm\u0259si &uuml;zr\u0259<\/b><i> <b>\u015e\u0259bn\u0259m \u0130slamova<\/b><\/i> &ldquo;Az\u0259rbaycanda alternativ enerji m\u0259nb\u0259l\u0259rind\u0259n istifad\u0259 imkanlar\u0131&rdquo; m&ouml;vzusunda;<\/span><\/p>\n<p class=\"Default\" style=\"text-align: justify; text-indent: 27pt;\"><span style=\"font-family: 'times new roman', times; font-size: 12pt; color: #000000;\"><b>Co\u011frafiya v\u0259 ekologiya b&ouml;lm\u0259si &uuml;zr\u0259<\/b> <b>Aysel Qocayeva<\/b> &ldquo;Ming\u0259&ccedil;evir hidrokompleksi Az\u0259rbaycan\u0131n h\u0259yat t\u0259minat\u0131d\u0131r&rdquo; m&ouml;vzusunda;<\/span><\/p>\n<p class=\"Default\" style=\"text-align: justify; text-indent: 27pt;\"><span style=\"font-family: 'times new roman', times; font-size: 12pt; color: #000000;\"><b>\u0130qtisadiyyat b&ouml;lm\u0259si &uuml;zr\u0259<\/b><i> <b>Zaur R\u0259sulov<\/b><\/i> &ldquo;Az\u0259rbaycan \u015firk\u0259tl\u0259rind\u0259 i\u015fg&uuml;zar karyeran\u0131n planla\u015fd\u0131r\u0131lmas\u0131 hey\u0259tin idar\u0259 olunmas\u0131 texnologiyas\u0131 kimi&rdquo; m&ouml;vzusunda;<\/span><\/p>\n<p class=\"Default\" style=\"text-align: justify; text-indent: 27pt;\"><span style=\"font-family: 'times new roman', times; font-size: 12pt; color: #000000;\"><b><i>Yegan\u0259 M\u0259mm\u0259dli<\/i><\/b> &ldquo;Az\u0259rbaycan Xalq C&uuml;mhuriyy\u0259tinin aqrar siyas\u0259ti&rdquo; m&ouml;vzusunda;<\/span><\/p>\n<p class=\"Default\" style=\"text-align: justify; text-indent: 27pt;\"><span style=\"font-family: 'times new roman', times; font-size: 12pt; color: #000000;\"><b><i>Aynur Namazova <\/i><\/b>&ldquo;Az\u0259rbaycanda k\u0259nd t\u0259s\u0259rr&uuml;fat\u0131n\u0131n inki\u015faf istiqam\u0259tl\u0259ri&rdquo; m&ouml;vzusunda;<\/span><\/p>\n<p class=\"Default\" style=\"text-align: justify; text-indent: 27pt;\"><span style=\"font-family: 'times new roman', times; font-size: 12pt; color: #000000;\"><b><i>V&uuml;qar M\u0259mm\u0259dli <\/i><\/b>&ldquo;B\u0259l\u0259diyy\u0259l\u0259rin iqtisadi f\u0259aliyy\u0259ti hesab\u0131na yerli b&uuml;dc\u0259nin g\u0259lirl\u0259rinin art\u0131r\u0131lmas\u0131&rdquo; m&ouml;vzusunda;<\/span><\/p>\n<p style=\"margin-bottom: 0.0001pt; text-align: justify; text-indent: 27pt;\"><span style=\"font-family: 'times new roman', times; font-size: 12pt; color: #000000;\"><b><span style=\"font-size: 12pt; line-height: 115%; font-family: 'Times New Roman', serif;\">Tarix, F\u0259ls\u0259f\u0259 v\u0259 siyasi elml\u0259r b&ouml;lm\u0259si &uuml;zr\u0259<i> V&uuml;sal\u0259 M&ouml;vlayeva<\/i><\/span><\/b><span style=\"font-size: 12pt; line-height: 115%; font-family: 'Times New Roman', serif;\"> <\/span><span style=\"font-size: 12pt; line-height: 115%; font-family: 'Times New Roman', serif;\">&ldquo;Az\u0259rbaycan Xalq C&uuml;mhuriyy\u0259ti Parlamentinin yarad\u0131lmas\u0131&rdquo; m&ouml;vzusunda; <\/span><\/span><\/p>\n<p style=\"margin-bottom: 0.0001pt; text-align: justify; text-indent: 27pt;\"><span style=\"font-family: 'times new roman', times; font-size: 12pt; color: #000000;\"><b><span style=\"font-size: 12pt; line-height: 115%; font-family: 'Times New Roman', serif;\">Az\u0259rbaycan filologiya b&ouml;lm\u0259si &uuml;zr\u0259<\/span><\/b><span style=\"font-size: 12pt; line-height: 115%; font-family: 'Times New Roman', serif;\"> <b><i>X\u0259yal\u0259 Abdullayeva <\/i><\/b>&ldquo;Yaz\u0131l\u0131 nitqd\u0259 sitat v\u0259 \u0259laq\u0259l\u0259ndirici ifad\u0259l\u0259r (atalar s&ouml;zl\u0259ri, epiqraf, interferensiya)&rdquo; m&ouml;vzusunda; <\/span><\/span><\/p>\n<p style=\"margin-bottom: 0.0001pt; text-align: justify; text-indent: 27pt;\"><span style=\"font-family: 'times new roman', times; font-size: 12pt; color: #000000;\"><b><i><span style=\"font-size: 12pt; line-height: 115%; font-family: 'Times New Roman', serif;\">Ayna Babazad\u0259 <\/span><\/i><\/b><span style=\"font-size: 12pt; line-height: 115%; font-family: 'Times New Roman', serif;\">&ldquo;\u018fziz\u0259 C\u0259f\u0259rzad\u0259nin hekay\u0259l\u0259rind\u0259 tarixi ger&ccedil;\u0259kliy\u0259 yeni bax\u0131\u015f&ldquo;m&ouml;vzusunda; <\/span><\/span><\/p>\n<p style=\"margin-bottom: 0.0001pt; text-align: justify; text-indent: 27pt;\"><span style=\"font-family: 'times new roman', times; font-size: 12pt; color: #000000;\"><b><i><span style=\"font-size: 12pt; line-height: 115%; font-family: 'Times New Roman', serif;\">Lamiy\u0259 \u0130brahimova <\/span><\/i><\/b><span style=\"font-size: 12pt; line-height: 115%; font-family: 'Times New Roman', serif;\">&ldquo;Az\u0259rbaycan v\u0259 rus dill\u0259ri sistemind\u0259 frazeoloji paradiqm problemi&rdquo; m&ouml;vzusunda; <\/span><\/span><\/p>\n<p style=\"margin-bottom: 0.0001pt; text-align: justify; text-indent: 27pt;\"><span style=\"font-family: 'times new roman', times; font-size: 12pt; color: #000000;\"><b><span style=\"font-size: 12pt; line-height: 115%; font-family: 'Times New Roman', serif;\">Psixologiya b&ouml;lm\u0259si &uuml;zr\u0259<i> K&ouml;n&uuml;l Cabbarova <\/i><\/span><\/b><span style=\"font-size: 12pt; line-height: 115%; font-family: 'Times New Roman', serif;\">&ldquo;K&uuml;tl\u0259vi informasiya vasit\u0259l\u0259rinin yeniyetm\u0259 v\u0259 g\u0259ncl\u0259r aras\u0131nda deviant davran\u0131\u015f\u0131n formala\u015fmas\u0131na t\u0259siri&rdquo; m&ouml;vzusunda &ccedil;\u0131x\u0131\u015f edibl\u0259r.<\/span><\/span><\/p>\n<p style=\"margin-top: 0cm; margin-right: 0cm; margin-bottom: 0.0001pt; text-align: justify; text-indent: 1cm;\"><span style=\"color: #000000; font-family: 'times new roman', times; font-size: 12pt;\">Konfrans &ccedil;\u0259r&ccedil;iv\u0259sind\u0259 ADPU-nun m\u0259zunlar\u0131 olmu\u015f akademik Yusif M\u0259mm\u0259d\u0259liyevin, akademik Zahid X\u0259lilovun, akademik H\u0259s\u0259n Abdullayevin adlar\u0131n\u0131 da\u015f\u0131yan auditoriyalar\u0131n da a&ccedil;\u0131l\u0131\u015f m\u0259rasimi ke&ccedil;irilib. M\u0259rasimd\u0259 &uuml;mummilli lider Heyd\u0259r \u018fliyevin 95 illik yubileyin\u0259 h\u0259sr olunmu\u015f riyaziyyat, fizika, kimya, biologiya v\u0259 informatika &uuml;zr\u0259 olimpiadalar\u0131n qalibl\u0259rin\u0259 diplomlar t\u0259qdim edilib.<\/span><\/p>\n<p>{phocagallery view=category|categoryid=82|limitstart=0|limitcount=0}<\/p>","protected":false},"excerpt":{"rendered":"<p>Doktorantlar\u0131n v\u0259 g\u0259nc t\u0259dqiqat&ccedil;\u0131lar\u0131n XXII respublika elmi konfrans\u0131n\u0131n a&ccedil;\u0131l\u0131\u015f m\u0259rasimi ke&ccedil;irilib Az\u0259rbaycan D&ouml;vl\u0259t Pedaqoji Universitetind\u0259 (ADPU) doktorantlar\u0131n v\u0259 g\u0259nc t\u0259dqiqat&ccedil;\u0131lar\u0131n XXII respublika elmi konfrans\u0131n\u0131n a&ccedil;\u0131l\u0131\u015f m\u0259rasimi ke&ccedil;irilib. \u0130ki g&uuml;n davam ed\u0259c\u0259k konfrans Az\u0259rbaycan Xalq C&uuml;mhuriyy\u0259tinin 100 illik yubileyin\u0259 h\u0259sr olunub. Konfransda ali t\u0259hsil m&uuml;\u0259ssis\u0259l\u0259rinin r\u0259hb\u0259rl\u0259ri, respublikan\u0131n tan\u0131nm\u0131\u015f aliml\u0259ri, doktorantlar v\u0259 g\u0259nc t\u0259dqiqat&ccedil;\u0131lar i\u015ftirak edibl\u0259r. A&ccedil;\u0131l\u0131\u015f [&hellip;]<\/p>\n","protected":false},"author":1,"featured_media":0,"comment_status":"open","ping_status":"open","sticky":false,"template":"","format":"standard","meta":{"_eb_attr":"","ocean_post_layout":"","ocean_both_sidebars_style":"","ocean_both_sidebars_content_width":0,"ocean_both_sidebars_sidebars_width":0,"ocean_sidebar":"","ocean_second_sidebar":"","ocean_disable_margins":"enable","ocean_add_body_class":"","ocean_shortcode_before_top_bar":"","ocean_shortcode_after_top_bar":"","ocean_shortcode_before_header":"","ocean_shortcode_after_header":"","ocean_has_shortcode":"","ocean_shortcode_after_title":"","ocean_shortcode_before_footer_widgets":"","ocean_shortcode_after_footer_widgets":"","ocean_shortcode_before_footer_bottom":"","ocean_shortcode_after_footer_bottom":"","ocean_display_top_bar":"default","ocean_display_header":"default","ocean_header_style":"","ocean_center_header_left_menu":"","ocean_custom_header_template":"","ocean_custom_logo":0,"ocean_custom_retina_logo":0,"ocean_custom_logo_max_width":0,"ocean_custom_logo_tablet_max_width":0,"ocean_custom_logo_mobile_max_width":0,"ocean_custom_logo_max_height":0,"ocean_custom_logo_tablet_max_height":0,"ocean_custom_logo_mobile_max_height":0,"ocean_header_custom_menu":"","ocean_menu_typo_font_family":"","ocean_menu_typo_font_subset":"","ocean_menu_typo_font_size":0,"ocean_menu_typo_font_size_tablet":0,"ocean_menu_typo_font_size_mobile":0,"ocean_menu_typo_font_size_unit":"px","ocean_menu_typo_font_weight":"","ocean_menu_typo_font_weight_tablet":"","ocean_menu_typo_font_weight_mobile":"","ocean_menu_typo_transform":"","ocean_menu_typo_transform_tablet":"","ocean_menu_typo_transform_mobile":"","ocean_menu_typo_line_height":0,"ocean_menu_typo_line_height_tablet":0,"ocean_menu_typo_line_height_mobile":0,"ocean_menu_typo_line_height_unit":"","ocean_menu_typo_spacing":0,"ocean_menu_typo_spacing_tablet":0,"ocean_menu_typo_spacing_mobile":0,"ocean_menu_typo_spacing_unit":"","ocean_menu_link_color":"","ocean_menu_link_color_hover":"","ocean_menu_link_color_active":"","ocean_menu_link_background":"","ocean_menu_link_hover_background":"","ocean_menu_link_active_background":"","ocean_menu_social_links_bg":"","ocean_menu_social_hover_links_bg":"","ocean_menu_social_links_color":"","ocean_menu_social_hover_links_color":"","ocean_disable_title":"default","ocean_disable_heading":"default","ocean_post_title":"","ocean_post_subheading":"","ocean_post_title_style":"","ocean_post_title_background_color":"","ocean_post_title_background":0,"ocean_post_title_bg_image_position":"","ocean_post_title_bg_image_attachment":"","ocean_post_title_bg_image_repeat":"","ocean_post_title_bg_image_size":"","ocean_post_title_height":0,"ocean_post_title_bg_overlay":0.5,"ocean_post_title_bg_overlay_color":"","ocean_disable_breadcrumbs":"default","ocean_breadcrumbs_color":"","ocean_breadcrumbs_separator_color":"","ocean_breadcrumbs_links_color":"","ocean_breadcrumbs_links_hover_color":"","ocean_display_footer_widgets":"default","ocean_display_footer_bottom":"default","ocean_custom_footer_template":"","ocean_post_oembed":"","ocean_post_self_hosted_media":"","ocean_post_video_embed":"","ocean_link_format":"","ocean_link_format_target":"self","ocean_quote_format":"","ocean_quote_format_link":"post","ocean_gallery_link_images":"on","ocean_gallery_id":[],"footnotes":""},"categories":[63],"tags":[],"class_list":["post-14736","post","type-post","status-publish","format-standard","hentry","category-khaebaerlaer-az","entry"],"_links":{"self":[{"href":"https:\/\/mdu.edu.az\/en\/wp-json\/wp\/v2\/posts\/14736","targetHints":{"allow":["GET"]}}],"collection":[{"href":"https:\/\/mdu.edu.az\/en\/wp-json\/wp\/v2\/posts"}],"about":[{"href":"https:\/\/mdu.edu.az\/en\/wp-json\/wp\/v2\/types\/post"}],"author":[{"embeddable":true,"href":"https:\/\/mdu.edu.az\/en\/wp-json\/wp\/v2\/users\/1"}],"replies":[{"embeddable":true,"href":"https:\/\/mdu.edu.az\/en\/wp-json\/wp\/v2\/comments?post=14736"}],"version-history":[{"count":0,"href":"https:\/\/mdu.edu.az\/en\/wp-json\/wp\/v2\/posts\/14736\/revisions"}],"wp:attachment":[{"href":"https:\/\/mdu.edu.az\/en\/wp-json\/wp\/v2\/media?parent=14736"}],"wp:term":[{"taxonomy":"category","embeddable":true,"href":"https:\/\/mdu.edu.az\/en\/wp-json\/wp\/v2\/categories?post=14736"},{"taxonomy":"post_tag","embeddable":true,"href":"https:\/\/mdu.edu.az\/en\/wp-json\/wp\/v2\/tags?post=14736"}],"curies":[{"name":"wp","href":"https:\/\/api.w.org\/{rel}","templated":true}]}}