{"id":14916,"date":"2019-05-17T14:55:22","date_gmt":"2019-05-17T11:55:22","guid":{"rendered":"https:\/\/mdu.edu.az\/mdu-da-s-nayenin-t-kili-v-idar-etm-kafedras-n-n-t-kilati-d-st-yi-il-elmi-seminar-ke-irilib\/"},"modified":"2019-05-17T14:55:22","modified_gmt":"2019-05-17T11:55:22","slug":"mdu-da-s-nayenin-t-kili-v-idar-etm-kafedras-n-n-t-kilati-d-st-yi-il-elmi-seminar-ke-irilib","status":"publish","type":"post","link":"https:\/\/mdu.edu.az\/en\/mdu-da-s-nayenin-t-kili-v-idar-etm-kafedras-n-n-t-kilati-d-st-yi-il-elmi-seminar-ke-irilib\/","title":{"rendered":"MDU-da \u201cS\u0259nayenin t\u0259\u015fkili v\u0259 idar\u0259etm\u0259\u201d kafedras\u0131n\u0131n  t\u0259\u015fkilati d\u0259st\u0259yi il\u0259 elmi seminar ke\u00e7irilib"},"content":{"rendered":"<p style=\"margin-top: 0cm; margin-right: 0cm; margin-bottom: 0.0001pt; text-align: center;\"><span style=\"font-size: 14pt; color: #0000ff; font-family: 'times new roman', times;\"><b><span style=\"color: blue;\">MDU-da &ldquo;S\u0259nayenin t\u0259\u015fkili v\u0259 idar\u0259etm\u0259&rdquo; kafedras\u0131n\u0131n <\/span><\/b><\/span><\/p>\n<p style=\"margin-top: 0cm; margin-right: 0cm; margin-bottom: 0.0001pt; text-align: center;\"><span style=\"font-size: 14pt; color: #0000ff; font-family: 'times new roman', times;\"><b><span style=\"color: blue;\">t\u0259\u015fkilati d\u0259st\u0259yi il\u0259 elmi seminar ke&ccedil;irilib<\/span><\/b><\/span><\/p>\n<p style=\"margin-top: 0cm; margin-right: 0cm; margin-bottom: 0.0001pt; text-align: justify; text-indent: 1cm;\"><span style=\"color: #000000; font-size: 12pt; font-family: 'times new roman', times;\"><\/span><\/p>\n<p style=\"margin-top: 0cm; margin-right: 0cm; margin-bottom: 0.0001pt; text-align: justify; text-indent: 1cm;\"><span style=\"color: #000000; font-size: 12pt; font-family: 'times new roman', times;\">13 may 2019-cu il tarixd\u0259 Ming\u0259&ccedil;evir D&ouml;vl\u0259t Universitetind\u0259 &ldquo;S\u0259nayenin t\u0259\u015fkili v\u0259 idar\u0259etm\u0259&rdquo; kafedras\u0131n\u0131n t\u0259\u015fkilati d\u0259st\u0259yi il\u0259 &ldquo;Milli iqtisadiyyat v\u0259 iqtisadiyyat\u0131n \u0259sas sektorlar\u0131 &uuml;zr\u0259 strateji yol x\u0259rit\u0259l\u0259rind\u0259n ir\u0259li g\u0259l\u0259n v\u0259zif\u0259l\u0259rin yerin\u0259 yetirilm\u0259si v\u0259ziyy\u0259ti haqq\u0131nda&rdquo; m&ouml;vzusunda elmi seminar ke&ccedil;irilib.<\/span><\/p>\n<p style=\"margin-top: 0cm; margin-right: 0cm; margin-bottom: 0.0001pt; text-align: justify; text-indent: 1cm;\"><span style=\"color: #000000; font-size: 12pt; font-family: 'times new roman', times;\">Seminar\u0131 giri\u015f s&ouml;z&uuml; il\u0259 &ldquo;S\u0259nayenin t\u0259\u015fkili v\u0259 idar\u0259etm\u0259&rdquo; kafedras\u0131n\u0131n m&uuml;diri, dosent Emiliya H&uuml;seynova a&ccedil;\u0131b. <em><span style=\"font-style: normal;\">Bildirib ki, son on ild\u0259 Az\u0259rbaycanda sosial-iqtisadi inki\u015faf sah\u0259sind\u0259 \u0259ld\u0259 olunan u\u011furlar, yarad\u0131lm\u0131\u015f iqtisadi, sosial, elmi-texniki, maliyy\u0259 potensial\u0131, insan kapital\u0131, infrastruktur, \u0259halinin sosial rifah\u0131n\u0131n yax\u015f\u0131la\u015fma s\u0259viyy\u0259si, habel\u0259 normativ-h&uuml;quqi qanunvericilik v\u0259 institusional baza &ouml;lk\u0259miz\u0259 davaml\u0131 inki\u015fafa ke&ccedil;idi m&uuml;h&uuml;m bir m\u0259s\u0259l\u0259 kimi qar\u015f\u0131ya qoymu\u015fdur.<\/span><\/em><\/span><\/p>\n<p style=\"margin-top: 0cm; margin-right: 0cm; margin-bottom: 0.0001pt; text-align: justify; text-indent: 1cm;\"><span style=\"color: #000000; font-size: 12pt; font-family: 'times new roman', times;\">Emiliya H&uuml;seynova qeyd edib ki, eyni zamanda, qlobal maliyy\u0259 b&ouml;hran\u0131 v\u0259 son iki ild\u0259 d&uuml;nya bazar\u0131nda xam neftin qiym\u0259tinin 3-4 d\u0259f\u0259 a\u015fa\u011f\u0131 d&uuml;\u015fm\u0259si, manat\u0131n devalvasiyas\u0131, milli iqtisadiyyat\u0131n inki\u015faf\u0131nda neft amilinin rolunun m\u0259hdudla\u015fmas\u0131, ticar\u0259t t\u0259r\u0259fda\u015flar\u0131m\u0131z olan &ouml;lk\u0259l\u0259rd\u0259 &Uuml;DM-in azalmas\u0131 ntic\u0259sind\u0259 respublikam\u0131z\u0131n t\u0259diyy\u0259 balans\u0131n\u0131n v\u0259 qeyri-neft b&uuml;dc\u0259 k\u0259sirinin &ccedil;oxalmas\u0131, b&uuml;t&ouml;vl&uuml;kd\u0259 iqtisadi inki\u015faf\u0131n xarakterin\u0259 qlobal t\u0259zyiql\u0259rin artmas\u0131, iqtisadi inki\u015faf\u0131n amill\u0259rini, meyarlar\u0131n\u0131, h\u0259r\u0259k\u0259tverici q&uuml;vv\u0259l\u0259rini, prinsipl\u0259rini, realla\u015fma mexanizml\u0259rini deformasiyaya u\u011fratmaqla davaml\u0131 inki\u015faf bax\u0131m\u0131ndan m&uuml;vafiq strateji yol x\u0259rit\u0259sinin i\u015fl\u0259nib haz\u0131rlanmas\u0131 v\u0259 realla\u015fd\u0131r\u0131lmas\u0131n\u0131 obyektiv z\u0259rur\u0259t\u0259 &ccedil;evirdi.<\/span><\/p>\n<p style=\"margin-top: 0cm; margin-right: 0cm; margin-bottom: 0.0001pt; text-align: justify; text-indent: 1cm;\"><span style=\"color: #000000; font-size: 12pt; font-family: 'times new roman', times;\">Emiliya H&uuml;seynova bildirib ki, b&uuml;t&uuml;n bunlara \u0259saslanaraq &ouml;lk\u0259 Prezidenti \u0130lham \u018fliyevin&nbsp; 16 mart 2016-c\u0131 il tarixli s\u0259r\u0259ncam\u0131 il\u0259 &ldquo;Milli iqtisadiyyat v\u0259 iqtisadiyyat\u0131n \u0259sas sektorlar\u0131 &uuml;zr\u0259 strateji yol x\u0259rit\u0259sinin ba\u015fl\u0131ca istiqam\u0259tl\u0259ri&rdquo; q\u0259bul olundu. Bu yol x\u0259rit\u0259sind\u0259 ilk d\u0259f\u0259 olaraq iqtisadi v\u0259 sosial inki\u015faf\u0131n ah\u0259ngdarl\u0131\u011f\u0131n\u0131n, indiki v\u0259 g\u0259l\u0259c\u0259k n\u0259sill\u0259rin maraq v\u0259 m\u0259nafel\u0259rinin v\u0259hd\u0259t hal\u0131nda h\u0259ll edilm\u0259si, habel\u0259 iqtisadiyyat\u0131n inklyuzivliyinin art\u0131r\u0131lmas\u0131 strateji bir v\u0259zif\u0259 kimi qar\u015f\u0131ya qoyuldu.&nbsp;<\/span><\/p>\n<p style=\"margin-top: 0cm; margin-right: 0cm; margin-bottom: 0.0001pt; text-align: justify; text-indent: 1cm;\"><span style=\"color: #000000; font-size: 12pt; font-family: 'times new roman', times;\">Sonra m\u0259ruz\u0259l\u0259r dinl\u0259nildi. &ldquo;S\u0259nayenin t\u0259\u015fkili v\u0259 idar\u0259etm\u0259&rdquo; kafedras\u0131n\u0131n m&uuml;diri, dosent Emiliya H&uuml;seynova &ldquo;Strateji yol x\u0259rit\u0259l\u0259rind\u0259n ir\u0259li g\u0259l\u0259n v\u0259zif\u0259l\u0259rin 2017-2018-ci ill\u0259r &uuml;zr\u0259 yerin\u0259 yetirilm\u0259sinin &uuml;mumu n\u0259tic\u0259l\u0259ri&rdquo; m&ouml;vzusunda &ccedil;\u0131x\u0131\u015f etdi. Bildirdi ki, yol x\u0259rit\u0259l\u0259rinin icras\u0131, habel\u0259 iqtisadi sferada m&uuml;xt\u0259lif f\u0259aliyy\u0259t istiqam\u0259tl\u0259ri &uuml;zr\u0259 q\u0259bul edil\u0259n dig\u0259r strateji planlar\u0131n, o c&uuml;ml\u0259d\u0259n D&ouml;vl\u0259t proqramlar\u0131n\u0131n, inki\u015faf konsepsiyalar\u0131n\u0131n, strategiyalar\u0131n, t\u0259dbirl\u0259r planlar\u0131n\u0131n h\u0259min x\u0259rit\u0259l\u0259rl\u0259 uzla\u015fd\u0131r\u0131lmas\u0131n\u0131n n\u0259tic\u0259sidir ki, qlobal iqtisadi b&ouml;hran\u0131n Az\u0259rbaycana t\u0259siri minimuma endirilmi\u015f, &ouml;lk\u0259mizin dayan\u0131ql\u0131 sosial, iqtisadi inki\u015faf\u0131 t\u0259min olunmu\u015f, eyni zamanda iqtisadi potensial\u0131 daha da g&uuml;cl\u0259ndirilmi\u015fdir.<\/span><\/p>\n<p style=\"margin-top: 0cm; margin-right: 0cm; margin-bottom: 0.0001pt; text-align: justify; text-indent: 1cm;\"><span style=\"color: #000000; font-size: 12pt; font-family: 'times new roman', times;\">Emiliya H&uuml;seynova qeyd etdi ki, &ouml;lk\u0259d\u0259 makroiqtisadi sabitliyin qorunmas\u0131, iqtisadi dinamikliyin t\u0259min edilm\u0259si, insan kapital\u0131n\u0131n inki\u015faf etdirilm\u0259si v\u0259 biznes m&uuml;hitinin daha da yax\u015f\u0131la\u015fd\u0131r\u0131lmas\u0131 il\u0259 ba\u011fl\u0131 t\u0259dbirl\u0259ri \u0259hat\u0259 ed\u0259n milli iqtisadiyyat perspektivi &uuml;zr\u0259 strateji yol x\u0259rit\u0259si il\u0259 yana\u015f\u0131, iqtisadiyyat\u0131n 11 sektoru &#8211; neft v\u0259 qaz s\u0259nayesi (kimya m\u0259hsullar\u0131 daxil olmaqla), k\u0259nd t\u0259s\u0259rr&uuml;fat\u0131 m\u0259hsullar\u0131n\u0131n istehsal\u0131 v\u0259 emal\u0131, ki&ccedil;ik v\u0259 orta sahibkarl\u0131q s\u0259viyy\u0259sind\u0259 istehlak mallar\u0131n\u0131n istehsal\u0131, a\u011f\u0131r s\u0259naye v\u0259 ma\u015f\u0131nqay\u0131rma, ixtisasla\u015fm\u0131\u015f turizm s\u0259nayesi, logistika v\u0259 ticar\u0259t, uy\u011fun qiym\u0259t\u0259 m\u0259nzil t\u0259minat\u0131, pe\u015f\u0259 t\u0259hsili v\u0259 t\u0259limi, maliyy\u0259 xidm\u0259tl\u0259ri, telekommunikasiya v\u0259 informasiya texnologiyalar\u0131, kommunal xidm\u0259tl\u0259r (elektrik v\u0259 istilik enerjisi, su v\u0259 qaz) &uuml;zr\u0259 haz\u0131rlanm\u0131\u015f yol x\u0259rit\u0259l\u0259ri &uuml;zr\u0259 sistemli t\u0259dbirl\u0259rin h\u0259yata ke&ccedil;irilm\u0259si &ouml;lk\u0259 iqtisadiyyat\u0131n\u0131n inki\u015faf\u0131na &ouml;z t&ouml;hf\u0259sini vermi\u015fdir. Yol x\u0259rit\u0259l\u0259rinin q\u0259bulundan sonrak\u0131 ill\u0259r \u0259rzind\u0259 &ouml;lk\u0259 iqtisadiyyat\u0131n\u0131n v\u0259ziyy\u0259tini xarakteriz\u0259 ed\u0259n statistik g&ouml;st\u0259ricil\u0259r onu dem\u0259y\u0259 \u0259sas verir ki, neft g\u0259lirl\u0259rinin d&uuml;zg&uuml;n idar\u0259 edilm\u0259si hesab\u0131na sosial v\u0259 iqtisadi infrastrukturun qurulmas\u0131, y&uuml;ks\u0259k y\u0131\u011f\u0131m v\u0259 nisb\u0259t\u0259n ki&ccedil;ik xarici borc, yoxsullu\u011fun azald\u0131lmas\u0131, &ouml;z\u0259l sektorun &Uuml;DM-d\u0259 pay\u0131n\u0131n y&uuml;ks\u0259k h\u0259dd\u0259 &ccedil;atd\u0131r\u0131lmas\u0131 v\u0259 biznes m&uuml;hitinin yax\u015f\u0131la\u015fd\u0131r\u0131lmas\u0131 sah\u0259sind\u0259 Az\u0259rbaycanda m&uuml;h&uuml;m u\u011furlar \u0259ld\u0259 edilmi\u015fdir.<\/span><\/p>\n<p style=\"margin-top: 0cm; margin-right: 0cm; margin-bottom: 0.0001pt; text-align: justify; text-indent: 1cm;\"><span style=\"color: #000000; font-size: 12pt; font-family: 'times new roman', times;\">Sonra kafedran\u0131n ba\u015f m&uuml;\u0259llimi T\u0259ran\u0259 S\u0259f\u0259rova &ldquo;Strateji yol x\u0259rit\u0259si &ccedil;\u0259r&ccedil;iv\u0259sind\u0259 ma\u015f\u0131nqay\u0131rman\u0131n inki\u015faf\u0131 v\u0259 regional bazarlarda pay\u0131n\u0131n art\u0131r\u0131lmas\u0131 potensial\u0131&rdquo; m&ouml;vzusunda &ccedil;\u0259\u0131x\u0131\u015f etdi. Qeyd etdi ki, &ldquo;Az\u0259rbaycan Respublikas\u0131nda a\u011f\u0131r s\u0259naye v\u0259 ma\u015f\u0131nqay\u0131rman\u0131n inki\u015faf\u0131na dair Strateji Yol X\u0259rit\u0259si&rdquo;nd\u0259 2020-ci il\u0259d\u0259k a\u011f\u0131r s\u0259naye v\u0259 ma\u015f\u0131nqay\u0131rma sektoruna strateji bax\u0131\u015f a\u015fa\u011f\u0131 v\u0259 orta d\u0259y\u0259r m\u0259hsullar\u0131 seqmentind\u0259 a\u011f\u0131r s\u0259naye v\u0259 ma\u015f\u0131nqay\u0131rma m&uuml;\u0259ssis\u0259l\u0259rinin daxili iri istehlak&ccedil;\u0131lar\u0131n ehtiyaclar\u0131n\u0131n daha b&ouml;y&uuml;k hiss\u0259sini &ouml;d\u0259m\u0259l\u0259rin\u0259 nail olmaq, regional bazarda Az\u0259rbaycan m\u0259hsullar\u0131n\u0131n pay\u0131n\u0131 art\u0131rmaqd\u0131r.<\/span><\/p>\n<p style=\"margin-top: 0cm; margin-right: 0cm; margin-bottom: 0.0001pt; text-align: justify; text-indent: 1cm;\"><span style=\"color: #000000; font-size: 12pt; font-family: 'times new roman', times;\">T\u0259ran\u0259 S\u0259f\u0259rova bildirdi ki, bu d&ouml;vrd\u0259 strateji bax\u0131\u015fa uy\u011fun olaraq cari d\u0259y\u0259r z\u0259nciri boyu &ouml;lk\u0259 iqtisadiyyat\u0131n\u0131n \u015fax\u0259l\u0259ndirilm\u0259si &uuml;&ccedil;&uuml;n a\u011f\u0131r s\u0259naye v\u0259 ma\u015f\u0131nqay\u0131rma sah\u0259si iqtisadiyyat\u0131n t\u0259m\u0259l s&uuml;tunlar\u0131ndan birin\u0259 &ccedil;evril\u0259c\u0259kdir. Strateji Yol X\u0259rit\u0259sinin ba\u015fl\u0131ca m\u0259qs\u0259di m&ouml;vcud resurslar n\u0259z\u0259r\u0259 al\u0131nmaqla a\u011f\u0131r s\u0259naye, ma\u015f\u0131nqay\u0131rma sektorunda m&uuml;asir t\u0259nziml\u0259m\u0259 v\u0259 t\u0259\u015fviq siyas\u0259ti t\u0259tbiq edilm\u0259kl\u0259 qeyri-neft s\u0259nayesinin dinamik inki\u015faf\u0131 vasit\u0259sil\u0259 &ouml;lk\u0259 iqtisadiyyat\u0131n\u0131n diversifikasiyas\u0131na, a\u011f\u0131r s\u0259naye v\u0259 ma\u015f\u0131nqay\u0131rma sah\u0259sind\u0259 \u0259lav\u0259 d\u0259y\u0259rin v\u0259 m\u0259\u015f\u011fullu\u011fun art\u0131r\u0131lmas\u0131na, \u0259traf m&uuml;hitin qorunmas\u0131na v\u0259 n\u0259tic\u0259d\u0259, dayan\u0131ql\u0131 iqtisadi inki\u015fafa nail olmaqdan, \u0259halinin h\u0259yat s\u0259viyy\u0259sinin yax\u015f\u0131la\u015fd\u0131r\u0131lmas\u0131n\u0131 t\u0259min etm\u0259kd\u0259n ibar\u0259tdir.<\/span><\/p>\n<p style=\"margin-top: 0cm; margin-right: 0cm; margin-bottom: 0.0001pt; text-align: justify; text-indent: 1cm;\"><span style=\"color: #000000; font-size: 12pt; font-family: 'times new roman', times;\">T\u0259ran\u0259 S\u0259f\u0259rova qeyd etdi ki, haz\u0131rda neft v\u0259 qaz s\u0259nayesinin d\u0259y\u0259r z\u0259ncirind\u0259 xeyli a\u011f\u0131r s\u0259naye v\u0259 ma\u015f\u0131nqay\u0131rma m\u0259hsulundan istifad\u0259 olunur. Onlardan b\u0259zil\u0259rinin, m\u0259s\u0259l\u0259n, buruq, nasos, kompressor, da\u015f\u0131ma v\u0259 emal &uuml;&ccedil;&uuml;n ma\u015f\u0131n v\u0259 avadanl\u0131qlar\u0131n Az\u0259rbaycanda istehsal olunmas\u0131na baxmayaraq, neft-qaz sektorunun d\u0259y\u0259r z\u0259ncirinin b&uuml;t&uuml;n seqmentl\u0259rind\u0259 yerli istehsal\u0131n i\u015ftirak\u0131n\u0131n geni\u015fl\u0259ndirilm\u0259si &uuml;&ccedil;&uuml;n potensial m&ouml;vcuddur. Elektrik ma\u015f\u0131n v\u0259 avadanl\u0131qlar\u0131 istehsal\u0131 sah\u0259sind\u0259 d\u0259 ox\u015far v\u0259ziyy\u0259t m&ouml;vcuddur. &Ouml;t&uuml;r&uuml;c&uuml; v\u0259 paylama sisteminin t\u0259\u015fkilind\u0259 Az\u0259rbaycan\u0131n m&uuml;\u0259yy\u0259n ma\u015f\u0131n v\u0259 avadanl\u0131qlar\u0131 i\u015ftirak edir, lakin elektrik enerjisinin istehsal\u0131 v\u0259 p\u0259rak\u0259nd\u0259 sat\u0131\u015f m\u0259rh\u0259l\u0259l\u0259rind\u0259 d\u0259 &ouml;lk\u0259nin milli ma\u015f\u0131n v\u0259 avadanl\u0131qla i\u015ftirak potensial\u0131 vard\u0131r. Bununla bel\u0259, &ouml;lk\u0259d\u0259 inki\u015faf etmi\u015f neft-qaz sektoru kimi iri t\u0259chizat&ccedil;\u0131n\u0131n olmas\u0131na baxmayaraq, ma\u015f\u0131nqay\u0131rma sektorunun daha da inki\u015faf\u0131 &uuml;&ccedil;&uuml;n potensial imkanlar m&ouml;vcuddur. Qeyd edil\u0259n t\u0259dbirl\u0259rin tam h\u0259cmd\u0259 icras\u0131n\u0131n 2020-ci ild\u0259 real &Uuml;DM-in 145 milyon manat artmas\u0131na v\u0259 5700 yeni i\u015f yerinin a&ccedil;\u0131lmas\u0131na s\u0259b\u0259b olaca\u011f\u0131 proqnozla\u015fd\u0131r\u0131l\u0131r.<\/span><\/p>\n<p style=\"margin-top: 0cm; margin-right: 0cm; margin-bottom: 0.0001pt; text-align: justify; text-indent: 1cm;\"><span style=\"color: #000000; font-size: 12pt; font-family: 'times new roman', times;\">&ldquo;Az\u0259rbaycanda \u0259rzaq t\u0259hl&uuml;k\u0259sizlyinin t\u0259min edilm\u0259sind\u0259 aqrar sah\u0259nin rolunun art\u0131r\u0131lmas\u0131 istiqam\u0259tl\u0259ri&rdquo; m&ouml;vzusunda &ccedil;\u0131x\u0131\u015f ed\u0259n &ldquo;S\u0259nayenin t\u0259\u015fkili v\u0259 idar\u0259etm\u0259&rdquo; kafedras\u0131n\u0131n ba\u015f m&uuml;\u0259llimi, i.f.d. Ruhiyy\u0259 H&uuml;seynova qeyd etdi ki, \u0259halinin \u0259rzaqla davaml\u0131 t\u0259minat\u0131, onun ham\u0131 &uuml;&ccedil;&uuml;n \u0259l&ccedil;atan v\u0259 t\u0259hl&uuml;k\u0259siz olmas\u0131 h\u0259r bir d&ouml;vl\u0259tin sosial sah\u0259d\u0259 h\u0259yata ke&ccedil;irdiyi ba\u015fl\u0131ca v\u0259zif\u0259l\u0259rind\u0259n biridir.<\/span><\/p>\n<p style=\"margin-top: 0cm; margin-right: 0cm; margin-bottom: 0.0001pt; text-align: justify; text-indent: 1cm;\"><span style=\"color: #000000; font-size: 12pt; font-family: 'times new roman', times;\">Ruhiyy\u0259 H&uuml;seynova bildirdi ki, &ouml;lk\u0259nin \u0259rzaq t\u0259hl&uuml;k\u0259sizliyin\u0259 yaln\u0131z \u0259rzaq m\u0259hsullar\u0131n\u0131n istehsal h\u0259cminin art\u0131r\u0131lmas\u0131 v\u0259 onlar\u0131n bazarda z\u0259ruri miqdarda m&ouml;vcudlu\u011fu kimi deyil, h\u0259m d\u0259 bu \u0259rzaq m\u0259hsullar\u0131n\u0131n \u0259l&ccedil;atanl\u0131\u011f\u0131, istehlak&ccedil;\u0131lar\u0131n onlar\u0131 \u0259ld\u0259 etm\u0259k &uuml;&ccedil;&uuml;n z\u0259ruri h\u0259cmd\u0259 g\u0259lir\u0259 malik olmas\u0131 imkan\u0131, \u0259rza\u011f\u0131n keyfiyy\u0259tc\u0259 laz\u0131mi t\u0259l\u0259bl\u0259r\u0259 cavab verm\u0259si kimi amill\u0259rin z\u0259ruriliyi bu iki yana\u015fman\u0131n bir-birin\u0259 zidd oldu\u011funu g&ouml;st\u0259rir.<\/span><\/p>\n<p style=\"margin-top: 0cm; margin-right: 0cm; margin-bottom: 0.0001pt; text-align: justify; text-indent: 1cm;\"><span style=\"color: #000000; font-size: 12pt; font-family: 'times new roman', times;\">R.H&uuml;seynova \u0259rzaq t\u0259hl&uuml;k\u0259sizliyinin t\u0259minat\u0131n\u0131n &uuml;&ccedil; \u0259sas \u015f\u0259rti oldu&ouml;unu bildirdi &#8211; &ouml;lk\u0259d\u0259 z\u0259ruri miqdarda \u0259rza\u011f\u0131n m&ouml;vcudlu\u011fu, \u0259rza\u011f\u0131n \u0259ld\u0259 edilm\u0259si &uuml;&ccedil;&uuml;n ev t\u0259s\u0259rr&uuml;fatlar\u0131n\u0131n kifay\u0259t q\u0259d\u0259r g\u0259lirl\u0259r\u0259 malik olmas\u0131 v\u0259 \u0259rzaq m\u0259hsullar\u0131n\u0131n keyfiyy\u0259tinin t\u0259l\u0259bl\u0259r\u0259 cavab verm\u0259si x&uuml;susi \u0259h\u0259miyy\u0259t\u0259 malikdir. Bu \u015f\u0259rtl\u0259rin h\u0259r biri &uuml;zr\u0259 &ouml;lk\u0259nin iqtisadi m&uuml;st\u0259qilliyinin t\u0259min edilm\u0259si &ccedil;ox z\u0259ruridir. Bu \u015f\u0259rtl\u0259rin h\u0259r birinin formala\u015fmas\u0131nda &ouml;lk\u0259 iqtisadiyyat\u0131n\u0131n b&uuml;t&uuml;n f\u0259aliyy\u0259t sah\u0259l\u0259rinin &ouml;z&uuml;n\u0259m\u0259xsus rolu vard\u0131r.<\/span><\/p>\n<p style=\"margin-top: 0cm; margin-right: 0cm; margin-bottom: 0.0001pt; text-align: justify; text-indent: 1cm;\"><span style=\"color: #000000; font-size: 12pt; font-family: 'times new roman', times;\">Ruhiyy\u0259 H&uuml;seynova bildirdi ki, ara\u015fd\u0131rmalar g&ouml;st\u0259rir ki, yerli istehsal\u0131n art\u0131r\u0131lmas\u0131n\u0131n \u0259sas probleml\u0259ri kimi d&ouml;vl\u0259tin iqtisadi maraqlar\u0131n\u0131n qorunmas\u0131, \u0259rzaq t\u0259hl&uuml;k\u0259sizliyinin t\u0259min edilm\u0259si v\u0259 daxili bazar\u0131n xarici t\u0259sirl\u0259rd\u0259n qorunmas\u0131 vacib say\u0131l\u0131r. Yerli m\u0259hsullar\u0131n istehsal\u0131n\u0131n art\u0131r\u0131lmas\u0131 k\u0259nd t\u0259s\u0259rr&uuml;fat\u0131 m\u0259hsullar\u0131n\u0131n istehsal\u0131n\u0131n art\u0131r\u0131lmas\u0131n\u0131n v\u0259 onun t\u0259l\u0259b olunan s\u0259viyy\u0259y\u0259 &ccedil;atd\u0131r\u0131lmas\u0131nda sahibkarl\u0131q f\u0259aliyy\u0259tinin inki\u015faf etdirilm\u0259si il\u0259 s\u0131x ba\u011fl\u0131d\u0131r. \u018frzaq t\u0259minat\u0131nda yaranan probleml\u0259r &ouml;lk\u0259 \u0259halisinin \u0259rzaq t\u0259hl&uuml;k\u0259sizliyin\u0259 m\u0259nfi t\u0259sir etm\u0259kl\u0259 b\u0259rab\u0259r, d&ouml;vl\u0259tin iqtisadi maraqlar\u0131na v\u0259 siyasi suverenliyin\u0259 d\u0259 &ouml;z m\u0259nfi t\u0259sirini g&ouml;st\u0259rir. Bel\u0259likl\u0259, \u0259rza\u011f\u0131n \u0259ld\u0259 edilm\u0259sinin m&uuml;mk&uuml;nl&uuml;y&uuml; \u015f\u0259rti &uuml;zr\u0259 aqrar sah\u0259nin rolunun art\u0131r\u0131lmas\u0131 h\u0259r \u015feyd\u0259n \u0259vv\u0259l regionlarda ev t\u0259s\u0259rr&uuml;fatlar\u0131n\u0131n g\u0259lirl\u0259rinin art\u0131r\u0131lmas\u0131ndan ibar\u0259tdir.<\/span><\/p>\n<p style=\"margin-top: 0cm; margin-right: 0cm; margin-bottom: 0.0001pt; text-align: justify; text-indent: 1cm;\"><span style=\"color: #000000; font-size: 12pt; font-family: 'times new roman', times;\">Sonra &ldquo;S\u0259nayenin t\u0259\u015fkili v\u0259 idar\u0259etm\u0259&rdquo; kafedras\u0131n\u0131n ba\u015f m&uuml;\u0259llimi T\u0259ran\u0259 \u018fliyeva &ldquo;Ki&ccedil;ik v\u0259 orta sahibkarl\u0131q subyektl\u0259rinin f\u0259aliyy\u0259tinin stimulla\u015fd\u0131r\u0131lmas\u0131 istiqam\u0259tind\u0259 g&ouml;r&uuml;lm&uuml;\u015f i\u015fl\u0259r&rdquo; m&ouml;vzusunda &ccedil;\u0131x\u0131\u015f edib. Bildirib ki, Bazar iqtisadiyyat\u0131n\u0131n m&uuml;h&uuml;m t\u0259rkib hiss\u0259si olan sahibkarl\u0131q milli iqtisadiyyat\u0131n modernl\u0259\u015fdirilm\u0259sinin obyektiv \u015f\u0259rti say\u0131l\u0131r, iqtisadi art\u0131m tempin\u0259, &uuml;mumi daxili m\u0259hsulun strukturuna v\u0259 keyfiyy\u0259tin\u0259 \u0259h\u0259miyy\u0259tli t\u0259sir g&ouml;st\u0259rir, hormonik ictimai inki\u015fafa s\u0259b\u0259b olur.<\/span><\/p>\n<p style=\"margin-top: 0cm; margin-right: 0cm; margin-bottom: 0.0001pt; text-align: justify; text-indent: 1cm;\"><span style=\"color: #000000; font-size: 12pt; font-family: 'times new roman', times;\">T\u0259ran\u0259 \u018fliyeva qeyd edib ki, ki&ccedil;ik sahibkarl\u0131q bazar iqtisadiyyat\u0131 \u015f\u0259raitind\u0259 t\u0259s\u0259rrufat&ccedil;\u0131l\u0131\u011f\u0131n el\u0259 m&uuml;h&uuml;m subyektidir ki, istehsal v\u0259 sosial funksiyalarla yana\u015f\u0131 m\u0259\u015f\u011fulluq, innovasiya v\u0259 t\u0259rbiyy\u0259vi funksiyalar\u0131 da yerin\u0259 yetirir. Ki&ccedil;ik sahibkarl\u0131q &ouml;lk\u0259nin sosial-iqtisadi inki\u015faf\u0131nda m&uuml;h&uuml;m rol oynay\u0131r, sa\u011flam r\u0259qab\u0259t m&uuml;hitinin formala\u015fmas\u0131na, yeni i\u015f yerl\u0259rinin a&ccedil;\u0131lmas\u0131na, yerli xammal resurslar\u0131ndan v\u0259 istehsalat tullant\u0131lar\u0131ndan s\u0259m\u0259r\u0259li istifad\u0259 ed\u0259r\u0259k istehlak bazar\u0131n\u0131 \u0259mt\u0259\u0259 v\u0259 xidm\u0259tl\u0259rl\u0259 doldurulmas\u0131na s\u0259b\u0259b olur. Ki&ccedil;ik biznes subyektl\u0259ri bazar konyukturunun d\u0259yi\u015film\u0259sin\u0259 operativ reaksiya verir, milli iqtisadiyyata mobillik v\u0259 &ccedil;eviklik g\u0259tirir, h\u0259m&ccedil;inin &ccedil;ox da b&ouml;y&uuml;k m\u0259bl\u0259\u011fd\u0259 olmayan s\u0259rmay\u0259 qoyulu\u015fu hesab\u0131na istehlak&ccedil;\u0131lar\u0131n daim artan t\u0259l\u0259bat\u0131na uy\u011fun geni\u015f &ccedil;e\u015fidli m\u0259hsullar istehsal edirl\u0259r.<\/span><\/p>\n<p style=\"margin-top: 0cm; margin-right: 0cm; margin-bottom: 0.0001pt; text-align: justify; text-indent: 1cm;\"><span style=\"color: #000000; font-size: 12pt; font-family: 'times new roman', times;\">T\u0259ran\u0259 \u018fliyeva qeyd edib ki, sahibkarl\u0131q f\u0259aliyy\u0259tind\u0259 s\u0259m\u0259r\u0259li n\u0259tic\u0259l\u0259rin \u0259ld\u0259 edilm\u0259sind\u0259 yeni texnologiyalar\u0131n t\u0259tbiqi il\u0259 yana\u015f\u0131 vergi mexanizml\u0259rinin t\u0259kmill\u0259\u015fdirilm\u0259sinin v\u0259 stimulla\u015fd\u0131r\u0131c\u0131 rolunun art\u0131r\u0131lmas\u0131n\u0131n m&uuml;h&uuml;m \u0259h\u0259miyy\u0259ti vard\u0131r. &Ouml;lk\u0259 Prezidenti \u0130lham \u018fliyevin r\u0259hb\u0259rliyi il\u0259 Az\u0259rbaycanda h\u0259yata ke&ccedil;iril\u0259n sosial-iqtisadi siyas\u0259tin t\u0259rkib hiss\u0259si olan vergi siyas\u0259ti iqtisadiyyat\u0131n bug&uuml;nk&uuml; t\u0259l\u0259bl\u0259rin\u0259 uy\u011fun olaraq t\u0259kmill\u0259\u015fdirilir. <\/span><\/p>\n<p style=\"margin-top: 0cm; margin-right: 0cm; margin-bottom: 0.0001pt; text-align: justify; text-indent: 1cm;\"><span style=\"color: #000000; font-size: 12pt; font-family: 'times new roman', times;\">T\u0259ran\u0259 \u018fliyeva bildirib ki, &ouml;lk\u0259d\u0259 sahibkarl\u0131\u011f\u0131n inki\u015faf\u0131, biznes m&uuml;hitinin daha da yax\u015f\u0131la\u015fd\u0131r\u0131lmas\u0131 m\u0259qs\u0259dil\u0259 sahibkarl\u0131\u011f\u0131n d\u0259st\u0259kl\u0259nm\u0259si, vergid\u0259n yay\u0131nman\u0131n v\u0259 &ldquo;k&ouml;lg\u0259 iqtisadiyyat\u0131&rdquo;n\u0131n miqyas\u0131n\u0131n azald\u0131lmas\u0131, vergitutma bazas\u0131n\u0131n geni\u015fl\u0259ndirilm\u0259si, vergi inzibat&ccedil;\u0131l\u0131\u011f\u0131n\u0131n t\u0259kmill\u0259\u015fdirilm\u0259si, m&ouml;vcud v\u0259 yeni veril\u0259c\u0259k vergi g&uuml;z\u0259\u015ftl\u0259rinin s\u0259m\u0259r\u0259liliyinin y&uuml;ks\u0259ldilm\u0259si istiqam\u0259tl\u0259ri &uuml;zr\u0259 Vergi M\u0259c\u0259ll\u0259sin\u0259 d\u0259yi\u015fiklikl\u0259r edilib. K&ouml;lg\u0259 iqtisadiyyat\u0131n\u0131n miqyas\u0131n\u0131n azald\u0131lmas\u0131 v\u0259 iqtisadiyyat\u0131n \u015f\u0259ffafla\u015fd\u0131r\u0131lmas\u0131 m\u0259qs\u0259dil\u0259 Vergi M\u0259c\u0259ll\u0259sin\u0259 edil\u0259n d\u0259yi\u015fiklikl\u0259r \u0259sas\u0259n &ouml;z\u0259l sektorda &ccedil;al\u0131\u015fan i\u015f&ccedil;il\u0259rin \u0259m\u0259k haqq\u0131ndan tutulan g\u0259lir vergisi &uuml;zr\u0259 vergi y&uuml;k&uuml;n&uuml;n \u0259h\u0259miyy\u0259tli d\u0259r\u0259c\u0259d\u0259 azald\u0131lmas\u0131, mallar\u0131n s\u0259n\u0259dsiz d&ouml;vriyy\u0259sin\u0259, x\u0259rcl\u0259rin r\u0259smil\u0259\u015fdirilm\u0259m\u0259sin\u0259 g&ouml;r\u0259 maliyy\u0259 sanksiyalar\u0131n\u0131n t\u0259tbiqi, bir s\u0131ra sah\u0259l\u0259rd\u0259 vergi n\u0259zar\u0259ti mexanizml\u0259rinin t\u0259kmill\u0259\u015fdirilm\u0259si il\u0259 ba\u011fl\u0131d\u0131r.<\/span><\/p>\n<p style=\"margin-top: 0cm; margin-right: 0cm; margin-bottom: 0.0001pt; text-align: justify; text-indent: 1cm;\"><span style=\"color: #000000; font-size: 12pt; font-family: 'times new roman', times;\">Sonra seminar\u0131n gedi\u015find\u0259 &ldquo;\u0130qtisadiyyat&rdquo; kafedras\u0131n\u0131n ba\u015f m&uuml;\u0259llimi Arif Ta\u011f\u0131yev, dosent Emiliya H&uuml;seynova, &ldquo;Humanitar f\u0259nnl\u0259r&rdquo; kafedras\u0131n\u0131n m&uuml;diri, dosent Esmira C\u0259f\u0259rova, &ldquo;\u0130qtisadiyyat v\u0259 idar\u0259etm\u0259&rdquo; fak&uuml;lt\u0259sinin dekan\u0131, dosent N&uuml;\u015fab\u0259 Q\u0259dimli, &ldquo;\u0130qtisadiyyat&rdquo; kafedras\u0131n\u0131n ba\u015f m&uuml;\u0259llimi G&uuml;n\u0259\u015f \u015e\u0259faq\u0259tov, i.f.d. Ruhiyy\u0259 H&uuml;seynova m\u0259ruz\u0259l\u0259r \u0259traf\u0131nda m&uuml;zakir\u0259l\u0259r apar\u0131blar.&nbsp;&nbsp; <\/span><\/p>\n<p style=\"margin-top: 0cm; margin-right: 0cm; margin-bottom: 0.0001pt; text-align: justify; text-indent: 1cm;\"><span style=\"font-size: 12pt; color: #000000;\"><span style=\"background: white; font-family: 'times new roman', times;\">Sonda &ccedil;\u0131x\u0131\u015f ed\u0259n rektor Akif Hac\u0131yev m&uuml;zakir\u0259l\u0259rd\u0259n raz\u0131 qald\u0131\u011f\u0131n\u0131 v\u0259 t\u0259klifl\u0259ri bir daha t\u0259hlil v\u0259 m&uuml;zakir\u0259 ed\u0259r\u0259k m&uuml;vafiq icra orqanlar\u0131na g&ouml;nd\u0259rilm\u0259sini t\u0259klif edib.&nbsp;<\/span><span style=\"color: black;\"> <\/span><\/span><\/p>\n<p>{phocagallery view=category|categoryid=150|limitstart=0|limitcount=0}<\/p>","protected":false},"excerpt":{"rendered":"<p>MDU-da &ldquo;S\u0259nayenin t\u0259\u015fkili v\u0259 idar\u0259etm\u0259&rdquo; kafedras\u0131n\u0131n t\u0259\u015fkilati d\u0259st\u0259yi il\u0259 elmi seminar ke&ccedil;irilib 13 may 2019-cu il tarixd\u0259 Ming\u0259&ccedil;evir D&ouml;vl\u0259t Universitetind\u0259 &ldquo;S\u0259nayenin t\u0259\u015fkili v\u0259 idar\u0259etm\u0259&rdquo; kafedras\u0131n\u0131n t\u0259\u015fkilati d\u0259st\u0259yi il\u0259 &ldquo;Milli iqtisadiyyat v\u0259 iqtisadiyyat\u0131n \u0259sas sektorlar\u0131 &uuml;zr\u0259 strateji yol x\u0259rit\u0259l\u0259rind\u0259n ir\u0259li g\u0259l\u0259n v\u0259zif\u0259l\u0259rin yerin\u0259 yetirilm\u0259si v\u0259ziyy\u0259ti haqq\u0131nda&rdquo; m&ouml;vzusunda elmi seminar ke&ccedil;irilib. Seminar\u0131 giri\u015f s&ouml;z&uuml; il\u0259 &ldquo;S\u0259nayenin t\u0259\u015fkili [&hellip;]<\/p>\n","protected":false},"author":1,"featured_media":0,"comment_status":"open","ping_status":"open","sticky":false,"template":"","format":"standard","meta":{"_eb_attr":"","ocean_post_layout":"","ocean_both_sidebars_style":"","ocean_both_sidebars_content_width":0,"ocean_both_sidebars_sidebars_width":0,"ocean_sidebar":"","ocean_second_sidebar":"","ocean_disable_margins":"enable","ocean_add_body_class":"","ocean_shortcode_before_top_bar":"","ocean_shortcode_after_top_bar":"","ocean_shortcode_before_header":"","ocean_shortcode_after_header":"","ocean_has_shortcode":"","ocean_shortcode_after_title":"","ocean_shortcode_before_footer_widgets":"","ocean_shortcode_after_footer_widgets":"","ocean_shortcode_before_footer_bottom":"","ocean_shortcode_after_footer_bottom":"","ocean_display_top_bar":"default","ocean_display_header":"default","ocean_header_style":"","ocean_center_header_left_menu":"","ocean_custom_header_template":"","ocean_custom_logo":0,"ocean_custom_retina_logo":0,"ocean_custom_logo_max_width":0,"ocean_custom_logo_tablet_max_width":0,"ocean_custom_logo_mobile_max_width":0,"ocean_custom_logo_max_height":0,"ocean_custom_logo_tablet_max_height":0,"ocean_custom_logo_mobile_max_height":0,"ocean_header_custom_menu":"","ocean_menu_typo_font_family":"","ocean_menu_typo_font_subset":"","ocean_menu_typo_font_size":0,"ocean_menu_typo_font_size_tablet":0,"ocean_menu_typo_font_size_mobile":0,"ocean_menu_typo_font_size_unit":"px","ocean_menu_typo_font_weight":"","ocean_menu_typo_font_weight_tablet":"","ocean_menu_typo_font_weight_mobile":"","ocean_menu_typo_transform":"","ocean_menu_typo_transform_tablet":"","ocean_menu_typo_transform_mobile":"","ocean_menu_typo_line_height":0,"ocean_menu_typo_line_height_tablet":0,"ocean_menu_typo_line_height_mobile":0,"ocean_menu_typo_line_height_unit":"","ocean_menu_typo_spacing":0,"ocean_menu_typo_spacing_tablet":0,"ocean_menu_typo_spacing_mobile":0,"ocean_menu_typo_spacing_unit":"","ocean_menu_link_color":"","ocean_menu_link_color_hover":"","ocean_menu_link_color_active":"","ocean_menu_link_background":"","ocean_menu_link_hover_background":"","ocean_menu_link_active_background":"","ocean_menu_social_links_bg":"","ocean_menu_social_hover_links_bg":"","ocean_menu_social_links_color":"","ocean_menu_social_hover_links_color":"","ocean_disable_title":"default","ocean_disable_heading":"default","ocean_post_title":"","ocean_post_subheading":"","ocean_post_title_style":"","ocean_post_title_background_color":"","ocean_post_title_background":0,"ocean_post_title_bg_image_position":"","ocean_post_title_bg_image_attachment":"","ocean_post_title_bg_image_repeat":"","ocean_post_title_bg_image_size":"","ocean_post_title_height":0,"ocean_post_title_bg_overlay":0.5,"ocean_post_title_bg_overlay_color":"","ocean_disable_breadcrumbs":"default","ocean_breadcrumbs_color":"","ocean_breadcrumbs_separator_color":"","ocean_breadcrumbs_links_color":"","ocean_breadcrumbs_links_hover_color":"","ocean_display_footer_widgets":"default","ocean_display_footer_bottom":"default","ocean_custom_footer_template":"","ocean_post_oembed":"","ocean_post_self_hosted_media":"","ocean_post_video_embed":"","ocean_link_format":"","ocean_link_format_target":"self","ocean_quote_format":"","ocean_quote_format_link":"post","ocean_gallery_link_images":"on","ocean_gallery_id":[],"footnotes":""},"categories":[63],"tags":[],"class_list":["post-14916","post","type-post","status-publish","format-standard","hentry","category-khaebaerlaer-az","entry"],"_links":{"self":[{"href":"https:\/\/mdu.edu.az\/en\/wp-json\/wp\/v2\/posts\/14916","targetHints":{"allow":["GET"]}}],"collection":[{"href":"https:\/\/mdu.edu.az\/en\/wp-json\/wp\/v2\/posts"}],"about":[{"href":"https:\/\/mdu.edu.az\/en\/wp-json\/wp\/v2\/types\/post"}],"author":[{"embeddable":true,"href":"https:\/\/mdu.edu.az\/en\/wp-json\/wp\/v2\/users\/1"}],"replies":[{"embeddable":true,"href":"https:\/\/mdu.edu.az\/en\/wp-json\/wp\/v2\/comments?post=14916"}],"version-history":[{"count":0,"href":"https:\/\/mdu.edu.az\/en\/wp-json\/wp\/v2\/posts\/14916\/revisions"}],"wp:attachment":[{"href":"https:\/\/mdu.edu.az\/en\/wp-json\/wp\/v2\/media?parent=14916"}],"wp:term":[{"taxonomy":"category","embeddable":true,"href":"https:\/\/mdu.edu.az\/en\/wp-json\/wp\/v2\/categories?post=14916"},{"taxonomy":"post_tag","embeddable":true,"href":"https:\/\/mdu.edu.az\/en\/wp-json\/wp\/v2\/tags?post=14916"}],"curies":[{"name":"wp","href":"https:\/\/api.w.org\/{rel}","templated":true}]}}