{"id":14929,"date":"2019-06-12T15:20:33","date_gmt":"2019-06-12T12:20:33","guid":{"rendered":"https:\/\/mdu.edu.az\/mdu-da-pedazhozhi-fak-lt-d-insan-h-zhuzhlar-ayl-r-iv-sind-t-dbir-ke-irilib\/"},"modified":"2019-06-12T15:20:33","modified_gmt":"2019-06-12T12:20:33","slug":"mdu-da-pedazhozhi-fak-lt-d-insan-h-zhuzhlar-ayl-r-iv-sind-t-dbir-ke-irilib","status":"publish","type":"post","link":"https:\/\/mdu.edu.az\/en\/mdu-da-pedazhozhi-fak-lt-d-insan-h-zhuzhlar-ayl-r-iv-sind-t-dbir-ke-irilib\/","title":{"rendered":"MDU-da \u201cPedaqoji\u201d fak\u00fclt\u0259d\u0259 insan h\u00fcquqlar\u0131 ayl\u0131\u011f\u0131 \u00e7\u0259r\u00e7iv\u0259sind\u0259 t\u0259dbir ke\u00e7irilib"},"content":{"rendered":"<p style=\"margin-bottom: 0.0001pt; text-align: center;\"><span style=\"font-family: 'times new roman', times; color: #0000ff; font-size: 14pt;\"><b><span style=\"line-height: 115%; font-family: 'Times New Roman', serif; color: blue;\">MDU-da <\/span><\/b><b><span style=\"line-height: 115%; font-family: 'Times New Roman', serif; color: blue;\">&ldquo;Pedaqoji&rdquo; fak&uuml;lt\u0259d\u0259 <\/span><\/b><b><span style=\"line-height: 115%; font-family: 'Times New Roman', serif; color: blue;\">insan h&uuml;quqlar\u0131 ayl\u0131\u011f\u0131 &ccedil;\u0259r&ccedil;iv\u0259sind\u0259 t\u0259dbir ke&ccedil;irilib<\/span><\/b><\/span><\/p>\n<\/p>\n<p style=\"margin-bottom: 0.0001pt; text-align: justify; text-indent: 1cm; line-height: normal;\"><span style=\"font-size: 12pt; font-family: 'times new roman', times; color: #000000;\">Ming\u0259&ccedil;evir D&ouml;vl\u0259t Universitetind\u0259 insan h&uuml;quqlar\u0131 ayl\u0131\u011f\u0131 &ccedil;\u0259r&ccedil;iv\u0259sind\u0259 Pedaqoji fak&uuml;lt\u0259d\u0259 t\u0259dbir ke&ccedil;irilib. T\u0259dbiri giri\u015f s&ouml;z&uuml; il\u0259 fak&uuml;lt\u0259 dekan\u0131, dosent Nizami Zeynalov a&ccedil;\u0131b. Rektor Akif Hac\u0131yevin salamlar\u0131n\u0131 t\u0259dbir i\u015ftirak&ccedil;\u0131lar\u0131na &ccedil;atd\u0131ran Nizami Zeynalov t\u0259dbirin m\u0259ram\u0131 bar\u0259d\u0259 m\u0259lumat verib. Qeyd edib ki, <span style=\"color: black; background: white;\">Az\u0259rbaycan Prezidenti \u0130lham \u018fliyevin 18 iyun 2007-ci il tarixli s\u0259r\u0259ncam\u0131 il\u0259 h\u0259r il iyunun 18-i &ouml;lk\u0259mizd\u0259 \u0130nsan H&uuml;quqlar\u0131 G&uuml;n&uuml; kimi qeyd olunur. H\u0259min s\u0259r\u0259ncam\u0131n imzalanmas\u0131ndan art\u0131q 12 il ke&ccedil;ir. Az\u0259rbaycan Respublikas\u0131n\u0131n \u0130nsan H&uuml;quqlar\u0131 uzr\u0259 m&uuml;v\u0259kkili Elmira S&uuml;leymanovan\u0131n t\u0259\u015f\u0259bb&uuml;s&uuml; il\u0259 \u0259n\u0259n\u0259vi olaraq may\u0131n 18-d\u0259n iyunun 18-d\u0259k respublikam\u0131zda \u0130nsan h&uuml;quqlar\u0131 ayl\u0131\u011f\u0131 ke&ccedil;irilir. Ayl\u0131\u011f\u0131n m\u0259qs\u0259di insan h&uuml;quqlar\u0131 sah\u0259sind\u0259 &ouml;t\u0259n d&ouml;vrd\u0259 \u0259ld\u0259 edilmi\u015f nailiyy\u0259tl\u0259ri, habel\u0259 m&ouml;vcud probleml\u0259rin h\u0259lli yollar\u0131n\u0131 m&uuml;\u0259yy\u0259nl\u0259\u015fdirm\u0259kdir.<\/span><\/span><\/p>\n<p style=\"margin-bottom: 0.0001pt; text-align: justify; text-indent: 1cm; line-height: normal;\"><span style=\"font-size: 12pt; font-family: 'times new roman', times; color: #000000;\"><span style=\"font-size: 12pt; font-family: 'Times New Roman', serif; color: black; background: white;\">Sonra <\/span><span style=\"font-size: 12pt; font-family: 'Times New Roman', serif;\">Ming\u0259&ccedil;evir D&ouml;vl\u0259t Universitetinin h&uuml;quq\u015f&uuml;nas\u0131 <\/span><span style=\"font-size: 12pt; font-family: 'Times New Roman', serif;\">\u018flios\u0259t<\/span><span style=\"font-size: 12pt; font-family: 'Times New Roman', serif; color: black; background: white;\"> <\/span><span style=\"font-size: 12pt; font-family: 'Times New Roman', serif;\">Ramazanov &ccedil;\u0131x\u0131\u015f edib. Bildirib ki, h<span style=\"color: black; background: white;\">&uuml;quqi, demokratik v\u0259 v\u0259t\u0259nda\u015f c\u0259miyy\u0259tli d&ouml;vl\u0259t quruculu\u011funda inaml\u0131 v\u0259 q\u0259tiyy\u0259tli add\u0131mlar\u0131n\u0131 atan m&uuml;st\u0259qil Az\u0259rbaycan Respublikas\u0131 18 oktyabr 1991-ci ild\u0259 q\u0259bul etdiyi &ldquo;Az\u0259rbaycan Respublikas\u0131n\u0131n d&ouml;vl\u0259t m&uuml;st\u0259qilliyi haqq\u0131nda Konstitusiya Akt\u0131&rdquo;ndan ir\u0259li g\u0259l\u0259n m&uuml;dd\u0259alar 1995-ci ild\u0259 &uuml;mummilli liderimiz Heyd\u0259r \u018fliyevin r\u0259hb\u0259rliyil\u0259 q\u0259bul olunmu\u015f, insan h&uuml;quqlar\u0131n\u0131n v\u0259 azadl\u0131qlar\u0131n\u0131n t\u0259min edilm\u0259sini d&ouml;vl\u0259tin ali m\u0259qs\u0259di kimi b\u0259yan ed\u0259n ilk milli Konstitusiyam\u0131z\u0131n da ba\u015fl\u0131ca qay\u0259sini t\u0259\u015fkil etdi.<\/span><\/span><\/span><\/p>\n<p style=\"margin-bottom: 0.0001pt; text-align: justify; text-indent: 1cm; line-height: normal;\"><span style=\"font-size: 12pt; font-family: 'times new roman', times; color: #000000;\">\u018flios\u0259t<span style=\"color: black; background: white;\"> <\/span>Ramazanov qeyd edib ki, <span style=\"color: black; background: white;\">Konstitusiyan\u0131n q\u0259bul olunmas\u0131 siyasi sistemin m&uuml;asirl\u0259\u015fdirilm\u0259si v\u0259 demokratik institutlar\u0131n formala\u015fd\u0131r\u0131lmas\u0131 &uuml;&ccedil;&uuml;n z\u0259min yaratd\u0131. M&uuml;xt\u0259lif ill\u0259rd\u0259 referendum yolu il\u0259 Konstitusiyaya bir s\u0131ra m&uuml;h&uuml;m \u0259lav\u0259 v\u0259 d\u0259yi\u015fiklikl\u0259rin edilm\u0259si insan v\u0259 v\u0259t\u0259nda\u015f h&uuml;quqlar\u0131n\u0131n v\u0259 azadl\u0131qlar\u0131n\u0131n qorunmas\u0131na, v\u0259t\u0259nda\u015flar\u0131n h\u0259yat s\u0259viyy\u0259sinin t\u0259min edilm\u0259sin\u0259, demokratiyan\u0131n geni\u015fl\u0259nm\u0259sin\u0259 v\u0259 inki\u015faf\u0131na y&ouml;n\u0259lmi\u015fdir.<\/span><\/span><\/p>\n<p style=\"margin-bottom: 0.0001pt; text-align: justify; text-indent: 1cm; line-height: normal;\"><span style=\"font-size: 12pt; font-family: 'times new roman', times; color: #000000;\"><span style=\"font-size: 12pt; font-family: 'Times New Roman', serif; color: black; background: white;\">Yeni Konstitusiyam\u0131z\u0131n &uuml;&ccedil;d\u0259bir hiss\u0259si insan h&uuml;quq v\u0259 azadl\u0131qlar\u0131na, onlar\u0131n t\u0259minat\u0131na h\u0259sr edilib.<\/span><span style=\"font-size: 12pt; font-family: 'Times New Roman', serif;\"> <\/span><\/span><\/p>\n<p style=\"margin-bottom: 0.0001pt; text-align: justify; text-indent: 1cm; line-height: normal;\"><span style=\"font-size: 12pt; font-family: 'times new roman', times; color: #000000;\">\u018flios\u0259t<span style=\"color: black; background: white;\"> <\/span>Ramazanov bildirib ki, <span style=\"color: black; background: white;\">Konstitusiyam\u0131z\u0131n 26-c\u0131 madd\u0259sin\u0259 \u0259sas\u0259n, h\u0259r k\u0259sin qanunla qada\u011fan olunmayan &uuml;sul v\u0259 vasit\u0259l\u0259rl\u0259 &ouml;z h&uuml;quq v\u0259 azadl\u0131qlar\u0131n\u0131 m&uuml;dafi\u0259 etm\u0259k h&uuml;ququ vard\u0131r.<\/span><\/span><\/p>\n<p style=\"margin-bottom: 0.0001pt; text-align: justify; text-indent: 1cm; line-height: normal;\"><span style=\"color: #000000; background: white; font-size: 12pt; font-family: 'times new roman', times;\">D&ouml;vl\u0259t h\u0259r k\u0259sin h&uuml;quq v\u0259 azadl\u0131qlar\u0131n\u0131n m&uuml;dafi\u0259sin\u0259 t\u0259minat verir. \u0130stinas\u0131z olaraq hakimiyy\u0259tin b&uuml;t&uuml;n qollar\u0131na \u015famil edil\u0259n bu &ouml;hd\u0259lik insan v\u0259 v\u0259t\u0259nda\u015f h&uuml;quq v\u0259 azadl\u0131qlar\u0131na h&ouml;rm\u0259t etm\u0259k, onlar\u0131 m&uuml;dafi\u0259 etm\u0259k, d\u0259st\u0259kl\u0259m\u0259k, el\u0259c\u0259 d\u0259 h\u0259yata ke&ccedil;irm\u0259k v\u0259zif\u0259l\u0259rini ehtiva edir.<\/span><\/p>\n<p style=\"margin-bottom: 0.0001pt; text-align: justify; text-indent: 1cm; line-height: normal;\"><span style=\"color: #000000; background: white; font-size: 12pt; font-family: 'times new roman', times;\">Az\u0259rbaycan Respublikas\u0131n\u0131n insan h&uuml;quqlar\u0131 haqq\u0131nda beyn\u0259lxalq sazi\u015fl\u0259r\u0259 qo\u015fulmas\u0131, bu sah\u0259d\u0259 elmi-t\u0259dqiqat institutunun yarad\u0131lmas\u0131, normativ-h&uuml;quqi aktlar\u0131n\u0131n insan h&uuml;quqlar\u0131na dair beyn\u0259lxalq standartlara tam uy\u011funlu\u011funun t\u0259min edilm\u0259si, h&uuml;quqi mexanizml\u0259rin t\u0259kmill\u0259\u015fdirilm\u0259si, insan h&uuml;quqlar\u0131 sah\u0259sind\u0259 f\u0259aliyy\u0259t g&ouml;st\u0259r\u0259n qurumlarla \u0259m\u0259kda\u015fl\u0131\u011f\u0131n daha da inki\u015faf etdirilm\u0259si, bu sah\u0259d\u0259 f\u0259aliyy\u0259t g&ouml;st\u0259r\u0259n beyn\u0259lxalq institut v\u0259 m\u0259rk\u0259zl\u0259rd\u0259 t\u0259dqiqat v\u0259 t\u0259hsil probleml\u0259ri &uuml;zr\u0259 m&uuml;t\u0259x\u0259ssisl\u0259rin haz\u0131rlanmas\u0131, insan h&uuml;quqlar\u0131 haqq\u0131nda &ouml;hd\u0259likl\u0259r\u0259 riay\u0259t edilm\u0259si v\u0259 dig\u0259r m\u0259s\u0259l\u0259l\u0259r &ouml;lk\u0259mizd\u0259 insan h&uuml;quqlar\u0131na veril\u0259n d\u0259y\u0259rin \u0259sas g&ouml;st\u0259ricisidir.<\/span><\/p>\n<p style=\"margin-bottom: 0.0001pt; text-align: justify; text-indent: 1cm; line-height: normal;\"><span style=\"font-size: 12pt; font-family: 'times new roman', times; color: #000000;\">\u018flios\u0259t<span style=\"color: black; background: white;\"> <\/span>Ramazanov qeyd edib ki, <span style=\"color: black; background: white;\">Yeni \u0259srin ilk ill\u0259rind\u0259n Az\u0259rbaycan d&ouml;vl\u0259ti t\u0259r\u0259find\u0259n insan h&uuml;quqlar\u0131n\u0131n qorunmas\u0131, h&uuml;quq v\u0259 azadl\u0131qlar\u0131n\u0131n t\u0259min olunmas\u0131 sah\u0259sind\u0259 ard\u0131c\u0131l t\u0259dbirl\u0259r h\u0259yata ke&ccedil;irildi. Avropa \u015euras\u0131na &uuml;zv q\u0259bul olunduqdan sonra Az\u0259rbaycan &ldquo;\u0130nsan h&uuml;quqlar\u0131n\u0131n m&uuml;dafi\u0259si haqq\u0131nda Avropa Konvensiyas\u0131na&rdquo; qo\u015fuldu. Bu zaman o, &ouml;z &uuml;z\u0259rin\u0259 milli qanunvericiliyin beyn\u0259lxalq Avropa standartlar\u0131na uy\u011fun t\u0259kmill\u0259\u015fdirilm\u0259si &ouml;hd\u0259liyini g&ouml;t&uuml;rd&uuml;. Bu istiqam\u0259td\u0259 at\u0131lan add\u0131mlardan \u0259n m&uuml;h&uuml;m&uuml; Ombudsman t\u0259sisat\u0131n\u0131n yarad\u0131lmas\u0131 idi. 2001-ci il dekabr\u0131n 28-d\u0259 Milli M\u0259clis t\u0259r\u0259find\u0259n &ldquo;Az\u0259rbaycan Respublikas\u0131n\u0131n \u0130nsan H&uuml;quqlar\u0131 &uuml;zr\u0259 M&uuml;v\u0259kkili haqq\u0131nda&rdquo; Az\u0259rbaycan Respublikas\u0131n\u0131n Konstitusiya qanunu q\u0259bul olundu.<\/span><\/span><\/p>\n<p style=\"margin-bottom: 0.0001pt; text-align: justify; text-indent: 1cm; line-height: normal;\"><span style=\"font-size: 12pt; font-family: 'times new roman', times; color: #000000;\">\u018flios\u0259t<span style=\"color: black; background: white;\"> <\/span>Ramazanov qeyd edib ki, <span style=\"color: black; background: white;\">M\u0259lum oldu\u011fu kimi, demokratik, h&uuml;quqi d&ouml;vl\u0259tin, qanunun aliliyi, insan h&uuml;quqlar\u0131 v\u0259 sosial \u0259dal\u0259t kimi fundamental \u0259saslar\u0131n\u0131n m&ouml;hk\u0259ml\u0259ndirilm\u0259si m\u0259qs\u0259dil\u0259 Az\u0259rbaycan Respublikas\u0131n\u0131n Prezidenti \u0130lham \u018fliyev t\u0259r\u0259find\u0259n 27 dekabr 2011-ci il tarixd\u0259 &ldquo;Az\u0259rbaycan Respublikas\u0131nda insan h&uuml;quq v\u0259 azadl\u0131qlar\u0131n\u0131n m&uuml;dafi\u0259sinin s\u0259m\u0259r\u0259liliyini art\u0131rmaq sah\u0259sind\u0259 Milli F\u0259aliyy\u0259t Proqram\u0131&rdquo; q\u0259bul olunub. \u0130nsan h&uuml;quqlar\u0131 ayl\u0131\u011f\u0131 &ccedil;\u0259r&ccedil;iv\u0259sind\u0259 &ldquo;Milli F\u0259aliyy\u0259t Proqram\u0131&rdquo;n\u0131n m&uuml;dd\u0259alar\u0131na \u0259saslanmaqla, &ouml;lk\u0259mizin b&uuml;t&uuml;n regionlar\u0131nda d&ouml;vl\u0259t qurumlar\u0131, QHT v\u0259 K\u0130V-l\u0259r, beyn\u0259lxalq t\u0259\u015fkilatlar, icmalar t\u0259r\u0259find\u0259n insan h&uuml;quqlar\u0131n\u0131n effektiv m&uuml;dafi\u0259sin\u0259 yeni m\u0259rh\u0259l\u0259 a&ccedil;an, \u0259halinin m&uuml;xt\u0259lif qruplar\u0131n\u0131 \u0259hat\u0259 etm\u0259kl\u0259 insan h&uuml;quqlar\u0131n\u0131 t\u0259bli\u011f ed\u0259n m&ouml;vzularda m&uuml;xt\u0259lif maarifl\u0259ndirm\u0259 t\u0259dbirl\u0259ri v\u0259 m&uuml;zakir\u0259l\u0259r t\u0259\u015fkil olunur.<\/span><\/span><\/p>\n<p style=\"margin-bottom: 0.0001pt; text-align: justify; text-indent: 1cm; line-height: normal;\"><span style=\"font-size: 12pt; font-family: 'times new roman', times; color: #000000;\">\u018flios\u0259t<span style=\"color: black; background: white;\"> <\/span>Ramazanov bildirib ki, <span style=\"color: black; background: white;\">Milli F\u0259aliyy\u0259t Proqram\u0131nda \u0259halinin m&uuml;xt\u0259lif, o c&uuml;ml\u0259d\u0259n h\u0259ssas qruplar\u0131na aid olan \u015f\u0259xsl\u0259rin &#8211; qa&ccedil;q\u0131n v\u0259 m\u0259cburi k&ouml;&ccedil;k&uuml;nl\u0259r, m\u0259hkumlar, h\u0259rbi qulluq&ccedil;ular, qad\u0131nlar, u\u015faqlar, ah\u0131llar, \u0259lill\u0259r v\u0259 ba\u015fqalar\u0131n\u0131n h&uuml;quqlar\u0131n\u0131n t\u0259min edilm\u0259sind\u0259 s\u0259m\u0259r\u0259liliyin art\u0131r\u0131lmas\u0131 m\u0259qs\u0259dil\u0259 f\u0259aliyy\u0259t istiqam\u0259tl\u0259ri m&uuml;\u0259yy\u0259n olunur. V\u0259 bu bax\u0131mdan yoxsullu\u011fun azald\u0131lmas\u0131, m\u0259\u015f\u011fullu\u011fun t\u0259min olunmas\u0131, qa&ccedil;q\u0131nlar\u0131n v\u0259 m\u0259cburi k&ouml;&ccedil;k&uuml;nl\u0259rin ya\u015fay\u0131\u015f \u015f\u0259raitinin yax\u015f\u0131la\u015fd\u0131r\u0131lmas\u0131, ah\u0131l v\u0259t\u0259nda\u015flar\u0131n sosial m&uuml;dafi\u0259sinin g&uuml;cl\u0259ndirilm\u0259si v\u0259 dig\u0259r sah\u0259l\u0259rd\u0259 art\u0131q q\u0259bul olunmu\u015f m&uuml;vafiq x&uuml;susi d&ouml;vl\u0259t proqramlar\u0131n\u0131n icras\u0131na &ldquo;Milli F\u0259aliyy\u0259t Proqram\u0131&rdquo; kontekstind\u0259n yana\u015f\u0131lmal\u0131d\u0131r.<\/span><\/span><\/p>\n<p style=\"margin-bottom: 0.0001pt; text-align: justify; text-indent: 1cm; line-height: normal;\"><span style=\"font-size: 12pt; font-family: 'times new roman', times; color: #000000;\">\u018flios\u0259t<span style=\"color: black; background: white;\"> <\/span>Ramazanov qeyd edib ki, <span style=\"color: black; background: white;\">Dan\u0131lmaz h\u0259qiq\u0259tdir ki, d&ouml;vl\u0259t orqanlar\u0131n\u0131n s\u0259m\u0259r\u0259li f\u0259aliyy\u0259ti, qar\u015f\u0131da duran v\u0259zif\u0259l\u0259rin v\u0259 funksiyalar\u0131n u\u011furla yerin\u0259 yetirilm\u0259si, ilk n&ouml;vb\u0259d\u0259 y&uuml;ks\u0259k ixtisasl\u0131, m&uuml;asir d&uuml;nyag&ouml;r&uuml;\u015f&uuml;n\u0259 malik, \u0259dal\u0259tli, prinsipial v\u0259 bacar\u0131ql\u0131 kadrlar\u0131n say\u0259sind\u0259 m&uuml;mk&uuml;nd&uuml;r. D&ouml;vl\u0259t m\u0259murlar\u0131 insan h&uuml;quqlar\u0131n\u0131n s\u0259m\u0259r\u0259li v\u0259 etibarl\u0131 t\u0259min olunmas\u0131 kimi &uuml;mumd&ouml;vl\u0259t maraqlar\u0131n\u0131 r\u0259hb\u0259r tutma\u011fa borcludurlar.<\/span><\/span><\/p>\n<p style=\"margin-bottom: 0.0001pt; text-align: justify; text-indent: 1cm; line-height: normal;\"><span style=\"color: #000000; background: white; font-size: 12pt; font-family: 'times new roman', times;\">Sonda fak&uuml;lt\u0259 dekan\u0131 Nizami Zeynalov, kafedra m&uuml;diri, dosent Sahib Mustafayev, dosent Mehman R\u0259sulov, dosent Q\u0259hr\u0259man K\u0259l\u0259\u015fov &ccedil;\u0131x\u0131\u015f edibl\u0259r. Natiql\u0259r bildiribl\u0259r ki, tam \u0259sasla vur\u011fulaya bil\u0259rik ki, &ldquo;Az\u0259rbaycan Respublikas\u0131nda insan h&uuml;quq v\u0259 azadl\u0131qlar\u0131n\u0131n m&uuml;dafi\u0259sinin s\u0259m\u0259r\u0259liliyini art\u0131rmaq sah\u0259sind\u0259 Milli F\u0259aliyy\u0259t Proqram\u0131&rdquo; Ulu &Ouml;nd\u0259rimiz t\u0259r\u0259find\u0259n t\u0259m\u0259li qoyulmu\u015f insan h&uuml;quqlar\u0131 sah\u0259sind\u0259 strategiyan\u0131n m\u0259ntiqi davam\u0131 v\u0259 d&ouml;vl\u0259tin n&ouml;vb\u0259ti siyasi irad\u0259si olmaqla, insan v\u0259 v\u0259t\u0259nda\u015f h&uuml;quqlar\u0131n\u0131n h\u0259rt\u0259r\u0259fli h\u0259yata ke&ccedil;irilm\u0259sin\u0259, onlar\u0131n icra mexanizml\u0259rinin t\u0259kmill\u0259\u015fdirilm\u0259sin\u0259 z\u0259man\u0259t verir.<\/span><\/p>\n<p>{phocagallery view=category|categoryid=157|limitstart=0|limitcount=0}<\/p>\n<p style=\"margin-bottom: 0.0001pt; text-align: justify; text-indent: 1cm;\"><span style=\"line-height: 115%; font-size: 12pt; font-family: 'times new roman', times; color: #000000;\"><\/span><\/p>","protected":false},"excerpt":{"rendered":"<p>MDU-da &ldquo;Pedaqoji&rdquo; fak&uuml;lt\u0259d\u0259 insan h&uuml;quqlar\u0131 ayl\u0131\u011f\u0131 &ccedil;\u0259r&ccedil;iv\u0259sind\u0259 t\u0259dbir ke&ccedil;irilib Ming\u0259&ccedil;evir D&ouml;vl\u0259t Universitetind\u0259 insan h&uuml;quqlar\u0131 ayl\u0131\u011f\u0131 &ccedil;\u0259r&ccedil;iv\u0259sind\u0259 Pedaqoji fak&uuml;lt\u0259d\u0259 t\u0259dbir ke&ccedil;irilib. T\u0259dbiri giri\u015f s&ouml;z&uuml; il\u0259 fak&uuml;lt\u0259 dekan\u0131, dosent Nizami Zeynalov a&ccedil;\u0131b. Rektor Akif Hac\u0131yevin salamlar\u0131n\u0131 t\u0259dbir i\u015ftirak&ccedil;\u0131lar\u0131na &ccedil;atd\u0131ran Nizami Zeynalov t\u0259dbirin m\u0259ram\u0131 bar\u0259d\u0259 m\u0259lumat verib. Qeyd edib ki, Az\u0259rbaycan Prezidenti \u0130lham \u018fliyevin 18 iyun 2007-ci il [&hellip;]<\/p>\n","protected":false},"author":1,"featured_media":0,"comment_status":"open","ping_status":"open","sticky":false,"template":"","format":"standard","meta":{"_eb_attr":"","ocean_post_layout":"","ocean_both_sidebars_style":"","ocean_both_sidebars_content_width":0,"ocean_both_sidebars_sidebars_width":0,"ocean_sidebar":"","ocean_second_sidebar":"","ocean_disable_margins":"enable","ocean_add_body_class":"","ocean_shortcode_before_top_bar":"","ocean_shortcode_after_top_bar":"","ocean_shortcode_before_header":"","ocean_shortcode_after_header":"","ocean_has_shortcode":"","ocean_shortcode_after_title":"","ocean_shortcode_before_footer_widgets":"","ocean_shortcode_after_footer_widgets":"","ocean_shortcode_before_footer_bottom":"","ocean_shortcode_after_footer_bottom":"","ocean_display_top_bar":"default","ocean_display_header":"default","ocean_header_style":"","ocean_center_header_left_menu":"","ocean_custom_header_template":"","ocean_custom_logo":0,"ocean_custom_retina_logo":0,"ocean_custom_logo_max_width":0,"ocean_custom_logo_tablet_max_width":0,"ocean_custom_logo_mobile_max_width":0,"ocean_custom_logo_max_height":0,"ocean_custom_logo_tablet_max_height":0,"ocean_custom_logo_mobile_max_height":0,"ocean_header_custom_menu":"","ocean_menu_typo_font_family":"","ocean_menu_typo_font_subset":"","ocean_menu_typo_font_size":0,"ocean_menu_typo_font_size_tablet":0,"ocean_menu_typo_font_size_mobile":0,"ocean_menu_typo_font_size_unit":"px","ocean_menu_typo_font_weight":"","ocean_menu_typo_font_weight_tablet":"","ocean_menu_typo_font_weight_mobile":"","ocean_menu_typo_transform":"","ocean_menu_typo_transform_tablet":"","ocean_menu_typo_transform_mobile":"","ocean_menu_typo_line_height":0,"ocean_menu_typo_line_height_tablet":0,"ocean_menu_typo_line_height_mobile":0,"ocean_menu_typo_line_height_unit":"","ocean_menu_typo_spacing":0,"ocean_menu_typo_spacing_tablet":0,"ocean_menu_typo_spacing_mobile":0,"ocean_menu_typo_spacing_unit":"","ocean_menu_link_color":"","ocean_menu_link_color_hover":"","ocean_menu_link_color_active":"","ocean_menu_link_background":"","ocean_menu_link_hover_background":"","ocean_menu_link_active_background":"","ocean_menu_social_links_bg":"","ocean_menu_social_hover_links_bg":"","ocean_menu_social_links_color":"","ocean_menu_social_hover_links_color":"","ocean_disable_title":"default","ocean_disable_heading":"default","ocean_post_title":"","ocean_post_subheading":"","ocean_post_title_style":"","ocean_post_title_background_color":"","ocean_post_title_background":0,"ocean_post_title_bg_image_position":"","ocean_post_title_bg_image_attachment":"","ocean_post_title_bg_image_repeat":"","ocean_post_title_bg_image_size":"","ocean_post_title_height":0,"ocean_post_title_bg_overlay":0.5,"ocean_post_title_bg_overlay_color":"","ocean_disable_breadcrumbs":"default","ocean_breadcrumbs_color":"","ocean_breadcrumbs_separator_color":"","ocean_breadcrumbs_links_color":"","ocean_breadcrumbs_links_hover_color":"","ocean_display_footer_widgets":"default","ocean_display_footer_bottom":"default","ocean_custom_footer_template":"","ocean_post_oembed":"","ocean_post_self_hosted_media":"","ocean_post_video_embed":"","ocean_link_format":"","ocean_link_format_target":"self","ocean_quote_format":"","ocean_quote_format_link":"post","ocean_gallery_link_images":"on","ocean_gallery_id":[],"footnotes":""},"categories":[63],"tags":[],"class_list":["post-14929","post","type-post","status-publish","format-standard","hentry","category-khaebaerlaer-az","entry"],"_links":{"self":[{"href":"https:\/\/mdu.edu.az\/en\/wp-json\/wp\/v2\/posts\/14929","targetHints":{"allow":["GET"]}}],"collection":[{"href":"https:\/\/mdu.edu.az\/en\/wp-json\/wp\/v2\/posts"}],"about":[{"href":"https:\/\/mdu.edu.az\/en\/wp-json\/wp\/v2\/types\/post"}],"author":[{"embeddable":true,"href":"https:\/\/mdu.edu.az\/en\/wp-json\/wp\/v2\/users\/1"}],"replies":[{"embeddable":true,"href":"https:\/\/mdu.edu.az\/en\/wp-json\/wp\/v2\/comments?post=14929"}],"version-history":[{"count":0,"href":"https:\/\/mdu.edu.az\/en\/wp-json\/wp\/v2\/posts\/14929\/revisions"}],"wp:attachment":[{"href":"https:\/\/mdu.edu.az\/en\/wp-json\/wp\/v2\/media?parent=14929"}],"wp:term":[{"taxonomy":"category","embeddable":true,"href":"https:\/\/mdu.edu.az\/en\/wp-json\/wp\/v2\/categories?post=14929"},{"taxonomy":"post_tag","embeddable":true,"href":"https:\/\/mdu.edu.az\/en\/wp-json\/wp\/v2\/tags?post=14929"}],"curies":[{"name":"wp","href":"https:\/\/api.w.org\/{rel}","templated":true}]}}