{"id":14936,"date":"2019-06-13T22:48:46","date_gmt":"2019-06-13T19:48:46","guid":{"rendered":"https:\/\/mdu.edu.az\/minzh-evir-d-vl-t-universiteti-il-az-rbaydzan-milli-elml-r-akademiyas-i-n-simi-ad-na-dil-ilik-institutu-aras-nda-m-kda-l-g-memorandumu-imzalan-b\/"},"modified":"2019-06-13T22:48:46","modified_gmt":"2019-06-13T19:48:46","slug":"minzh-evir-d-vl-t-universiteti-il-az-rbaydzan-milli-elml-r-akademiyas-i-n-simi-ad-na-dil-ilik-institutu-aras-nda-m-kda-l-g-memorandumu-imzalan-b","status":"publish","type":"post","link":"https:\/\/mdu.edu.az\/en\/minzh-evir-d-vl-t-universiteti-il-az-rbaydzan-milli-elml-r-akademiyas-i-n-simi-ad-na-dil-ilik-institutu-aras-nda-m-kda-l-g-memorandumu-imzalan-b\/","title":{"rendered":"Ming\u0259\u00e7evir D\u00f6vl\u0259t Universiteti il\u0259 Az\u0259rbaycan Milli Elml\u0259r Akademiyas\u0131  \u0130.N\u0259simi ad\u0131na Dil\u00e7ilik \u0130nstitutu aras\u0131nda \u0259m\u0259kda\u015fl\u0131q memorandumu imzalan\u0131b"},"content":{"rendered":"<p style=\"text-align: center;\"><span style=\"font-family: 'times new roman', times; font-size: 14pt;\"><b><span style=\"color: blue;\">Ming\u0259&ccedil;evir D&ouml;vl\u0259t Universiteti il\u0259 Az\u0259rbaycan Milli Elml\u0259r Akademiyas\u0131 <\/span><\/b><\/span><\/p>\n<p style=\"text-align: center;\"><span style=\"font-family: 'times new roman', times; font-size: 14pt;\"><b><span style=\"color: blue;\">\u0130.N\u0259simi ad\u0131na Dil&ccedil;ilik \u0130nstitutu aras\u0131nda \u0259m\u0259kda\u015fl\u0131q memorandumu imzalan\u0131b<\/span><\/b><\/span><\/p>\n<p style=\"text-align: justify; text-indent: 1cm;\"><span style=\"color: black; font-family: 'times new roman', times; font-size: 12pt;\">31 may &ndash; 01 iyun 2019-cu il tarixl\u0259rind\u0259 Az\u0259rbaycan Milli Elml\u0259r Akademiyas\u0131 \u0130.N\u0259simi ad\u0131na Dil&ccedil;ilik \u0130nstitutunun, Ming\u0259&ccedil;evir D&ouml;vl\u0259t Universitetinin v\u0259 Ming\u0259&ccedil;evir \u015f\u0259h\u0259r T\u0259hsil \u015e&ouml;b\u0259sinin birg\u0259 &ldquo;Az\u0259rbaycan Respublikas\u0131n\u0131n d&ouml;vl\u0259t quruculu\u011fu siyas\u0259tind\u0259 dil amili&rdquo; m&ouml;vzusunda elmi-praktik konfrans\u0131 ke&ccedil;irilib. <\/span><\/p>\n<p style=\"text-align: justify; text-indent: 1cm;\"><span style=\"color: black; font-family: 'times new roman', times; font-size: 12pt;\">Konfrans\u0131 giri\u015f s&ouml;z&uuml; il\u0259 Ming\u0259&ccedil;evir D&ouml;vl\u0259t Universitetinin rektoru Akif Hac\u0131yev a&ccedil;\u0131b. Bildirib ki, Az\u0259rbaycan dili xalq\u0131m\u0131z\u0131n m\u0259n\u0259vi s\u0259rv\u0259ti, d&uuml;nya az\u0259rbaycanl\u0131lar\u0131n\u0131n h\u0259mr\u0259yliyinin sars\u0131lmaz t\u0259m\u0259li, d&ouml;vl\u0259timizin m&uuml;st\u0259qilliyinin ba\u015fl\u0131ca r\u0259mzl\u0259rind\u0259n biridir. Bu dild\u0259 d&uuml;nya \u0259d\u0259biyyat\u0131 x\u0259zin\u0259sin\u0259 daxil olan misilsiz \u0259s\u0259rl\u0259r yarad\u0131lm\u0131\u015fd\u0131r. H\u0259r bir az\u0259rbaycanl\u0131 tarixin ayr\u0131-ayr\u0131 d&ouml;vrl\u0259rind\u0259 dilimizin d&ouml;vl\u0259t dili kimi f\u0259aliyy\u0259t g&ouml;st\u0259rm\u0259sind\u0259n b&ouml;y&uuml;k q&uuml;rur hissi ke&ccedil;irir. &Ouml;lk\u0259mizin zaman-zaman m&uuml;xt\u0259lif imperiyalar t\u0259rkibind\u0259 ya\u015fama\u011fa m\u0259cbur olmas\u0131na baxmayaraq, ana dilimiz h\u0259tta bu a\u011f\u0131r vaxtlarda bel\u0259 milli m\u0259fkur\u0259nin, milli \u015f&uuml;urun v\u0259 milli-m\u0259d\u0259ni d\u0259y\u0259rl\u0259rin layiqinc\u0259 ya\u015famas\u0131n\u0131 v\u0259 inki\u015faf\u0131n\u0131 t\u0259min etmi\u015fdir. Bu g&uuml;n onun qorunmas\u0131 v\u0259 qay\u011f\u0131 il\u0259 \u0259hat\u0259 olunmas\u0131 m&uuml;st\u0259qil Az\u0259rbaycan\u0131n h\u0259r bir v\u0259t\u0259nda\u015f\u0131n\u0131n m&uuml;q\u0259dd\u0259s borcudur. <\/span><\/p>\n<p style=\"text-align: justify; text-indent: 1cm;\"><span style=\"color: black; font-family: 'times new roman', times; font-size: 12pt;\">Akif Hac\u0131yev qeyd etmi\u015fdir ki, ana dilimiz &ouml;z ifad\u0259 imkanlar\u0131n\u0131n z\u0259nginliyi, s\u0259s qurulu\u015funun s\u0259lisliyi v\u0259 qrammatik strukturunun sabitliyi il\u0259 s\u0259ciyy\u0259l\u0259nir. M&uuml;asir Az\u0259rbaycan \u0259d\u0259bi dili siyasi-ictimai, elmi-m\u0259d\u0259ni sah\u0259l\u0259rd\u0259 geni\u015f i\u015fl\u0259nm\u0259 dair\u0259sin\u0259 malik, y&uuml;ks\u0259k yaz\u0131 m\u0259d\u0259niyy\u0259ti olan v\u0259 daim s&ouml;z ehtiyat\u0131n\u0131 z\u0259nginl\u0259\u015fdir\u0259n bir dildir. O, &ouml;z&uuml;n&uuml;n indiki y&uuml;ks\u0259k s\u0259viyy\u0259sin\u0259 g&ouml;rk\u0259mli \u015fair v\u0259 yaz\u0131&ccedil;\u0131lar\u0131n, maarifp\u0259rv\u0259r ziyal\u0131lar\u0131n z\u0259hm\u0259ti say\u0259sind\u0259 &ccedil;atm\u0131\u015fd\u0131r. Bu prosesd\u0259 Az\u0259rbaycan dil&ccedil;ilik elminin b&ouml;y&uuml;k xidm\u0259ti vard\u0131r. V\u0259 onun probleml\u0259ri &uuml;z\u0259rind\u0259 f\u0259aliyy\u0259t g&ouml;st\u0259r\u0259n AMEA \u0130.N\u0259simi ad\u0131na Dil&ccedil;ilik \u0130nstitutunun r\u0259hb\u0259rliyi v\u0259 \u0259m\u0259kda\u015flar\u0131 universitetimizin qonaqlar\u0131d\u0131r v\u0259 bu konfras onlarla birg\u0259 t\u0259\u015fkil edilmi\u015fdir. <\/span><\/p>\n<p style=\"text-align: justify; text-indent: 1cm;\"><span style=\"color: black; font-family: 'times new roman', times; font-size: 12pt;\">Sonra N\u0259simi ad\u0131na Dil&ccedil;ilik \u0130nstitutunun direktoru, akademik M&ouml;hs&uuml;n Na\u011f\u0131soylu, N\u0259simi ad\u0131na Dil&ccedil;ilik \u0130nstitutunun T\u0259tbiqi dil&ccedil;ilik \u015f&ouml;b\u0259sinin m&uuml;diri, professor \u0130smay\u0131l M\u0259mm\u0259dli, N\u0259simi ad\u0131na Dil&ccedil;ilik \u0130nstitutunun Monitorinq \u015f&ouml;b\u0259sinin m&uuml;diri, filologiya elml\u0259ri doktoru Sevinc \u018fliyeva, N\u0259simi ad\u0131na Dil&ccedil;ilik \u0130nstitutunun T\u0259hsil \u015f&ouml;b\u0259sinin m&uuml;diri Q\u0259tib\u0259 Quliyeva, Ming\u0259&ccedil;evir D&ouml;vl\u0259t Universitetinin Humanitar f\u0259nl\u0259r kafedras\u0131n\u0131n m&uuml;diri, dosent Esmira C\u0259f\u0259rova &ccedil;\u0131x\u0131\u015f etdil\u0259r. Natiql\u0259r bildirdil\u0259r ki, Az\u0259rbaycanda m&uuml;asir m\u0259tbuat\u0131n, teatr\u0131n v\u0259 t\u0259hsil sisteminin t\u0259\u015f\u0259kk&uuml;l tapmas\u0131, xalq\u0131m\u0131z\u0131n ictimai-siyasi v\u0259 m\u0259d\u0259ni h\u0259yat\u0131nda ba\u015f ver\u0259n d\u0259yi\u015fiklikl\u0259r Az\u0259rbaycan dil&ccedil;iliyinin d\u0259 inki\u015faf yolunu m&uuml;\u0259yy\u0259n etmi\u015fdir. Ana dili il\u0259 ba\u011fl\u0131 yeni-yeni d\u0259rslikl\u0259r, l&uuml;\u011f\u0259tl\u0259r v\u0259 sanball\u0131 elmi t\u0259dqiqatlar meydana &ccedil;\u0131xm\u0131\u015fd\u0131r. Bu sah\u0259d\u0259 g&ouml;rk\u0259mli ziyal\u0131lar\u0131m\u0131z Mirz\u0259 Kaz\u0131m b\u0259y, Mirz\u0259 F\u0259t\u0259li Axundzad\u0259, R\u0259\u015fid b\u0259y \u018ff\u0259ndiyev, Sultan M\u0259cid Q\u0259nizad\u0259, M\u0259h\u0259mm\u0259d a\u011fa \u015eahtaxtl\u0131, N\u0259riman N\u0259rimanov, &Uuml;zeyir Hac\u0131b\u0259yli v\u0259 ba\u015fqalar\u0131n\u0131n m&uuml;h&uuml;m xidm\u0259tl\u0259ri vard\u0131r.<\/span><\/p>\n<p style=\"text-align: justify; text-indent: 1cm;\"><span style=\"color: black; font-family: 'times new roman', times; font-size: 12pt;\">Ana dilimizin t\u0259dqiqi x&uuml;susil\u0259 &ouml;t\u0259n \u0259srin ilk onillikl\u0259rind\u0259n ba\u015flayaraq bilavasit\u0259 diqq\u0259t m\u0259rk\u0259zind\u0259 olmu\u015fdur. H\u0259min d&ouml;vrd\u0259 &Uuml;zeyir Hac\u0131b\u0259yli, \u018fbd&uuml;rr\u0259him b\u0259y Haqverdiyev, B\u0259kir &Ccedil;obanzad\u0259, Cavad Axundzad\u0259, Xalid S\u0259id Xocayev v\u0259 dig\u0259rl\u0259rinin dilimizin qrammatikas\u0131na dair bir &ccedil;ox t\u0259dqiqatlar\u0131 i\u015f\u0131q &uuml;z&uuml; g&ouml;rm&uuml;\u015fd&uuml;r. 1926-c\u0131 ild\u0259 Birinci T&uuml;rkoloji Qurultay\u0131n Bak\u0131da ke&ccedil;irilm\u0259si &ouml;lk\u0259mizd\u0259 dil&ccedil;ilik sah\u0259sind\u0259 \u0259ld\u0259 olunan nailiyy\u0259tl\u0259rin m\u0259ntiqi davam\u0131 kimi yeni-yeni t\u0259dqiqatlar\u0131n meydana &ccedil;\u0131xmas\u0131na t\u0259kan vermi\u015fdir.<\/span><\/p>\n<p style=\"text-align: justify; text-indent: 1cm;\"><span style=\"color: black; font-family: 'times new roman', times; font-size: 12pt;\">1920-ci ill\u0259rd\u0259 respublikada apar\u0131lan dil&ccedil;ilik t\u0259dqiqatlar\u0131 Az\u0259rbaycan\u0131 T\u0259dqiq v\u0259 T\u0259t\u0259bb&ouml; C\u0259miyy\u0259tind\u0259 v\u0259 Az\u0259rbaycan D&ouml;vl\u0259t Elmi-T\u0259dqiqat \u0130nstitutunda m\u0259rk\u0259zl\u0259\u015fmi\u015fdi. Sonralar SSR\u0130 Elml\u0259r Akademiyas\u0131 Zaqafqaziya filial\u0131n\u0131n Az\u0259rbaycan \u015f&ouml;b\u0259sinin v\u0259 SSR\u0130 Elml\u0259r Akademiyas\u0131 Az\u0259rbaycan Filial\u0131n\u0131n Dil v\u0259 \u018fd\u0259biyyat \u0130nstitutunun yarad\u0131lmas\u0131 il\u0259 h\u0259min t\u0259dqiqatlar daha sistemli v\u0259 \u0259hat\u0259li apar\u0131lma\u011fa ba\u015flad\u0131. 1945-ci ild\u0259 Az\u0259rbaycan Elml\u0259r Akademiyas\u0131 t\u0259\u015fkil olunduqdan sonra Az\u0259rbaycan dil&ccedil;iliyi yeni m\u0259rh\u0259l\u0259y\u0259 q\u0259d\u0259m qoydu. 1969-cu ild\u0259 m&uuml;st\u0259qil Dil&ccedil;ilik \u0130nstitutunun f\u0259aliyy\u0259t\u0259 ba\u015flamas\u0131 il\u0259 dil\u015f&uuml;nasl\u0131q elmimizin s&uuml;r\u0259tli inki\u015faf yolu tutaraq ard\u0131c\u0131l \u015f\u0259kild\u0259 m&uuml;v\u0259ff\u0259qiyy\u0259tl\u0259r qazanmas\u0131 &uuml;&ccedil;&uuml;n m&ouml;hk\u0259m z\u0259min yarand\u0131. Az\u0259rbaycan dil&ccedil;iliyi M\u0259mm\u0259da\u011fa \u015eir\u0259liyev, \u018fbd&uuml;l\u0259z\u0259l D\u0259mir&ccedil;izad\u0259, Muxtar H&uuml;seynzad\u0259, \u018fliheyd\u0259r Orucov, S\u0259lim C\u0259f\u0259rov, \u018fl&ouml;vs\u0259t Abdullayev, F\u0259rhad Zeynalov v\u0259 dig\u0259r aliml\u0259rimizin y&uuml;ks\u0259k elmi s\u0259viyy\u0259li t\u0259dqiqatlar\u0131 yaln\u0131z dil\u015f&uuml;nasl\u0131\u011f\u0131m\u0131z\u0131 yox, &uuml;mum\u0259n Az\u0259rbaycan ictimai fikrini z\u0259nginl\u0259\u015fdirdi.<\/span><\/p>\n<p style=\"text-align: justify; text-indent: 1cm;\"><span style=\"color: black; font-family: 'times new roman', times; font-size: 12pt;\">Xalq\u0131m\u0131z\u0131n b&ouml;y&uuml;k o\u011flu Heyd\u0259r \u018fliyev respublikam\u0131za r\u0259hb\u0259rlik etm\u0259y\u0259 ba\u015flad\u0131\u011f\u0131 ilk vaxtlardan Az\u0259rbaycan \u0259d\u0259bi dilin\u0259 ayr\u0131ca diqq\u0259t yetirmi\u015f, ana dilimizin Az\u0259rbaycan SSR Konstitusiyas\u0131nda d&ouml;vl\u0259t dili kimi x&uuml;susi madd\u0259d\u0259 g&ouml;st\u0259rilm\u0259sin\u0259 nail olmu\u015fdu. Heyd\u0259r \u018fliyevin haz\u0131rlay\u0131b h\u0259yata ke&ccedil;irdiyi d&ouml;vl\u0259t quruculu\u011fu strategiyas\u0131n\u0131n t\u0259rkib hiss\u0259si olan dil siyas\u0259tinin n\u0259tic\u0259sidir ki, 1970-ci ill\u0259rd\u0259 Az\u0259rbaycan dilinin tarixi intensiv \u015f\u0259kild\u0259 &ouml;yr\u0259nilmi\u015f, m&uuml;asir Az\u0259rbaycan dilinin probleml\u0259ri il\u0259 ba\u011fl\u0131 &ccedil;oxsayl\u0131 elmi-n\u0259z\u0259ri \u0259s\u0259rl\u0259r yarad\u0131lm\u0131\u015fd\u0131r. Ali m\u0259kt\u0259bl\u0259r &uuml;&ccedil;&uuml;n yaz\u0131lm\u0131\u015f d&ouml;rd cildlik &ldquo;M&uuml;asir Az\u0259rbaycan dili&rdquo; d\u0259rsliyi 1974-c&uuml; ild\u0259 m\u0259hz ulu &ouml;nd\u0259rin t\u0259\u015f\u0259bb&uuml;s&uuml; il\u0259 milli dil&ccedil;ilik elminin inki\u015faf\u0131na t&ouml;hf\u0259 kimi qiym\u0259tl\u0259ndiril\u0259r\u0259k respublikan\u0131n D&ouml;vl\u0259t m&uuml;kafat\u0131na layiq g&ouml;r&uuml;lm&uuml;\u015fd&uuml;r. Az\u0259rbaycan dilin\u0259 v\u0259 &uuml;mumiyy\u0259tl\u0259 Az\u0259rbaycan dil&ccedil;il\u0259rinin \u0259m\u0259yin\u0259 veril\u0259n qiym\u0259t v\u0259 onlara g&ouml;st\u0259ril\u0259n qay\u011f\u0131 Az\u0259rbaycan\u0131n ke&ccedil;mi\u015f sovet m\u0259kan\u0131nda, eyni zamanda beyn\u0259lxalq elm al\u0259mind\u0259 t&uuml;rkologiyan\u0131n m\u0259rk\u0259zl\u0259rind\u0259n biri kimi tan\u0131nmas\u0131na g\u0259tirib &ccedil;\u0131xarm\u0131\u015fd\u0131r. SSR\u0130 Elml\u0259r Akademiyas\u0131n\u0131n bu istiqam\u0259td\u0259 yegan\u0259 &ldquo;T&uuml;rkologiya&rdquo; jurnal\u0131 m\u0259hz Bak\u0131da n\u0259\u015fr edilirdi.<\/span><\/p>\n<p style=\"text-align: justify; text-indent: 1cm;\"><span style=\"color: black; font-family: 'times new roman', times; font-size: 12pt;\">Az\u0259rbaycan Respublikas\u0131 &ouml;z m&uuml;st\u0259qilliyinin b\u0259rpas\u0131na nail olduqdan sonra Az\u0259rbaycan dili xalq\u0131m\u0131z\u0131n ictimai-siyasi, sosial-iqtisadi v\u0259 elmi-m\u0259d\u0259ni h\u0259yat\u0131nda d&ouml;vl\u0259tin r\u0259smi dili kimi m&uuml;st\u0259sna \u0259h\u0259miyy\u0259t k\u0259sb etm\u0259y\u0259 ba\u015flam\u0131\u015fd\u0131r. Bununla ba\u011fl\u0131 &ouml;lk\u0259 r\u0259hb\u0259rliyi t\u0259r\u0259find\u0259n bir s\u0131ra D&ouml;vl\u0259t Proqramlar\u0131, F\u0259rman v\u0259 S\u0259r\u0259ncamlar imzalanm\u0131d\u0131r.<\/span><\/p>\n<p style=\"text-align: justify; text-indent: 1cm;\"><span style=\"color: black; font-family: 'times new roman', times; font-size: 12pt;\">Konfrans\u0131n plenar iclas\u0131ndan sonra panel sessiyalar\u0131 ke&ccedil;irilmi\u015fd\u0131r. Humanitar f\u0259nl\u0259r kafedras\u0131n\u0131n dosenti Namaz Manafovun r\u0259hb\u0259rliyi il\u0259 ke&ccedil;iril\u0259n &ldquo;Ali t\u0259hsil m&uuml;\u0259ssis\u0259l\u0259rind\u0259 Az\u0259rbaycan dilinin t\u0259dqiqi v\u0259 m&uuml;\u0259llim haz\u0131rl\u0131\u011f\u0131: bu g&uuml;n\u0259 v\u0259 g\u0259l\u0259c\u0259y\u0259 bax\u0131\u015f&rdquo; panel iclasa akademik M&ouml;hs&uuml;n Na\u011f\u0131soylu, professor \u0130smay\u0131l M\u0259mm\u0259dli, fil.e.d. Sevinc \u018fliyeva, dosent Q\u0259tib\u0259 Quliyeva, Ming\u0259&ccedil;evir \u015f\u0259h\u0259r T\u0259hsil \u015f&ouml;b\u0259sinin m&uuml;diri, dosent Sahib M\u0259mm\u0259dovun r\u0259hb\u0259rliyi il\u0259 ke&ccedil;iril\u0259n &ldquo;&Uuml;mumt\u0259hsil m\u0259kt\u0259bl\u0259rind\u0259 Az\u0259rbaycan dilinin t\u0259drisi: bu g&uuml;n\u0259 v\u0259 g\u0259l\u0259c\u0259y\u0259 bax\u0131\u015f&rdquo; panel iclasa professor \u0130smay\u0131l M\u0259mm\u0259dli, fil.e.d. Sevinc \u018fliyeva i\u015ftirak edibl\u0259r. Panel iclasda dil&ccedil;ilikl\u0259 ba\u011fl\u0131 geni\u015f m&uuml;zakir\u0259l\u0259r apar\u0131ld\u0131, t\u0259klifl\u0259r ir\u0259li s&uuml;r&uuml;ld&uuml;. &Ouml;z n&ouml;vb\u0259sind\u0259 &ccedil;\u0131x\u0131\u015f ed\u0259n AMEA \u0130.N\u0259simi ad\u0131na Dil&ccedil;ilik \u0130nstitutunun r\u0259hb\u0259rliyi v\u0259 \u0259m\u0259kda\u015flar\u0131 fikirl\u0259rini b&ouml;l&uuml;\u015fd&uuml;l\u0259r. <\/span><\/p>\n<p style=\"text-align: justify; text-indent: 1cm;\"><span style=\"color: black; font-family: 'times new roman', times; font-size: 12pt;\">Sonda Ming\u0259&ccedil;evir D&ouml;vl\u0259t Universiteti il\u0259 Az\u0259rbaycan Milli Elml\u0259r Akademiyas\u0131 \u0130.N\u0259simi ad\u0131na Dil&ccedil;ilik \u0130nstitutu aras\u0131nda \u0259m\u0259kda\u015fl\u0131q memorandumu imzalan\u0131b. Xatir\u0259 \u015f\u0259kill\u0259ri &ccedil;\u0259kdirilib.<\/span><\/p>\n<p style=\"text-align: justify; text-indent: 1cm;\"><span style=\"color: black; font-family: 'times new roman', times; font-size: 12pt;\">{phocagallery view=category|categoryid=160|limitstart=0|limitcount=0} <\/span><\/p>\n<p style=\"text-align: justify; text-indent: 1cm;\"><span style=\"color: black; font-family: 'times new roman', times; font-size: 12pt;\"><\/span><\/p>","protected":false},"excerpt":{"rendered":"<p>Ming\u0259&ccedil;evir D&ouml;vl\u0259t Universiteti il\u0259 Az\u0259rbaycan Milli Elml\u0259r Akademiyas\u0131 \u0130.N\u0259simi ad\u0131na Dil&ccedil;ilik \u0130nstitutu aras\u0131nda \u0259m\u0259kda\u015fl\u0131q memorandumu imzalan\u0131b 31 may &ndash; 01 iyun 2019-cu il tarixl\u0259rind\u0259 Az\u0259rbaycan Milli Elml\u0259r Akademiyas\u0131 \u0130.N\u0259simi ad\u0131na Dil&ccedil;ilik \u0130nstitutunun, Ming\u0259&ccedil;evir D&ouml;vl\u0259t Universitetinin v\u0259 Ming\u0259&ccedil;evir \u015f\u0259h\u0259r T\u0259hsil \u015e&ouml;b\u0259sinin birg\u0259 &ldquo;Az\u0259rbaycan Respublikas\u0131n\u0131n d&ouml;vl\u0259t quruculu\u011fu siyas\u0259tind\u0259 dil amili&rdquo; m&ouml;vzusunda elmi-praktik konfrans\u0131 ke&ccedil;irilib. Konfrans\u0131 giri\u015f s&ouml;z&uuml; [&hellip;]<\/p>\n","protected":false},"author":1,"featured_media":0,"comment_status":"open","ping_status":"open","sticky":false,"template":"","format":"standard","meta":{"_eb_attr":"","ocean_post_layout":"","ocean_both_sidebars_style":"","ocean_both_sidebars_content_width":0,"ocean_both_sidebars_sidebars_width":0,"ocean_sidebar":"","ocean_second_sidebar":"","ocean_disable_margins":"enable","ocean_add_body_class":"","ocean_shortcode_before_top_bar":"","ocean_shortcode_after_top_bar":"","ocean_shortcode_before_header":"","ocean_shortcode_after_header":"","ocean_has_shortcode":"","ocean_shortcode_after_title":"","ocean_shortcode_before_footer_widgets":"","ocean_shortcode_after_footer_widgets":"","ocean_shortcode_before_footer_bottom":"","ocean_shortcode_after_footer_bottom":"","ocean_display_top_bar":"default","ocean_display_header":"default","ocean_header_style":"","ocean_center_header_left_menu":"","ocean_custom_header_template":"","ocean_custom_logo":0,"ocean_custom_retina_logo":0,"ocean_custom_logo_max_width":0,"ocean_custom_logo_tablet_max_width":0,"ocean_custom_logo_mobile_max_width":0,"ocean_custom_logo_max_height":0,"ocean_custom_logo_tablet_max_height":0,"ocean_custom_logo_mobile_max_height":0,"ocean_header_custom_menu":"","ocean_menu_typo_font_family":"","ocean_menu_typo_font_subset":"","ocean_menu_typo_font_size":0,"ocean_menu_typo_font_size_tablet":0,"ocean_menu_typo_font_size_mobile":0,"ocean_menu_typo_font_size_unit":"px","ocean_menu_typo_font_weight":"","ocean_menu_typo_font_weight_tablet":"","ocean_menu_typo_font_weight_mobile":"","ocean_menu_typo_transform":"","ocean_menu_typo_transform_tablet":"","ocean_menu_typo_transform_mobile":"","ocean_menu_typo_line_height":0,"ocean_menu_typo_line_height_tablet":0,"ocean_menu_typo_line_height_mobile":0,"ocean_menu_typo_line_height_unit":"","ocean_menu_typo_spacing":0,"ocean_menu_typo_spacing_tablet":0,"ocean_menu_typo_spacing_mobile":0,"ocean_menu_typo_spacing_unit":"","ocean_menu_link_color":"","ocean_menu_link_color_hover":"","ocean_menu_link_color_active":"","ocean_menu_link_background":"","ocean_menu_link_hover_background":"","ocean_menu_link_active_background":"","ocean_menu_social_links_bg":"","ocean_menu_social_hover_links_bg":"","ocean_menu_social_links_color":"","ocean_menu_social_hover_links_color":"","ocean_disable_title":"default","ocean_disable_heading":"default","ocean_post_title":"","ocean_post_subheading":"","ocean_post_title_style":"","ocean_post_title_background_color":"","ocean_post_title_background":0,"ocean_post_title_bg_image_position":"","ocean_post_title_bg_image_attachment":"","ocean_post_title_bg_image_repeat":"","ocean_post_title_bg_image_size":"","ocean_post_title_height":0,"ocean_post_title_bg_overlay":0.5,"ocean_post_title_bg_overlay_color":"","ocean_disable_breadcrumbs":"default","ocean_breadcrumbs_color":"","ocean_breadcrumbs_separator_color":"","ocean_breadcrumbs_links_color":"","ocean_breadcrumbs_links_hover_color":"","ocean_display_footer_widgets":"default","ocean_display_footer_bottom":"default","ocean_custom_footer_template":"","ocean_post_oembed":"","ocean_post_self_hosted_media":"","ocean_post_video_embed":"","ocean_link_format":"","ocean_link_format_target":"self","ocean_quote_format":"","ocean_quote_format_link":"post","ocean_gallery_link_images":"on","ocean_gallery_id":[],"footnotes":""},"categories":[63],"tags":[],"class_list":["post-14936","post","type-post","status-publish","format-standard","hentry","category-khaebaerlaer-az","entry"],"_links":{"self":[{"href":"https:\/\/mdu.edu.az\/en\/wp-json\/wp\/v2\/posts\/14936","targetHints":{"allow":["GET"]}}],"collection":[{"href":"https:\/\/mdu.edu.az\/en\/wp-json\/wp\/v2\/posts"}],"about":[{"href":"https:\/\/mdu.edu.az\/en\/wp-json\/wp\/v2\/types\/post"}],"author":[{"embeddable":true,"href":"https:\/\/mdu.edu.az\/en\/wp-json\/wp\/v2\/users\/1"}],"replies":[{"embeddable":true,"href":"https:\/\/mdu.edu.az\/en\/wp-json\/wp\/v2\/comments?post=14936"}],"version-history":[{"count":0,"href":"https:\/\/mdu.edu.az\/en\/wp-json\/wp\/v2\/posts\/14936\/revisions"}],"wp:attachment":[{"href":"https:\/\/mdu.edu.az\/en\/wp-json\/wp\/v2\/media?parent=14936"}],"wp:term":[{"taxonomy":"category","embeddable":true,"href":"https:\/\/mdu.edu.az\/en\/wp-json\/wp\/v2\/categories?post=14936"},{"taxonomy":"post_tag","embeddable":true,"href":"https:\/\/mdu.edu.az\/en\/wp-json\/wp\/v2\/tags?post=14936"}],"curies":[{"name":"wp","href":"https:\/\/api.w.org\/{rel}","templated":true}]}}