{"id":14973,"date":"2019-09-25T10:22:37","date_gmt":"2019-09-25T07:22:37","guid":{"rendered":"https:\/\/mdu.edu.az\/minzh-evir-d-vl-t-universitetind-azerdzell-t-l-b-t-zha-d-prozhram-2020-il-lazh-dar-t-dbir-ke-irib\/"},"modified":"2019-09-25T10:22:37","modified_gmt":"2019-09-25T07:22:37","slug":"minzh-evir-d-vl-t-universitetind-azerdzell-t-l-b-t-zha-d-prozhram-2020-il-lazh-dar-t-dbir-ke-irib","status":"publish","type":"post","link":"https:\/\/mdu.edu.az\/en\/minzh-evir-d-vl-t-universitetind-azerdzell-t-l-b-t-zha-d-prozhram-2020-il-lazh-dar-t-dbir-ke-irib\/","title":{"rendered":"Ming\u0259\u00e7evir D\u00f6vl\u0259t Universitetind\u0259 Azercell T\u0259l\u0259b\u0259  T\u0259qa\u00fcd Proqram\u0131 2020 il\u0259 \u0259laq\u0259dar t\u0259dbir ke\u00e7irib"},"content":{"rendered":"<p style=\"text-align: center;\">&nbsp;<span style=\"font-size: 14pt; color: #0000ff;\"><b><span style=\"font-family: 'Times New Roman', serif; color: #0000cc;\">Ming\u0259&ccedil;evir D&ouml;vl\u0259t Universitetind\u0259 Azercell T\u0259l\u0259b\u0259&nbsp;<\/span><\/b><\/span><span style=\"font-size: 14pt; color: #0000ff;\"><span style=\"font-family: 'Times New Roman', serif; color: #0000cc;\"><\/span><\/span><\/p>\n<p style=\"text-align: center;\"><span style=\"font-size: 14pt; color: #0000ff;\"><b><span style=\"font-family: 'Times New Roman', serif; color: #0000cc;\">T\u0259qa&uuml;d Proqram\u0131 2020 il\u0259 \u0259laq\u0259dar t\u0259dbir ke&ccedil;irilib<\/span><\/b><\/span><\/p>\n<p>&nbsp;<\/p>\n<p style=\"margin-bottom: 0.0001pt; text-align: center; line-height: normal;\"><span style=\"font-size: 12pt; font-family: 'times new roman', times;\"><\/span><\/p>\n<p style=\"margin-bottom: 0.0001pt; text-align: justify; text-indent: 1cm; line-height: normal; vertical-align: baseline;\"><span style=\"font-family: 'times new roman', times; font-size: 12pt;\"><span style=\"font-size: 12pt; font-family: 'Times New Roman', serif; color: black;\">Sentyabr\u0131n 16-dan etibar\u0259n <\/span><span style=\"font-size: 12pt; font-family: 'Times New Roman', serif; color: black;\">&ldquo;Azercell Telekom&rdquo; MMC t\u0259l\u0259b\u0259l\u0259r &uuml;&ccedil;&uuml;n 2019-2020-ci t\u0259dris ili &uuml;&ccedil;&uuml;n n&ouml;vb\u0259ti T\u0259qa&uuml;d Proqram\u0131na start verib. Bu m\u0259qs\u0259dl\u0259 &ldquo;Azercell Telekom&rdquo; MMC t\u0259r\u0259find\u0259n <\/span><span style=\"font-size: 12pt; font-family: 'Times New Roman', serif; color: black;\">Ming\u0259&ccedil;evir D&ouml;vl\u0259t Universitetind\u0259 t\u0259dbir ke&ccedil;irilib. \u0130nsan Kapital\u0131n\u0131n \u0130dar\u0259etm\u0259 Departamentinin m&uuml;t\u0259x\u0259ssisi Valid\u0259 Orucova t\u0259l\u0259b\u0259l\u0259ri salamlayaraq bildirib ki, <\/span><span style=\"font-size: 12pt; font-family: 'Times New Roman', serif; color: black;\">&ouml;z sah\u0259sind\u0259 pe\u015f\u0259kar olmaq, g\u0259l\u0259c\u0259k karyeras\u0131 &uuml;&ccedil;&uuml;n t\u0259m\u0259l yaratmaq ist\u0259y\u0259n g\u0259ncl\u0259r &ldquo;T\u0259qa&uuml;d Proqram\u0131&rdquo;na m&uuml;raci\u0259t ed\u0259 bil\u0259rl\u0259r.&nbsp; Proqram\u0131n m\u0259qs\u0259di m&uuml;v\u0259ff\u0259qiyy\u0259tl\u0259 t\u0259hsil alan v\u0259 f\u0259rql\u0259nm\u0259yi bacaran t\u0259l\u0259b\u0259l\u0259r\u0259 x&uuml;susi qay\u011f\u0131 n&uuml;mayi\u015f etdirm\u0259k, y&uuml;ks\u0259k potensiala malik g\u0259ncl\u0259rin pe\u015f\u0259kar kimi formala\u015fmas\u0131na d\u0259st\u0259k olmaqdan ibar\u0259tdir.<\/span><\/span><\/p>\n<p style=\"margin-bottom: 0.0001pt; text-align: justify; text-indent: 1cm; line-height: normal; vertical-align: baseline;\"><span style=\"font-family: 'times new roman', times; font-size: 12pt;\"><span style=\"font-size: 12pt; font-family: 'Times New Roman', serif; color: black;\">Valid\u0259 Orucova qeyd edib ki, <\/span><span style=\"font-size: 12pt; font-family: 'Times New Roman', serif; color: black;\">T\u0259l\u0259b\u0259 T\u0259qa&uuml;d&uuml; Proqram\u0131 &uuml;zr\u0259 qalib g\u0259l\u0259n t\u0259l\u0259b\u0259l\u0259r ali t\u0259hsill\u0259rinin sonunad\u0259k ayl\u0131q 200 AZN t\u0259qa&uuml;d alacaqlar. Bununla yana\u015f\u0131, bu t\u0259l\u0259b\u0259l\u0259rin karyera bax\u0131m\u0131ndan inki\u015faf\u0131 &uuml;&ccedil;&uuml;n \u015f\u0259rait yarad\u0131lacaq. Bel\u0259 ki, onlar telekommunikasiya sah\u0259si haqq\u0131nda bilikl\u0259rini art\u0131rmaq, \u015firk\u0259tin korporativ t\u0259dbirl\u0259tind\u0259 v\u0259 sosial f\u0259aliyy\u0259tind\u0259 i\u015ftirak etm\u0259k, m&uuml;xt\u0259lif t\u0259liml\u0259r\u0259 qat\u0131lmaq v\u0259 \u015firk\u0259td\u0259 t\u0259cr&uuml;b\u0259 ke&ccedil;m\u0259k imkan\u0131n\u0131 \u0259ld\u0259 ed\u0259c\u0259kl\u0259r.<\/span><\/span><\/p>\n<p style=\"margin-bottom: 0.0001pt; text-align: justify; text-indent: 1cm; line-height: normal; vertical-align: baseline;\"><span style=\"font-family: 'times new roman', times; font-size: 12pt;\"><span style=\"font-size: 12pt; font-family: 'Times New Roman', serif; color: black;\">Valid\u0259 Orucova bildirib ki, p<span style=\"border: 1pt none windowtext; padding: 0cm;\">roqramda ortalama qiym\u0259tl\u0259ri y&uuml;ks\u0259k olan bakalavr s\u0259viyy\u0259si &uuml;zr\u0259 III v\u0259 IV kurs t\u0259l\u0259b\u0259l\u0259ri i\u015ftirak ed\u0259 bil\u0259rl\u0259r. Qeyd edib ki, T\u0259qa&uuml;d Proqram\u0131na m&uuml;raci\u0259t m&uuml;dd\u0259ti 16 oktyabr 2019-cu il tarixind\u0259 ba\u015fa &ccedil;atacaqd\u0131r. T<\/span>\u0259qa&uuml;d proqram\u0131 &uuml;zr\u0259 m&uuml;raci\u0259t etm\u0259k &uuml;&ccedil;&uuml;n:<span style=\"border: 1pt none windowtext; padding: 0cm;\"> <\/span>m&uuml;vafiq b&ouml;l&uuml;m se&ccedil;ilm\u0259lidir: Bak\u0131, SABAH v\u0259 ya B&ouml;lg\u0259 T\u0259qa&uuml;d&uuml; Proqram\u0131;<span style=\"border: 1pt none windowtext; padding: 0cm;\"> <\/span>sonra \u0259lav\u0259 olunmu\u015f elektron m&uuml;raci\u0259t \u0259riz\u0259si doldurulmal\u0131d\u0131r<span style=\"border: 1pt none windowtext; padding: 0cm;\">; <\/span>elekton m&uuml;raci\u0259t \u0259riz\u0259sini, t\u0259l\u0259b\u0259 biletinin v\u0259 qiym\u0259t kitab&ccedil;as\u0131n\u0131n (transkript)&nbsp;skan&nbsp;versiyas\u0131n\u0131 <a href=\"mailto:telebe@azercell.com\">telebe@azercell.com<\/a>&nbsp;<\/span><span style=\"font-size: 12pt; font-family: 'Times New Roman', serif; color: black;\"><a href=\"mailto:Telebe@azercell.com\"><span style=\"color: black; border: 1pt none windowtext; padding: 0cm;\"><\/span><\/a><\/span><span style=\"font-size: 12pt; font-family: 'Times New Roman', serif; color: black;\">mail &uuml;nvan\u0131na g&ouml;nd\u0259rin.<span style=\"border: 1pt none windowtext; padding: 0cm;\"> <\/span>Yaln\u0131z se&ccedil;im m\u0259rh\u0259l\u0259sini u\u011furla ke&ccedil;\u0259n namiz\u0259dl\u0259rl\u0259 \u0259laq\u0259 saxlan\u0131lacaq.<\/span><\/span><\/p>\n<p style=\"margin-bottom: 0.0001pt; text-align: justify; text-indent: 1cm; line-height: normal; vertical-align: baseline;\"><span style=\"font-family: 'times new roman', times; font-size: 12pt;\"><span style=\"font-size: 12pt; font-family: 'Times New Roman', serif; color: black;\">Sonra <\/span><span style=\"font-size: 12pt; font-family: 'Times New Roman', serif; color: black;\">\u0130nsan Kapital\u0131n\u0131n \u0130dar\u0259etm\u0259 Departamentinin dig\u0259r m&uuml;t\u0259x\u0259ssisi Leyla Ta\u011f\u0131yeva <\/span><span style=\"font-size: 12pt; font-family: 'Times New Roman', serif; color: black;\">&ldquo;Azercell Telekom&rdquo; MMC-d\u0259 <\/span><span style=\"font-size: 12pt; font-family: 'Times New Roman', serif; color: black;\">karyera inki\u015faf\u0131 v\u0259 imkanlar\u0131 haqq\u0131nda m\u0259lumat verib. <\/span><span style=\"font-size: 12pt; font-family: 'Times New Roman', serif; color: black;\">Qeyd edib ki, biz \u015firk\u0259timizin r\u0259qab\u0259tli bazarda qar\u015f\u0131s\u0131na qoydu\u011fu b&ouml;y&uuml;k h\u0259d\u0259fl\u0259r\u0259 nail olmas\u0131 v\u0259 yeni u\u011furlar qazanmas\u0131 &uuml;&ccedil;&uuml;n b&ouml;y&uuml;k s\u0259yl\u0259 &ccedil;al\u0131\u015f\u0131r\u0131q. T\u0259tbiq etdiyimiz Performans\u0131n idar\u0259 edilm\u0259si proqram\u0131 performans g&ouml;st\u0259ricil\u0259rini y&uuml;ks\u0259ltm\u0259y\u0259 v\u0259 optimalla\u015fd\u0131rma\u011fa imkan verir, i\u015f&ccedil;il\u0259rd\u0259 inki\u015faf etm\u0259k v\u0259 ir\u0259lil\u0259m\u0259k &uuml;&ccedil;&uuml;n stimul yarad\u0131r.<\/span><\/span><\/p>\n<p style=\"margin-bottom: 0.0001pt; text-align: justify; text-indent: 1cm; line-height: normal; vertical-align: baseline;\"><span style=\"font-family: 'times new roman', times; font-size: 12pt;\"><span style=\"font-size: 12pt; font-family: 'Times New Roman', serif; color: black;\">Leyla Ta\u011f\u0131yeva bildirib ki, m\u0259qs\u0259dimiz y&uuml;ks\u0259k keyfiyy\u0259tli xidm\u0259t t\u0259qdim ed\u0259n d&uuml;nya s\u0259viyy\u0259li \u015firk\u0259t olmaqd\u0131r. D\u0259y\u0259r qatmaq, H&ouml;rm\u0259t g&ouml;st\u0259rm\u0259k v\u0259 H\u0259yata ke&ccedil;irm\u0259k &ndash; g&uuml;nd\u0259lik f\u0259aliyy\u0259timizin b&uuml;n&ouml;vr\u0259sini t\u0259\u015fkil ed\u0259n d\u0259y\u0259rl\u0259rimizdir. Bu d\u0259y\u0259rl\u0259rin \u0259sasland\u0131\u011f\u0131 Etika v\u0259 davran\u0131\u015f kodeksimiz g&uuml;nd\u0259lik f\u0259aliyy\u0259timizd\u0259 biz\u0259 b\u0259l\u0259d&ccedil;ilik edir.<\/span><span style=\"font-size: 12pt; font-family: 'Times New Roman', serif; color: black;\"> <\/span><span style=\"font-size: 12pt; font-family: 'Times New Roman', serif; color: black;\">Karyeran\u0131z\u0131 Azercell-d\u0259 qurun, biziml\u0259 birlikd\u0259 C\u0259sar\u0259t edin, Qay\u011f\u0131 g&ouml;st\u0259rin v\u0259 Sad\u0259l\u0259\u015fdirin!<\/span><\/span><\/p>\n<p style=\"margin-bottom: 0.0001pt; text-align: justify; text-indent: 1cm; line-height: normal; vertical-align: baseline;\"><span style=\"color: black; font-family: 'times new roman', times; font-size: 12pt;\">Qeyd ed\u0259k ki, &ldquo;Azercell&rdquo; \u015firk\u0259ti T\u0259l\u0259b\u0259 T\u0259qa&uuml;d Proqram\u0131n\u0131 2008-ci ild\u0259n etibar\u0259n h\u0259r t\u0259dris ilind\u0259 t\u0259qdim edir. Bu vaxtad\u0259k Az\u0259rbaycan\u0131n m&uuml;xt\u0259lif universitetl\u0259rind\u0259 t\u0259hsil alan y&uuml;zl\u0259rl\u0259 t\u0259l\u0259b\u0259 &ldquo;Azercell&rdquo; \u015firk\u0259tinin t\u0259qa&uuml;d&ccedil;&uuml;s&uuml; ad\u0131na layiq g&ouml;r&uuml;l&uuml;b. <\/span><\/p>\n<p style=\"margin-bottom: 0.0001pt; text-align: justify; text-indent: 1cm; line-height: normal; vertical-align: baseline;\"><span style=\"font-family: 'times new roman', times; font-size: 12pt;\"><span style=\"font-size: 12pt; font-family: 'Times New Roman', serif; color: black;\">Sonda Valid\u0259 Orucova m\u0259lumat &uuml;&ccedil;&uuml;n bildirib ki, Azercell Telekom &ouml;z f\u0259aliyy\u0259ti boyunca daim g\u0259ncl\u0259rin inki\u015faf\u0131na y&ouml;n\u0259l\u0259n layih\u0259l\u0259r h\u0259yata ke&ccedil;irir. <\/span><span style=\"font-size: 12pt; font-family: 'Times New Roman', serif; color: black;\">Azercell-in h\u0259yata ke&ccedil;irdiyi Sosial Layih\u0259l\u0259rin b&ouml;y&uuml;k bir qismi d\u0259 t\u0259hsill\u0259 ba\u011fl\u0131d\u0131r. Eyni zamanda Azercell apar\u0131c\u0131 universitetl\u0259rl\u0259 \u0259m\u0259kda\u015fl\u0131q edir, bu t\u0259hsil ocaqlar\u0131n\u0131n maddi-texniki bazas\u0131n\u0131n g&uuml;cl\u0259ndirilm\u0259sin\u0259 yard\u0131m g&ouml;st\u0259rir.<\/span><span style=\"font-size: 12pt; font-family: 'Times New Roman', serif; color: black;\"> T\u0259hsil\u0259 v\u0259 g\u0259ncl\u0259r\u0259 yard\u0131m etm\u0259k bundan sonra da Azercell \u015firk\u0259tinin prioritet f\u0259aliyy\u0259t sah\u0259si olacaq.<\/span><\/span><\/p>\n<p style=\"margin-bottom: 0.0001pt; text-align: justify; text-indent: 1cm; line-height: normal; vertical-align: baseline;\"><span style=\"color: black; font-family: 'times new roman', times; font-size: 12pt;\">T\u0259dbird\u0259 universitetin t\u0259l\u0259b\u0259l\u0259ril\u0259 yana\u015f\u0131 Bak\u0131 Telefon M\u0259rk\u0259zinin qrup r\u0259hb\u0259ri \u0130brahim \u018fhm\u0259dov da i\u015ftirak edib. <\/span><\/p>\n<p style=\"margin-bottom: 0.0001pt; text-align: justify; text-indent: 1cm; line-height: normal; vertical-align: baseline;\"><span style=\"color: #000000; font-size: 12pt;\">{phocagallery view=category|categoryid=187|limitstart=0|limitcount=0} <\/span><\/p>\n<p><span style=\"line-height: 115%; font-size: 12pt; color: #000000;\"><\/span><\/p>","protected":false},"excerpt":{"rendered":"<p>&nbsp;Ming\u0259&ccedil;evir D&ouml;vl\u0259t Universitetind\u0259 Azercell T\u0259l\u0259b\u0259&nbsp; T\u0259qa&uuml;d Proqram\u0131 2020 il\u0259 \u0259laq\u0259dar t\u0259dbir ke&ccedil;irilib &nbsp; Sentyabr\u0131n 16-dan etibar\u0259n &ldquo;Azercell Telekom&rdquo; MMC t\u0259l\u0259b\u0259l\u0259r &uuml;&ccedil;&uuml;n 2019-2020-ci t\u0259dris ili &uuml;&ccedil;&uuml;n n&ouml;vb\u0259ti T\u0259qa&uuml;d Proqram\u0131na start verib. Bu m\u0259qs\u0259dl\u0259 &ldquo;Azercell Telekom&rdquo; MMC t\u0259r\u0259find\u0259n Ming\u0259&ccedil;evir D&ouml;vl\u0259t Universitetind\u0259 t\u0259dbir ke&ccedil;irilib. \u0130nsan Kapital\u0131n\u0131n \u0130dar\u0259etm\u0259 Departamentinin m&uuml;t\u0259x\u0259ssisi Valid\u0259 Orucova t\u0259l\u0259b\u0259l\u0259ri salamlayaraq bildirib ki, &ouml;z sah\u0259sind\u0259 pe\u015f\u0259kar [&hellip;]<\/p>\n","protected":false},"author":1,"featured_media":0,"comment_status":"open","ping_status":"open","sticky":false,"template":"","format":"standard","meta":{"_eb_attr":"","ocean_post_layout":"","ocean_both_sidebars_style":"","ocean_both_sidebars_content_width":0,"ocean_both_sidebars_sidebars_width":0,"ocean_sidebar":"","ocean_second_sidebar":"","ocean_disable_margins":"enable","ocean_add_body_class":"","ocean_shortcode_before_top_bar":"","ocean_shortcode_after_top_bar":"","ocean_shortcode_before_header":"","ocean_shortcode_after_header":"","ocean_has_shortcode":"","ocean_shortcode_after_title":"","ocean_shortcode_before_footer_widgets":"","ocean_shortcode_after_footer_widgets":"","ocean_shortcode_before_footer_bottom":"","ocean_shortcode_after_footer_bottom":"","ocean_display_top_bar":"default","ocean_display_header":"default","ocean_header_style":"","ocean_center_header_left_menu":"","ocean_custom_header_template":"","ocean_custom_logo":0,"ocean_custom_retina_logo":0,"ocean_custom_logo_max_width":0,"ocean_custom_logo_tablet_max_width":0,"ocean_custom_logo_mobile_max_width":0,"ocean_custom_logo_max_height":0,"ocean_custom_logo_tablet_max_height":0,"ocean_custom_logo_mobile_max_height":0,"ocean_header_custom_menu":"","ocean_menu_typo_font_family":"","ocean_menu_typo_font_subset":"","ocean_menu_typo_font_size":0,"ocean_menu_typo_font_size_tablet":0,"ocean_menu_typo_font_size_mobile":0,"ocean_menu_typo_font_size_unit":"px","ocean_menu_typo_font_weight":"","ocean_menu_typo_font_weight_tablet":"","ocean_menu_typo_font_weight_mobile":"","ocean_menu_typo_transform":"","ocean_menu_typo_transform_tablet":"","ocean_menu_typo_transform_mobile":"","ocean_menu_typo_line_height":0,"ocean_menu_typo_line_height_tablet":0,"ocean_menu_typo_line_height_mobile":0,"ocean_menu_typo_line_height_unit":"","ocean_menu_typo_spacing":0,"ocean_menu_typo_spacing_tablet":0,"ocean_menu_typo_spacing_mobile":0,"ocean_menu_typo_spacing_unit":"","ocean_menu_link_color":"","ocean_menu_link_color_hover":"","ocean_menu_link_color_active":"","ocean_menu_link_background":"","ocean_menu_link_hover_background":"","ocean_menu_link_active_background":"","ocean_menu_social_links_bg":"","ocean_menu_social_hover_links_bg":"","ocean_menu_social_links_color":"","ocean_menu_social_hover_links_color":"","ocean_disable_title":"default","ocean_disable_heading":"default","ocean_post_title":"","ocean_post_subheading":"","ocean_post_title_style":"","ocean_post_title_background_color":"","ocean_post_title_background":0,"ocean_post_title_bg_image_position":"","ocean_post_title_bg_image_attachment":"","ocean_post_title_bg_image_repeat":"","ocean_post_title_bg_image_size":"","ocean_post_title_height":0,"ocean_post_title_bg_overlay":0.5,"ocean_post_title_bg_overlay_color":"","ocean_disable_breadcrumbs":"default","ocean_breadcrumbs_color":"","ocean_breadcrumbs_separator_color":"","ocean_breadcrumbs_links_color":"","ocean_breadcrumbs_links_hover_color":"","ocean_display_footer_widgets":"default","ocean_display_footer_bottom":"default","ocean_custom_footer_template":"","ocean_post_oembed":"","ocean_post_self_hosted_media":"","ocean_post_video_embed":"","ocean_link_format":"","ocean_link_format_target":"self","ocean_quote_format":"","ocean_quote_format_link":"post","ocean_gallery_link_images":"on","ocean_gallery_id":[],"footnotes":""},"categories":[63],"tags":[],"class_list":["post-14973","post","type-post","status-publish","format-standard","hentry","category-khaebaerlaer-az","entry"],"_links":{"self":[{"href":"https:\/\/mdu.edu.az\/en\/wp-json\/wp\/v2\/posts\/14973","targetHints":{"allow":["GET"]}}],"collection":[{"href":"https:\/\/mdu.edu.az\/en\/wp-json\/wp\/v2\/posts"}],"about":[{"href":"https:\/\/mdu.edu.az\/en\/wp-json\/wp\/v2\/types\/post"}],"author":[{"embeddable":true,"href":"https:\/\/mdu.edu.az\/en\/wp-json\/wp\/v2\/users\/1"}],"replies":[{"embeddable":true,"href":"https:\/\/mdu.edu.az\/en\/wp-json\/wp\/v2\/comments?post=14973"}],"version-history":[{"count":0,"href":"https:\/\/mdu.edu.az\/en\/wp-json\/wp\/v2\/posts\/14973\/revisions"}],"wp:attachment":[{"href":"https:\/\/mdu.edu.az\/en\/wp-json\/wp\/v2\/media?parent=14973"}],"wp:term":[{"taxonomy":"category","embeddable":true,"href":"https:\/\/mdu.edu.az\/en\/wp-json\/wp\/v2\/categories?post=14973"},{"taxonomy":"post_tag","embeddable":true,"href":"https:\/\/mdu.edu.az\/en\/wp-json\/wp\/v2\/tags?post=14973"}],"curies":[{"name":"wp","href":"https:\/\/api.w.org\/{rel}","templated":true}]}}