{"id":15014,"date":"2019-11-08T16:35:43","date_gmt":"2019-11-08T13:35:43","guid":{"rendered":"https:\/\/mdu.edu.az\/minzh-evir-d-vl-t-universiteti-b-y-k-az-rbaydzan-airi-imad-ddin-n-siminin-650-illik-yubileyind-f-al-i-tirak-edib\/"},"modified":"2019-11-08T16:35:43","modified_gmt":"2019-11-08T13:35:43","slug":"minzh-evir-d-vl-t-universiteti-b-y-k-az-rbaydzan-airi-imad-ddin-n-siminin-650-illik-yubileyind-f-al-i-tirak-edib","status":"publish","type":"post","link":"https:\/\/mdu.edu.az\/en\/minzh-evir-d-vl-t-universiteti-b-y-k-az-rbaydzan-airi-imad-ddin-n-siminin-650-illik-yubileyind-f-al-i-tirak-edib\/","title":{"rendered":"Ming\u0259\u00e7evir D\u00f6vl\u0259t Universiteti b\u00f6y\u00fck Az\u0259rbaycan \u015fairi \u0130mad\u0259ddin N\u0259siminin  650 illik yubileyind\u0259 f\u0259al i\u015ftirak edib"},"content":{"rendered":"<p style=\"margin-bottom: 0.0001pt; text-align: center; line-height: normal; background-image: initial; background-position: initial; background-repeat: initial; background-attachment: initial;\"><b><span style=\"font-size: 12pt; font-family: Arial, sans-serif; color: #0000cc;\">Ming\u0259&ccedil;evir D&ouml;vl\u0259t Universiteti b&ouml;y&uuml;k Az\u0259rbaycan \u015fairi \u0130mad\u0259ddin N\u0259siminin <\/span><\/b><\/p>\n<p style=\"margin-bottom: 0.0001pt; text-align: center; line-height: normal; background-image: initial; background-position: initial; background-repeat: initial; background-attachment: initial;\"><b><span style=\"font-size: 12pt; font-family: Arial, sans-serif; color: #0000cc;\">650 illik yubileyind\u0259 f\u0259al i\u015ftirak edib<\/span><\/b><\/p>\n<p>&nbsp;<\/p>\n<p style=\"margin-bottom: 0.0001pt; text-align: center; line-height: normal; background-image: initial; background-position: initial; background-repeat: initial; background-attachment: initial;\"><b><span style=\"font-size: 12pt; font-family: Arial, sans-serif; color: #0000cc;\"><\/span><\/b><\/p>\n<p style=\"margin-bottom: 0.0001pt; text-align: justify; text-indent: 1cm; line-height: normal; background-image: initial; background-position: initial; background-repeat: initial; background-attachment: initial;\"><span style=\"font-size: 12pt; font-family: Arial, sans-serif;\">\u0130mad\u0259ddin N\u0259simi Az\u0259rbaycan xalq\u0131n\u0131n &uuml;mumb\u0259\u015f\u0259r m\u0259d\u0259niyy\u0259tin\u0259 b\u0259x\u015f etdiyi q&uuml;dr\u0259tli s&ouml;z ustalar\u0131ndand\u0131r. O, \u015e\u0259rqin z\u0259ngin m\u0259d\u0259ni-m\u0259n\u0259vi s\u0259rv\u0259tl\u0259ri &uuml;z\u0259rind\u0259 ucalm\u0131\u015f v\u0259 b\u0259dii s&ouml;z s\u0259n\u0259tinin son d\u0259r\u0259c\u0259 qiym\u0259tli incil\u0259rini meydana g\u0259tirmi\u015fdir. M&uuml;t\u0259f\u0259kkir \u015fairin d\u0259rin poetik fikirl\u0259rl\u0259 f\u0259ls\u0259fi g&ouml;r&uuml;\u015fl\u0259rin v\u0259hd\u0259tind\u0259 olub, d&ouml;vr&uuml;n elmi-f\u0259ls\u0259fi d&uuml;\u015f&uuml;nc\u0259sinin ayd\u0131n ifad\u0259&ccedil;isin\u0259 &ccedil;evrilmi\u015f m&uuml;st\u0259sna \u0259h\u0259miyy\u0259tli \u0259d\u0259bi irsi q\u0259dim k&ouml;kl\u0259r\u0259 v\u0259 &ccedil;ox\u0259srlik \u0259n\u0259n\u0259l\u0259r\u0259 malik Az\u0259rbaycan \u0259d\u0259biyyat\u0131 tarixind\u0259 x&uuml;susi m\u0259rh\u0259l\u0259 t\u0259\u015fkil edir.<\/span><\/p>\n<p style=\"margin-bottom: 0.0001pt; text-align: justify; text-indent: 1cm; line-height: normal; background-image: initial; background-position: initial; background-repeat: initial; background-attachment: initial;\"><span style=\"font-size: 12pt; font-family: Arial, sans-serif;\">N\u0259simi d&uuml;nya poeziyas\u0131n\u0131n \u0259n kamil n&uuml;mun\u0259l\u0259ri s\u0131ras\u0131nda diqq\u0259t\u0259layiq yer tutan \u0259s\u0259rl\u0259rind\u0259 daim insan\u0131n \u0259z\u0259m\u0259tini, insani m\u0259h\u0259bb\u0259ti v\u0259 \u015f\u0259xsiyy\u0259tin azadl\u0131\u011f\u0131n\u0131 t\u0259r\u0259nn&uuml;m etmi\u015fdir. Anadilli \u015feirin humanist ideyalarla, yeni m\u0259zmun, deyim t\u0259rzi v\u0259 b\u0259dii l&ouml;vh\u0259l\u0259rl\u0259 daha da z\u0259nginl\u0259\u015fm\u0259sind\u0259 unudulmaz \u015fairin misilsiz xidm\u0259tl\u0259ri vard\u0131r. N\u0259siminin m\u0259nb\u0259yini xalq ruhundan alm\u0131\u015f parlaq &uuml;slubu orta \u0259srl\u0259r Az\u0259rbaycan dilinin m\u0259na imkanlar\u0131n\u0131 b&uuml;t&uuml;n dol\u011funlu\u011fu v\u0259 r\u0259ngar\u0259ngliyi il\u0259 \u0259ks etdirir. S\u0259n\u0259tkar\u0131n yarad\u0131c\u0131l\u0131\u011f\u0131 bir s\u0131ra xalqlar\u0131n b\u0259dii-ictimai fikrinin inki\u015faf\u0131na q&uuml;vv\u0259tli t\u0259sir g&ouml;st\u0259rmi\u015fdir. \u0130<\/span><span style=\"font-size: 12pt; font-family: Arial, sans-serif; background-image: initial; background-position: initial; background-repeat: initial; background-attachment: initial;\">mad\u0259ddin N\u0259siminin ad\u0131 h\u0259qiq\u0259t namin\u0259, fikir azadl\u0131\u011f\u0131 yolunda q\u0259hr\u0259manl\u0131\u011f\u0131n r\u0259mzi kimi \u0259b\u0259dil\u0259\u015fib, \u0259srl\u0259rd\u0259n b\u0259ri \u015e\u0259rq xalqlar\u0131n\u0131n yadda\u015f\u0131nda ya\u015famaqdad\u0131r.<\/span><\/p>\n<p style=\"margin-bottom: 0.0001pt; text-align: justify; text-indent: 1cm; line-height: normal; background-image: initial; background-position: initial; background-repeat: initial; background-attachment: initial;\"><span style=\"font-size: 12pt; font-family: Arial, sans-serif;\">Prezident \u0130lham \u018fliyevin b<\/span><span style=\"font-size: 12pt; font-family: Arial, sans-serif; background-image: initial; background-position: initial; background-repeat: initial; background-attachment: initial;\">&ouml;y&uuml;k Az\u0259rbaycan \u015fairi v\u0259 m&uuml;t\u0259f\u0259kkiri \u0130mad\u0259ddin N\u0259siminin 650 illik yubileyinin qeyd edilm\u0259si v\u0259 2019-cu ilin &ldquo;N\u0259simi ili&rdquo; elan edilm\u0259si haqq\u0131nda S\u0259r\u0259ncam\u0131na uy\u011fun olaraq respublikam\u0131z\u0131n b&uuml;t&uuml;n b&ouml;lg\u0259l\u0259rind\u0259 oldu\u011fu kimi Ming\u0259&ccedil;evir \u015f\u0259h\u0259rind\u0259 d\u0259 silsil\u0259 t\u0259dbirl\u0259r ke&ccedil;irilir. <\/span><\/p>\n<p style=\"margin-bottom: 0.0001pt; text-align: justify; text-indent: 1cm; line-height: normal; background-image: initial; background-position: initial; background-repeat: initial; background-attachment: initial;\"><span style=\"font-size: 12pt; font-family: Arial, sans-serif; background-image: initial; background-position: initial; background-repeat: initial; background-attachment: initial;\">T\u0259dbirl\u0259rin davam\u0131 olaraq Sahil park\u0131nda t\u0259\u015fkil edil\u0259n N\u0259siminin 650 illik yubileyin\u0259 h\u0259sr olunmu\u015f &uuml;mum\u015f\u0259h\u0259r t\u0259dbirind\u0259 park\u0131n \u0259traf\u0131 N\u0259simiy\u0259 h\u0259sr olunmu\u015f panno v\u0259 plakatlarla, r\u0259ngar\u0259ng r\u0259sml\u0259rl\u0259 t\u0259\u015fviq olunmu\u015fdu. <\/span><\/p>\n<p style=\"margin-bottom: 0.0001pt; text-align: justify; text-indent: 1cm; line-height: normal; background-image: initial; background-position: initial; background-repeat: initial; background-attachment: initial;\"><span style=\"font-size: 12pt; font-family: Arial, sans-serif;\">T\u0259dbird\u0259 Ming\u0259&ccedil;evir \u015f\u0259h\u0259r \u0130cra Hakimiyy\u0259tinin ba\u015f&ccedil;\u0131s\u0131 \u0130lham \u0130samy\u0131lov, h&uuml;quq m&uuml;hafiz\u0259 orqanlar\u0131n\u0131n, ali v\u0259 orta ixtisas m\u0259kt\u0259bl\u0259rinin, idar\u0259, m&uuml;\u0259ssis\u0259 v\u0259 t\u0259\u015fkilat r\u0259hb\u0259rl\u0259ri, ictimaiyy\u0259t n&uuml;may\u0259nd\u0259l\u0259ri, K\u0130V-l\u0259rin m\u0259sul \u015f\u0259xsl\u0259ri t\u0259dbird\u0259 i\u015ftirak edirdil\u0259r.<\/span><\/p>\n<p style=\"margin-bottom: 0.0001pt; text-align: justify; text-indent: 1cm; line-height: normal; background-image: initial; background-position: initial; background-repeat: initial; background-attachment: initial;\"><span style=\"font-size: 12pt; font-family: Arial, sans-serif; background-image: initial; background-position: initial; background-repeat: initial; background-attachment: initial;\">Ming\u0259&ccedil;evir D&ouml;vl\u0259t Universitetinin, Turizm kollecinin, T\u0259hsil \u015f&ouml;b\u0259sinin, M\u0259d\u0259niyy\u0259t ocaqlar\u0131n\u0131n, Musiqi m\u0259kt\u0259bl\u0259rinin, U\u015faq G\u0259ncl\u0259r \u0130nki\u015faf M\u0259rk\u0259zinin, u\u015faq ba\u011f&ccedil;alr\u0131n\u0131n kollektivl\u0259ri \u0259d\u0259bi-b\u0259dii kompozisiyalar\u0131, t\u0259l\u0259b\u0259 v\u0259 \u015fagirdl\u0259rin \u0259l i\u015fl\u0259ri n&uuml;mayi\u015f olunub. Eyni zamanda Ming\u0259&ccedil;evir N\u0259simi\u015f&uuml;nas yazarlar\u0131n \u0259s\u0259rl\u0259ri s\u0259rgil\u0259nib. N\u0259siminin q\u0259z\u0259ll\u0259rind\u0259n ibar\u0259t mu\u011fam par&ccedil;alar\u0131, mahn\u0131lar v\u0259 \u015ferl\u0259r s\u0259sl\u0259ndirilib. Ming\u0259&ccedil;evir \u015f\u0259h\u0259r \u0130cra Hakmiyy\u0259tinin ba\u015f&ccedil;\u0131s\u0131 \u0130lham \u0130smay\u0131lov v\u0259 onu m&uuml;\u015fay\u0259t ed\u0259n dig\u0259r r\u0259smil\u0259r <\/span><span style=\"font-size: 12pt; font-family: Arial, sans-serif;\">t\u0259dbirin t\u0259\u015fkilat&ccedil;\u0131lar\u0131 il\u0259 g&ouml;r&uuml;\u015f&uuml;bl\u0259r, onlara N\u0259simi yarad\u0131c\u0131l\u0131\u011f\u0131na z&ouml;vql\u0259 yana\u015fd\u0131qlar\u0131 &uuml;&ccedil;&uuml;n t\u0259\u015f\u0259kk&uuml;rl\u0259rini bildiribl\u0259r. <\/span><span style=\"font-size: 12pt; font-family: Arial, sans-serif; background-image: initial; background-position: initial; background-repeat: initial; background-attachment: initial;\">&nbsp;&nbsp;&nbsp;<\/span><\/p>\n<p><span style=\"font-size: 12pt; line-height: 115%; font-family: Arial, sans-serif;\">&nbsp; &nbsp; &nbsp; &nbsp;Bel\u0259likl\u0259, b&ouml;y&uuml;k v\u0259 m&uuml;t\u0259f\u0259kkir \u015fairin 650 illik yubileyi Ming\u0259&ccedil;evir ictimaiyy\u0259ti t\u0259r\u0259find\u0259n b&ouml;y&uuml;k t\u0259nt\u0259n\u0259 il\u0259 qeyd olunub.<\/span><\/p>\n<p>{phocagallery view=category|categoryid=226|limitstart=0|limitcount=0}<\/p>","protected":false},"excerpt":{"rendered":"<p>Ming\u0259&ccedil;evir D&ouml;vl\u0259t Universiteti b&ouml;y&uuml;k Az\u0259rbaycan \u015fairi \u0130mad\u0259ddin N\u0259siminin 650 illik yubileyind\u0259 f\u0259al i\u015ftirak edib &nbsp; \u0130mad\u0259ddin N\u0259simi Az\u0259rbaycan xalq\u0131n\u0131n &uuml;mumb\u0259\u015f\u0259r m\u0259d\u0259niyy\u0259tin\u0259 b\u0259x\u015f etdiyi q&uuml;dr\u0259tli s&ouml;z ustalar\u0131ndand\u0131r. O, \u015e\u0259rqin z\u0259ngin m\u0259d\u0259ni-m\u0259n\u0259vi s\u0259rv\u0259tl\u0259ri &uuml;z\u0259rind\u0259 ucalm\u0131\u015f v\u0259 b\u0259dii s&ouml;z s\u0259n\u0259tinin son d\u0259r\u0259c\u0259 qiym\u0259tli incil\u0259rini meydana g\u0259tirmi\u015fdir. M&uuml;t\u0259f\u0259kkir \u015fairin d\u0259rin poetik fikirl\u0259rl\u0259 f\u0259ls\u0259fi g&ouml;r&uuml;\u015fl\u0259rin v\u0259hd\u0259tind\u0259 olub, d&ouml;vr&uuml;n elmi-f\u0259ls\u0259fi d&uuml;\u015f&uuml;nc\u0259sinin [&hellip;]<\/p>\n","protected":false},"author":1,"featured_media":0,"comment_status":"open","ping_status":"open","sticky":false,"template":"","format":"standard","meta":{"_eb_attr":"","ocean_post_layout":"","ocean_both_sidebars_style":"","ocean_both_sidebars_content_width":0,"ocean_both_sidebars_sidebars_width":0,"ocean_sidebar":"","ocean_second_sidebar":"","ocean_disable_margins":"enable","ocean_add_body_class":"","ocean_shortcode_before_top_bar":"","ocean_shortcode_after_top_bar":"","ocean_shortcode_before_header":"","ocean_shortcode_after_header":"","ocean_has_shortcode":"","ocean_shortcode_after_title":"","ocean_shortcode_before_footer_widgets":"","ocean_shortcode_after_footer_widgets":"","ocean_shortcode_before_footer_bottom":"","ocean_shortcode_after_footer_bottom":"","ocean_display_top_bar":"default","ocean_display_header":"default","ocean_header_style":"","ocean_center_header_left_menu":"","ocean_custom_header_template":"","ocean_custom_logo":0,"ocean_custom_retina_logo":0,"ocean_custom_logo_max_width":0,"ocean_custom_logo_tablet_max_width":0,"ocean_custom_logo_mobile_max_width":0,"ocean_custom_logo_max_height":0,"ocean_custom_logo_tablet_max_height":0,"ocean_custom_logo_mobile_max_height":0,"ocean_header_custom_menu":"","ocean_menu_typo_font_family":"","ocean_menu_typo_font_subset":"","ocean_menu_typo_font_size":0,"ocean_menu_typo_font_size_tablet":0,"ocean_menu_typo_font_size_mobile":0,"ocean_menu_typo_font_size_unit":"px","ocean_menu_typo_font_weight":"","ocean_menu_typo_font_weight_tablet":"","ocean_menu_typo_font_weight_mobile":"","ocean_menu_typo_transform":"","ocean_menu_typo_transform_tablet":"","ocean_menu_typo_transform_mobile":"","ocean_menu_typo_line_height":0,"ocean_menu_typo_line_height_tablet":0,"ocean_menu_typo_line_height_mobile":0,"ocean_menu_typo_line_height_unit":"","ocean_menu_typo_spacing":0,"ocean_menu_typo_spacing_tablet":0,"ocean_menu_typo_spacing_mobile":0,"ocean_menu_typo_spacing_unit":"","ocean_menu_link_color":"","ocean_menu_link_color_hover":"","ocean_menu_link_color_active":"","ocean_menu_link_background":"","ocean_menu_link_hover_background":"","ocean_menu_link_active_background":"","ocean_menu_social_links_bg":"","ocean_menu_social_hover_links_bg":"","ocean_menu_social_links_color":"","ocean_menu_social_hover_links_color":"","ocean_disable_title":"default","ocean_disable_heading":"default","ocean_post_title":"","ocean_post_subheading":"","ocean_post_title_style":"","ocean_post_title_background_color":"","ocean_post_title_background":0,"ocean_post_title_bg_image_position":"","ocean_post_title_bg_image_attachment":"","ocean_post_title_bg_image_repeat":"","ocean_post_title_bg_image_size":"","ocean_post_title_height":0,"ocean_post_title_bg_overlay":0.5,"ocean_post_title_bg_overlay_color":"","ocean_disable_breadcrumbs":"default","ocean_breadcrumbs_color":"","ocean_breadcrumbs_separator_color":"","ocean_breadcrumbs_links_color":"","ocean_breadcrumbs_links_hover_color":"","ocean_display_footer_widgets":"default","ocean_display_footer_bottom":"default","ocean_custom_footer_template":"","ocean_post_oembed":"","ocean_post_self_hosted_media":"","ocean_post_video_embed":"","ocean_link_format":"","ocean_link_format_target":"self","ocean_quote_format":"","ocean_quote_format_link":"post","ocean_gallery_link_images":"on","ocean_gallery_id":[],"footnotes":""},"categories":[63],"tags":[],"class_list":["post-15014","post","type-post","status-publish","format-standard","hentry","category-khaebaerlaer-az","entry"],"_links":{"self":[{"href":"https:\/\/mdu.edu.az\/en\/wp-json\/wp\/v2\/posts\/15014","targetHints":{"allow":["GET"]}}],"collection":[{"href":"https:\/\/mdu.edu.az\/en\/wp-json\/wp\/v2\/posts"}],"about":[{"href":"https:\/\/mdu.edu.az\/en\/wp-json\/wp\/v2\/types\/post"}],"author":[{"embeddable":true,"href":"https:\/\/mdu.edu.az\/en\/wp-json\/wp\/v2\/users\/1"}],"replies":[{"embeddable":true,"href":"https:\/\/mdu.edu.az\/en\/wp-json\/wp\/v2\/comments?post=15014"}],"version-history":[{"count":0,"href":"https:\/\/mdu.edu.az\/en\/wp-json\/wp\/v2\/posts\/15014\/revisions"}],"wp:attachment":[{"href":"https:\/\/mdu.edu.az\/en\/wp-json\/wp\/v2\/media?parent=15014"}],"wp:term":[{"taxonomy":"category","embeddable":true,"href":"https:\/\/mdu.edu.az\/en\/wp-json\/wp\/v2\/categories?post=15014"},{"taxonomy":"post_tag","embeddable":true,"href":"https:\/\/mdu.edu.az\/en\/wp-json\/wp\/v2\/tags?post=15014"}],"curies":[{"name":"wp","href":"https:\/\/api.w.org\/{rel}","templated":true}]}}