{"id":15016,"date":"2019-11-09T13:36:34","date_gmt":"2019-11-09T10:36:34","guid":{"rendered":"https:\/\/mdu.edu.az\/minzh-evir-d-vl-t-universitetind-d-vl-t-bayra-zh-n-zheyd-olunub\/"},"modified":"2019-11-09T13:36:34","modified_gmt":"2019-11-09T10:36:34","slug":"minzh-evir-d-vl-t-universitetind-d-vl-t-bayra-zh-n-zheyd-olunub","status":"publish","type":"post","link":"https:\/\/mdu.edu.az\/en\/minzh-evir-d-vl-t-universitetind-d-vl-t-bayra-zh-n-zheyd-olunub\/","title":{"rendered":"Ming\u0259\u00e7evir D\u00f6vl\u0259t Universitetind\u0259 D\u00f6vl\u0259t Bayra\u011f\u0131 G\u00fcn\u00fc  qeyd olunub"},"content":{"rendered":"<p style=\"margin-bottom: 0.0001pt; text-align: center;\"><b><span style=\"font-size: 12pt; line-height: 115%; font-family: Arial; color: #0000cc;\">Ming\u0259&ccedil;evir D&ouml;vl\u0259t Universitetind\u0259 D&ouml;vl\u0259t Bayra\u011f\u0131 G&uuml;n&uuml; <\/span><\/b><\/p>\n<p style=\"margin-bottom: 0.0001pt; text-align: center;\"><b><span style=\"font-size: 12pt; line-height: 115%; font-family: Arial; color: #0000cc;\">qeyd olunub<\/span><\/b><\/p>\n<p>&nbsp;<\/p>\n<p style=\"margin-bottom: 0.0001pt; text-align: center;\"><b><span style=\"font-size: 12pt; line-height: 115%; font-family: Arial; color: #0000cc;\"><\/span><\/b><\/p>\n<p style=\"margin-bottom: 0.0001pt; text-align: justify; text-indent: 26.95pt;\"><span style=\"font-size: 14pt; line-height: 115%; font-family: Arial;\">Ming\u0259&ccedil;evir D&ouml;vl\u0259t Universitetind\u0259 9 noyabr D&ouml;vl\u0259t Bayra\u011f\u0131 G&uuml;n&uuml; m&uuml;nasib\u0259til\u0259 &ldquo;M&uuml;st\u0259qilliyimizin r\u0259mzi olan milli bayra\u011f\u0131m\u0131z q&uuml;rurumuzdur&rdquo; m&ouml;vzusunda t\u0259dbir ke&ccedil;irilib. <\/span><span style=\"font-size: 14pt; line-height: 115%; font-family: Arial;\">Professor-m&uuml;\u0259llim v\u0259 t\u0259l\u0259b\u0259 hey\u0259tini D&ouml;vl\u0259t Bayra\u011f\u0131 G&uuml;n&uuml; m&uuml;nasib\u0259til\u0259 t\u0259brik ed\u0259n Ming\u0259&ccedil;evir D&ouml;vl\u0259t Universitetinin rektoru \u015eahin Bayramov d&ouml;vl\u0259t bayra\u011f\u0131n\u0131n Az\u0259rbaycan\u0131n suverenliyinin r\u0259mzi oldu\u011funu v\u0259 h\u0259r bir az\u0259rbaycanl\u0131n\u0131n bayra\u011f\u0131m\u0131zla q&uuml;rur duydu\u011funu diqq\u0259t\u0259 &ccedil;atd\u0131r\u0131b. Az\u0259rbaycan Xalq C&uuml;mhuriyy\u0259tinin yadigar\u0131 olan &uuml;&ccedil;r\u0259ngli bayra\u011f\u0131n &Uuml;mummilli liderimiz t\u0259r\u0259find\u0259n 1990-c\u0131 ilin 17 noyabr tarixind\u0259 Nax&ccedil;\u0131van Muxtar Respublikas\u0131n\u0131n d&ouml;vl\u0259t bayra\u011f\u0131 kimi q\u0259bul olunmas\u0131n\u0131 qeyd ed\u0259n \u015e.Bayramov m\u0259hz Ulu &ouml;nd\u0259rin t\u0259kidli t\u0259\u015f\u0259bb&uuml;s&uuml; n\u0259tic\u0259sind\u0259 1991-ci ilin 5 fevral tarixind\u0259 h\u0259min bayra\u011f\u0131n Az\u0259rbaycan\u0131n d&ouml;vl\u0259t bayra\u011f\u0131 kimi q\u0259bul olundu\u011funu vur\u011fulay\u0131b.<\/span><\/p>\n<p style=\"margin-bottom: 0.0001pt; text-align: justify; text-indent: 26.95pt;\"><span style=\"font-size: 14pt; line-height: 115%; font-family: Arial;\">Rektor &ouml;lk\u0259 ba\u015f&ccedil;\u0131s\u0131 c\u0259nab \u0130lham \u018fliyev t\u0259r\u0259find\u0259n imzalanan m&uuml;vafiq s\u0259r\u0259ncama \u0259sas\u0259n h\u0259r il 9 noyabr tarixinin D&ouml;vl\u0259t Bayra\u011f\u0131 G&uuml;n&uuml; kimi qeyd edildiyini v\u0259 2010-cu il sentyabr\u0131n 1-d\u0259 Bak\u0131da D&ouml;vl\u0259t Bayra\u011f\u0131 Meydan\u0131n\u0131n t\u0259nt\u0259n\u0259li a&ccedil;\u0131l\u0131\u015f m\u0259rasiminin ke&ccedil;irildiyini bildirib. D&ouml;vl\u0259t bayra\u011f\u0131n\u0131n Az\u0259rbaycan&ccedil;\u0131l\u0131q, q&uuml;r&uuml;r, qalibiyy\u0259t, m\u0259rdlik r\u0259mzi oldu\u011funu bildir\u0259n \u015e.Bayramov Ali Ba\u015f Komandan \u0130lham \u018fliyevin u\u011furlu d&ouml;vl\u0259t siyas\u0259ti v\u0259 siyasi irad\u0259si n\u0259tic\u0259sind\u0259 haz\u0131rda &uuml;&ccedil;r\u0259ngli bayra\u011f\u0131m\u0131z\u0131n &Ccedil;ocuq M\u0259rcanl\u0131da dal\u011faland\u0131\u011f\u0131n\u0131 x&uuml;susi vur\u011fulay\u0131b. Rektor h\u0259r bir az\u0259rbaycanl\u0131n\u0131n d&ouml;vl\u0259t bayra\u011f\u0131m\u0131z\u0131n Qaraba\u011fda v\u0259 haz\u0131rda i\u015f\u011fal alt\u0131nda olan b&uuml;t&uuml;n torpaqlar\u0131m\u0131zda dal\u011falanaca\u011f\u0131 g&uuml;n&uuml;n uzaqda olmad\u0131\u011f\u0131na \u0259min oldu\u011funu qeyd edib.<\/span><\/p>\n<p style=\"margin-bottom: 0.0001pt; text-align: justify; text-indent: 1cm;\"><span style=\"font-size: 12pt; line-height: 115%; font-family: Arial;\"><span style=\"font-size: 14pt; line-height: 115%; font-family: Arial;\">T\u0259dbird\u0259 Humanitar f\u0259nl\u0259r kafedras\u0131n\u0131n \u0259m\u0259kda\u015flar\u0131 \u0130lham M\u0259mm\u0259dov v\u0259 G&uuml;l\u0259r \u018fjd\u0259rzad\u0259 &ccedil;\u0131x\u0131\u015f ed\u0259r\u0259k d&ouml;vl\u0259t bayra\u011f\u0131m\u0131z haqq\u0131nda tarixi faktlar v\u0259 bayra\u011f\u0131n d&ouml;vl\u0259t m&uuml;st\u0259qilliyimizin m&ouml;hk\u0259ml\u0259ndirilm\u0259si &uuml;&ccedil;&uuml;n \u0259h\u0259miyy\u0259ti bar\u0259d\u0259 \u0259trafl\u0131 m\u0259lumat veribl\u0259r.<\/span><br \/><\/span><\/p>\n<p>{phocagallery view=category|categoryid=228|limitstart=0|limitcount=0}<\/p>","protected":false},"excerpt":{"rendered":"<p>Ming\u0259&ccedil;evir D&ouml;vl\u0259t Universitetind\u0259 D&ouml;vl\u0259t Bayra\u011f\u0131 G&uuml;n&uuml; qeyd olunub &nbsp; Ming\u0259&ccedil;evir D&ouml;vl\u0259t Universitetind\u0259 9 noyabr D&ouml;vl\u0259t Bayra\u011f\u0131 G&uuml;n&uuml; m&uuml;nasib\u0259til\u0259 &ldquo;M&uuml;st\u0259qilliyimizin r\u0259mzi olan milli bayra\u011f\u0131m\u0131z q&uuml;rurumuzdur&rdquo; m&ouml;vzusunda t\u0259dbir ke&ccedil;irilib. Professor-m&uuml;\u0259llim v\u0259 t\u0259l\u0259b\u0259 hey\u0259tini D&ouml;vl\u0259t Bayra\u011f\u0131 G&uuml;n&uuml; m&uuml;nasib\u0259til\u0259 t\u0259brik ed\u0259n Ming\u0259&ccedil;evir D&ouml;vl\u0259t Universitetinin rektoru \u015eahin Bayramov d&ouml;vl\u0259t bayra\u011f\u0131n\u0131n Az\u0259rbaycan\u0131n suverenliyinin r\u0259mzi oldu\u011funu v\u0259 h\u0259r bir az\u0259rbaycanl\u0131n\u0131n bayra\u011f\u0131m\u0131zla q&uuml;rur [&hellip;]<\/p>\n","protected":false},"author":1,"featured_media":0,"comment_status":"open","ping_status":"open","sticky":false,"template":"","format":"standard","meta":{"_eb_attr":"","ocean_post_layout":"","ocean_both_sidebars_style":"","ocean_both_sidebars_content_width":0,"ocean_both_sidebars_sidebars_width":0,"ocean_sidebar":"","ocean_second_sidebar":"","ocean_disable_margins":"enable","ocean_add_body_class":"","ocean_shortcode_before_top_bar":"","ocean_shortcode_after_top_bar":"","ocean_shortcode_before_header":"","ocean_shortcode_after_header":"","ocean_has_shortcode":"","ocean_shortcode_after_title":"","ocean_shortcode_before_footer_widgets":"","ocean_shortcode_after_footer_widgets":"","ocean_shortcode_before_footer_bottom":"","ocean_shortcode_after_footer_bottom":"","ocean_display_top_bar":"default","ocean_display_header":"default","ocean_header_style":"","ocean_center_header_left_menu":"","ocean_custom_header_template":"","ocean_custom_logo":0,"ocean_custom_retina_logo":0,"ocean_custom_logo_max_width":0,"ocean_custom_logo_tablet_max_width":0,"ocean_custom_logo_mobile_max_width":0,"ocean_custom_logo_max_height":0,"ocean_custom_logo_tablet_max_height":0,"ocean_custom_logo_mobile_max_height":0,"ocean_header_custom_menu":"","ocean_menu_typo_font_family":"","ocean_menu_typo_font_subset":"","ocean_menu_typo_font_size":0,"ocean_menu_typo_font_size_tablet":0,"ocean_menu_typo_font_size_mobile":0,"ocean_menu_typo_font_size_unit":"px","ocean_menu_typo_font_weight":"","ocean_menu_typo_font_weight_tablet":"","ocean_menu_typo_font_weight_mobile":"","ocean_menu_typo_transform":"","ocean_menu_typo_transform_tablet":"","ocean_menu_typo_transform_mobile":"","ocean_menu_typo_line_height":0,"ocean_menu_typo_line_height_tablet":0,"ocean_menu_typo_line_height_mobile":0,"ocean_menu_typo_line_height_unit":"","ocean_menu_typo_spacing":0,"ocean_menu_typo_spacing_tablet":0,"ocean_menu_typo_spacing_mobile":0,"ocean_menu_typo_spacing_unit":"","ocean_menu_link_color":"","ocean_menu_link_color_hover":"","ocean_menu_link_color_active":"","ocean_menu_link_background":"","ocean_menu_link_hover_background":"","ocean_menu_link_active_background":"","ocean_menu_social_links_bg":"","ocean_menu_social_hover_links_bg":"","ocean_menu_social_links_color":"","ocean_menu_social_hover_links_color":"","ocean_disable_title":"default","ocean_disable_heading":"default","ocean_post_title":"","ocean_post_subheading":"","ocean_post_title_style":"","ocean_post_title_background_color":"","ocean_post_title_background":0,"ocean_post_title_bg_image_position":"","ocean_post_title_bg_image_attachment":"","ocean_post_title_bg_image_repeat":"","ocean_post_title_bg_image_size":"","ocean_post_title_height":0,"ocean_post_title_bg_overlay":0.5,"ocean_post_title_bg_overlay_color":"","ocean_disable_breadcrumbs":"default","ocean_breadcrumbs_color":"","ocean_breadcrumbs_separator_color":"","ocean_breadcrumbs_links_color":"","ocean_breadcrumbs_links_hover_color":"","ocean_display_footer_widgets":"default","ocean_display_footer_bottom":"default","ocean_custom_footer_template":"","ocean_post_oembed":"","ocean_post_self_hosted_media":"","ocean_post_video_embed":"","ocean_link_format":"","ocean_link_format_target":"self","ocean_quote_format":"","ocean_quote_format_link":"post","ocean_gallery_link_images":"on","ocean_gallery_id":[],"footnotes":""},"categories":[63],"tags":[],"class_list":["post-15016","post","type-post","status-publish","format-standard","hentry","category-khaebaerlaer-az","entry"],"_links":{"self":[{"href":"https:\/\/mdu.edu.az\/en\/wp-json\/wp\/v2\/posts\/15016","targetHints":{"allow":["GET"]}}],"collection":[{"href":"https:\/\/mdu.edu.az\/en\/wp-json\/wp\/v2\/posts"}],"about":[{"href":"https:\/\/mdu.edu.az\/en\/wp-json\/wp\/v2\/types\/post"}],"author":[{"embeddable":true,"href":"https:\/\/mdu.edu.az\/en\/wp-json\/wp\/v2\/users\/1"}],"replies":[{"embeddable":true,"href":"https:\/\/mdu.edu.az\/en\/wp-json\/wp\/v2\/comments?post=15016"}],"version-history":[{"count":0,"href":"https:\/\/mdu.edu.az\/en\/wp-json\/wp\/v2\/posts\/15016\/revisions"}],"wp:attachment":[{"href":"https:\/\/mdu.edu.az\/en\/wp-json\/wp\/v2\/media?parent=15016"}],"wp:term":[{"taxonomy":"category","embeddable":true,"href":"https:\/\/mdu.edu.az\/en\/wp-json\/wp\/v2\/categories?post=15016"},{"taxonomy":"post_tag","embeddable":true,"href":"https:\/\/mdu.edu.az\/en\/wp-json\/wp\/v2\/tags?post=15016"}],"curies":[{"name":"wp","href":"https:\/\/api.w.org\/{rel}","templated":true}]}}