{"id":15110,"date":"2020-02-10T18:41:50","date_gmt":"2020-02-10T15:41:50","guid":{"rendered":"https:\/\/mdu.edu.az\/minzh-evir-d-vl-t-universitetinin-t-l-b-l-ri-erasmus-prozhram-r-iv-sind-ispaniyada-t-hsil-aladzazhlar\/"},"modified":"2020-02-10T18:41:50","modified_gmt":"2020-02-10T15:41:50","slug":"minzh-evir-d-vl-t-universitetinin-t-l-b-l-ri-erasmus-prozhram-r-iv-sind-ispaniyada-t-hsil-aladzazhlar","status":"publish","type":"post","link":"https:\/\/mdu.edu.az\/en\/minzh-evir-d-vl-t-universitetinin-t-l-b-l-ri-erasmus-prozhram-r-iv-sind-ispaniyada-t-hsil-aladzazhlar\/","title":{"rendered":"Ming\u0259\u00e7evir D\u00f6vl\u0259t Universitetinin t\u0259l\u0259b\u0259l\u0259ri Erasmus+ proqram\u0131 \u00e7\u0259r\u00e7iv\u0259sind\u0259 \u0130spaniyada t\u0259hsil alacaqlar"},"content":{"rendered":"<p style=\"margin-bottom: 0.0001pt; text-align: center; text-indent: 27pt;\"><b><span style=\"font-size: 14pt; font-family: 'Times New Roman'; color: blue;\">Ming\u0259&ccedil;evir D&ouml;vl\u0259t Universitetinin t\u0259l\u0259b\u0259l\u0259ri Erasmus+<\/span><\/b><\/p>\n<p style=\"margin-bottom: 0.0001pt; text-align: center; text-indent: 27pt;\"><b><span style=\"font-size: 14pt; font-family: 'Times New Roman'; color: blue;\">proqram\u0131 &ccedil;\u0259r&ccedil;iv\u0259sind\u0259 \u0130spaniyada t\u0259hsil alacaqlar<\/span><\/b><\/p>\n<p>&nbsp;<\/p>\n<p style=\"margin-bottom: 0.0001pt; text-align: justify; text-indent: 27pt; line-height: 12pt;\"><span style=\"font-size: 12pt; font-family: 'Times New Roman';\"><\/span><\/p>\n<p style=\"margin-bottom: 0.0001pt; text-align: justify; text-indent: 27pt; line-height: 12pt;\"><span style=\"font-size: 12pt; font-family: 'Times New Roman'; color: #000000;\">Ming\u0259&ccedil;evir D&ouml;vl\u0259t Universitetinin rektoru \u015eahin Bayramov Avropa Komissiyas\u0131n\u0131n &ldquo;Erasmus+&rdquo; proqram\u0131 &ccedil;\u0259r&ccedil;iv\u0259sind\u0259 \u0130spaniya Krall\u0131\u011f\u0131n\u0131n Vallodolid Unversitetind\u0259 t\u0259hsil almaq h&uuml;ququ qazanm\u0131\u015f t\u0259l\u0259b\u0259l\u0259rl\u0259 g&ouml;r&uuml;\u015f&uuml;b. Haz\u0131rda beyn\u0259lxalq t\u0259l\u0259b\u0259 v\u0259 m&uuml;\u0259llim m&uuml;badil\u0259sinin x&uuml;susi &ouml;n\u0259m da\u015f\u0131\u011f\u0131d\u0131\u011f\u0131n\u0131 vur\u011fulayan \u015e.Bayramov MDU-da xarici universitetl\u0259rl\u0259 \u0259m\u0259kda\u015fl\u0131\u011f\u0131n inki\u015faf\u0131na x&uuml;susi diqq\u0259t yetirildiyini bildirib.<\/span><\/p>\n<p style=\"margin-bottom: 0.0001pt; text-align: justify; text-indent: 27pt; line-height: 12pt;\"><span style=\"font-size: 12pt; font-family: 'Times New Roman'; color: #000000;\">\u015e.Bayramov 2019\/2020-ci t\u0259dris ilinin yaz semestrind\u0259 \u0130spaniyada akademik m&uuml;badil\u0259d\u0259 i\u015ftirak ed\u0259c\u0259k Zaur M\u0259mm\u0259dovu, Aid\u0259 Qurbanovan\u0131 v\u0259 &Uuml;lvi A\u015furovu t\u0259brik edib. O, t\u0259l\u0259b\u0259l\u0259r\u0259 &ldquo;Erasmus+&rdquo; proqram\u0131 &ccedil;\u0259r&ccedil;iv\u0259sind\u0259 t\u0259qdim olunan imkanlardan maksimum faydalanmaqlar\u0131n\u0131 t&ouml;vsiy\u0259 edib. \u015e.Bayramov xaricd\u0259 t\u0259hsil m&uuml;dd\u0259tind\u0259 y&uuml;ks\u0259k akademik nailiyy\u0259tl\u0259r \u0259ld\u0259 etm\u0259kl\u0259 yana\u015f\u0131, &ouml;lk\u0259mizi layiqinc\u0259 t\u0259msil etm\u0259yin vacibliyini qeyd edib.<\/span><\/p>\n<p style=\"margin-bottom: 0.0001pt; text-align: justify; text-indent: 27pt; line-height: 12pt;\"><span style=\"font-size: 12pt; font-family: 'Times New Roman'; color: #000000;\">\u0130spaniyaya ged\u0259n t\u0259l\u0259b\u0259l\u0259rin arzu v\u0259 ist\u0259kl\u0259rini dinl\u0259y\u0259n rektor onlara u\u011furlar arzulay\u0131b, xaricd\u0259 olduqlar\u0131 m&uuml;dd\u0259td\u0259 MDU il\u0259 daim \u0259laq\u0259 saxlamalar\u0131n\u0131 t&ouml;vsiy\u0259 edib.<\/span><\/p>\n<p style=\"margin-bottom: 0.0001pt; text-align: justify; text-indent: 27pt; line-height: 12pt;\"><span style=\"font-size: 12pt; font-family: 'Times New Roman'; color: #000000;\">Avropada t\u0259hsil almaq &uuml;&ccedil;&uuml;n yarad\u0131lan \u015f\u0259rait\u0259 g&ouml;r\u0259 t\u0259\u015f\u0259kk&uuml;rl\u0259rini bildir\u0259n t\u0259l\u0259b\u0259l\u0259r Vallodolid Unversitetind\u0259 y&uuml;ks\u0259k akademik g&ouml;st\u0259ricil\u0259r \u0259ld\u0259 etm\u0259kl\u0259 MDU-nu layiqinc\u0259 t\u0259msil ed\u0259c\u0259kl\u0259rin\u0259 s&ouml;z veribl\u0259r.<\/span><\/p>\n<p><span style=\"font-size: 12pt; line-height: 115%; font-family: 'Times New Roman'; color: #000000;\">&nbsp;&nbsp;&nbsp;&nbsp;&nbsp;&nbsp;&nbsp; Qeyd ed\u0259k ki, MDU-nun dig\u0259r iki t\u0259l\u0259b\u0259si 2019\/2020-ci t\u0259dris ilinin pay\u0131z semestrind\u0259 \u0130spaniyan\u0131n s&ouml;z&uuml;ged\u0259n universitetind\u0259 akademik m&uuml;badil\u0259d\u0259 i\u015ftirak edibl\u0259r.<\/span><\/p>\n<p>{phocagallery view=category|categoryid=316|limitstart=0|limitcount=0}<\/p>","protected":false},"excerpt":{"rendered":"<p>Ming\u0259&ccedil;evir D&ouml;vl\u0259t Universitetinin t\u0259l\u0259b\u0259l\u0259ri Erasmus+ proqram\u0131 &ccedil;\u0259r&ccedil;iv\u0259sind\u0259 \u0130spaniyada t\u0259hsil alacaqlar &nbsp; Ming\u0259&ccedil;evir D&ouml;vl\u0259t Universitetinin rektoru \u015eahin Bayramov Avropa Komissiyas\u0131n\u0131n &ldquo;Erasmus+&rdquo; proqram\u0131 &ccedil;\u0259r&ccedil;iv\u0259sind\u0259 \u0130spaniya Krall\u0131\u011f\u0131n\u0131n Vallodolid Unversitetind\u0259 t\u0259hsil almaq h&uuml;ququ qazanm\u0131\u015f t\u0259l\u0259b\u0259l\u0259rl\u0259 g&ouml;r&uuml;\u015f&uuml;b. Haz\u0131rda beyn\u0259lxalq t\u0259l\u0259b\u0259 v\u0259 m&uuml;\u0259llim m&uuml;badil\u0259sinin x&uuml;susi &ouml;n\u0259m da\u015f\u0131\u011f\u0131d\u0131\u011f\u0131n\u0131 vur\u011fulayan \u015e.Bayramov MDU-da xarici universitetl\u0259rl\u0259 \u0259m\u0259kda\u015fl\u0131\u011f\u0131n inki\u015faf\u0131na x&uuml;susi diqq\u0259t yetirildiyini bildirib. \u015e.Bayramov 2019\/2020-ci t\u0259dris [&hellip;]<\/p>\n","protected":false},"author":1,"featured_media":0,"comment_status":"open","ping_status":"open","sticky":false,"template":"","format":"standard","meta":{"_eb_attr":"","ocean_post_layout":"","ocean_both_sidebars_style":"","ocean_both_sidebars_content_width":0,"ocean_both_sidebars_sidebars_width":0,"ocean_sidebar":"","ocean_second_sidebar":"","ocean_disable_margins":"enable","ocean_add_body_class":"","ocean_shortcode_before_top_bar":"","ocean_shortcode_after_top_bar":"","ocean_shortcode_before_header":"","ocean_shortcode_after_header":"","ocean_has_shortcode":"","ocean_shortcode_after_title":"","ocean_shortcode_before_footer_widgets":"","ocean_shortcode_after_footer_widgets":"","ocean_shortcode_before_footer_bottom":"","ocean_shortcode_after_footer_bottom":"","ocean_display_top_bar":"default","ocean_display_header":"default","ocean_header_style":"","ocean_center_header_left_menu":"","ocean_custom_header_template":"","ocean_custom_logo":0,"ocean_custom_retina_logo":0,"ocean_custom_logo_max_width":0,"ocean_custom_logo_tablet_max_width":0,"ocean_custom_logo_mobile_max_width":0,"ocean_custom_logo_max_height":0,"ocean_custom_logo_tablet_max_height":0,"ocean_custom_logo_mobile_max_height":0,"ocean_header_custom_menu":"","ocean_menu_typo_font_family":"","ocean_menu_typo_font_subset":"","ocean_menu_typo_font_size":0,"ocean_menu_typo_font_size_tablet":0,"ocean_menu_typo_font_size_mobile":0,"ocean_menu_typo_font_size_unit":"px","ocean_menu_typo_font_weight":"","ocean_menu_typo_font_weight_tablet":"","ocean_menu_typo_font_weight_mobile":"","ocean_menu_typo_transform":"","ocean_menu_typo_transform_tablet":"","ocean_menu_typo_transform_mobile":"","ocean_menu_typo_line_height":0,"ocean_menu_typo_line_height_tablet":0,"ocean_menu_typo_line_height_mobile":0,"ocean_menu_typo_line_height_unit":"","ocean_menu_typo_spacing":0,"ocean_menu_typo_spacing_tablet":0,"ocean_menu_typo_spacing_mobile":0,"ocean_menu_typo_spacing_unit":"","ocean_menu_link_color":"","ocean_menu_link_color_hover":"","ocean_menu_link_color_active":"","ocean_menu_link_background":"","ocean_menu_link_hover_background":"","ocean_menu_link_active_background":"","ocean_menu_social_links_bg":"","ocean_menu_social_hover_links_bg":"","ocean_menu_social_links_color":"","ocean_menu_social_hover_links_color":"","ocean_disable_title":"default","ocean_disable_heading":"default","ocean_post_title":"","ocean_post_subheading":"","ocean_post_title_style":"","ocean_post_title_background_color":"","ocean_post_title_background":0,"ocean_post_title_bg_image_position":"","ocean_post_title_bg_image_attachment":"","ocean_post_title_bg_image_repeat":"","ocean_post_title_bg_image_size":"","ocean_post_title_height":0,"ocean_post_title_bg_overlay":0.5,"ocean_post_title_bg_overlay_color":"","ocean_disable_breadcrumbs":"default","ocean_breadcrumbs_color":"","ocean_breadcrumbs_separator_color":"","ocean_breadcrumbs_links_color":"","ocean_breadcrumbs_links_hover_color":"","ocean_display_footer_widgets":"default","ocean_display_footer_bottom":"default","ocean_custom_footer_template":"","ocean_post_oembed":"","ocean_post_self_hosted_media":"","ocean_post_video_embed":"","ocean_link_format":"","ocean_link_format_target":"self","ocean_quote_format":"","ocean_quote_format_link":"post","ocean_gallery_link_images":"on","ocean_gallery_id":[],"footnotes":""},"categories":[63],"tags":[],"class_list":["post-15110","post","type-post","status-publish","format-standard","hentry","category-khaebaerlaer-az","entry"],"_links":{"self":[{"href":"https:\/\/mdu.edu.az\/en\/wp-json\/wp\/v2\/posts\/15110","targetHints":{"allow":["GET"]}}],"collection":[{"href":"https:\/\/mdu.edu.az\/en\/wp-json\/wp\/v2\/posts"}],"about":[{"href":"https:\/\/mdu.edu.az\/en\/wp-json\/wp\/v2\/types\/post"}],"author":[{"embeddable":true,"href":"https:\/\/mdu.edu.az\/en\/wp-json\/wp\/v2\/users\/1"}],"replies":[{"embeddable":true,"href":"https:\/\/mdu.edu.az\/en\/wp-json\/wp\/v2\/comments?post=15110"}],"version-history":[{"count":0,"href":"https:\/\/mdu.edu.az\/en\/wp-json\/wp\/v2\/posts\/15110\/revisions"}],"wp:attachment":[{"href":"https:\/\/mdu.edu.az\/en\/wp-json\/wp\/v2\/media?parent=15110"}],"wp:term":[{"taxonomy":"category","embeddable":true,"href":"https:\/\/mdu.edu.az\/en\/wp-json\/wp\/v2\/categories?post=15110"},{"taxonomy":"post_tag","embeddable":true,"href":"https:\/\/mdu.edu.az\/en\/wp-json\/wp\/v2\/tags?post=15110"}],"curies":[{"name":"wp","href":"https:\/\/api.w.org\/{rel}","templated":true}]}}