{"id":15113,"date":"2020-02-17T15:50:17","date_gmt":"2020-02-17T12:50:17","guid":{"rendered":"https:\/\/mdu.edu.az\/minzh-evir-d-vl-t-universitetinin-t-l-b-l-ri-bak-d-vl-t-universitetind-t-hsil-aladzazhlar\/"},"modified":"2020-02-17T15:50:17","modified_gmt":"2020-02-17T12:50:17","slug":"minzh-evir-d-vl-t-universitetinin-t-l-b-l-ri-bak-d-vl-t-universitetind-t-hsil-aladzazhlar","status":"publish","type":"post","link":"https:\/\/mdu.edu.az\/en\/minzh-evir-d-vl-t-universitetinin-t-l-b-l-ri-bak-d-vl-t-universitetind-t-hsil-aladzazhlar\/","title":{"rendered":"Ming\u0259\u00e7evir D\u00f6vl\u0259t Universitetinin t\u0259l\u0259b\u0259l\u0259ri  Bak\u0131 D\u00f6vl\u0259t Universitetind\u0259 t\u0259hsil alacaqlar"},"content":{"rendered":"<p style=\"margin-bottom: 0.0001pt; text-align: center; line-height: 150%;\"><b><span style=\"font-size: 14pt; line-height: 150%; font-family: 'Times New Roman'; color: blue;\">Ming\u0259&ccedil;evir D&ouml;vl\u0259t Universitetinin t\u0259l\u0259b\u0259l\u0259ri <\/span><\/b><\/p>\n<p style=\"margin-bottom: 0.0001pt; text-align: center; line-height: 150%;\"><b><span style=\"font-size: 14pt; line-height: 150%; font-family: 'Times New Roman'; color: blue;\">Bak\u0131 D&ouml;vl\u0259t Universitetind\u0259 t\u0259hsil alacaqlar<\/span><\/b><\/p>\n<p>&nbsp;<\/p>\n<p style=\"margin-bottom: 0.0001pt; text-align: justify; text-indent: 26.95pt; line-height: 15pt;\"><span style=\"font-size: 12pt; font-family: 'Times New Roman'; color: #000000;\">Ming\u0259&ccedil;evir D&ouml;vl\u0259t Universitetinin (MDU) iki t\u0259l\u0259b\u0259si 2019\/2020-ci t\u0259dris ilinin yaz semestrind\u0259 Bak\u0131 D&ouml;vl\u0259t Universitetind\u0259 (BDU) t\u0259hsil alma\u011fa ba\u015flay\u0131b. T\u0259l\u0259b\u0259 m&uuml;badil\u0259si iki universitet aras\u0131nda 2019-cu ilin 30 sentyabr tarixind\u0259 imzalanm\u0131\u015f \u0259m\u0259kda\u015fl\u0131q haqq\u0131nda protokol say\u0259sind\u0259 m&uuml;mk&uuml;n olub. M&uuml;badil\u0259d\u0259 i\u015ftirak &uuml;&ccedil;&uuml;n t\u0259l\u0259b\u0259 se&ccedil;imi zaman\u0131 y&uuml;ks\u0259k akademik nailiyy\u0259tl\u0259r, MDU-nun ictimai h\u0259yat\u0131nda f\u0259al i\u015ftirak v\u0259 dig\u0259r bu kimi meyarlar \u0259sas g&ouml;t&uuml;r&uuml;l&uuml;b.<\/span><\/p>\n<p style=\"margin-bottom: 0.0001pt; text-align: justify; text-indent: 26.95pt; line-height: 15pt;\"><span style=\"font-size: 12pt; font-family: 'Times New Roman'; color: #000000;\">MDU-nun &ldquo;Az\u0259rbaycan dili v\u0259 \u0259d\u0259biyyat\u0131 m&uuml;\u0259llimliyi&rdquo; ixtisas\u0131 &uuml;zr\u0259 III kurs t\u0259l\u0259b\u0259l\u0259ri S\u0259bin\u0259 Rzayeva v\u0259 Aytac \u018fdilova 2020-ci ilin 17 fevral tarixind\u0259 BDU-da d\u0259rsl\u0259r\u0259 start veribl\u0259r.<\/span><\/p>\n<p style=\"margin-bottom: 0.0001pt; text-align: justify; text-indent: 26.95pt; line-height: 15pt;\"><span style=\"font-size: 12pt; font-family: 'Times New Roman'; color: #000000;\">Cari ilin 14 fevral tarixind\u0259 MDU-nun rektoru \u015eahin Bayramov m&uuml;badil\u0259 &uuml;&ccedil;&uuml;n se&ccedil;ilmi\u015f h\u0259r iki t\u0259l\u0259b\u0259 v\u0259 onlar\u0131n valideynl\u0259ri il\u0259 g&ouml;r&uuml;\u015f&uuml;b. Milli ali t\u0259hsilimizin flaqman\u0131, &ccedil;oxminli professor-m&uuml;\u0259llim hey\u0259tinin c\u0259ml\u0259\u015fdiyi elm m\u0259b\u0259di v\u0259 Az\u0259rbaycan ali t\u0259hsilinin &uuml;mumi m\u0259nz\u0259r\u0259sini m&uuml;\u0259yy\u0259n ed\u0259n apar\u0131c\u0131 ali t\u0259hsil ocaqlar\u0131ndan biri olan 100 ya\u015fl\u0131 BDU-da t\u0259hsil alacaq t\u0259l\u0259b\u0259l\u0259ri t\u0259brik ed\u0259n \u015e.Bayramov onlara u\u011furlar arzulay\u0131b. H\u0259r iki t\u0259l\u0259b\u0259nin m&uuml;badil\u0259 m&uuml;dd\u0259tind\u0259 MDU-nu layiqinc\u0259 t\u0259msil ed\u0259c\u0259yin\u0259 \u0259minliyini bildir\u0259n \u015e.Bayramov onlar\u0131n iki universitet aras\u0131ndak\u0131 \u0259m\u0259kda\u015fl\u0131\u011f\u0131n g\u0259l\u0259c\u0259k inki\u015faf\u0131na m&uuml;h&uuml;m t&ouml;hf\u0259l\u0259r ver\u0259 bil\u0259c\u0259kl\u0259rini vur\u011fulay\u0131b.<\/span><\/p>\n<p style=\"margin-bottom: 0.0001pt; text-align: justify; text-indent: 26.95pt; line-height: 15pt;\"><span style=\"font-size: 12pt; font-family: 'Times New Roman'; color: #000000;\">BDU-da t\u0259hsil almaq imkan\u0131n\u0131n yarad\u0131lmas\u0131na g&ouml;r\u0259 t\u0259\u015f\u0259kk&uuml;r ed\u0259n t\u0259l\u0259b\u0259l\u0259r v\u0259 onlar\u0131n valideynl\u0259ri g&ouml;st\u0259ril\u0259n etimad\u0131 do\u011frultma\u011fa v\u0259 m&uuml;badil\u0259 d&ouml;vr&uuml;nd\u0259 y&uuml;ks\u0259k akademik nailiyy\u0259tl\u0259r qazanma\u011fa &ccedil;al\u0131\u015facaqlar\u0131n\u0131 bildiribl\u0259r.<\/span><\/p>\n<p style=\"margin-bottom: 0.0001pt; text-align: justify; text-indent: 26.95pt; line-height: 15pt;\"><span style=\"font-size: 12pt; font-family: 'Times New Roman'; color: #000000;\">Qeyd ed\u0259k ki, MDU t\u0259drisin keyfiyy\u0259tinin y&uuml;ks\u0259ldilm\u0259si v\u0259 universitetin Az\u0259rbaycan ali t\u0259hsilinin &uuml;mumi x\u0259rit\u0259sind\u0259ki m&ouml;vqeyinin g&uuml;cl\u0259ndirilm\u0259sini h\u0259d\u0259fl\u0259y\u0259n f\u0259aliyy\u0259tind\u0259 dig\u0259r t\u0259r\u0259fda\u015flarla yana\u015f\u0131, BDU il\u0259 \u0259m\u0259kda\u015fl\u0131\u011fa v\u0259 bir \u0259srlik tarixi olan bu ali t\u0259hsil m&uuml;\u0259ssis\u0259sinin t\u0259cr&uuml;b\u0259sind\u0259n faydalanma\u011fa x&uuml;susi &ouml;n\u0259m verir.<\/span><\/p>\n<p style=\"margin-bottom: 0.0001pt; text-align: justify; text-indent: 26.95pt; line-height: 15pt;\"><span style=\"font-size: 12pt; font-family: 'Times New Roman'; color: #000000;\">Bu bax\u0131mdan, 2019-cu ild\u0259 BDU-nun MDU-da ke&ccedil;iril\u0259n yubiley t\u0259dbiri &ccedil;\u0259r&ccedil;iv\u0259sind\u0259 imzalanm\u0131\u015f \u0259m\u0259kda\u015fl\u0131q haqq\u0131nda protokol iki universitet aras\u0131nda t\u0259l\u0259b\u0259 m&uuml;badil\u0259si, kreditl\u0259rin tan\u0131nmas\u0131, m&uuml;\u0259lliml\u0259rin ixtisaslar\u0131n\u0131n art\u0131r\u0131lmas\u0131, t\u0259dqiqat metodlar\u0131 &uuml;zr\u0259 t\u0259cr&uuml;b\u0259 m&uuml;badil\u0259si, ortaq elmi t\u0259dqiqatlar\u0131n apar\u0131lmas\u0131, birg\u0259 elmi konfranslar\u0131n t\u0259\u015fkili, beyn\u0259lxalq layih\u0259l\u0259rd\u0259 i\u015ftirak v\u0259 dig\u0259r sah\u0259l\u0259rd\u0259 \u0259m\u0259kda\u015fl\u0131\u011f\u0131n yarad\u0131lmas\u0131n\u0131 n\u0259z\u0259rd\u0259 tutur.<\/span><\/p>\n<p>&nbsp;<\/p>\n<p>{phocagallery view=category|categoryid=317|limitstart=0|limitcount=0}<\/p>","protected":false},"excerpt":{"rendered":"<p>Ming\u0259&ccedil;evir D&ouml;vl\u0259t Universitetinin t\u0259l\u0259b\u0259l\u0259ri Bak\u0131 D&ouml;vl\u0259t Universitetind\u0259 t\u0259hsil alacaqlar &nbsp; Ming\u0259&ccedil;evir D&ouml;vl\u0259t Universitetinin (MDU) iki t\u0259l\u0259b\u0259si 2019\/2020-ci t\u0259dris ilinin yaz semestrind\u0259 Bak\u0131 D&ouml;vl\u0259t Universitetind\u0259 (BDU) t\u0259hsil alma\u011fa ba\u015flay\u0131b. T\u0259l\u0259b\u0259 m&uuml;badil\u0259si iki universitet aras\u0131nda 2019-cu ilin 30 sentyabr tarixind\u0259 imzalanm\u0131\u015f \u0259m\u0259kda\u015fl\u0131q haqq\u0131nda protokol say\u0259sind\u0259 m&uuml;mk&uuml;n olub. M&uuml;badil\u0259d\u0259 i\u015ftirak &uuml;&ccedil;&uuml;n t\u0259l\u0259b\u0259 se&ccedil;imi zaman\u0131 y&uuml;ks\u0259k akademik nailiyy\u0259tl\u0259r, MDU-nun [&hellip;]<\/p>\n","protected":false},"author":1,"featured_media":0,"comment_status":"open","ping_status":"open","sticky":false,"template":"","format":"standard","meta":{"_eb_attr":"","ocean_post_layout":"","ocean_both_sidebars_style":"","ocean_both_sidebars_content_width":0,"ocean_both_sidebars_sidebars_width":0,"ocean_sidebar":"","ocean_second_sidebar":"","ocean_disable_margins":"enable","ocean_add_body_class":"","ocean_shortcode_before_top_bar":"","ocean_shortcode_after_top_bar":"","ocean_shortcode_before_header":"","ocean_shortcode_after_header":"","ocean_has_shortcode":"","ocean_shortcode_after_title":"","ocean_shortcode_before_footer_widgets":"","ocean_shortcode_after_footer_widgets":"","ocean_shortcode_before_footer_bottom":"","ocean_shortcode_after_footer_bottom":"","ocean_display_top_bar":"default","ocean_display_header":"default","ocean_header_style":"","ocean_center_header_left_menu":"","ocean_custom_header_template":"","ocean_custom_logo":0,"ocean_custom_retina_logo":0,"ocean_custom_logo_max_width":0,"ocean_custom_logo_tablet_max_width":0,"ocean_custom_logo_mobile_max_width":0,"ocean_custom_logo_max_height":0,"ocean_custom_logo_tablet_max_height":0,"ocean_custom_logo_mobile_max_height":0,"ocean_header_custom_menu":"","ocean_menu_typo_font_family":"","ocean_menu_typo_font_subset":"","ocean_menu_typo_font_size":0,"ocean_menu_typo_font_size_tablet":0,"ocean_menu_typo_font_size_mobile":0,"ocean_menu_typo_font_size_unit":"px","ocean_menu_typo_font_weight":"","ocean_menu_typo_font_weight_tablet":"","ocean_menu_typo_font_weight_mobile":"","ocean_menu_typo_transform":"","ocean_menu_typo_transform_tablet":"","ocean_menu_typo_transform_mobile":"","ocean_menu_typo_line_height":0,"ocean_menu_typo_line_height_tablet":0,"ocean_menu_typo_line_height_mobile":0,"ocean_menu_typo_line_height_unit":"","ocean_menu_typo_spacing":0,"ocean_menu_typo_spacing_tablet":0,"ocean_menu_typo_spacing_mobile":0,"ocean_menu_typo_spacing_unit":"","ocean_menu_link_color":"","ocean_menu_link_color_hover":"","ocean_menu_link_color_active":"","ocean_menu_link_background":"","ocean_menu_link_hover_background":"","ocean_menu_link_active_background":"","ocean_menu_social_links_bg":"","ocean_menu_social_hover_links_bg":"","ocean_menu_social_links_color":"","ocean_menu_social_hover_links_color":"","ocean_disable_title":"default","ocean_disable_heading":"default","ocean_post_title":"","ocean_post_subheading":"","ocean_post_title_style":"","ocean_post_title_background_color":"","ocean_post_title_background":0,"ocean_post_title_bg_image_position":"","ocean_post_title_bg_image_attachment":"","ocean_post_title_bg_image_repeat":"","ocean_post_title_bg_image_size":"","ocean_post_title_height":0,"ocean_post_title_bg_overlay":0.5,"ocean_post_title_bg_overlay_color":"","ocean_disable_breadcrumbs":"default","ocean_breadcrumbs_color":"","ocean_breadcrumbs_separator_color":"","ocean_breadcrumbs_links_color":"","ocean_breadcrumbs_links_hover_color":"","ocean_display_footer_widgets":"default","ocean_display_footer_bottom":"default","ocean_custom_footer_template":"","ocean_post_oembed":"","ocean_post_self_hosted_media":"","ocean_post_video_embed":"","ocean_link_format":"","ocean_link_format_target":"self","ocean_quote_format":"","ocean_quote_format_link":"post","ocean_gallery_link_images":"on","ocean_gallery_id":[],"footnotes":""},"categories":[63],"tags":[],"class_list":["post-15113","post","type-post","status-publish","format-standard","hentry","category-khaebaerlaer-az","entry"],"_links":{"self":[{"href":"https:\/\/mdu.edu.az\/en\/wp-json\/wp\/v2\/posts\/15113","targetHints":{"allow":["GET"]}}],"collection":[{"href":"https:\/\/mdu.edu.az\/en\/wp-json\/wp\/v2\/posts"}],"about":[{"href":"https:\/\/mdu.edu.az\/en\/wp-json\/wp\/v2\/types\/post"}],"author":[{"embeddable":true,"href":"https:\/\/mdu.edu.az\/en\/wp-json\/wp\/v2\/users\/1"}],"replies":[{"embeddable":true,"href":"https:\/\/mdu.edu.az\/en\/wp-json\/wp\/v2\/comments?post=15113"}],"version-history":[{"count":0,"href":"https:\/\/mdu.edu.az\/en\/wp-json\/wp\/v2\/posts\/15113\/revisions"}],"wp:attachment":[{"href":"https:\/\/mdu.edu.az\/en\/wp-json\/wp\/v2\/media?parent=15113"}],"wp:term":[{"taxonomy":"category","embeddable":true,"href":"https:\/\/mdu.edu.az\/en\/wp-json\/wp\/v2\/categories?post=15113"},{"taxonomy":"post_tag","embeddable":true,"href":"https:\/\/mdu.edu.az\/en\/wp-json\/wp\/v2\/tags?post=15113"}],"curies":[{"name":"wp","href":"https:\/\/api.w.org\/{rel}","templated":true}]}}