{"id":15163,"date":"2020-04-01T11:34:32","date_gmt":"2020-04-01T08:34:32","guid":{"rendered":"https:\/\/mdu.edu.az\/rektor-ahin-bayramovun-azedu-t-hsil-portal-na-m-sahib-si\/"},"modified":"2020-04-01T11:34:32","modified_gmt":"2020-04-01T08:34:32","slug":"rektor-ahin-bayramovun-azedu-t-hsil-portal-na-m-sahib-si","status":"publish","type":"post","link":"https:\/\/mdu.edu.az\/en\/rektor-ahin-bayramovun-azedu-t-hsil-portal-na-m-sahib-si\/","title":{"rendered":"Rektor \u015eahin Bayramovun \u201cAzEdu.az\u201d t\u0259hsil portal\u0131na m\u00fcsahib\u0259si"},"content":{"rendered":"<p style=\"margin-bottom: 0.0001pt; text-align: center;\"><b><span style=\"font-size: 14pt; font-family: 'Times New Roman', 'serif'; color: #2e75b6;\">Ming\u0259&ccedil;evir D&ouml;vl\u0259t Universitetinin rektoru \u015eahin Bayramov <\/span><\/b><\/p>\n<p style=\"margin-bottom: 0.0001pt; text-align: center;\"><b><span style=\"font-size: 14pt; font-family: 'Times New Roman', 'serif'; color: #2e75b6;\">&ldquo;AzEdu.az&rdquo; t\u0259hsil portal\u0131na m&uuml;sahib\u0259 verib<\/span><\/b><\/p>\n<p style=\"margin-bottom: 0.0001pt;\"><b><span style=\"font-size: 14pt; font-family: 'Times New Roman', 'serif'; color: #2e75b6;\"><\/span><\/b><\/p>\n<p>&nbsp;<\/p>\n<p style=\"margin-bottom: 0.0001pt; text-align: justify; text-indent: 1cm; line-height: 15pt;\"><span style=\"font-size: 12pt; font-family: 'Times New Roman', 'serif'; color: #000000;\">M&uuml;sahib\u0259nin m\u0259tnini t\u0259qdim edirik:<\/span><\/p>\n<p style=\"margin-bottom: 0.0001pt; text-align: justify; text-indent: 1cm; line-height: 15pt;\"><span style=\"color: #000000;\"><strong><span style=\"font-size: 12pt;\">&#8211; <\/span><\/strong><em><b><span style=\"font-size: 12pt;\">Koronavirusla m&uuml;bariz\u0259 apard\u0131\u011f\u0131m\u0131z bu g&uuml;nl\u0259rd\u0259 Ming\u0259&ccedil;evir D&ouml;vl\u0259t Universiteti &ouml;z f\u0259aliyy\u0259tini nec\u0259 qurur?<\/span><\/b><\/em><\/span><\/p>\n<p style=\"margin-bottom: 0.0001pt; text-align: justify; text-indent: 1cm; line-height: 15pt;\"><span style=\"color: #000000;\"><span style=\"font-size: 12pt; font-family: 'Times New Roman', 'serif';\">&#8211; <\/span><span style=\"font-size: 12pt; font-family: 'Times New Roman', 'serif';\">\u0130lk n&ouml;vb\u0259d\u0259, Az\u0259rbaycan Respublikas\u0131n\u0131n Prezidenti c\u0259nab \u0130lham \u018fliyevin birba\u015fa r\u0259hb\u0259rliyi il\u0259 qlobal pandemiyaya qar\u015f\u0131 m&uuml;bariz\u0259 sah\u0259sind\u0259 &ouml;lk\u0259mizd\u0259 sistemli \u015f\u0259kild\u0259 h\u0259yata ke&ccedil;iril\u0259n qabaqlay\u0131c\u0131 v\u0259 preventiv t\u0259dbirl\u0259ri qeyd etm\u0259k laz\u0131md\u0131r. M&uuml;sb\u0259t hald\u0131r ki, Az\u0259rbaycan virusun yay\u0131lmas\u0131n\u0131n qar\u015f\u0131s\u0131n\u0131n al\u0131nmas\u0131, infeksiyan\u0131n milli iqtisadiyyata m&uuml;mk&uuml;n m\u0259nfi t\u0259sirl\u0259rinin minimuma endirilm\u0259si, \u0259n \u0259sas\u0131 is\u0259 m&ouml;vcud durumda v\u0259t\u0259nda\u015flar\u0131n sa\u011flaml\u0131\u011f\u0131n\u0131n v\u0259 sosial rifah\u0131n\u0131n qorunmas\u0131 istiqam\u0259tind\u0259 at\u0131lan davaml\u0131 add\u0131mlar\u0131n m\u0259zmununa, miqyas\u0131na v\u0259 t\u0259sir g&uuml;c&uuml;n\u0259 g&ouml;r\u0259 \u0259ks\u0259r d&uuml;nya &ouml;lk\u0259l\u0259rini qabaqlay\u0131r. D&ouml;vl\u0259timizin ba\u015f&ccedil;\u0131s\u0131n\u0131n &ldquo;Koronavirus (COVID-19) pandemiyas\u0131n\u0131n v\u0259 bundan ir\u0259li g\u0259l\u0259r\u0259k d&uuml;nya enerji v\u0259 s\u0259hm bazarlar\u0131nda ba\u015f ver\u0259n k\u0259skin dal\u011falanmalar\u0131n Az\u0259rbaycan Respublikas\u0131n\u0131n iqtisadiyyat\u0131na, makroiqtisadi sabitliy\u0259, &ouml;lk\u0259d\u0259 m\u0259\u015f\u011fulluq m\u0259s\u0259l\u0259l\u0259rin\u0259 v\u0259 sahibkarl\u0131q subyektl\u0259rin\u0259 m\u0259nfi t\u0259sirinin azald\u0131lmas\u0131 il\u0259 ba\u011fl\u0131 bir s\u0131ra t\u0259dbirl\u0259r haqq\u0131nda&rdquo; S\u0259r\u0259ncam\u0131n\u0131 v\u0259 bu m\u0259qs\u0259dl\u0259 bir milyard manat v\u0259saitin ayr\u0131lmas\u0131n\u0131 x&uuml;susi vur\u011fulamq laz\u0131md\u0131r.<\/span><\/span><\/p>\n<p style=\"margin-bottom: 0.0001pt; text-align: justify; text-indent: 1cm; line-height: 15pt;\"><span style=\"font-size: 12pt; font-family: 'Times New Roman', 'serif'; color: #000000;\">Milli ali t\u0259hsilimizin t\u0259rkib hiss\u0259si olaraq, Ming\u0259&ccedil;evir D&ouml;vl\u0259t Universiteti (MDU) d\u0259 &ouml;z f\u0259aliyy\u0259tini koronavirusa (COVID-19) qar\u015f\u0131 ham\u0131l\u0131qla m&uuml;bariz\u0259 apard\u0131\u011f\u0131m\u0131z m&ouml;vcud \u015f\u0259raitd\u0259n ir\u0259li g\u0259l\u0259n t\u0259l\u0259bl\u0259r &ccedil;\u0259r&ccedil;iv\u0259sind\u0259 qurma\u011fa &ccedil;al\u0131\u015f\u0131r. Az\u0259rbaycan Respublikas\u0131n\u0131n Nazirl\u0259r Kabinetinin &ouml;lk\u0259 \u0259razisind\u0259 f\u0259aliyy\u0259t g&ouml;st\u0259r\u0259n b&uuml;t&uuml;n t\u0259hsil m&uuml;\u0259ssis\u0259l\u0259rind\u0259 t\u0259dris v\u0259 t\u0259lim-t\u0259rbiy\u0259 prosesinin dayand\u0131r\u0131lmas\u0131 bar\u0259d\u0259 m&uuml;vafiq s\u0259r\u0259ncam\u0131 verildiyi ilk g&uuml;nd\u0259n etibar\u0259n MDU-da b&uuml;t&uuml;n k&uuml;tl\u0259vi t\u0259dbirl\u0259rin \u0259n\u0259n\u0259vi formada ke&ccedil;irilm\u0259si dayand\u0131r\u0131l\u0131b.<\/span><\/p>\n<p style=\"margin-bottom: 0.0001pt; text-align: justify; text-indent: 1cm; line-height: 15pt;\"><span style=\"font-size: 12pt; font-family: 'Times New Roman', 'serif'; color: #000000;\">Bu d&ouml;vr \u0259rzind\u0259 &Uuml;mumd&uuml;nya S\u0259hiyy\u0259 T\u0259\u015fkilat\u0131n\u0131n v\u0259 Az\u0259rbaycan Respublikas\u0131 Nazirl\u0259r Kabineti yan\u0131nda Operativ Q\u0259rargah\u0131n t\u0259l\u0259b v\u0259 t&ouml;vsiy\u0259l\u0259rin\u0259 ciddi riay\u0259t edilm\u0259sinin vacibliyi bar\u0259d\u0259 MDU-nun t\u0259l\u0259b\u0259, professor-m&uuml;\u0259llim v\u0259 inzibati-texniki hey\u0259t &uuml;zvl\u0259ri aras\u0131nda davaml\u0131 maarifl\u0259ndirm\u0259 i\u015fl\u0259ri apar\u0131l\u0131r. Bu m\u0259qs\u0259dl\u0259, koronavirus infeksiyas\u0131n\u0131n \u0259lam\u0259tl\u0259ri, ondan qorunma\u011f\u0131n yollar\u0131, \u015f\u0259xsi gigiyena, ciddi z\u0259rur\u0259t olmad\u0131\u011f\u0131 hallarda evd\u0259n &ccedil;\u0131xmamaq v\u0259 dig\u0259r &ouml;n\u0259mli m\u0259s\u0259l\u0259l\u0259r bar\u0259d\u0259 m&uuml;t\u0259madi olaraq universitetin sayt\u0131nda v\u0259 sosial \u015f\u0259b\u0259k\u0259l\u0259rd\u0259 payla\u015f\u0131mlar edirik. Eyni zamanda, Az\u0259rbaycan Respublikas\u0131 Nazirl\u0259r Kabineti yan\u0131nda Operativ Q\u0259rargah t\u0259r\u0259find\u0259n veril\u0259n q\u0259rarlar\u0131 v\u0259 r\u0259smi m\u0259lumat\u0131 g&uuml;nd\u0259lik \u0259saslarla kollektivin b&uuml;t&uuml;n &uuml;zvl\u0259rin\u0259 &ccedil;atd\u0131rma\u011fa &ccedil;al\u0131\u015f\u0131r\u0131q.<\/span><\/p>\n<p style=\"margin-bottom: 0.0001pt; text-align: justify; text-indent: 1cm; line-height: 15pt;\"><span style=\"font-size: 12pt; font-family: 'Times New Roman', 'serif'; color: #000000;\">&nbsp;Bundan ba\u015fqa, mart ay\u0131 \u0259rzind\u0259 MDU-nun b&uuml;t&uuml;n t\u0259dris binalar\u0131nda, h\u0259y\u0259tyan\u0131 \u0259razil\u0259rd\u0259, d\u0259hlizl\u0259rd\u0259, auditoriya v\u0259 laboratoriyalarda, inzibati otaqlarda, idman zal\u0131nda, kitabxanalarda, sanitar qov\u015faqlarda v\u0259 dig\u0259r k&ouml;m\u0259k&ccedil;i tikilil\u0259rd\u0259 bir ne&ccedil;\u0259 d\u0259f\u0259 tibbi-profilaktik v\u0259 dezinfeksiya i\u015fl\u0259ri apar\u0131l\u0131b. F&uuml;rs\u0259td\u0259n istifad\u0259 ed\u0259r\u0259k, universitetd\u0259 davaml\u0131 tibbi-profilaktik i\u015fl\u0259rin apar\u0131lmas\u0131nda f\u0259al i\u015ftiraka g&ouml;r\u0259 Ming\u0259&ccedil;evir \u015f\u0259h\u0259r &nbsp;Dezinfeksiya Stansiyas\u0131n\u0131n&nbsp;\u0259m\u0259kda\u015flar\u0131na t\u0259\u015f\u0259kk&uuml;r&uuml;m&uuml;z&uuml; bildiririk.<\/span><\/p>\n<p style=\"margin-top: 0cm; margin-right: 0cm; margin-bottom: 0.0001pt; text-align: justify; text-indent: 1cm; line-height: 15pt;\"><span style=\"color: #000000;\"><span style=\"font-size: 12pt; font-family: 'Times New Roman', 'serif';\">&#8211;<span style=\"font: 7pt 'Times New Roman';\">&nbsp; <\/span><\/span><em><b><span style=\"font-size: 12pt;\">&nbsp;M&ouml;vcud \u015f\u0259rtl\u0259r daxilind\u0259 MDU-da cari idar\u0259etm\u0259 nec\u0259 qurulub?<\/span><\/b><\/em><\/span><\/p>\n<p style=\"margin-bottom: 0.0001pt; text-align: justify; text-indent: 1cm; line-height: 15pt;\"><span style=\"color: #000000;\"><span style=\"font-size: 12pt; font-family: 'Times New Roman', 'serif';\">&#8211; Mart ay\u0131 \u0259rzind\u0259 MDU-da cari f\u0259aliyy\u0259timiz m\u0259saf\u0259d\u0259n idar\u0259etm\u0259 v\u0259 online kommunikasiya prinsipl\u0259ri &uuml;z\u0259rind\u0259 qurulub. <\/span><span style=\"font-size: 12pt; font-family: 'Times New Roman', 'serif';\">Bu m\u0259qs\u0259dl\u0259, m&uuml;asir informasiya-kommunikasiya texnologiyalar\u0131n\u0131n t\u0259qdim etdiyi b&uuml;t&uuml;n m&uuml;mk&uuml;n imkanlardan istifad\u0259 edirik. Bu yana\u015fma t\u0259dris, elm, maliyy\u0259, kadr v\u0259 dig\u0259r m\u0259s\u0259l\u0259l\u0259r &uuml;zr\u0259 f\u0259aliyy\u0259ti \u0259hat\u0259 etm\u0259kl\u0259 universitet idare\u0259etm\u0259sinin b&uuml;t&uuml;n h\u0259lq\u0259l\u0259rind\u0259 (rektorluq, dekanl\u0131qlar, kafedralar, \u015f&ouml;b\u0259l\u0259r v\u0259 s.) t\u0259tbiq olunur. N\u0259tic\u0259d\u0259, h\u0259m Az\u0259rbaycan Respublikas\u0131n\u0131n T\u0259hsil Nazirliyi t\u0259r\u0259find\u0259n f\u0259aliyy\u0259timizl\u0259 ba\u011fl\u0131 veril\u0259n q\u0259rar v\u0259 tap\u015f\u0131r\u0131qlar\u0131n vaxt\u0131nda icra edilm\u0259sind\u0259, h\u0259m d\u0259 universitet daxilind\u0259 &ccedil;evik kommunikasiyan\u0131n t\u0259min olunmas\u0131nda he&ccedil; bir &ccedil;\u0259tinlik yaranmay\u0131b.<\/span><\/span><\/p>\n<p style=\"margin-bottom: 0.0001pt; text-align: justify; text-indent: 1cm; line-height: 15pt;\"><span style=\"font-size: 12pt; font-family: 'Times New Roman', 'serif'; color: #000000;\">23 mart tarixind\u0259 universitetimizin tarixind\u0259 ilk d\u0259f\u0259 olaraq MDU Elmi \u015euras\u0131n\u0131n iclas\u0131 internet &uuml;z\u0259rind\u0259n online formatda ke&ccedil;irilib. \u018fn\u0259n\u0259vi formada ke&ccedil;iril\u0259n Elmi \u015eura iclaslar\u0131ndan he&ccedil; bir g&ouml;st\u0259riciy\u0259 g&ouml;r\u0259 geri qalmayan online iclasda koronavirusla m&uuml;bariz\u0259 istiqam\u0259tind\u0259 &ouml;lk\u0259mizd\u0259 h\u0259yata ke&ccedil;iril\u0259n t\u0259dbirl\u0259rd\u0259n ir\u0259li g\u0259l\u0259n v\u0259zif\u0259l\u0259r v\u0259 yaranm\u0131\u015f \u015f\u0259raitd\u0259 MDU-da t\u0259drisin t\u0259\u015fkili m\u0259s\u0259l\u0259l\u0259ri m&uuml;zakir\u0259 olunub.<\/span><\/p>\n<p style=\"margin-bottom: 0.0001pt; text-align: justify; text-indent: 1cm; line-height: 15pt;\"><span style=\"font-size: 12pt; font-family: 'Times New Roman', 'serif'; color: #000000;\">Cari f\u0259aliyy\u0259timizin normal qaydada t\u0259\u015fkilinin bariz n&uuml;mun\u0259si olaraq, 20 mart tarixin\u0259d\u0259k universitet \u0259m\u0259kda\u015flar\u0131n\u0131n mart ay\u0131 &uuml;&ccedil;&uuml;n \u0259m\u0259k haqlar\u0131n\u0131n, t\u0259l\u0259b\u0259l\u0259rin is\u0259 yanvar-fevral aylar\u0131 &uuml;&ccedil;&uuml;n t\u0259qa&uuml;dl\u0259rinin tam &ouml;d\u0259nilm\u0259si t\u0259min edilib. T\u0259l\u0259b\u0259l\u0259rin mart ay\u0131 &uuml;&ccedil;&uuml;n t\u0259qa&uuml;dl\u0259rinin yax\u0131n iki g&uuml;n \u0259rzind\u0259 &ouml;d\u0259nilm\u0259si n\u0259z\u0259rd\u0259 tutulub. Eyni zamanda, Novruz bayram\u0131 m&uuml;nasib\u0259til\u0259 universitetin b&uuml;t&uuml;n \u0259m\u0259kda\u015flar\u0131na bird\u0259f\u0259lik maddi yard\u0131m verilm\u0259si il\u0259 ba\u011fl\u0131 MDU rektorunun m&uuml;vafiq \u0259mri icra olunub v\u0259 s&ouml;z&uuml;ged\u0259n &ouml;d\u0259ni\u015fl\u0259r h\u0259yata ke&ccedil;irilib. \u018flav\u0259 olaraq qeyd edim ki, 2020-ci ilin birinci r&uuml;b&uuml;nd\u0259 universitet &uuml;zr\u0259 n\u0259z\u0259rd\u0259 tutulan b&uuml;t&uuml;n sosial, vergi, kommunal v\u0259 dig\u0259r &ouml;d\u0259ni\u015fl\u0259rin tam &ouml;d\u0259nilm\u0259si t\u0259min edilib.<\/span><\/p>\n<p style=\"margin-top: 0cm; margin-right: 0cm; margin-bottom: 0.0001pt; text-align: justify; text-indent: 1cm; line-height: 15pt;\"><span style=\"color: #000000;\"><span style=\"font-size: 12pt; font-family: 'Times New Roman', 'serif';\">&#8211;<span style=\"font: 7pt 'Times New Roman';\">&nbsp; <\/span><\/span><em><b><span style=\"font-size: 12pt;\">Haz\u0131rda MDU-da t\u0259dris prosesi nec\u0259 t\u0259\u015fkil olunur?<\/span><\/b><\/em><\/span><\/p>\n<p style=\"margin-top: 0cm; margin-right: 0cm; margin-bottom: 0.0001pt; text-align: justify; text-indent: 1cm; line-height: 15pt;\"><span style=\"color: #000000;\"><span style=\"font-size: 12pt; font-family: 'Times New Roman', 'serif';\">&#8211;<span style=\"font: 7pt 'Times New Roman';\">&nbsp; <\/span><\/span><span style=\"font-size: 12pt; font-family: 'Times New Roman', 'serif';\">M&ouml;vcud \u015f\u0259raitd\u0259 qar\u015f\u0131m\u0131za qoydu\u011fumuz \u0259sas v\u0259zif\u0259 t\u0259dris prosesind\u0259 davaml\u0131l\u0131\u011f\u0131n t\u0259min edilm\u0259sind\u0259n ibar\u0259tdir. M&ouml;vcud infrastruktur imkanlar\u0131 v\u0259 kadr potensial\u0131 n\u0259z\u0259r\u0259 al\u0131nmaqla, cari ilin 17 mart tarixind\u0259n etibar\u0259n MDU-da d\u0259rsl\u0259rin online v\u0259 offline rejimd\u0259 t\u0259\u015fkilin\u0259 start verilib. \u0130lkin m\u0259rh\u0259l\u0259d\u0259 &ldquo;ZOOM&rdquo; platformas\u0131 v\u0259 &ldquo;Videod\u0259rsl\u0259r&rdquo; kimi m\u0259saf\u0259d\u0259n t\u0259hsil texnologiyalar\u0131n\u0131n imkanlar\u0131ndan istifad\u0259 etm\u0259y\u0259 ba\u015flad\u0131q. H\u0259r iki metodun t\u0259tbiqi zaman\u0131 konkret m&ouml;vzular &uuml;zr\u0259 m&uuml;hazir\u0259 m\u0259tnl\u0259ri elektron po&ccedil;t vasit\u0259sil\u0259 d\u0259rsd\u0259n \u0259vv\u0259l t\u0259l\u0259b\u0259l\u0259r\u0259 g&ouml;nd\u0259rilir. Ba\u015fqa s&ouml;zl\u0259, t\u0259l\u0259b\u0259l\u0259r m&uuml;hazir\u0259 m\u0259tnl\u0259ri vasit\u0259sil\u0259 \u0259ld\u0259 etdikl\u0259ri bilik v\u0259 bacar\u0131qlar\u0131 &ldquo;ZOOM&rdquo; d\u0259rsl\u0259ri v\u0259 &ldquo;Videod\u0259rsl\u0259r&rdquo; yolu il\u0259 daha da g&uuml;cl\u0259ndirm\u0259k imkan\u0131 \u0259ld\u0259 edirl\u0259r.<\/span><\/span><\/p>\n<p style=\"margin-bottom: 0.0001pt; text-align: justify; text-indent: 1cm; line-height: 15pt;\"><span style=\"font-size: 12pt; font-family: 'Times New Roman', 'serif'; color: #000000;\">&nbsp;M\u0259saf\u0259d\u0259n t\u0259hsil sah\u0259sind\u0259 beyn\u0259lxalq t\u0259cr&uuml;b\u0259d\u0259 geni\u015f yay\u0131lm\u0131\u015f &ldquo;ZOOM&rdquo; platformas\u0131n\u0131n video-konferensiya al\u0259tinin t\u0259tbiqi il\u0259 m&uuml;\u0259llim v\u0259 t\u0259l\u0259b\u0259l\u0259r aras\u0131nda ba\u011flant\u0131 yarad\u0131r\u0131q. Video-konferensiya m&uuml;\u0259llim v\u0259 t\u0259l\u0259b\u0259l\u0259r aras\u0131nda g&ouml;r&uuml;nt&uuml;l&uuml; v\u0259 &ccedil;oxt\u0259r\u0259fli m&uuml;zakir\u0259l\u0259rin apar\u0131lmas\u0131na imkan verir. Online v\u0259 offline rejimd\u0259 f\u0259aliyy\u0259t g&ouml;st\u0259r\u0259n bu t\u0259tbiq t\u0259l\u0259b\u0259l\u0259r t\u0259r\u0259find\u0259n m&uuml;\u0259llim\u0259 h\u0259m \u015fifahi, h\u0259m d\u0259 yaz\u0131l\u0131 suallar\u0131n verilm\u0259sin\u0259 \u015f\u0259rait yarad\u0131r. H\u0259m komp&uuml;ter, h\u0259m d\u0259 mobil t\u0259tbiqinin olmas\u0131 t\u0259l\u0259b\u0259l\u0259rin bu sistem\u0259 qo\u015fulmas\u0131n\u0131 asanla\u015fd\u0131r\u0131r. D\u0259rsl\u0259r \u0259vv\u0259lc\u0259d\u0259n m&uuml;\u0259yy\u0259n edil\u0259n d\u0259rs c\u0259dv\u0259li \u0259sas\u0131nda t\u0259\u015fkil olunur.<\/span><\/p>\n<p style=\"margin-bottom: 0.0001pt; text-align: justify; text-indent: 1cm; line-height: 15pt;\"><span style=\"font-size: 12pt; font-family: 'Times New Roman', 'serif'; color: #000000;\">Q\u0131sa m&uuml;dd\u0259t \u0259rzind\u0259 t\u0259l\u0259b\u0259 v\u0259 m&uuml;\u0259lliml\u0259rimizin yax\u0131n dostuna &ccedil;evrilmi\u015f &ldquo;ZOOM&rdquo; platformas\u0131nda ke&ccedil;il\u0259n d\u0259rsl\u0259rin dekanlar, tyutorlar v\u0259 T\u0259dris \u015f&ouml;b\u0259si \u0259m\u0259kda\u015flar\u0131 t\u0259r\u0259find\u0259n monitorinqi h\u0259yata ke&ccedil;irilir. Bu vaxta q\u0259d\u0259r, &ldquo;ZOOM&rdquo; platformas\u0131nda 10 t\u0259qvim g&uuml;n&uuml; \u0259rzind\u0259 MDU &uuml;zr\u0259 107 f\u0259nn &uuml;zr\u0259 102 m&uuml;\u0259llim t\u0259r\u0259find\u0259n &uuml;mumilikd\u0259 219 d\u0259rs ke&ccedil;ilib. Ba\u015fqa s&ouml;zl\u0259, universitetin professor-m&uuml;\u0259llim hey\u0259tinin 60%-inin c\u0259lb olundu\u011fu &ldquo;ZOOM&rdquo; t\u0259drisind\u0259 g&uuml;nd\u0259lik orta hesabla 20 d\u0259rs t\u0259qdim olunub.<\/span><\/p>\n<p style=\"margin-bottom: 0.0001pt; text-align: justify; text-indent: 1cm; line-height: 15pt;\"><span style=\"font-size: 12pt; font-family: 'Times New Roman', 'serif'; color: #000000;\">&nbsp;Eyni zamanda, alternativ t\u0259dris metodu qismind\u0259, universitetin professor-m&uuml;\u0259llim hey\u0259ti &uuml;zvl\u0259rinin i\u015ftirak\u0131 il\u0259 haz\u0131rlanan &ldquo;videod\u0259rsl\u0259r&rdquo; offline rejimd\u0259 Youtube kanal\u0131 vasit\u0259sil\u0259 t\u0259l\u0259b\u0259l\u0259rin istifad\u0259sin\u0259 verilir. Ev \u015f\u0259raitind\u0259 m&uuml;\u0259lliml\u0259r t\u0259r\u0259find\u0259n haz\u0131rlanan &ldquo;videod\u0259rsl\u0259r&rdquo; universitetin \u0130nformasiya Texnologiyalar\u0131 m\u0259rk\u0259zind\u0259 &uuml;mumi formata uy\u011funla\u015fd\u0131r\u0131ld\u0131qdan sonra MDU-nun Youtube kanal\u0131nda yerl\u0259\u015fdirilir. Bu metodun \u0259sas &uuml;st&uuml;nl&uuml;y&uuml; t\u0259l\u0259b\u0259l\u0259rin &ldquo;videod\u0259rsl\u0259r&rdquo;\u0259 c\u0259dv\u0259l &uuml;zr\u0259 konkret d\u0259rs vaxt\u0131 deyil, &ouml;zl\u0259ri &uuml;&ccedil;&uuml;n uy\u011fun olan ist\u0259nil\u0259n vaxtda (h\u0259m d\u0259 bir ne&ccedil;\u0259 d\u0259f\u0259) baxa bilm\u0259l\u0259ri il\u0259 \u015f\u0259rtl\u0259nir.<\/span><\/p>\n<p style=\"margin-bottom: 0.0001pt; text-align: justify; text-indent: 1cm; line-height: 15pt;\"><span style=\"font-size: 12pt; font-family: 'Times New Roman', 'serif'; color: #000000;\">&nbsp;Bu vaxta q\u0259d\u0259r, 9 t\u0259qvim g&uuml;n&uuml; \u0259rzind\u0259 MDU &uuml;zr\u0259 77 m&uuml;\u0259llim t\u0259r\u0259find\u0259n haz\u0131rlanan &uuml;mumilikd\u0259 151 videod\u0259rs t\u0259l\u0259b\u0259l\u0259rin istifad\u0259sin\u0259 t\u0259qdim edilib. Youtube kanal\u0131ndan \u0259ld\u0259 etdiyimiz 31 mart tarixin\u0259 olan m\u0259lumata \u0259sas\u0259n h\u0259min &ldquo;videod\u0259rsl\u0259r&rdquo; &uuml;mumilikd\u0259 30 min d\u0259f\u0259d\u0259n &ccedil;ox izl\u0259nilib. Bu is\u0259 h\u0259r bir &ldquo;videod\u0259rs&rdquo; &uuml;zr\u0259 orta hesabla 400-\u0259 yax\u0131n bax\u0131\u015f say\u0131 dem\u0259kdir.<\/span><\/p>\n<p style=\"margin-bottom: 0.0001pt; text-align: justify; text-indent: 1cm; line-height: 15pt;\"><span style=\"font-size: 12pt; font-family: 'Times New Roman', 'serif'; color: #000000;\">&nbsp;M&uuml;sb\u0259t hald\u0131r ki, MDU-nun professor-m&uuml;\u0259llim v\u0259 inzibati-texniki hey\u0259t &uuml;zvl\u0259rinin b&ouml;y&uuml;k f\u0259dakarl\u0131\u011f\u0131 hesab\u0131na t\u0259qdim olunan d\u0259rsl\u0259r t\u0259l\u0259b\u0259l\u0259r v\u0259 onlar\u0131n valideynl\u0259ri t\u0259r\u0259find\u0259n b&ouml;y&uuml;k ruh y&uuml;ks\u0259kliyi il\u0259 qar\u015f\u0131lan\u0131r. &ldquo;ZOOM&rdquo; platformas\u0131 vasit\u0259sil\u0259 t\u0259qdim olunan online d\u0259rsl\u0259r (d\u0259rsl\u0259rd\u0259 t\u0259l\u0259b\u0259 i\u015ftirak&ccedil;\u0131l\u0131\u011f\u0131 n\u0259z\u0259r\u0259 al\u0131nmaqla) v\u0259 Youtube kanal\u0131 &uuml;z\u0259rind\u0259n offline formatda yay\u0131mlanan &ldquo;videod\u0259rsl\u0259r&rdquo; (bax\u0131\u015f say\u0131 n\u0259z\u0259r\u0259 al\u0131nmaqla) t\u0259l\u0259b\u0259l\u0259rimizin b&ouml;y&uuml;k mara\u011f\u0131na s\u0259b\u0259b olub. Bundan \u0259lav\u0259, t\u0259l\u0259b\u0259l\u0259rd\u0259n v\u0259 onlar\u0131n valideynl\u0259rind\u0259n t\u0259\u015fkil olunan d\u0259rsl\u0259rd\u0259n m\u0259mnunluq ifad\u0259 ed\u0259n &ccedil;oxsayl\u0131 m&uuml;raci\u0259tl\u0259r daxil olub.<\/span><\/p>\n<p style=\"margin-bottom: 0.0001pt; text-align: justify; text-indent: 1cm; line-height: 15pt;\"><span style=\"font-size: 12pt; font-family: 'Times New Roman', 'serif'; color: #000000;\">&nbsp;Haz\u0131rda Az\u0259rbaycan Respublikas\u0131n\u0131n T\u0259hsil Nazirliyinin d\u0259st\u0259yi il\u0259 d\u0259rsl\u0259rin Microsoft Teams platformas\u0131 &uuml;z\u0259rind\u0259n ke&ccedil;ilm\u0259si &uuml;z\u0259rind\u0259 i\u015fl\u0259ri yekunla\u015fd\u0131rmaq &uuml;zr\u0259yik. Daha geni\u015f imkanlar t\u0259klif ed\u0259n bu online t\u0259hsil al\u0259tinin t\u0259tbiqi t\u0259dris prosesinin daha sistemli \u015f\u0259kild\u0259 t\u0259\u015fkilin\u0259 imkan ver\u0259c\u0259kdir.<\/span><\/p>\n<p style=\"margin-bottom: 0.0001pt; text-align: justify; text-indent: 1cm; line-height: 15pt;\"><span style=\"color: #000000;\"><span style=\"font-size: 12pt; font-family: 'Times New Roman', 'serif';\">N\u0259z\u0259r\u0259 almaq laz\u0131md\u0131r ki, qeyd olunan h\u0259r &uuml;&ccedil; m\u0259saf\u0259d\u0259n t\u0259hsil metodu alternativ t\u0259dris vasit\u0259l\u0259ri hesab olunur v\u0259 t\u0259l\u0259b\u0259l\u0259r &uuml;&ccedil;&uuml;n k&ouml;n&uuml;ll&uuml; \u0259saslarla t\u0259tbiq edilir. <\/span><span style=\"font-size: 12pt; font-family: 'Times New Roman', 'serif';\">T\u0259l\u0259b\u0259l\u0259rin h\u0259r &uuml;&ccedil; metoddan faydalanmas\u0131 arzu olunur v\u0259 t\u0259r\u0259fimizd\u0259n t\u0259\u015fviq edilir. Bununla bel\u0259, t\u0259l\u0259b\u0259 bu metodlardan birini v\u0259 ya bir ne&ccedil;\u0259sini se&ccedil;m\u0259kd\u0259 tam s\u0259rb\u0259stdir. H\u0259r bir t\u0259l\u0259b\u0259 &ouml;z se&ccedil;imini evd\u0259 oldu\u011fu d&ouml;vrd\u0259 malik oldu\u011fu IT v\u0259 internet ba\u011flant\u0131s\u0131 imkanlar\u0131na g&ouml;r\u0259 edir. Eyni zamanda, t\u0259l\u0259b\u0259nin m\u0259saf\u0259d\u0259n ke&ccedil;iril\u0259n d\u0259rsl\u0259rd\u0259 i\u015ftirak\u0131 &uuml;zr\u0259 davamiyy\u0259ti n\u0259z\u0259r\u0259 al\u0131nm\u0131r. Daha konkret des\u0259k, online d\u0259rsl\u0259rd\u0259 i\u015ftirak etm\u0259y\u0259n t\u0259l\u0259b\u0259nin davamiyy\u0259tl\u0259 ba\u011fl\u0131 problemi olmayacaq.<\/span><\/span><\/p>\n<p style=\"margin-bottom: 0.0001pt; text-align: justify; text-indent: 1cm; line-height: 15pt;\"><span style=\"font-size: 12pt; font-family: 'Times New Roman', 'serif'; color: #000000;\">X&uuml;susi vur\u011fulamaq laz\u0131md\u0131r ki, t\u0259r\u0259fimizd\u0259n at\u0131lan b&uuml;t&uuml;n add\u0131mlar evd\u0259 qald\u0131qlar\u0131 m&uuml;dd\u0259td\u0259 t\u0259l\u0259b\u0259l\u0259rin d\u0259rsl\u0259rl\u0259 m\u0259\u015f\u011ful ola bilm\u0259si &uuml;&ccedil;&uuml;n alternativ imkanlar\u0131n yarad\u0131lmas\u0131na xidm\u0259t edir. Bel\u0259 ki, m&ouml;vcud qanunvericiliy\u0259 g&ouml;r\u0259 &ouml;lk\u0259mizd\u0259 t\u0259dris prosesinin ba\u015flama v\u0259 bitm\u0259 m&uuml;dd\u0259tl\u0259ri Az\u0259rbaycan Respublikas\u0131n\u0131n Nazirl\u0259r Kabineti t\u0259r\u0259find\u0259n m&uuml;\u0259yy\u0259n edilir. Bu s\u0259b\u0259bd\u0259n d\u0259, postkoronavirus d&ouml;vr&uuml;nd\u0259 t\u0259dris prosesinin hans\u0131 m&uuml;dd\u0259tl\u0259rd\u0259 v\u0259 formatda ke&ccedil;irilm\u0259sin\u0259 dair m&uuml;vafiq q\u0259rar verildikd\u0259n sonra f\u0259aliyy\u0259timizi Az\u0259rbaycan Respublikas\u0131n\u0131n T\u0259hsil Nazirliyi t\u0259r\u0259find\u0259n t\u0259qdim olunacaq m&uuml;vafiq t\u0259limatlar \u0259sas\u0131nda quraca\u011f\u0131q.<\/span><\/p>\n<p style=\"margin-bottom: 0.0001pt; text-align: justify; text-indent: 1cm; line-height: 15pt;\"><span style=\"font-size: 12pt; font-family: 'Times New Roman', 'serif'; color: #000000;\">F&uuml;rs\u0259td\u0259n istifad\u0259 ed\u0259r\u0259k, karantin d&ouml;vr&uuml;nd\u0259 universitetd\u0259 idar\u0259etm\u0259nin v\u0259 t\u0259dris prosesinin t\u0259\u015fkilind\u0259 davaml\u0131 d\u0259st\u0259y\u0259 g&ouml;r\u0259 Az\u0259rbaycan Respublikas\u0131n\u0131n T\u0259hsil Nazirliyin\u0259, el\u0259c\u0259 d\u0259 m&ouml;vcud \u015f\u0259rtl\u0259r daxilind\u0259 &uuml;mumi f\u0259aliyy\u0259timiz\u0259 g&ouml;st\u0259ril\u0259n k&ouml;m\u0259y\u0259 g&ouml;r\u0259 Ming\u0259&ccedil;evir \u015f\u0259h\u0259r \u0130cra Hakimiyy\u0259tin\u0259 t\u0259\u015f\u0259kk&uuml;r edirik.<\/span><\/p>\n<p style=\"margin-bottom: 0.0001pt; text-align: justify; text-indent: 1cm; line-height: 15pt;\"><span style=\"color: #000000;\"><span style=\"font-size: 12pt; font-family: 'Times New Roman', 'serif';\"><\/span><span style=\"font-size: 12pt; font-family: 'Times New Roman', 'serif';\"> <\/span><span style=\"font-size: 12pt; font-family: 'Times New Roman', 'serif';\">&#8211;<\/span><span style=\"font-size: 12pt; font-family: 'Times New Roman', 'serif';\"> <\/span><em><b><span style=\"font-size: 12pt;\">MDU-nun &ouml;lk\u0259mizd\u0259 koronavirusla m&uuml;bariz\u0259y\u0259 t&ouml;hv\u0259si n\u0259d\u0259n ibar\u0259tdir?<\/span><\/b><\/em><\/span><\/p>\n<p style=\"margin-bottom: 0.0001pt; text-align: justify; text-indent: 1cm; line-height: 15pt;\"><span style=\"color: #000000;\"><em><b><span style=\"font-size: 12pt;\">&nbsp;&#8211;<\/span><\/b><\/em><em><span style=\"font-size: 12pt;\"> <\/span><\/em><span style=\"font-size: 12pt; font-family: 'Times New Roman', 'serif';\">Hesab edirik ki, d&uuml;nyan\u0131 b&uuml;r&uuml;m&uuml;\u015f COVID-19 infeksiyas\u0131 il\u0259 m&uuml;bariz\u0259 h\u0259r birimizin insanl\u0131q v\u0259 v\u0259t\u0259nda\u015fl\u0131q borcumuzdur. Bu istiqam\u0259td\u0259 h\u0259mr\u0259y olma\u011f\u0131m\u0131z v\u0259 ir\u0259li s&uuml;r&uuml;l\u0259n t\u0259l\u0259bl\u0259r\u0259 ham\u0131l\u0131qla riay\u0259t etm\u0259yimiz &ccedil;ox vacibdir. Bu bax\u0131mdan, ilk g&uuml;nd\u0259n ba\u015flayaraq t\u0259l\u0259b\u0259l\u0259rimizin v\u0259 \u0259m\u0259kda\u015flar\u0131m\u0131z\u0131n &ouml;z ail\u0259 &uuml;zvl\u0259ri, qohumlar\u0131, tan\u0131\u015flar\u0131 v\u0259 qon\u015fular\u0131 aras\u0131nda maarifl\u0259ndirm\u0259 i\u015fl\u0259ri aparmas\u0131na x&uuml;susi diqq\u0259t yetiririk. Fikrimizc\u0259, t\u0259l\u0259b\u0259l\u0259rimiz v\u0259 g\u0259nc \u0259m\u0259kda\u015flar\u0131m\u0131z t\u0259r\u0259find\u0259n bu istiqam\u0259td\u0259 haz\u0131rlanm\u0131\u015f fl\u0259\u015fmoblar, onlar t\u0259r\u0259find\u0259n sosial \u015f\u0259b\u0259k\u0259l\u0259rd\u0259 edil\u0259n &ccedil;oxsayl\u0131 &ccedil;a\u011f\u0131r\u0131\u015flar v\u0259 payla\u015f\u0131mlar az \u0259h\u0259miyy\u0259t k\u0259sb etmir.<\/span><\/span><\/p>\n<p style=\"margin-bottom: 0.0001pt; text-align: justify; text-indent: 1cm; line-height: 15pt;\"><span style=\"font-size: 12pt; font-family: 'Times New Roman', 'serif'; color: #000000;\">&nbsp;Mart ay\u0131 \u0259rzind\u0259 t\u0259l\u0259b\u0259 v\u0259 g\u0259nc \u0259m\u0259kda\u015flar\u0131m\u0131zdan ibar\u0259t k&ouml;n&uuml;ll&uuml; qruplar\u0131m\u0131z qlobal pandemiya d&ouml;vr&uuml;nd\u0259 x&uuml;susi qay\u011f\u0131ya ehtiyac\u0131 olan bir ne&ccedil;\u0259 ail\u0259ni ziyar\u0259t edib, onlara m&uuml;vafiq yard\u0131mlar g&ouml;st\u0259ribl\u0259r.<\/span><\/p>\n<p style=\"margin-bottom: 0.0001pt; text-align: justify; text-indent: 1cm; line-height: 15pt;\"><span style=\"font-size: 12pt; font-family: 'Times New Roman', 'serif'; color: #000000;\">&nbsp;X&uuml;susi qeyd etm\u0259k laz\u0131md\u0131r ki, MDU olaraq Az\u0259rbaycan Respublikas\u0131n\u0131n T\u0259hsil Nazirliyinin &ldquo;Bir&rdquo; T\u0259l\u0259b\u0259-K&ouml;n&uuml;ll&uuml; proqram\u0131, Ming\u0259&ccedil;evir \u015f\u0259h\u0259r \u0130cra Hakimiyy\u0259ti, Yeni Az\u0259rbaycan Partiyas\u0131 Ming\u0259&ccedil;evir \u015f\u0259h\u0259r T\u0259\u015fkilat\u0131, Ming\u0259&ccedil;evir \u015f\u0259h\u0259r Regional ASAN Xidm\u0259t M\u0259rk\u0259zi v\u0259 Ming\u0259&ccedil;evir G\u0259ncl\u0259r Evi t\u0259r\u0259find\u0259n koronavirusla m&uuml;bariz\u0259 sah\u0259sind\u0259 ir\u0259li s&uuml;r&uuml;l\u0259n t\u0259\u015f\u0259bb&uuml;sl\u0259ri davaml\u0131 d\u0259st\u0259kl\u0259yirik. Bel\u0259 ki, ad\u0131 &ccedil;\u0259kil\u0259n t\u0259r\u0259fda\u015flar\u0131m\u0131z\u0131n t\u0259nha v\u0259 x\u0259st\u0259 insanlara yard\u0131m g&ouml;st\u0259rilm\u0259si, onlar\u0131n z\u0259ruri ehtiyaclar\u0131n\u0131n qar\u015f\u0131lanmas\u0131 kimi k&ouml;n&uuml;ll&uuml;l&uuml;k f\u0259aliyy\u0259tl\u0259rind\u0259 MDU t\u0259l\u0259b\u0259l\u0259ri v\u0259 g\u0259nc \u0259m\u0259kda\u015flar\u0131 f\u0259al i\u015ftirak edirl\u0259r.<\/span><\/p>\n<p style=\"margin-bottom: 0.0001pt; text-align: justify; text-indent: 1cm; line-height: 15pt;\"><span style=\"font-size: 12pt; font-family: 'Times New Roman', 'serif'; color: #000000;\">&nbsp;\u0130nan\u0131r\u0131q ki, MDU-nun t\u0259l\u0259b\u0259-k&ouml;n&uuml;ll&uuml;l\u0259ri v\u0259 g\u0259nc \u0259m\u0259kda\u015flar\u0131 bir ne&ccedil;\u0259 g&uuml;n \u0259vv\u0259l bir s\u0131ra k&ouml;n&uuml;ll&uuml; t\u0259\u015fkilatlar\u0131n\u0131n t\u0259\u015f\u0259bb&uuml;s&uuml; il\u0259 yarad\u0131lm\u0131\u015f Az\u0259rbaycan K&ouml;n&uuml;ll&uuml;l\u0259rinin \u018flaq\u0259l\u0259ndirm\u0259 M\u0259rk\u0259zinin f\u0259aliyy\u0259tind\u0259 d\u0259 x&uuml;susi aktivlik g&ouml;st\u0259r\u0259c\u0259kl\u0259r.<\/span><\/p>\n<p style=\"margin-bottom: 0.0001pt; text-align: justify; text-indent: 1cm; line-height: 15pt;\"><span style=\"font-size: 12pt; font-family: 'Times New Roman', 'serif'; color: #000000;\">&nbsp;Eyni zamanda, MDU m&ouml;ht\u0259r\u0259m Prezidentimiz c\u0259nab \u0130lham \u018fliyevin v\u0259 Az\u0259rbaycan Respublikas\u0131n\u0131n Birinci vitse-prezidenti Mehriban xan\u0131m \u018fliyevan\u0131n g&ouml;st\u0259rdikl\u0259ri xeyirxahl\u0131q t\u0259\u015f\u0259bb&uuml;s&uuml;n\u0259 ilk qo\u015fulanlardan olub. Bel\u0259 ki, universitetin Elmi \u015euras\u0131n\u0131n m&uuml;vafiq q\u0259rar\u0131na \u0259sas\u0259n MDU-nun hesab\u0131ndan Koronavirusla M&uuml;bariz\u0259y\u0259 D\u0259st\u0259k Fonduna 15 &nbsp;min manat v\u0259sait k&ouml;&ccedil;&uuml;r&uuml;l&uuml;b. MDU \u0259m\u0259kda\u015flar\u0131 t\u0259r\u0259find\u0259n qeyd olunan Fonda f\u0259rdi qaydada ian\u0259l\u0259r g&ouml;st\u0259rilm\u0259si prosesi haz\u0131rda davam edir.<\/span><\/p>\n<p style=\"margin-bottom: 0.0001pt; text-align: justify; text-indent: 1cm; line-height: 15pt;\"><span style=\"font-size: 12pt; font-family: 'Times New Roman', 'serif'; color: #000000;\">&nbsp;\u018fminik ki, d&ouml;vl\u0259timiz t\u0259r\u0259find\u0259n h\u0259yata ke&ccedil;iril\u0259n z\u0259ruri t\u0259dbirl\u0259r v\u0259 xalq\u0131m\u0131z\u0131n g&ouml;st\u0259r\u0259c\u0259yi h\u0259mr\u0259ylik say\u0259sind\u0259 qlobal pandemiya elan olunmu\u015f koronavirus infeksiyas\u0131na birlikd\u0259 qalib g\u0259l\u0259c\u0259yik.<\/span><\/p>\n<p style=\"margin-bottom: 0.0001pt; text-align: justify; text-indent: 1cm; line-height: 12pt;\"><span style=\"font-size: 12pt; font-family: 'Times New Roman', 'serif';\"><span style=\"color: #000000;\">&nbsp;<span style=\"color: #000000;\">&nbsp;<span style=\"font-size: 12pt; font-family: 'Times New Roman', 'serif';\"> <\/span>M&uuml;sahib\u0259:<\/span><\/span> <a href=\"https:\/\/azedu.az\/az\/news\/27396-bolge-universitetinin-pandemiya-ile-mubarizede-tehsil-namine-atdigi-zeruri-addimlar-rektorla-musahibe-\" target=\"_blank\" rel=\"noopener\">azedu.az<\/a><\/span><\/p>","protected":false},"excerpt":{"rendered":"<p>Ming\u0259&ccedil;evir D&ouml;vl\u0259t Universitetinin rektoru \u015eahin Bayramov &ldquo;AzEdu.az&rdquo; t\u0259hsil portal\u0131na m&uuml;sahib\u0259 verib &nbsp; M&uuml;sahib\u0259nin m\u0259tnini t\u0259qdim edirik: &#8211; Koronavirusla m&uuml;bariz\u0259 apard\u0131\u011f\u0131m\u0131z bu g&uuml;nl\u0259rd\u0259 Ming\u0259&ccedil;evir D&ouml;vl\u0259t Universiteti &ouml;z f\u0259aliyy\u0259tini nec\u0259 qurur? &#8211; \u0130lk n&ouml;vb\u0259d\u0259, Az\u0259rbaycan Respublikas\u0131n\u0131n Prezidenti c\u0259nab \u0130lham \u018fliyevin birba\u015fa r\u0259hb\u0259rliyi il\u0259 qlobal pandemiyaya qar\u015f\u0131 m&uuml;bariz\u0259 sah\u0259sind\u0259 &ouml;lk\u0259mizd\u0259 sistemli \u015f\u0259kild\u0259 h\u0259yata ke&ccedil;iril\u0259n qabaqlay\u0131c\u0131 v\u0259 preventiv t\u0259dbirl\u0259ri [&hellip;]<\/p>\n","protected":false},"author":1,"featured_media":0,"comment_status":"open","ping_status":"open","sticky":false,"template":"","format":"standard","meta":{"_eb_attr":"","ocean_post_layout":"","ocean_both_sidebars_style":"","ocean_both_sidebars_content_width":0,"ocean_both_sidebars_sidebars_width":0,"ocean_sidebar":"","ocean_second_sidebar":"","ocean_disable_margins":"enable","ocean_add_body_class":"","ocean_shortcode_before_top_bar":"","ocean_shortcode_after_top_bar":"","ocean_shortcode_before_header":"","ocean_shortcode_after_header":"","ocean_has_shortcode":"","ocean_shortcode_after_title":"","ocean_shortcode_before_footer_widgets":"","ocean_shortcode_after_footer_widgets":"","ocean_shortcode_before_footer_bottom":"","ocean_shortcode_after_footer_bottom":"","ocean_display_top_bar":"default","ocean_display_header":"default","ocean_header_style":"","ocean_center_header_left_menu":"","ocean_custom_header_template":"","ocean_custom_logo":0,"ocean_custom_retina_logo":0,"ocean_custom_logo_max_width":0,"ocean_custom_logo_tablet_max_width":0,"ocean_custom_logo_mobile_max_width":0,"ocean_custom_logo_max_height":0,"ocean_custom_logo_tablet_max_height":0,"ocean_custom_logo_mobile_max_height":0,"ocean_header_custom_menu":"","ocean_menu_typo_font_family":"","ocean_menu_typo_font_subset":"","ocean_menu_typo_font_size":0,"ocean_menu_typo_font_size_tablet":0,"ocean_menu_typo_font_size_mobile":0,"ocean_menu_typo_font_size_unit":"px","ocean_menu_typo_font_weight":"","ocean_menu_typo_font_weight_tablet":"","ocean_menu_typo_font_weight_mobile":"","ocean_menu_typo_transform":"","ocean_menu_typo_transform_tablet":"","ocean_menu_typo_transform_mobile":"","ocean_menu_typo_line_height":0,"ocean_menu_typo_line_height_tablet":0,"ocean_menu_typo_line_height_mobile":0,"ocean_menu_typo_line_height_unit":"","ocean_menu_typo_spacing":0,"ocean_menu_typo_spacing_tablet":0,"ocean_menu_typo_spacing_mobile":0,"ocean_menu_typo_spacing_unit":"","ocean_menu_link_color":"","ocean_menu_link_color_hover":"","ocean_menu_link_color_active":"","ocean_menu_link_background":"","ocean_menu_link_hover_background":"","ocean_menu_link_active_background":"","ocean_menu_social_links_bg":"","ocean_menu_social_hover_links_bg":"","ocean_menu_social_links_color":"","ocean_menu_social_hover_links_color":"","ocean_disable_title":"default","ocean_disable_heading":"default","ocean_post_title":"","ocean_post_subheading":"","ocean_post_title_style":"","ocean_post_title_background_color":"","ocean_post_title_background":0,"ocean_post_title_bg_image_position":"","ocean_post_title_bg_image_attachment":"","ocean_post_title_bg_image_repeat":"","ocean_post_title_bg_image_size":"","ocean_post_title_height":0,"ocean_post_title_bg_overlay":0.5,"ocean_post_title_bg_overlay_color":"","ocean_disable_breadcrumbs":"default","ocean_breadcrumbs_color":"","ocean_breadcrumbs_separator_color":"","ocean_breadcrumbs_links_color":"","ocean_breadcrumbs_links_hover_color":"","ocean_display_footer_widgets":"default","ocean_display_footer_bottom":"default","ocean_custom_footer_template":"","ocean_post_oembed":"","ocean_post_self_hosted_media":"","ocean_post_video_embed":"","ocean_link_format":"","ocean_link_format_target":"self","ocean_quote_format":"","ocean_quote_format_link":"post","ocean_gallery_link_images":"on","ocean_gallery_id":[],"footnotes":""},"categories":[63],"tags":[],"class_list":["post-15163","post","type-post","status-publish","format-standard","hentry","category-khaebaerlaer-az","entry"],"_links":{"self":[{"href":"https:\/\/mdu.edu.az\/en\/wp-json\/wp\/v2\/posts\/15163","targetHints":{"allow":["GET"]}}],"collection":[{"href":"https:\/\/mdu.edu.az\/en\/wp-json\/wp\/v2\/posts"}],"about":[{"href":"https:\/\/mdu.edu.az\/en\/wp-json\/wp\/v2\/types\/post"}],"author":[{"embeddable":true,"href":"https:\/\/mdu.edu.az\/en\/wp-json\/wp\/v2\/users\/1"}],"replies":[{"embeddable":true,"href":"https:\/\/mdu.edu.az\/en\/wp-json\/wp\/v2\/comments?post=15163"}],"version-history":[{"count":0,"href":"https:\/\/mdu.edu.az\/en\/wp-json\/wp\/v2\/posts\/15163\/revisions"}],"wp:attachment":[{"href":"https:\/\/mdu.edu.az\/en\/wp-json\/wp\/v2\/media?parent=15163"}],"wp:term":[{"taxonomy":"category","embeddable":true,"href":"https:\/\/mdu.edu.az\/en\/wp-json\/wp\/v2\/categories?post=15163"},{"taxonomy":"post_tag","embeddable":true,"href":"https:\/\/mdu.edu.az\/en\/wp-json\/wp\/v2\/tags?post=15163"}],"curies":[{"name":"wp","href":"https:\/\/api.w.org\/{rel}","templated":true}]}}