{"id":15197,"date":"2020-04-14T13:50:01","date_gmt":"2020-04-14T10:50:01","guid":{"rendered":"https:\/\/mdu.edu.az\/minzh-evir-d-vl-t-universitetind-elm-zh-n-n-h-sr-edilmi-n-vb-til-virtual-elmi-konfrans-ke-irilib\/"},"modified":"2020-04-14T13:50:01","modified_gmt":"2020-04-14T10:50:01","slug":"minzh-evir-d-vl-t-universitetind-elm-zh-n-n-h-sr-edilmi-n-vb-til-virtual-elmi-konfrans-ke-irilib","status":"publish","type":"post","link":"https:\/\/mdu.edu.az\/en\/minzh-evir-d-vl-t-universitetind-elm-zh-n-n-h-sr-edilmi-n-vb-til-virtual-elmi-konfrans-ke-irilib\/","title":{"rendered":"Ming\u0259\u00e7evir D\u00f6vl\u0259t Universitetind\u0259 \u201cElm G\u00fcn\u00fc\u201dn\u0259 h\u0259sr edilmi\u015f  n\u00f6vb\u0259til virtual elmi konfrans ke\u00e7irilib"},"content":{"rendered":"<p style=\"margin-bottom: 0.0001pt; text-align: center; line-height: 115%;\"><b><span style=\"font-size: 12pt; line-height: 115%; font-family: 'Arial', sans-serif; color: #0000cc;\">Ming\u0259&ccedil;evir D&ouml;vl\u0259t Universitetind\u0259 &ldquo;Elm G&uuml;n&uuml;&rdquo;n\u0259 h\u0259sr edilmi\u015f <\/span><\/b><\/p>\n<p style=\"margin-bottom: 0.0001pt; text-align: center; line-height: 115%;\"><b><span style=\"font-size: 12pt; line-height: 115%; font-family: 'Arial', sans-serif; color: #0000cc;\">n&ouml;vb\u0259til virtual elmi konfrans ke&ccedil;irilib <\/span><\/b><\/p>\n<p>&nbsp;<\/p>\n<p style=\"margin-bottom: 0.0001pt; text-align: justify; text-indent: 1cm; line-height: 115%;\"><span style=\"font-size: 12pt; line-height: 115%; font-family: 'Arial', sans-serif; color: black;\"><\/span><\/p>\n<p style=\"margin-bottom: 0.0001pt; text-align: justify; text-indent: 1cm; line-height: normal;\"><span style=\"font-size: 12pt; font-family: 'Arial', sans-serif; color: black;\">2020-ci ilin 13 aprel tarixind\u0259 Ming\u0259&ccedil;evir D&ouml;vl\u0259t Universiteti (MDU) &ldquo;\u0130qtisadiyyat v\u0259 idar\u0259etm\u0259&rdquo; fak&uuml;lt\u0259sinin T\u0259l\u0259b\u0259 Elmi C\u0259miyy\u0259tinin virtual elmi konfrans\u0131 ke&ccedil;irilib.<\/span><\/p>\n<p style=\"margin-bottom: 0.0001pt; text-align: justify; text-indent: 1cm; line-height: normal;\"><span style=\"font-size: 12pt; font-family: 'Arial', sans-serif; color: black;\">&ldquo;Elm G&uuml;n&uuml;&rdquo;n\u0259 h\u0259sr edilmi\u015f Konfrans\u0131n a&ccedil;\u0131l\u0131\u015f\u0131nda &ccedil;\u0131x\u0131\u015f ed\u0259n MDU-nun Elmi i\u015fl\u0259r &uuml;zr\u0259 prorektor \u0259v\u0259zi Veys\u0259l \u018fyyubov universitetin rektoru \u015eahin Bayramovun t\u0259dbir i\u015ftirak&ccedil;\u0131lar\u0131na salamlar\u0131n\u0131 &ccedil;atd\u0131r\u0131b v\u0259 Konfrans\u0131n t\u0259\u015fkilind\u0259 \u0259m\u0259yi olanlara t\u0259\u015f\u0259kk&uuml;r&uuml;n&uuml; bildirib. V.\u018fyyubov Konfrans\u0131n \u0259sas m\u0259qs\u0259dinin t\u0259l\u0259b\u0259l\u0259rin elmi f\u0259aliyy\u0259tinin g&uuml;cl\u0259ndirilm\u0259sind\u0259n ibar\u0259t oldu\u011funu qeyd edib v\u0259 m\u0259ruz\u0259 il\u0259 &ccedil;\u0131x\u0131\u015f ed\u0259c\u0259k t\u0259l\u0259b\u0259l\u0259r\u0259 u\u011furlar arzulay\u0131b.<\/span><\/p>\n<p style=\"margin-bottom: 0.0001pt; text-align: justify; text-indent: 1cm; line-height: normal;\"><span style=\"font-size: 12pt; font-family: 'Arial', sans-serif; color: black;\">Karantin \u015f\u0259raiti olmas\u0131na baxmayaraq t\u0259l\u0259b\u0259l\u0259r aras\u0131nda Konfransa b&ouml;y&uuml;k maraq oldu\u011funu diqq\u0259t\u0259 &ccedil;atd\u0131ran \u0130qtisadiyyat v\u0259 idar\u0259etm\u0259 fak&uuml;lt\u0259sinin dekan\u0131 N&uuml;\u015fab\u0259 Q\u0259dimli Konfrans\u0131n proqram\u0131 v\u0259 dinl\u0259nil\u0259c\u0259k m\u0259ruz\u0259l\u0259r haqq\u0131nda m\u0259lumat verib.<\/span><\/p>\n<p style=\"margin-bottom: 0.0001pt; text-align: justify; text-indent: 1cm; line-height: normal;\"><span style=\"font-size: 12pt; font-family: 'Arial', sans-serif; color: black;\">Sonra Konfransda m\u0259ruz\u0259l\u0259r dinl\u0259nilib. Fakult\u0259nin t\u0259l\u0259b\u0259l\u0259rind\u0259n X\u0259yal X\u0259lilov &ldquo;Strateji q\u0259rarlar\u0131n q\u0259bul edilm\u0259sind\u0259 oyunlar n\u0259z\u0259riyy\u0259sinin t\u0259tbiqi&rdquo; m&ouml;vzusunda (Elmi r\u0259hb\u0259r: dosent C\u0259mil\u0259 Musayeva), Nurlan Yusibov &ldquo;\u0130qtisadiyyat\u0131n inki\u015faf\u0131nda s\u0259naye parklar\u0131 v\u0259 m\u0259h\u0259ll\u0259l\u0259rinin rolu&rdquo; m&ouml;vzusunda (Elmi r\u0259hb\u0259r: ba\u015f m&uuml;\u0259llim T\u0259ran\u0259 S\u0259f\u0259rova), G&uuml;lnaz Qarayeva &ldquo;\u0130nsan amili Az\u0259rbaycan d&ouml;vl\u0259tinin sosial siays\u0259tinin strateji h\u0259d\u0259fi kimi&rdquo; m&ouml;vzusunda (Elmi r\u0259hb\u0259r: ba\u015f m&uuml;\u0259llim Arif Ta\u011f\u0131yev), &Ccedil;ingiz &Ccedil;ingizzad\u0259 &ldquo;B&uuml;dc\u0259 k\u0259sirinin yaranmas\u0131 v\u0259 onun aradan qald\u0131r\u0131lmas\u0131 imkanlar\u0131&rdquo; m&ouml;vzusunda (Elmi r\u0259hb\u0259r: ba\u015f m&uuml;\u0259llim G&uuml;n\u0259\u015f \u015e\u0259faq\u0259tov), Aypara Abbasova &ldquo;\u0130cbari tibbi-s\u0131\u011forta d&ouml;vl\u0259tin sosial-iqtisadi siyas\u0259tinin prioritet istiqam\u0259tl\u0259rind\u0259n biri kimi&rdquo; m&ouml;vzusunda (Elmi r\u0259hb\u0259r: m&uuml;\u0259llim Aynur Namazova) v\u0259 Zamiq \u0130sg\u0259nd\u0259rov &ldquo;\u0130nnovasiya f\u0259aliyy\u0259ti sah\u0259sind\u0259 d&ouml;vl\u0259t siyas\u0259ti&rdquo; m&ouml;vzusunda (Elmi r\u0259hb\u0259r: m&uuml;\u0259llim Saqib M\u0259mm\u0259dov) m\u0259ruz\u0259l\u0259rl\u0259 &ccedil;\u0131x\u0131\u015f edibl\u0259r.<\/span><\/p>\n<p style=\"margin-bottom: 0.0001pt; text-align: justify; text-indent: 1cm; line-height: normal;\"><span style=\"font-size: 12pt; font-family: 'Arial', sans-serif; color: black;\">Virtual Konfrans i\u015ftirak&ccedil;\u0131lar\u0131 t\u0259r\u0259find\u0259n maraqla qar\u015f\u0131lan m\u0259ruz\u0259l\u0259r \u0259traf\u0131nda m&uuml;zakir\u0259l\u0259r apar\u0131l\u0131b.<\/span><\/p>\n<p>{phocagallery view=category|categoryid=355|limitstart=0|limitcount=0}<\/p>","protected":false},"excerpt":{"rendered":"<p>Ming\u0259&ccedil;evir D&ouml;vl\u0259t Universitetind\u0259 &ldquo;Elm G&uuml;n&uuml;&rdquo;n\u0259 h\u0259sr edilmi\u015f n&ouml;vb\u0259til virtual elmi konfrans ke&ccedil;irilib &nbsp; 2020-ci ilin 13 aprel tarixind\u0259 Ming\u0259&ccedil;evir D&ouml;vl\u0259t Universiteti (MDU) &ldquo;\u0130qtisadiyyat v\u0259 idar\u0259etm\u0259&rdquo; fak&uuml;lt\u0259sinin T\u0259l\u0259b\u0259 Elmi C\u0259miyy\u0259tinin virtual elmi konfrans\u0131 ke&ccedil;irilib. &ldquo;Elm G&uuml;n&uuml;&rdquo;n\u0259 h\u0259sr edilmi\u015f Konfrans\u0131n a&ccedil;\u0131l\u0131\u015f\u0131nda &ccedil;\u0131x\u0131\u015f ed\u0259n MDU-nun Elmi i\u015fl\u0259r &uuml;zr\u0259 prorektor \u0259v\u0259zi Veys\u0259l \u018fyyubov universitetin rektoru \u015eahin Bayramovun t\u0259dbir i\u015ftirak&ccedil;\u0131lar\u0131na [&hellip;]<\/p>\n","protected":false},"author":1,"featured_media":0,"comment_status":"open","ping_status":"open","sticky":false,"template":"","format":"standard","meta":{"_eb_attr":"","ocean_post_layout":"","ocean_both_sidebars_style":"","ocean_both_sidebars_content_width":0,"ocean_both_sidebars_sidebars_width":0,"ocean_sidebar":"","ocean_second_sidebar":"","ocean_disable_margins":"enable","ocean_add_body_class":"","ocean_shortcode_before_top_bar":"","ocean_shortcode_after_top_bar":"","ocean_shortcode_before_header":"","ocean_shortcode_after_header":"","ocean_has_shortcode":"","ocean_shortcode_after_title":"","ocean_shortcode_before_footer_widgets":"","ocean_shortcode_after_footer_widgets":"","ocean_shortcode_before_footer_bottom":"","ocean_shortcode_after_footer_bottom":"","ocean_display_top_bar":"default","ocean_display_header":"default","ocean_header_style":"","ocean_center_header_left_menu":"","ocean_custom_header_template":"","ocean_custom_logo":0,"ocean_custom_retina_logo":0,"ocean_custom_logo_max_width":0,"ocean_custom_logo_tablet_max_width":0,"ocean_custom_logo_mobile_max_width":0,"ocean_custom_logo_max_height":0,"ocean_custom_logo_tablet_max_height":0,"ocean_custom_logo_mobile_max_height":0,"ocean_header_custom_menu":"","ocean_menu_typo_font_family":"","ocean_menu_typo_font_subset":"","ocean_menu_typo_font_size":0,"ocean_menu_typo_font_size_tablet":0,"ocean_menu_typo_font_size_mobile":0,"ocean_menu_typo_font_size_unit":"px","ocean_menu_typo_font_weight":"","ocean_menu_typo_font_weight_tablet":"","ocean_menu_typo_font_weight_mobile":"","ocean_menu_typo_transform":"","ocean_menu_typo_transform_tablet":"","ocean_menu_typo_transform_mobile":"","ocean_menu_typo_line_height":0,"ocean_menu_typo_line_height_tablet":0,"ocean_menu_typo_line_height_mobile":0,"ocean_menu_typo_line_height_unit":"","ocean_menu_typo_spacing":0,"ocean_menu_typo_spacing_tablet":0,"ocean_menu_typo_spacing_mobile":0,"ocean_menu_typo_spacing_unit":"","ocean_menu_link_color":"","ocean_menu_link_color_hover":"","ocean_menu_link_color_active":"","ocean_menu_link_background":"","ocean_menu_link_hover_background":"","ocean_menu_link_active_background":"","ocean_menu_social_links_bg":"","ocean_menu_social_hover_links_bg":"","ocean_menu_social_links_color":"","ocean_menu_social_hover_links_color":"","ocean_disable_title":"default","ocean_disable_heading":"default","ocean_post_title":"","ocean_post_subheading":"","ocean_post_title_style":"","ocean_post_title_background_color":"","ocean_post_title_background":0,"ocean_post_title_bg_image_position":"","ocean_post_title_bg_image_attachment":"","ocean_post_title_bg_image_repeat":"","ocean_post_title_bg_image_size":"","ocean_post_title_height":0,"ocean_post_title_bg_overlay":0.5,"ocean_post_title_bg_overlay_color":"","ocean_disable_breadcrumbs":"default","ocean_breadcrumbs_color":"","ocean_breadcrumbs_separator_color":"","ocean_breadcrumbs_links_color":"","ocean_breadcrumbs_links_hover_color":"","ocean_display_footer_widgets":"default","ocean_display_footer_bottom":"default","ocean_custom_footer_template":"","ocean_post_oembed":"","ocean_post_self_hosted_media":"","ocean_post_video_embed":"","ocean_link_format":"","ocean_link_format_target":"self","ocean_quote_format":"","ocean_quote_format_link":"post","ocean_gallery_link_images":"on","ocean_gallery_id":[],"footnotes":""},"categories":[63],"tags":[],"class_list":["post-15197","post","type-post","status-publish","format-standard","hentry","category-khaebaerlaer-az","entry"],"_links":{"self":[{"href":"https:\/\/mdu.edu.az\/en\/wp-json\/wp\/v2\/posts\/15197","targetHints":{"allow":["GET"]}}],"collection":[{"href":"https:\/\/mdu.edu.az\/en\/wp-json\/wp\/v2\/posts"}],"about":[{"href":"https:\/\/mdu.edu.az\/en\/wp-json\/wp\/v2\/types\/post"}],"author":[{"embeddable":true,"href":"https:\/\/mdu.edu.az\/en\/wp-json\/wp\/v2\/users\/1"}],"replies":[{"embeddable":true,"href":"https:\/\/mdu.edu.az\/en\/wp-json\/wp\/v2\/comments?post=15197"}],"version-history":[{"count":0,"href":"https:\/\/mdu.edu.az\/en\/wp-json\/wp\/v2\/posts\/15197\/revisions"}],"wp:attachment":[{"href":"https:\/\/mdu.edu.az\/en\/wp-json\/wp\/v2\/media?parent=15197"}],"wp:term":[{"taxonomy":"category","embeddable":true,"href":"https:\/\/mdu.edu.az\/en\/wp-json\/wp\/v2\/categories?post=15197"},{"taxonomy":"post_tag","embeddable":true,"href":"https:\/\/mdu.edu.az\/en\/wp-json\/wp\/v2\/tags?post=15197"}],"curies":[{"name":"wp","href":"https:\/\/api.w.org\/{rel}","templated":true}]}}