{"id":15265,"date":"2020-05-07T18:52:18","date_gmt":"2020-05-07T15:52:18","guid":{"rendered":"https:\/\/mdu.edu.az\/minzh-evir-d-vl-t-universitetind-heyd-r-liyev-dahi-siyas-t-i-v-fenomen-khsiyy-t-m-vzusunda-elmi-konfrans-ke-irilib\/"},"modified":"2020-05-07T18:52:18","modified_gmt":"2020-05-07T15:52:18","slug":"minzh-evir-d-vl-t-universitetind-heyd-r-liyev-dahi-siyas-t-i-v-fenomen-khsiyy-t-m-vzusunda-elmi-konfrans-ke-irilib","status":"publish","type":"post","link":"https:\/\/mdu.edu.az\/en\/minzh-evir-d-vl-t-universitetind-heyd-r-liyev-dahi-siyas-t-i-v-fenomen-khsiyy-t-m-vzusunda-elmi-konfrans-ke-irilib\/","title":{"rendered":"Ming\u0259\u00e7evir D\u00f6vl\u0259t Universitetind\u0259 \u201cHEYD\u018fR \u018fL\u0130YEV: dahi siyas\u0259t\u00e7i v\u0259 fenomen \u015f\u0259xsiyy\u0259t\u201d m\u00f6vzusunda elmi konfrans ke\u00e7irilib"},"content":{"rendered":"<p style=\"text-align: center;\"><span style=\"font-size: 14pt;\"><b><span style=\"font-family: 'Arial', sans-serif; color: #0000cc;\">Ming\u0259&ccedil;evir D&ouml;vl\u0259t Universitetind\u0259 &ldquo;HEYD\u018fR \u018fL\u0130YEV: dahi siyas\u0259t&ccedil;i v\u0259 fenomen \u015f\u0259xsiyy\u0259t&rdquo; m&ouml;vzusunda elmi konfrans ke&ccedil;irilib<\/span><\/b><\/span><\/p>\n<p style=\"text-align: justify;\"><span style=\"font-size: 12pt; font-family: 'Arial', sans-serif; color: black;\"><\/span><\/p>\n<p style=\"text-align: justify; text-indent: 1cm;\"><span style=\"font-size: 12pt; font-family: 'Arial', sans-serif; color: #000000;\">2020-ci il 7 may tarixind\u0259 Ming\u0259&ccedil;evir D&ouml;vl\u0259t Universitetind\u0259 (MDU) Az\u0259rbaycan xalq\u0131n\u0131n &uuml;mummilli lideri Heyd\u0259r \u018fliyevin anadan olmas\u0131n\u0131n 97-ci ild&ouml;n&uuml;m&uuml;n\u0259 h\u0259sr olunan &ldquo;HEYD\u018fR \u018fL\u0130YEV: dahi siyas\u0259t&ccedil;i v\u0259 fenomen \u015f\u0259xsiyy\u0259t&rdquo; m&ouml;vzusunda elmi konfrans ke&ccedil;irilib. MDU-nun t\u0259\u015fkilat&ccedil;\u0131l\u0131\u011f\u0131, Ming\u0259&ccedil;evir \u015f\u0259h\u0259r \u0130cra Hakimiyy\u0259tinin v\u0259 Yeni Az\u0259rbaycan Partiyas\u0131 Ming\u0259&ccedil;evir \u015f\u0259h\u0259r t\u0259\u015fkilat\u0131n\u0131n t\u0259r\u0259fda\u015fl\u0131\u011f\u0131 il\u0259 ke&ccedil;iril\u0259n konfrans virtual formatda t\u0259\u015fkil olunub.<\/span><\/p>\n<p style=\"text-align: justify; text-indent: 1cm;\"><span style=\"font-size: 12pt; font-family: 'Arial', sans-serif; color: #000000;\">Konfrans i\u015ftirak&ccedil;\u0131lar\u0131n\u0131 salamlayan MDU-nun rektoru \u015eahin Bayramov m&uuml;st\u0259qil Az\u0259rbaycan d&ouml;vl\u0259tinin qurucusu, Az\u0259rbaycan xalq\u0131n\u0131n &uuml;mummilli lideri Heyd\u0259r \u018fliyevin &ouml;lk\u0259mizin h\u0259rt\u0259r\u0259fli inki\u015faf\u0131, milli iqtisadiyyat\u0131m\u0131z\u0131n g&uuml;cl\u0259nm\u0259si, Az\u0259rbaycan ordusunun q&uuml;dr\u0259tl\u0259nm\u0259si sah\u0259sind\u0259 misilsiz xidm\u0259tl\u0259ri bar\u0259d\u0259 dan\u0131\u015f\u0131b. Ulu &ouml;nd\u0259rin titanik \u0259m\u0259yinin n\u0259tic\u0259l\u0259ri il\u0259 h\u0259r add\u0131mda qar\u015f\u0131la\u015fd\u0131qlar\u0131n\u0131 qeyd ed\u0259n ed\u0259n \u015e.Bayramov dahi \u015f\u0259xsiyy\u0259t haqq\u0131nda ke&ccedil;mi\u015f zamanda dan\u0131\u015fma\u011f\u0131n m&uuml;mk&uuml;n olmad\u0131\u011f\u0131n\u0131 bildirib. &Uuml;mummili liderin \u0259ziz xatir\u0259sini d\u0259rin ehtiramla and\u0131qlar\u0131n\u0131 vur\u011fulayan \u015e.Bayramov Heyd\u0259r \u018fliyevin z\u0259ngin irsinin &ouml;yr\u0259nilm\u0259si, onun &ccedil;ox\u015fax\u0259li f\u0259aliyy\u0259tinin ayr\u0131-ayr\u0131 istiqam\u0259tl\u0259ri &uuml;zr\u0259 t\u0259dqiqatlar\u0131n apar\u0131lmas\u0131 v\u0259 t\u0259l\u0259b\u0259-g\u0259ncl\u0259rin Heyd\u0259r \u018fliyev kursuna sadiq v\u0259t\u0259nda\u015flar kimi yeti\u015fdirilm\u0259si bax\u0131m\u0131ndan dig\u0259r ali t\u0259hsil m&uuml;\u0259ssis\u0259l\u0259ri kimi MDU qar\u015f\u0131s\u0131nda da m&uuml;h&uuml;m v\u0259zif\u0259l\u0259rin dayand\u0131\u011f\u0131n\u0131 diqq\u0259t\u0259 &ccedil;atd\u0131r\u0131b.<\/span><\/p>\n<p style=\"text-align: justify; text-indent: 1cm;\"><span style=\"font-size: 12pt; font-family: 'Arial', sans-serif; color: #000000;\">Konfransda geni\u015f nitq s&ouml;yl\u0259y\u0259n Ming\u0259&ccedil;evir \u015f\u0259h\u0259r \u0130cra Hakimiyy\u0259tinin ba\u015f&ccedil;\u0131s\u0131 \u0130lham \u0130smay\u0131lov ulu &ouml;nd\u0259r Heyd\u0259r \u018fliyevin ke&ccedil;diyi h\u0259yat yolundan v\u0259 onun geni\u015fmiqyasl\u0131 ictimai-siyasi f\u0259aliyy\u0259tind\u0259n dan\u0131\u015f\u0131b. Heyd\u0259r \u018fliyevin Az\u0259rbaycana r\u0259hb\u0259rlik etdiyi b&uuml;t&uuml;n d&ouml;vrl\u0259rd\u0259 milli maraqlar\u0131n t\u0259min olunmas\u0131na, az\u0259rbaycan&ccedil;\u0131l\u0131q ideologiyas\u0131n\u0131n inki\u015faf\u0131na v\u0259 milli-m\u0259n\u0259vi d\u0259y\u0259rl\u0259rin qorunmas\u0131na x&uuml;susi &ouml;n\u0259m verdiyini bildir\u0259n \u0130.\u0130smay\u0131lov d&ouml;vl\u0259t m&uuml;st\u0259qilliyimizin qorunub-saxlan\u0131lmas\u0131n\u0131n v\u0259 g&uuml;cl\u0259nm\u0259sinin m\u0259hz dahi \u015f\u0259xsiyy\u0259tin ad\u0131 il\u0259 ba\u011fl\u0131 oldu\u011funu bildirib. &Uuml;mummilli liderin \u0259sas\u0131n\u0131 qoydu\u011fu siyas\u0259tin Az\u0259rbaycan Respublikas\u0131n\u0131n Prezidenti c\u0259nab \u0130lham \u018fliyev t\u0259r\u0259find\u0259n u\u011furla davam etdirildiyini diqq\u0259t\u0259 &ccedil;atd\u0131ran \u0130.\u0130smay\u0131lov m&ouml;vcud qlobal pandemiya \u015f\u0259raitind\u0259 &ouml;lk\u0259mizd\u0259 koronavirusla m&uuml;bariz\u0259 sah\u0259sind\u0259 t\u0259tbiq edil\u0259n modelin bir &ccedil;ox beyn\u0259lxalq t\u0259\u015fkilatlar t\u0259r\u0259find\u0259n n&uuml;mun\u0259 kimi g&ouml;st\u0259rildiyini vur\u011fulay\u0131b.<\/span><\/p>\n<p style=\"text-align: justify; text-indent: 1cm;\"><span style=\"font-size: 12pt; font-family: 'Arial', sans-serif; color: #000000;\">Konfransda &ccedil;\u0131x\u0131\u015f ed\u0259n Yeni Az\u0259rbaycan Partiyas\u0131 (YAP) Ming\u0259&ccedil;evir \u015f\u0259h\u0259r t\u0259\u015fkilat\u0131n\u0131n s\u0259dri Cavan\u015fir Yusubov ulu &ouml;nd\u0259rin yaratd\u0131\u011f\u0131 Partiyan\u0131n haz\u0131rda t\u0259kc\u0259 &ouml;lk\u0259mizin deyil, b&uuml;t&ouml;vl&uuml;kd\u0259 C\u0259nubi Qafqaz\u0131n \u0259n b&ouml;y&uuml;k siyasi t\u0259\u015fkilat\u0131 oldu\u011funu bildirib. C.Yusubov m&ouml;vcud \u015f\u0259rait\u0259 uy\u011fun olaraq Heyd\u0259r \u018fliyev t\u0259r\u0259find\u0259n Nax&ccedil;\u0131vanda yarad\u0131lan Partiyan\u0131n ilk d&ouml;vrl\u0259rd\u0259 qar\u015f\u0131la\u015fd\u0131\u011f\u0131 &ccedil;\u0259tinlikl\u0259r, sonralar YAP-\u0131n &ouml;lk\u0259mizd\u0259 d&ouml;vl\u0259t quruculu\u011funun inki\u015faf\u0131ndak\u0131 xidm\u0259tl\u0259ri bar\u0259d\u0259 dan\u0131\u015f\u0131b. Bu g&uuml;n YAP-\u0131n &uuml;mummilli liderin m&uuml;\u0259yy\u0259n etdiyi d\u0259y\u0259rl\u0259r \u0259sas\u0131nda inki\u015faf etdiyini v\u0259 &ouml;lkm\u0259mizin t\u0259r\u0259qqisin\u0259 t&ouml;hf\u0259l\u0259r verdiyini vur\u011fulayan C.Yusubov YAP Ming\u0259&ccedil;evir \u015f\u0259h\u0259r t\u0259\u015fkilat\u0131n\u0131n dahi \u015f\u0259xsiyy\u0259tin z\u0259ngin irsinin t\u0259bli\u011fi sah\u0259sind\u0259ki f\u0259aliyy\u0259tind\u0259n b\u0259hs edib.<\/span><\/p>\n<p style=\"text-align: justify; text-indent: 1cm;\"><span style=\"font-size: 12pt; font-family: 'Arial', sans-serif; color: #000000;\">Sonra konfransda m\u0259ruz\u0259l\u0259r dinl\u0259nilib. MDU \u0259m\u0259kda\u015flar\u0131ndan dos.\u015eahin Bayramov &ldquo;Heyd\u0259r \u018fliyev m&uuml;asir Az\u0259rbaycan d&ouml;vl\u0259tinin memar\u0131 v\u0259 qurucusudur&rdquo; m&ouml;vzusunda, dos.Sahib M\u0259mm\u0259dov &ldquo;Xalq\u0131m\u0131z\u0131n b\u0259\u015f\u0259riyy\u0259t\u0259 b\u0259x\u015f etdiyi d&uuml;ha: Heyd\u0259r \u018fliyev v\u0259 Az\u0259rbaycan t\u0259hsili&rdquo; m&ouml;vzusunda, dos.Esmira C\u0259f\u0259rova &ldquo;Heyd\u0259r \u018fliyevin az\u0259rbaycan&ccedil;\u0131l\u0131q ideologiyas\u0131n\u0131n m\u0259zmunu v\u0259 inki\u015faf istiqam\u0259tl\u0259ri&rdquo; m&ouml;vzusunda, prof.Veys\u0259l \u018fyyubov &ldquo;Milli iqtisadi inki\u015faf\u0131m\u0131z\u0131n &ldquo;Heyd\u0259r \u018fliyev modeli&rdquo; m&ouml;vzusunda, dos.V&uuml;qar Mustafayev &ldquo;Heyd\u0259r \u018fliyev Az\u0259rbaycan elminin b&ouml;y&uuml;k himay\u0259dar\u0131 kimi&rdquo; m&ouml;vzusunda, i.f.d. Ruhiyy\u0259 H&uuml;seynova &ldquo;Heyd\u0259r \u018fliyev v\u0259 d&ouml;vl\u0259t idar\u0259&ccedil;iliyi&rdquo; m&ouml;vzusunda, dos.&Uuml;lk\u0259r A\u015furova &ldquo;Az\u0259rbaycanda energetika sisteminin inki\u015faf\u0131nda Heyd\u0259r \u018fliyevin m&uuml;st\u0259sna rolu&rdquo; m&ouml;vzusunda, ba\u015f m&uuml;\u0259llim Arif Ta\u011f\u0131yev &ldquo;Az\u0259rbaycan d&uuml;nya iqtisadiyyat\u0131n\u0131n &uuml;zvi t\u0259rkib hiss\u0259sidir: Heyd\u0259r \u018fliyevin xarici iqtisadi inki\u015faf strategiyas\u0131n\u0131n t\u0259nt\u0259n\u0259si&rdquo; m&ouml;vzusunda, dos.Namaz Manafov &ldquo;Heyd\u0259r \u018fliyev v\u0259 Az\u0259rbaycan dilinin inki\u015faf\u0131&rdquo; m&ouml;vzusunda, m&uuml;\u0259llim G&uuml;lmir\u0259 M\u0259mm\u0259dova &ldquo;\u018ftraf m&uuml;hitin qorunmas\u0131 dahi \u015f\u0259xsiyy\u0259t Heyd\u0259r \u018fliyevin &ccedil;ox\u015fax\u0259li f\u0259aliyy\u0259tinin t\u0259rkib hiss\u0259si kimi&rdquo; m&ouml;vzusunda m\u0259ruz\u0259l\u0259rl\u0259 &ccedil;\u0131x\u0131\u015f edibl\u0259r.<\/span><\/p>\n<p style=\"text-align: justify; text-indent: 1cm;\"><span style=\"font-size: 12pt; font-family: 'Arial', sans-serif; color: #000000;\">Virtual konfransda i\u015ftirak ed\u0259n MDU \u0259m\u0259kda\u015flar\u0131 v\u0259 t\u0259l\u0259b\u0259l\u0259ri t\u0259r\u0259find\u0259n maraqla qar\u015f\u0131lanan m\u0259ruz\u0259l\u0259r \u0259traf\u0131nda geni\u015f m&uuml;zakir\u0259l\u0259r apar\u0131l\u0131b.<\/span><\/p>\n<p>{phocagallery view=category|categoryid=368|limitstart=0|limitcount=0}<\/p>","protected":false},"excerpt":{"rendered":"<p>Ming\u0259&ccedil;evir D&ouml;vl\u0259t Universitetind\u0259 &ldquo;HEYD\u018fR \u018fL\u0130YEV: dahi siyas\u0259t&ccedil;i v\u0259 fenomen \u015f\u0259xsiyy\u0259t&rdquo; m&ouml;vzusunda elmi konfrans ke&ccedil;irilib 2020-ci il 7 may tarixind\u0259 Ming\u0259&ccedil;evir D&ouml;vl\u0259t Universitetind\u0259 (MDU) Az\u0259rbaycan xalq\u0131n\u0131n &uuml;mummilli lideri Heyd\u0259r \u018fliyevin anadan olmas\u0131n\u0131n 97-ci ild&ouml;n&uuml;m&uuml;n\u0259 h\u0259sr olunan &ldquo;HEYD\u018fR \u018fL\u0130YEV: dahi siyas\u0259t&ccedil;i v\u0259 fenomen \u015f\u0259xsiyy\u0259t&rdquo; m&ouml;vzusunda elmi konfrans ke&ccedil;irilib. MDU-nun t\u0259\u015fkilat&ccedil;\u0131l\u0131\u011f\u0131, Ming\u0259&ccedil;evir \u015f\u0259h\u0259r \u0130cra Hakimiyy\u0259tinin v\u0259 Yeni Az\u0259rbaycan [&hellip;]<\/p>\n","protected":false},"author":1,"featured_media":0,"comment_status":"open","ping_status":"open","sticky":false,"template":"","format":"standard","meta":{"_eb_attr":"","ocean_post_layout":"","ocean_both_sidebars_style":"","ocean_both_sidebars_content_width":0,"ocean_both_sidebars_sidebars_width":0,"ocean_sidebar":"","ocean_second_sidebar":"","ocean_disable_margins":"enable","ocean_add_body_class":"","ocean_shortcode_before_top_bar":"","ocean_shortcode_after_top_bar":"","ocean_shortcode_before_header":"","ocean_shortcode_after_header":"","ocean_has_shortcode":"","ocean_shortcode_after_title":"","ocean_shortcode_before_footer_widgets":"","ocean_shortcode_after_footer_widgets":"","ocean_shortcode_before_footer_bottom":"","ocean_shortcode_after_footer_bottom":"","ocean_display_top_bar":"default","ocean_display_header":"default","ocean_header_style":"","ocean_center_header_left_menu":"","ocean_custom_header_template":"","ocean_custom_logo":0,"ocean_custom_retina_logo":0,"ocean_custom_logo_max_width":0,"ocean_custom_logo_tablet_max_width":0,"ocean_custom_logo_mobile_max_width":0,"ocean_custom_logo_max_height":0,"ocean_custom_logo_tablet_max_height":0,"ocean_custom_logo_mobile_max_height":0,"ocean_header_custom_menu":"","ocean_menu_typo_font_family":"","ocean_menu_typo_font_subset":"","ocean_menu_typo_font_size":0,"ocean_menu_typo_font_size_tablet":0,"ocean_menu_typo_font_size_mobile":0,"ocean_menu_typo_font_size_unit":"px","ocean_menu_typo_font_weight":"","ocean_menu_typo_font_weight_tablet":"","ocean_menu_typo_font_weight_mobile":"","ocean_menu_typo_transform":"","ocean_menu_typo_transform_tablet":"","ocean_menu_typo_transform_mobile":"","ocean_menu_typo_line_height":0,"ocean_menu_typo_line_height_tablet":0,"ocean_menu_typo_line_height_mobile":0,"ocean_menu_typo_line_height_unit":"","ocean_menu_typo_spacing":0,"ocean_menu_typo_spacing_tablet":0,"ocean_menu_typo_spacing_mobile":0,"ocean_menu_typo_spacing_unit":"","ocean_menu_link_color":"","ocean_menu_link_color_hover":"","ocean_menu_link_color_active":"","ocean_menu_link_background":"","ocean_menu_link_hover_background":"","ocean_menu_link_active_background":"","ocean_menu_social_links_bg":"","ocean_menu_social_hover_links_bg":"","ocean_menu_social_links_color":"","ocean_menu_social_hover_links_color":"","ocean_disable_title":"default","ocean_disable_heading":"default","ocean_post_title":"","ocean_post_subheading":"","ocean_post_title_style":"","ocean_post_title_background_color":"","ocean_post_title_background":0,"ocean_post_title_bg_image_position":"","ocean_post_title_bg_image_attachment":"","ocean_post_title_bg_image_repeat":"","ocean_post_title_bg_image_size":"","ocean_post_title_height":0,"ocean_post_title_bg_overlay":0.5,"ocean_post_title_bg_overlay_color":"","ocean_disable_breadcrumbs":"default","ocean_breadcrumbs_color":"","ocean_breadcrumbs_separator_color":"","ocean_breadcrumbs_links_color":"","ocean_breadcrumbs_links_hover_color":"","ocean_display_footer_widgets":"default","ocean_display_footer_bottom":"default","ocean_custom_footer_template":"","ocean_post_oembed":"","ocean_post_self_hosted_media":"","ocean_post_video_embed":"","ocean_link_format":"","ocean_link_format_target":"self","ocean_quote_format":"","ocean_quote_format_link":"post","ocean_gallery_link_images":"on","ocean_gallery_id":[],"footnotes":""},"categories":[63],"tags":[],"class_list":["post-15265","post","type-post","status-publish","format-standard","hentry","category-khaebaerlaer-az","entry"],"_links":{"self":[{"href":"https:\/\/mdu.edu.az\/en\/wp-json\/wp\/v2\/posts\/15265","targetHints":{"allow":["GET"]}}],"collection":[{"href":"https:\/\/mdu.edu.az\/en\/wp-json\/wp\/v2\/posts"}],"about":[{"href":"https:\/\/mdu.edu.az\/en\/wp-json\/wp\/v2\/types\/post"}],"author":[{"embeddable":true,"href":"https:\/\/mdu.edu.az\/en\/wp-json\/wp\/v2\/users\/1"}],"replies":[{"embeddable":true,"href":"https:\/\/mdu.edu.az\/en\/wp-json\/wp\/v2\/comments?post=15265"}],"version-history":[{"count":0,"href":"https:\/\/mdu.edu.az\/en\/wp-json\/wp\/v2\/posts\/15265\/revisions"}],"wp:attachment":[{"href":"https:\/\/mdu.edu.az\/en\/wp-json\/wp\/v2\/media?parent=15265"}],"wp:term":[{"taxonomy":"category","embeddable":true,"href":"https:\/\/mdu.edu.az\/en\/wp-json\/wp\/v2\/categories?post=15265"},{"taxonomy":"post_tag","embeddable":true,"href":"https:\/\/mdu.edu.az\/en\/wp-json\/wp\/v2\/tags?post=15265"}],"curies":[{"name":"wp","href":"https:\/\/api.w.org\/{rel}","templated":true}]}}