{"id":15295,"date":"2020-05-18T21:25:01","date_gmt":"2020-05-18T18:25:01","guid":{"rendered":"https:\/\/mdu.edu.az\/az-rbaydzan-n-dilb-r-zhu-l-rind-n-biri-olan-la-n-rayonunun-erm-nil-r-t-r-find-n-i-al-ndan-28-il-t-r\/"},"modified":"2020-05-18T21:25:01","modified_gmt":"2020-05-18T18:25:01","slug":"az-rbaydzan-n-dilb-r-zhu-l-rind-n-biri-olan-la-n-rayonunun-erm-nil-r-t-r-find-n-i-al-ndan-28-il-t-r","status":"publish","type":"post","link":"https:\/\/mdu.edu.az\/en\/az-rbaydzan-n-dilb-r-zhu-l-rind-n-biri-olan-la-n-rayonunun-erm-nil-r-t-r-find-n-i-al-ndan-28-il-t-r\/","title":{"rendered":"Az\u0259rbaycan\u0131n dilb\u0259r gu\u015f\u0259l\u0259rind\u0259n biri olan La\u00e7\u0131n rayonunun erm\u0259nil\u0259r t\u0259r\u0259find\u0259n i\u015f\u011fal\u0131ndan 28 il \u00f6t\u00fcr"},"content":{"rendered":"<p style=\"text-align: center; line-height: normal;\"><b><span style=\"font-size: 14pt; font-family: 'Arial', sans-serif; color: #7030a0;\">La&ccedil;\u0131ns\u0131z ke&ccedil;\u0259n 28 il&hellip;<\/span><\/b><\/p>\n<p style=\"margin-top: 0cm; margin-right: 0cm; margin-bottom: 0.0001pt; text-indent: 1cm; line-height: 150%;\"><a href=\"https:\/\/azertag.az\/xeber\/Lachinsiz_kechen_28_il_-1490301?fbclid=IwAR2yzbEle7V21FvFNtFgXpkK00btPP-0jwLpGkNFVXrqyOytkT6kt8xamDM\" target=\"_blank\" rel=\"noopener\">AZ\u018fRTAC t\u0259r\u0259find\u0259n haz\u0131rlanm\u0131\u015f material\u0131 t\u0259qdim edirik<\/a><\/p>\n<p style=\"margin-top: 0cm; margin-right: 0cm; margin-bottom: 0.0001pt; text-align: justify; text-indent: 1cm;\"><span style=\"font-family: 'Arial', sans-serif;\"><span><span><span style=\"color: #000000;\">A\u011fcab\u0259di, 18 may, Tahir A\u011fam\u0259mm\u0259dov,<\/span> <a href=\"https:\/\/azertag.az\" target=\"_blank\" rel=\"noopener\">AZ\u018fRTAC<\/a><\/span><\/span><\/span><\/p>\n<p style=\"margin-top: 0cm; margin-right: 0cm; margin-bottom: 0.0001pt; text-align: justify; text-indent: 1cm;\"><span style=\"font-family: 'Arial', sans-serif; color: #000000;\">Strateji bax\u0131mdan m&uuml;h&uuml;m co\u011frafi m&ouml;vqed\u0259 yerl\u0259\u015f\u0259n La&ccedil;\u0131n rayonunun Erm\u0259nistan silahl\u0131 q&uuml;vv\u0259l\u0259ri t\u0259r\u0259find\u0259n i\u015f\u011fal edilm\u0259sind\u0259n 28 il ke&ccedil;ir. 1992-ci il may\u0131n 18-d\u0259 erm\u0259ni h\u0259rbi birl\u0259\u015fm\u0259l\u0259ri 1835 kvadratkilometr \u0259razisi olan La&ccedil;\u0131n rayonunu &ndash; bir \u015f\u0259h\u0259r, bir q\u0259s\u0259b\u0259, 125 k\u0259ndi i\u015f\u011fal edib, bu yerl\u0259rin 60 min n\u0259f\u0259r\u0259 yax\u0131n sakinini &ouml;z do\u011fma torpa\u011f\u0131ndan did\u0259rgin sal\u0131blar. M&uuml;harib\u0259 zaman\u0131 267 n\u0259f\u0259r la&ccedil;\u0131nl\u0131 \u015f\u0259hid olub, 66 n\u0259f\u0259r girov g&ouml;t&uuml;r&uuml;l&uuml;b, 120 n\u0259f\u0259r sa\u011flaml\u0131\u011f\u0131n\u0131 itirib, y&uuml;zl\u0259rl\u0259 u\u015faq yetim qal\u0131b. \u0130\u015f\u011fal n\u0259tic\u0259sind\u0259 rayonda olan 217 m\u0259d\u0259niyy\u0259t, 101 t\u0259hsil, 142 s\u0259hiyy\u0259 m&uuml;\u0259ssis\u0259si, 462 ticar\u0259t, 96 m\u0259i\u015f\u0259t, 30 rabit\u0259, 1 avton\u0259qliyyat v\u0259 m&uuml;xt\u0259lif t\u0259yinatl\u0131 istehsal m&uuml;\u0259ssis\u0259l\u0259ri, 13 min 745 ya\u015fay\u0131\u015f evi talan v\u0259 m\u0259hv edilib, 54 d&uuml;nya, 200-d\u0259n &ccedil;ox yerli \u0259h\u0259miyy\u0259tli tarixi abid\u0259 erm\u0259ni vandalizmin\u0259 m\u0259ruz qal\u0131b. 72 min hektarl\u0131q yaylaq sah\u0259si olan La&ccedil;\u0131n rayonunda ictimai v\u0259 \u015f\u0259xsi t\u0259s\u0259rr&uuml;fatlardak\u0131 25 min ba\u015f iri v\u0259 200 min ba\u015fdan art\u0131q davar, minl\u0259rl\u0259 ar\u0131 ail\u0259si, \u0259halinin b&uuml;t&uuml;n varidat\u0131 i\u015f\u011fal zonas\u0131nda qalaraq qar\u0259t edilib. &Uuml;mumilikd\u0259, i\u015f\u011fal n\u0259tic\u0259sind\u0259 La&ccedil;\u0131n rayonuna 7,1 milyard AB\u015e dollar\u0131ndan &ccedil;ox ziyan d\u0259yib.<\/span><\/p>\n<p style=\"margin-top: 0cm; margin-right: 0cm; margin-bottom: 0.0001pt; text-align: justify; text-indent: 1cm;\"><span style=\"color: #000000;\"><strong><span style=\"font-family: 'Arial', sans-serif;\">La&ccedil;\u0131n &#8211; \u0259srar\u0259ngiz g&ouml;z\u0259lliy\u0259 v\u0259 z\u0259ngin t\u0259bii s\u0259rv\u0259tl\u0259r\u0259 malik diyar<\/span><\/strong><\/span><\/p>\n<p style=\"margin-top: 0cm; margin-right: 0cm; margin-bottom: 0.0001pt; text-align: justify; text-indent: 1cm;\"><span style=\"font-family: 'Arial', sans-serif; color: #000000;\">La&ccedil;\u0131n z\u0259ngin t\u0259bii s\u0259rv\u0259tl\u0259r\u0259 v\u0259 \u0259srar\u0259ngiz g&ouml;z\u0259lliy\u0259 malik diyard\u0131r. Rayonun \u015f\u0259rqind\u0259 Qaraba\u011f silsil\u0259sinin c\u0259nub-q\u0259rb yamaclar\u0131, \u015fimal\u0131nda M\u0131xt&ouml;k\u0259n silsil\u0259si uzan\u0131r. C\u0259nub-q\u0259rb hiss\u0259sini Qaraba\u011f yaylas\u0131 tutur. \u018fn y&uuml;ks\u0259k da\u011f zirv\u0259si Q\u0131z\u0131lbo\u011faz\u0131n h&uuml;nd&uuml;rl&uuml;y&uuml; 3594 metrdir. Bol su ehtiyatlar\u0131na malik olan rayonun \u0259razisind\u0259n axan \u015e\u0259lv\u0259 v\u0259 Mink\u0259nd &ccedil;aylar\u0131 birl\u0259\u015f\u0259r\u0259k H\u0259k\u0259ri &ccedil;ay\u0131n\u0131 (uzunlu\u011fu 113 kilometr) yarad\u0131r ki, bu &ccedil;ay da Araz &ccedil;ay\u0131na qovu\u015fur. \u018frazisind\u0259 Tur\u015fsu, Qalad\u0259r\u0259si, A\u011fanus, X\u0131rmanlar, Tiqiq, Tur\u015f-tiqiq, Nur\u0259ddin, Na\u011fdal\u0131, Hac\u0131xanl\u0131 kimi m&uuml;alic\u0259vi \u0259h\u0259miyy\u0259tli bulaqlar, z\u0259ngin me\u015f\u0259l\u0259r, yaylaqlar var. <\/span><\/p>\n<p style=\"margin-top: 0cm; margin-right: 0cm; margin-bottom: 0.0001pt; text-align: justify; text-indent: 1cm;\"><span style=\"font-family: 'Arial', sans-serif; color: #000000;\">1961-ci ild\u0259 rayon \u0259razisind\u0259 nadir t\u0259bi\u0259t kompleksl\u0259rini qorumaq &uuml;&ccedil;&uuml;n yarad\u0131lan La&ccedil;\u0131n D&ouml;vl\u0259t T\u0259bi\u0259t Yasaql\u0131\u011f\u0131 20 min hektar, 1987-ci ild\u0259 yarad\u0131lan Qarag&ouml;l D&ouml;vl\u0259t T\u0259bi\u0259t Qoru\u011fu is\u0259 240 hektar \u0259razini \u0259hat\u0259 edirdi. Qoruqda 68 n&ouml;vd\u0259n v\u0259 27 f\u0259sil\u0259d\u0259n ibar\u0259t bitki &ouml;rt&uuml;y&uuml; vard\u0131r. La&ccedil;\u0131n D&ouml;vl\u0259t T\u0259bi\u0259t Yasaql\u0131\u011f\u0131n\u0131n \u0259razisind\u0259 c&uuml;y&uuml;r, qaya ke&ccedil;isi, &ccedil;&ouml;l donuzu, ay\u0131, turac, k\u0259klik, qaratoyuq kimi nadir fauna n&ouml;vl\u0259ri m\u0259skunla\u015fm\u0131\u015fd\u0131. Yasaql\u0131\u011f\u0131n \u0259razisind\u0259ki Hac\u0131\u015faml\u0131 me\u015f\u0259sind\u0259 d&uuml;nyada \u0259n qiym\u0259tli n&ouml;v olan q\u0131rm\u0131z\u0131 pal\u0131d (q\u0131z\u0131l pal\u0131d) vard\u0131. Bu a\u011fac Az\u0259rbaycanda yaln\u0131z h\u0259min yasaql\u0131qda yay\u0131l\u0131b.<\/span><\/p>\n<p style=\"margin-top: 0cm; margin-right: 0cm; margin-bottom: 0.0001pt; text-align: justify; text-indent: 1cm;\"><span style=\"font-family: 'Arial', sans-serif; color: #000000;\">La&ccedil;\u0131n rayonu &uuml;zr\u0259 33 min 285 hektar me\u015f\u0259 fondu torpaqlar\u0131 var ki, bunun da me\u015f\u0259 il\u0259 &ouml;rt&uuml;l&uuml; sah\u0259si 26 min 647 hektard\u0131r. Me\u015f\u0259l\u0259rd\u0259 \u015fam, pal\u0131d, v\u0259l\u0259s, g&ouml;yr&uuml;\u015f, a\u011fcaqay\u0131n, qara\u011fac, akasiya, qovaq, s&ouml;y&uuml;d, d\u0259mirqara, armud a\u011faclar\u0131 &uuml;st&uuml;nl&uuml;k t\u0259\u015fkil edirdi. Rayonda H\u0259k\u0259ri &ccedil;ay\u0131n\u0131n sa\u011f sahilind\u0259 v\u0259 Zabux k\u0259ndind\u0259 400 ya\u015fl\u0131 2 \u0259d\u0259d \u015e\u0259rq &ccedil;inar\u0131, d&ouml;vl\u0259t me\u015f\u0259 fondu torpaqlar\u0131nda 1092 hektar sah\u0259ni \u0259hat\u0259 ed\u0259n ard\u0131c, \u015fabal\u0131d v\u0259 qara&ccedil;&ouml;hr\u0259 a\u011faclar\u0131 m&uuml;hafiz\u0259 olunurdu.<\/span><\/p>\n<p style=\"margin-top: 0cm; margin-right: 0cm; margin-bottom: 0.0001pt; text-align: justify; text-indent: 1cm;\"><span style=\"font-family: 'Arial', sans-serif; color: #000000;\">La&ccedil;\u0131n rayonu \u0259razisind\u0259 3 civ\u0259 (Narzanl\u0131, &Ccedil;ilg\u0259z&ccedil;ay, Sar\u0131bulaq), \u0259h\u0259ngda\u015f\u0131, Qo&ccedil;az m\u0259rm\u0259rl\u0259\u015fmi\u015f \u0259h\u0259ngda\u015f\u0131, mi\u015far da\u015f\u0131 istehsal\u0131na yararl\u0131 2 tuf (A\u011fo\u011flan, \u018fhm\u0259dli), k\u0259rpic-kir\u0259mit istehsal\u0131na yararl\u0131 Novruzlu gil, h\u0259m&ccedil;inin Qu\u015f&ccedil;u pemza, Yuxar\u0131 H\u0259k\u0259ri&ccedil;ay qum-&ccedil;\u0131nq\u0131l qar\u0131\u015f\u0131\u011f\u0131, \u0259qiq, 2 \u0259lvan b\u0259z\u0259k da\u015f\u0131, 3 vulkan k&uuml;l&uuml; v\u0259 Mink\u0259nd mineral su yataqlar\u0131 var. <\/span><\/p>\n<p style=\"margin-top: 0cm; margin-right: 0cm; margin-bottom: 0.0001pt; text-align: justify; text-indent: 1cm;\"><span style=\"font-family: 'Arial', sans-serif; color: #000000;\">La&ccedil;\u0131n rayonunun t\u0259bi\u0259ti v\u0259 t\u0259bii s\u0259rv\u0259tl\u0259ri 28 ildir ki, talan edilir. Me\u015f\u0259l\u0259r do\u011fran\u0131r, x&uuml;susi m&uuml;hafiz\u0259 edil\u0259n a\u011faclar k\u0259silir, t\u0259bii ehtiyatlar\u0131 talanaraq Erm\u0259nistana da\u015f\u0131n\u0131r.<\/span><\/p>\n<p style=\"margin-top: 0cm; margin-right: 0cm; margin-bottom: 0.0001pt; text-align: justify; text-indent: 1cm;\"><span style=\"color: #000000;\"><strong><span style=\"font-family: 'Arial', sans-serif;\">La&ccedil;\u0131n\u0131n tarixi abid\u0259l\u0259ri erm\u0259ni v\u0259h\u015filiyinin qurban\u0131na &ccedil;evrilib<\/span><\/strong><\/span><\/p>\n<p style=\"margin-top: 0cm; margin-right: 0cm; margin-bottom: 0.0001pt; text-align: justify; text-indent: 1cm;\"><span style=\"font-family: 'Arial', sans-serif; color: #000000;\">La&ccedil;\u0131n rayonun \u0259razisi tarixi, m\u0259d\u0259niyy\u0259t v\u0259 memarl\u0131q abid\u0259l\u0259ri, q\u0259dim qaya t\u0259svirl\u0259ri, ma\u011faralar, da\u015f &uuml;z\u0259rind\u0259 s&uuml;jet xarakterli oymalar, kurqan, qala tipli abid\u0259l\u0259r, m\u0259b\u0259dl\u0259r, &ccedil;oxlu sayda q\u0259bir&uuml;st&uuml; abid\u0259l\u0259r, at, qo&ccedil; fiqurlar\u0131, s&uuml;jetli da\u015flar, gild\u0259n haz\u0131rlanm\u0131\u015f m&uuml;xt\u0259lif b\u0259z\u0259k, m\u0259i\u015f\u0259t v\u0259 dig\u0259r \u0259\u015fyalar, birta\u011fl\u0131 v\u0259 ikita\u011fl\u0131 k&ouml;rp&uuml;l\u0259rl\u0259 z\u0259ngindir. Bu \u0259razid\u0259 olan abid\u0259l\u0259rin \u0259ks\u0259riyy\u0259ti Qafqaz Albaniyas\u0131 d&ouml;vr&uuml;n&uuml;n yadigarlar\u0131d\u0131r. <\/span><\/p>\n<p style=\"margin-top: 0cm; margin-right: 0cm; margin-bottom: 0.0001pt; text-align: justify; text-indent: 1cm;\"><span style=\"font-family: 'Arial', sans-serif; color: #000000;\">A\u011fo\u011flan m\u0259b\u0259di (IX \u0259sr), D\u0259mrovlu Pir M\u0259b\u0259di (XI \u0259sr), Cicimli k\u0259ndind\u0259 M\u0259lik \u018fjd\u0259r t&uuml;rb\u0259si (XII \u0259sr), Kar K&uuml;nb\u0259z t&uuml;rb\u0259si (XVII), Soltanlar k\u0259ndind\u0259 H\u0259mz\u0259 Soltan saray\u0131 (1761-ci il), Qu\u015f&ccedil;u k\u0259ndind\u0259 Pir (XII-XIII \u0259srl\u0259r), U\u015faq qalas\u0131 (XV \u0259sr), \u015e\u0259lv\u0259 k\u0259ndind\u0259 m\u0259b\u0259d, Mirik k\u0259ndi \u0259razisind\u0259 qala (XV \u0259sr), Qaranl\u0131q kaha, Bayqara ma\u011faralar\u0131, Zeyv\u0259 k\u0259ndind\u0259 Soltanbaba t&uuml;rb\u0259si, G&uuml;l\u0259bird k\u0259ndind\u0259 Sultanbud m\u0259b\u0259di, Mink\u0259nd k\u0259ndind\u0259 Alban kils\u0259si, X-XIX \u0259srl\u0259r\u0259 aid ikita\u011fl\u0131 v\u0259 birta\u011fl\u0131 k&ouml;rp&uuml;l\u0259r, Seyidl\u0259r k\u0259ndind\u0259 birta\u011fl\u0131 k&ouml;rp&uuml; (XIX \u0259sr), Pircahan k&ouml;rp&uuml;s&uuml;, orta \u0259srl\u0259r\u0259 aid s\u0259nduq\u0259, qo&ccedil; v\u0259 at abid\u0259l\u0259ri, d\u0259mir v\u0259 tunc d&ouml;vr&uuml;n\u0259 aid kurqanlar, q\u0259biristanl\u0131qlar v\u0259 onlarca dig\u0259r m\u0259b\u0259dl\u0259r 28 ildir ki, erm\u0259ni v\u0259h\u015filiyinin qurban\u0131na &ccedil;evrilib. La&ccedil;\u0131n rayonda m&ouml;vcud olan tarixi, m\u0259d\u0259ni v\u0259 dini abid\u0259l\u0259rin bir &ccedil;oxu da\u011f\u0131d\u0131l\u0131b, bir &ccedil;oxu is\u0259 erm\u0259nil\u0259\u015fdirilib.<\/span><\/p>\n<p style=\"margin-top: 0cm; margin-right: 0cm; margin-bottom: 0.0001pt; text-align: justify; text-indent: 1cm;\"><span style=\"color: #000000;\"><strong><span style=\"font-family: 'Arial', sans-serif;\">D&uuml;nya ictimaiyy\u0259ti Erm\u0259nistan\u0131n i\u015f\u011fal&ccedil;\u0131 siyas\u0259tin\u0259 bigan\u0259 yana\u015f\u0131r<\/span><\/strong><\/span><\/p>\n<p style=\"margin-top: 0cm; margin-right: 0cm; margin-bottom: 0.0001pt; text-align: justify; text-indent: 1cm;\"><span style=\"font-family: 'Arial', sans-serif; color: #000000;\">T\u0259\u0259ss&uuml;f ki, Erm\u0259nistan-Az\u0259rbaycan Da\u011fl\u0131q Qaraba\u011f m&uuml;naqi\u015f\u0259si zaman\u0131 erm\u0259ni silahl\u0131 q&uuml;vv\u0259l\u0259ri t\u0259r\u0259find\u0259n i\u015f\u011fal edilmi\u015f Az\u0259rbaycan torpaqlar\u0131n\u0131n qeyd-\u015f\u0259rtsiz azad edilm\u0259si, &ouml;lk\u0259mizin \u0259razi b&uuml;t&ouml;vl&uuml;y&uuml;, s\u0259rh\u0259dl\u0259rinin toxunulmazl\u0131\u011f\u0131 bar\u0259d\u0259 BMT T\u0259hl&uuml;k\u0259sizlik \u015euras\u0131n\u0131n q\u0259bul etdiyi 4 q\u0259tnam\u0259, el\u0259c\u0259 d\u0259 Qaraba\u011f m&uuml;harib\u0259si il\u0259 ba\u011fl\u0131 Avropa \u0130ttifaq\u0131, Avropa \u015euras\u0131 v\u0259 dig\u0259r beyn\u0259lxalq t\u0259\u015fkilatlar\u0131n q\u0259bul etdikl\u0259ri q\u0259rarlar h\u0259l\u0259 d\u0259 Erm\u0259nistan Respublikas\u0131 t\u0259r\u0259find\u0259n m\u0259h\u0259l qoyulmadan yerin\u0259 yetirilmir. AT\u018fT-in r\u0259hb\u0259rliyi alt\u0131nda fakt ara\u015fd\u0131r\u0131c\u0131 v\u0259 fakt qiym\u0259tl\u0259ndirm\u0259 missiyalar\u0131n\u0131n i\u015f\u011fal olunmu\u015f \u0259razil\u0259rd\u0259 m\u0259skunla\u015fma, ilkin co\u011frafi adlar\u0131n d\u0259yi\u015fdirilm\u0259si, m\u0259d\u0259ni m&uuml;lkiyy\u0259t\u0259 v\u0259 m&uuml;q\u0259dd\u0259s ocaqlara m&uuml;nasib\u0259td\u0259 qeyri-qanuni \u0259m\u0259ll\u0259rl\u0259 ba\u011fl\u0131 haz\u0131rlad\u0131qlar\u0131 s\u0259n\u0259d v\u0259 t&ouml;vsiy\u0259l\u0259r ka\u011f\u0131z &uuml;z\u0259rind\u0259 qal\u0131b. \u018ffsuslar olsun ki, beyn\u0259lxalq t\u0259\u015fkilatlar\u0131n q\u0259rarlar\u0131na r\u0259\u011fm\u0259n i\u015f\u011fal h\u0259l\u0259 d\u0259 davam edir. Beyn\u0259lxalq h&uuml;quq normalar\u0131 kobudcas\u0131na pozulur. D&uuml;nya ictimaiyy\u0259ti, beyn\u0259lxalq t\u0259\u015fkilatlar is\u0259 regionda etnik t\u0259mizl\u0259m\u0259 siyas\u0259tini h\u0259yata ke&ccedil;irmi\u015f Erm\u0259nistan\u0131n i\u015f\u011fal&ccedil;\u0131 siyas\u0259tin\u0259 bigan\u0259 yana\u015f\u0131r. <\/span><\/p>\n<p style=\"margin-top: 0cm; margin-right: 0cm; margin-bottom: 0.0001pt; text-align: justify; text-indent: 1cm;\"><span style=\"font-family: 'Arial', sans-serif; color: #000000;\">Lakin Az\u0259rbaycan xalq\u0131n\u0131n s\u0259bri d\u0259 h&uuml;dudsuz deyil. \u0130ndi q&uuml;dr\u0259tli d&ouml;vl\u0259timiz v\u0259 i\u015f\u011fal edilmi\u015f torpaqlar\u0131m\u0131z\u0131 h\u0259r an azad etm\u0259y\u0259 qadir g&uuml;cl&uuml; ordumuz var. Xalq\u0131m\u0131z q\u0259ti \u0259mindir ki, Az\u0259rbaycan Silahl\u0131 Q&uuml;vv\u0259l\u0259ri 2016-c\u0131 ilin aprelind\u0259 L\u0259l\u0259t\u0259p\u0259 v\u0259 Tal\u0131\u015f y&uuml;ks\u0259klikl\u0259rind\u0259 qazand\u0131\u011f\u0131 q\u0259l\u0259b\u0259ni davam etdir\u0259c\u0259k v\u0259 b&uuml;t&uuml;n i\u015f\u011fal alt\u0131nda olan torpaqlar\u0131m\u0131z azad edil\u0259c\u0259k.<\/span><\/p>\n<p style=\"margin-top: 0cm; margin-right: 0cm; margin-bottom: 0.0001pt; text-align: justify; text-indent: 1cm;\"><span style=\"color: #000000;\"><strong><span style=\"font-family: 'Arial', sans-serif;\">La&ccedil;\u0131nl\u0131lar do\u011fma torpaqlar\u0131na qay\u0131dacaqlar\u0131 g&uuml;n&uuml; s\u0259birsizlikl\u0259 g&ouml;zl\u0259yirl\u0259r<\/span><\/strong><\/span><\/p>\n<p style=\"margin-top: 0cm; margin-right: 0cm; margin-bottom: 0.0001pt; text-align: justify; text-indent: 1cm;\"><span style=\"font-family: 'Arial', sans-serif; color: #000000;\">La&ccedil;\u0131n rayonunun 74 min n\u0259f\u0259rd\u0259n &ccedil;ox sakini is\u0259 28 ildir ki, respublikan\u0131n 59 \u015f\u0259h\u0259r v\u0259 rayonunda, o c&uuml;ml\u0259d\u0259n A\u011fcab\u0259di rayonunun Taxtak&ouml;rp&uuml; \u0259razisind\u0259 84 obada m\u0259cburi k&ouml;&ccedil;k&uuml;n h\u0259yat\u0131 ya\u015fay\u0131rlar. <\/span><\/p>\n<p style=\"margin-top: 0cm; margin-right: 0cm; margin-bottom: 0.0001pt; text-align: justify; text-indent: 1cm;\"><span style=\"font-family: 'Arial', sans-serif; color: #000000;\">&Ouml;t\u0259n d&ouml;vr \u0259rzind\u0259 13 min n\u0259f\u0259rd\u0259n &ccedil;ox la&ccedil;\u0131nl\u0131 m\u0259cburi k&ouml;&ccedil;k&uuml;n&uuml;n m\u0259skunla\u015fd\u0131\u011f\u0131 A\u011fcab\u0259di rayonunun Taxtak&ouml;rp&uuml; \u0259razisind\u0259 geni\u015f tikinti-abadl\u0131q i\u015fl\u0259ri apar\u0131l\u0131b. &ldquo;Qa&ccedil;q\u0131nlar\u0131n v\u0259 m\u0259cburi k&ouml;&ccedil;k&uuml;nl\u0259rin ya\u015fay\u0131\u015f \u015f\u0259raitinin yax\u015f\u0131la\u015fd\u0131r\u0131lmas\u0131 v\u0259 m\u0259\u015f\u011fullu\u011funun art\u0131r\u0131lmas\u0131 &uuml;zr\u0259 D&ouml;vl\u0259t Proqram\u0131na v\u0259 Az\u0259rbaycan Respublikas\u0131 Prezidentinin m&uuml;vafiq S\u0259r\u0259ncamlar\u0131na uy\u011fun olaraq Taxtak&ouml;rp&uuml; \u0259razisind\u0259 b&uuml;t&uuml;n infrastruktura malik q\u0259s\u0259b\u0259l\u0259r in\u015fa edilib. <\/span><\/p>\n<p style=\"margin-top: 0cm; margin-right: 0cm; margin-bottom: 0.0001pt; text-align: justify; text-indent: 1cm;\"><span style=\"font-family: 'Arial', sans-serif; color: #000000;\">Haz\u0131rda La&ccedil;\u0131n rayonun b&uuml;t&uuml;n icra strukturlar\u0131 A\u011fcab\u0259di rayonunun Taxtak&ouml;rp&uuml; \u0259razisind\u0259 f\u0259aliyy\u0259t g&ouml;st\u0259rir. Rayon \u0130cra Hakimiyy\u0259ti, Yeni Az\u0259rbaycan Partiyas\u0131 rayon t\u0259\u015fkilat\u0131, 121 sayl\u0131 La&ccedil;\u0131n Se&ccedil;ki Dair\u0259si, rayon polis \u015f&ouml;b\u0259si, D&ouml;vl\u0259t Sosial M&uuml;dafi\u0259 Fondunun rayon \u015f&ouml;b\u0259si, t\u0259hsil \u015f&ouml;b\u0259si, \u018fhalinin Sosial M&uuml;dafi\u0259si v\u0259 M\u0259\u015f\u011fulluq M\u0259rk\u0259zl\u0259ri, &ldquo;Kapital bank&rdquo; ASC-nin rayon filial\u0131 &uuml;&ccedil;&uuml;n inzibati binalar, m\u0259d\u0259niyy\u0259t evi, x\u0259st\u0259xana v\u0259 tibb m\u0259nt\u0259q\u0259l\u0259ri, &uuml;mumt\u0259hsil m\u0259kt\u0259bl\u0259ri, u\u015faq ba\u011f&ccedil;alar\u0131 tikilib istifad\u0259y\u0259 verilib. Taxtak&ouml;rp&uuml; q\u0259s\u0259b\u0259sind\u0259 &uuml;mummilli lider Heyd\u0259r \u018fliyevin ad\u0131n\u0131 da\u015f\u0131yan m\u0259d\u0259niyy\u0259t v\u0259 istirah\u0259t park\u0131, G\u0259ncl\u0259r park\u0131 sal\u0131n\u0131b, dahi r\u0259hb\u0259rin b&uuml;st&uuml; qoyulub, \u015e\u0259hidl\u0259r abid\u0259 kompleksi in\u015fa edilib. <\/span><\/p>\n<p style=\"margin-top: 0cm; margin-right: 0cm; margin-bottom: 0.0001pt; text-align: justify; text-indent: 1cm;\"><span style=\"font-family: 'Arial', sans-serif; color: #000000;\">Taxtak&ouml;rp&uuml; \u0259razisin\u0259 t\u0259bii qaz x\u0259tti &ccedil;\u0259kilib, 256 v\u0259 512 n&ouml;mr\u0259 tutumlu iki Elektron ATS qura\u015fd\u0131r\u0131l\u0131b, q\u0259s\u0259b\u0259d\u0259 v\u0259 \u0259razid\u0259ki obalarda artezian quyular\u0131 qaz\u0131l\u0131b, modul tipli su t\u0259mizl\u0259yici qur\u011fu qura\u015fd\u0131r\u0131l\u0131b. \u018frazid\u0259 \u0259kin v\u0259 otlaq sah\u0259l\u0259rini suvarmaq &uuml;&ccedil;&uuml;n beton &uuml;zl&uuml;kl&uuml; kanal &ccedil;\u0259kilib, t\u0259s\u0259rr&uuml;fat su kanal\u0131 \u015f\u0259b\u0259k\u0259si yarad\u0131l\u0131b. <\/span><\/p>\n<p style=\"margin-top: 0cm; margin-right: 0cm; margin-bottom: 0.0001pt; text-align: justify; text-indent: 1cm;\"><span style=\"font-family: 'Arial', sans-serif; color: #000000;\">B&uuml;t&uuml;n bunlara baxmayaraq, la&ccedil;\u0131nl\u0131lar\u0131n \u0259n b&ouml;y&uuml;k arzusu do\u011fma yurdlar\u0131na qay\u0131tmaqd\u0131r. Bu g&uuml;n&uuml; s\u0259birsizlikl\u0259 g&ouml;zl\u0259y\u0259n la&ccedil;\u0131nl\u0131 m\u0259cburi k&ouml;&ccedil;k&uuml;nl\u0259r La&ccedil;\u0131n niskili, do\u011fma yurd h\u0259sr\u0259ti ya\u015fay\u0131rlar. 28 illik m\u0259cburi k&ouml;&ccedil;k&uuml;nl&uuml;k h\u0259yat\u0131 ya\u015famalar\u0131na baxmayaraq, q&uuml;rurlar\u0131n\u0131 h\u0259r zaman qoruyub saxlayan la&ccedil;\u0131nl\u0131lar \u0259mindirl\u0259r ki, Erm\u0259nistan-Az\u0259rbaycan Da\u011fl\u0131q Qaraba\u011f m&uuml;naqi\u015f\u0259si xalq\u0131m\u0131z\u0131n maraqlar\u0131 &ccedil;\u0259r&ccedil;iv\u0259sind\u0259 h\u0259ll olunacaq, i\u015f\u011fal alt\u0131ndak\u0131 \u0259razil\u0259rimiz d&uuml;\u015fm\u0259n tapda\u011f\u0131ndan azad edil\u0259c\u0259k.<\/span><\/p>","protected":false},"excerpt":{"rendered":"<p>La&ccedil;\u0131ns\u0131z ke&ccedil;\u0259n 28 il&hellip; AZ\u018fRTAC t\u0259r\u0259find\u0259n haz\u0131rlanm\u0131\u015f material\u0131 t\u0259qdim edirik A\u011fcab\u0259di, 18 may, Tahir A\u011fam\u0259mm\u0259dov, AZ\u018fRTAC Strateji bax\u0131mdan m&uuml;h&uuml;m co\u011frafi m&ouml;vqed\u0259 yerl\u0259\u015f\u0259n La&ccedil;\u0131n rayonunun Erm\u0259nistan silahl\u0131 q&uuml;vv\u0259l\u0259ri t\u0259r\u0259find\u0259n i\u015f\u011fal edilm\u0259sind\u0259n 28 il ke&ccedil;ir. 1992-ci il may\u0131n 18-d\u0259 erm\u0259ni h\u0259rbi birl\u0259\u015fm\u0259l\u0259ri 1835 kvadratkilometr \u0259razisi olan La&ccedil;\u0131n rayonunu &ndash; bir \u015f\u0259h\u0259r, bir q\u0259s\u0259b\u0259, 125 k\u0259ndi i\u015f\u011fal edib, [&hellip;]<\/p>\n","protected":false},"author":1,"featured_media":0,"comment_status":"open","ping_status":"open","sticky":false,"template":"","format":"standard","meta":{"_eb_attr":"","ocean_post_layout":"","ocean_both_sidebars_style":"","ocean_both_sidebars_content_width":0,"ocean_both_sidebars_sidebars_width":0,"ocean_sidebar":"","ocean_second_sidebar":"","ocean_disable_margins":"enable","ocean_add_body_class":"","ocean_shortcode_before_top_bar":"","ocean_shortcode_after_top_bar":"","ocean_shortcode_before_header":"","ocean_shortcode_after_header":"","ocean_has_shortcode":"","ocean_shortcode_after_title":"","ocean_shortcode_before_footer_widgets":"","ocean_shortcode_after_footer_widgets":"","ocean_shortcode_before_footer_bottom":"","ocean_shortcode_after_footer_bottom":"","ocean_display_top_bar":"default","ocean_display_header":"default","ocean_header_style":"","ocean_center_header_left_menu":"","ocean_custom_header_template":"","ocean_custom_logo":0,"ocean_custom_retina_logo":0,"ocean_custom_logo_max_width":0,"ocean_custom_logo_tablet_max_width":0,"ocean_custom_logo_mobile_max_width":0,"ocean_custom_logo_max_height":0,"ocean_custom_logo_tablet_max_height":0,"ocean_custom_logo_mobile_max_height":0,"ocean_header_custom_menu":"","ocean_menu_typo_font_family":"","ocean_menu_typo_font_subset":"","ocean_menu_typo_font_size":0,"ocean_menu_typo_font_size_tablet":0,"ocean_menu_typo_font_size_mobile":0,"ocean_menu_typo_font_size_unit":"px","ocean_menu_typo_font_weight":"","ocean_menu_typo_font_weight_tablet":"","ocean_menu_typo_font_weight_mobile":"","ocean_menu_typo_transform":"","ocean_menu_typo_transform_tablet":"","ocean_menu_typo_transform_mobile":"","ocean_menu_typo_line_height":0,"ocean_menu_typo_line_height_tablet":0,"ocean_menu_typo_line_height_mobile":0,"ocean_menu_typo_line_height_unit":"","ocean_menu_typo_spacing":0,"ocean_menu_typo_spacing_tablet":0,"ocean_menu_typo_spacing_mobile":0,"ocean_menu_typo_spacing_unit":"","ocean_menu_link_color":"","ocean_menu_link_color_hover":"","ocean_menu_link_color_active":"","ocean_menu_link_background":"","ocean_menu_link_hover_background":"","ocean_menu_link_active_background":"","ocean_menu_social_links_bg":"","ocean_menu_social_hover_links_bg":"","ocean_menu_social_links_color":"","ocean_menu_social_hover_links_color":"","ocean_disable_title":"default","ocean_disable_heading":"default","ocean_post_title":"","ocean_post_subheading":"","ocean_post_title_style":"","ocean_post_title_background_color":"","ocean_post_title_background":0,"ocean_post_title_bg_image_position":"","ocean_post_title_bg_image_attachment":"","ocean_post_title_bg_image_repeat":"","ocean_post_title_bg_image_size":"","ocean_post_title_height":0,"ocean_post_title_bg_overlay":0.5,"ocean_post_title_bg_overlay_color":"","ocean_disable_breadcrumbs":"default","ocean_breadcrumbs_color":"","ocean_breadcrumbs_separator_color":"","ocean_breadcrumbs_links_color":"","ocean_breadcrumbs_links_hover_color":"","ocean_display_footer_widgets":"default","ocean_display_footer_bottom":"default","ocean_custom_footer_template":"","ocean_post_oembed":"","ocean_post_self_hosted_media":"","ocean_post_video_embed":"","ocean_link_format":"","ocean_link_format_target":"self","ocean_quote_format":"","ocean_quote_format_link":"post","ocean_gallery_link_images":"on","ocean_gallery_id":[],"footnotes":""},"categories":[63],"tags":[],"class_list":["post-15295","post","type-post","status-publish","format-standard","hentry","category-khaebaerlaer-az","entry"],"_links":{"self":[{"href":"https:\/\/mdu.edu.az\/en\/wp-json\/wp\/v2\/posts\/15295","targetHints":{"allow":["GET"]}}],"collection":[{"href":"https:\/\/mdu.edu.az\/en\/wp-json\/wp\/v2\/posts"}],"about":[{"href":"https:\/\/mdu.edu.az\/en\/wp-json\/wp\/v2\/types\/post"}],"author":[{"embeddable":true,"href":"https:\/\/mdu.edu.az\/en\/wp-json\/wp\/v2\/users\/1"}],"replies":[{"embeddable":true,"href":"https:\/\/mdu.edu.az\/en\/wp-json\/wp\/v2\/comments?post=15295"}],"version-history":[{"count":0,"href":"https:\/\/mdu.edu.az\/en\/wp-json\/wp\/v2\/posts\/15295\/revisions"}],"wp:attachment":[{"href":"https:\/\/mdu.edu.az\/en\/wp-json\/wp\/v2\/media?parent=15295"}],"wp:term":[{"taxonomy":"category","embeddable":true,"href":"https:\/\/mdu.edu.az\/en\/wp-json\/wp\/v2\/categories?post=15295"},{"taxonomy":"post_tag","embeddable":true,"href":"https:\/\/mdu.edu.az\/en\/wp-json\/wp\/v2\/tags?post=15295"}],"curies":[{"name":"wp","href":"https:\/\/api.w.org\/{rel}","templated":true}]}}