{"id":15381,"date":"2020-07-03T13:29:52","date_gmt":"2020-07-03T10:29:52","guid":{"rendered":"https:\/\/mdu.edu.az\/kh-susi-karantin-rezhiminin-uzad-lmas-il-lazh-dar-minzh-evir-d-vl-t-universitetind-idzlas-ke-irilib\/"},"modified":"2020-07-03T13:29:52","modified_gmt":"2020-07-03T10:29:52","slug":"kh-susi-karantin-rezhiminin-uzad-lmas-il-lazh-dar-minzh-evir-d-vl-t-universitetind-idzlas-ke-irilib","status":"publish","type":"post","link":"https:\/\/mdu.edu.az\/en\/kh-susi-karantin-rezhiminin-uzad-lmas-il-lazh-dar-minzh-evir-d-vl-t-universitetind-idzlas-ke-irilib\/","title":{"rendered":"X\u00fcsusi karantin rejiminin uzad\u0131lmas\u0131 il\u0259 \u0259laq\u0259dar Ming\u0259\u00e7evir D\u00f6vl\u0259t Universitetind\u0259 iclas ke\u00e7irilib"},"content":{"rendered":"<p style=\"margin-top: 0cm; margin-right: 0cm; margin-bottom: 0.0001pt; text-align: center; line-height: 150%; background: white none repeat scroll 0% 0%;\"><b><span style=\"font-size: 14pt; line-height: 150%; font-family: 'Arial', sans-serif; color: #1f3864;\">X&uuml;susi karantin rejiminin uzad\u0131lmas\u0131 il\u0259 \u0259laq\u0259dar Ming\u0259&ccedil;evir D&ouml;vl\u0259t Universitetind\u0259 iclas ke&ccedil;irilib<\/span><\/b><\/p>\n<p><span style=\"font-size: 8pt;\"><\/span><\/p>\n<p style=\"margin-top: 0cm; margin-right: 0cm; margin-bottom: 0.0001pt; text-align: justify; text-indent: 1cm; line-height: 150%; background: white none repeat scroll 0% 0%;\"><span style=\"font-family: 'Arial', sans-serif; color: #000000;\">2020-ci ilin 3 iyul tarixind\u0259 Ming\u0259&ccedil;evir D&ouml;vl\u0259t Universitetind\u0259 (MDU) m&uuml;vafiq struktur b&ouml;lm\u0259 r\u0259hb\u0259rl\u0259rinin i\u015ftirak\u0131 il\u0259 iclas ke&ccedil;irilib. &ldquo;Microsoft Teams&rdquo; platformas\u0131 &uuml;z\u0259rind\u0259n online formatda ke&ccedil;iril\u0259n iclas karantin rejiminin uzad\u0131lmas\u0131 m\u0259s\u0259l\u0259sin\u0259 h\u0259sr olunub.<\/span><\/p>\n<p style=\"margin-top: 0cm; margin-right: 0cm; margin-bottom: 0.0001pt; text-align: justify; text-indent: 1cm; line-height: 150%; background: white none repeat scroll 0% 0%;\"><span style=\"font-family: 'Arial', sans-serif; color: #000000;\">MDU-nun rektoru \u015eahin Bayramov Nazirl\u0259r Kabineti yan\u0131nda Operativ Q\u0259rargah\u0131n m&uuml;vafiq q\u0259rar\u0131na \u0259sas\u0259n COVID-19 virusunun yay\u0131lma s&uuml;r\u0259tinin azald\u0131lmas\u0131, el\u0259c\u0259 d\u0259 onun t&ouml;r\u0259d\u0259 bil\u0259c\u0259yi f\u0259sadlar\u0131n minimuma endirilm\u0259si m\u0259qs\u0259dil\u0259 Goranboy, G&ouml;yg&ouml;l v\u0259 Ming\u0259&ccedil;evir \u015f\u0259h\u0259rl\u0259ri, B\u0259rd\u0259, Xa&ccedil;maz, Samux, Siy\u0259z\u0259n v\u0259 \u015e\u0259ki rayonlar\u0131 daxil olmaqla, Bak\u0131, C\u0259lilabad, G\u0259nc\u0259, L\u0259nk\u0259ran, Masall\u0131, Sumqay\u0131t, Yevlax \u015f\u0259h\u0259rl\u0259rind\u0259 v\u0259 Ab\u015feron rayonunda x&uuml;susi karantin rejiminin 2020-ci il 5 iyul saat 06:00-dan 20 iyul saat 06:00-d\u0259k uzad\u0131lmas\u0131 bar\u0259d\u0259 m\u0259lumat verib. Q\u0259rar\u0131n detallar\u0131 bar\u0259d\u0259 \u0259trafl\u0131 dan\u0131\u015fan rektor infeksiya il\u0259 m&uuml;bariz\u0259 sah\u0259sind\u0259 d&ouml;vl\u0259t t\u0259r\u0259find\u0259n b&uuml;t&uuml;n z\u0259ruri t\u0259dbirl\u0259rin g&ouml;r&uuml;ld&uuml;y&uuml;n&uuml; v\u0259 qabaqlay\u0131c\u0131 add\u0131mlar\u0131n at\u0131ld\u0131\u011f\u0131n\u0131 diqq\u0259t\u0259 &ccedil;atd\u0131r\u0131b.<\/span><\/p>\n<p style=\"margin-top: 0cm; margin-right: 0cm; margin-bottom: 0.0001pt; text-align: justify; text-indent: 1cm; line-height: 150%; background: white none repeat scroll 0% 0%;\"><span style=\"font-family: 'Arial', sans-serif; color: #000000;\">\u015e.Bayramov karantin d&ouml;vr&uuml;n&uuml;n t\u0259l\u0259b v\u0259 t&ouml;vsiy\u0259l\u0259rin\u0259 daha ciddi \u0259m\u0259l olunmas\u0131n\u0131n, o c&uuml;ml\u0259d\u0259n tibbi maska tax\u0131lmas\u0131, sosial m\u0259saf\u0259 saxlan\u0131lmas\u0131 v\u0259 dezinfeksiyaedici m\u0259hlullardan davaml\u0131 istifad\u0259 edilm\u0259sinin vacibliyini vur\u011fulay\u0131b. Ciddi ehtiyac yaranmad\u0131\u011f\u0131 t\u0259qdird\u0259 evd\u0259n &ccedil;\u0131xmama\u011f\u0131n v\u0259 ictimai yerl\u0259rd\u0259 dig\u0259r \u015f\u0259xsl\u0259rl\u0259 kontakt\u0131n minimum endirilm\u0259sinin &ouml;n\u0259mini qeyd ed\u0259n rektor universitet \u0259m\u0259kda\u015flar\u0131n\u0131 virusla m&uuml;bariz\u0259 sah\u0259sind\u0259 maarifl\u0259ndirm\u0259 i\u015finin g&uuml;cl\u0259ndirilm\u0259sind\u0259 f\u0259al i\u015ftiraka d\u0259v\u0259t edib.<\/span><\/p>\n<p style=\"margin-top: 0cm; margin-right: 0cm; margin-bottom: 0.0001pt; text-align: justify; text-indent: 1cm; line-height: 150%; background: white none repeat scroll 0% 0%;\"><span style=\"font-family: 'Arial', sans-serif; color: #000000;\">Karantin m&uuml;dd\u0259tind\u0259 MDU-nun f\u0259aliyy\u0259tinin m\u0259saf\u0259d\u0259n h\u0259yata ke&ccedil;iril\u0259c\u0259yini bildir\u0259n \u015e.Bayramov bununla \u0259laq\u0259dar struktur b&ouml;lm\u0259 r\u0259hb\u0259rl\u0259rin\u0259 m&uuml;vafiq tap\u015f\u0131r\u0131qlar verib, s&ouml;z&uuml;ged\u0259n Q\u0259rar bar\u0259d\u0259 \u0259trafl\u0131 m\u0259lumat\u0131n kafedra v\u0259 \u015f&ouml;b\u0259 iclaslar\u0131nda online qaydada b&uuml;t&uuml;n \u0259m\u0259kda\u015flara &ccedil;atd\u0131r\u0131lmas\u0131n\u0131 t&ouml;vsiy\u0259 edib.<\/span><\/p>\n<p style=\"margin-top: 0cm; margin-right: 0cm; margin-bottom: 0.0001pt; text-align: justify; text-indent: 1cm; line-height: 150%; background: white none repeat scroll 0% 0%;\"><span style=\"font-family: 'Arial', sans-serif; color: #000000;\">\u0130clasda karantin m&uuml;dd\u0259tind\u0259 t\u0259l\u0259b\u0259, magistrant v\u0259 valieynl\u0259rd\u0259n daxil olan b&uuml;t&uuml;n m&uuml;raci\u0259tl\u0259r\u0259 operativ qaydada bax\u0131lmas\u0131 il\u0259 ba\u011fl\u0131 da m&uuml;vafiq tap\u015f\u0131r\u0131qlar verilib.<\/span><\/p>\n<p>{phocagallery view=category|categoryid=403|limitstart=0|limitcount=0}<\/p>","protected":false},"excerpt":{"rendered":"<p>X&uuml;susi karantin rejiminin uzad\u0131lmas\u0131 il\u0259 \u0259laq\u0259dar Ming\u0259&ccedil;evir D&ouml;vl\u0259t Universitetind\u0259 iclas ke&ccedil;irilib 2020-ci ilin 3 iyul tarixind\u0259 Ming\u0259&ccedil;evir D&ouml;vl\u0259t Universitetind\u0259 (MDU) m&uuml;vafiq struktur b&ouml;lm\u0259 r\u0259hb\u0259rl\u0259rinin i\u015ftirak\u0131 il\u0259 iclas ke&ccedil;irilib. &ldquo;Microsoft Teams&rdquo; platformas\u0131 &uuml;z\u0259rind\u0259n online formatda ke&ccedil;iril\u0259n iclas karantin rejiminin uzad\u0131lmas\u0131 m\u0259s\u0259l\u0259sin\u0259 h\u0259sr olunub. MDU-nun rektoru \u015eahin Bayramov Nazirl\u0259r Kabineti yan\u0131nda Operativ Q\u0259rargah\u0131n m&uuml;vafiq q\u0259rar\u0131na \u0259sas\u0259n COVID-19 [&hellip;]<\/p>\n","protected":false},"author":1,"featured_media":0,"comment_status":"open","ping_status":"open","sticky":false,"template":"","format":"standard","meta":{"_eb_attr":"","ocean_post_layout":"","ocean_both_sidebars_style":"","ocean_both_sidebars_content_width":0,"ocean_both_sidebars_sidebars_width":0,"ocean_sidebar":"","ocean_second_sidebar":"","ocean_disable_margins":"enable","ocean_add_body_class":"","ocean_shortcode_before_top_bar":"","ocean_shortcode_after_top_bar":"","ocean_shortcode_before_header":"","ocean_shortcode_after_header":"","ocean_has_shortcode":"","ocean_shortcode_after_title":"","ocean_shortcode_before_footer_widgets":"","ocean_shortcode_after_footer_widgets":"","ocean_shortcode_before_footer_bottom":"","ocean_shortcode_after_footer_bottom":"","ocean_display_top_bar":"default","ocean_display_header":"default","ocean_header_style":"","ocean_center_header_left_menu":"","ocean_custom_header_template":"","ocean_custom_logo":0,"ocean_custom_retina_logo":0,"ocean_custom_logo_max_width":0,"ocean_custom_logo_tablet_max_width":0,"ocean_custom_logo_mobile_max_width":0,"ocean_custom_logo_max_height":0,"ocean_custom_logo_tablet_max_height":0,"ocean_custom_logo_mobile_max_height":0,"ocean_header_custom_menu":"","ocean_menu_typo_font_family":"","ocean_menu_typo_font_subset":"","ocean_menu_typo_font_size":0,"ocean_menu_typo_font_size_tablet":0,"ocean_menu_typo_font_size_mobile":0,"ocean_menu_typo_font_size_unit":"px","ocean_menu_typo_font_weight":"","ocean_menu_typo_font_weight_tablet":"","ocean_menu_typo_font_weight_mobile":"","ocean_menu_typo_transform":"","ocean_menu_typo_transform_tablet":"","ocean_menu_typo_transform_mobile":"","ocean_menu_typo_line_height":0,"ocean_menu_typo_line_height_tablet":0,"ocean_menu_typo_line_height_mobile":0,"ocean_menu_typo_line_height_unit":"","ocean_menu_typo_spacing":0,"ocean_menu_typo_spacing_tablet":0,"ocean_menu_typo_spacing_mobile":0,"ocean_menu_typo_spacing_unit":"","ocean_menu_link_color":"","ocean_menu_link_color_hover":"","ocean_menu_link_color_active":"","ocean_menu_link_background":"","ocean_menu_link_hover_background":"","ocean_menu_link_active_background":"","ocean_menu_social_links_bg":"","ocean_menu_social_hover_links_bg":"","ocean_menu_social_links_color":"","ocean_menu_social_hover_links_color":"","ocean_disable_title":"default","ocean_disable_heading":"default","ocean_post_title":"","ocean_post_subheading":"","ocean_post_title_style":"","ocean_post_title_background_color":"","ocean_post_title_background":0,"ocean_post_title_bg_image_position":"","ocean_post_title_bg_image_attachment":"","ocean_post_title_bg_image_repeat":"","ocean_post_title_bg_image_size":"","ocean_post_title_height":0,"ocean_post_title_bg_overlay":0.5,"ocean_post_title_bg_overlay_color":"","ocean_disable_breadcrumbs":"default","ocean_breadcrumbs_color":"","ocean_breadcrumbs_separator_color":"","ocean_breadcrumbs_links_color":"","ocean_breadcrumbs_links_hover_color":"","ocean_display_footer_widgets":"default","ocean_display_footer_bottom":"default","ocean_custom_footer_template":"","ocean_post_oembed":"","ocean_post_self_hosted_media":"","ocean_post_video_embed":"","ocean_link_format":"","ocean_link_format_target":"self","ocean_quote_format":"","ocean_quote_format_link":"post","ocean_gallery_link_images":"on","ocean_gallery_id":[],"footnotes":""},"categories":[63],"tags":[],"class_list":["post-15381","post","type-post","status-publish","format-standard","hentry","category-khaebaerlaer-az","entry"],"_links":{"self":[{"href":"https:\/\/mdu.edu.az\/en\/wp-json\/wp\/v2\/posts\/15381","targetHints":{"allow":["GET"]}}],"collection":[{"href":"https:\/\/mdu.edu.az\/en\/wp-json\/wp\/v2\/posts"}],"about":[{"href":"https:\/\/mdu.edu.az\/en\/wp-json\/wp\/v2\/types\/post"}],"author":[{"embeddable":true,"href":"https:\/\/mdu.edu.az\/en\/wp-json\/wp\/v2\/users\/1"}],"replies":[{"embeddable":true,"href":"https:\/\/mdu.edu.az\/en\/wp-json\/wp\/v2\/comments?post=15381"}],"version-history":[{"count":0,"href":"https:\/\/mdu.edu.az\/en\/wp-json\/wp\/v2\/posts\/15381\/revisions"}],"wp:attachment":[{"href":"https:\/\/mdu.edu.az\/en\/wp-json\/wp\/v2\/media?parent=15381"}],"wp:term":[{"taxonomy":"category","embeddable":true,"href":"https:\/\/mdu.edu.az\/en\/wp-json\/wp\/v2\/categories?post=15381"},{"taxonomy":"post_tag","embeddable":true,"href":"https:\/\/mdu.edu.az\/en\/wp-json\/wp\/v2\/tags?post=15381"}],"curies":[{"name":"wp","href":"https:\/\/api.w.org\/{rel}","templated":true}]}}