{"id":15384,"date":"2020-07-03T20:28:23","date_gmt":"2020-07-03T17:28:23","guid":{"rendered":"https:\/\/mdu.edu.az\/az-rbaydzan-m-llimi-zh-zetind-mdu-nun-m-zun-zh-n-2020-t-dbiri-bar-d-zheni-yaz-d-rdz-olunub\/"},"modified":"2023-09-11T10:16:08","modified_gmt":"2023-09-11T07:16:08","slug":"az-rbaydzan-m-llimi-zh-zetind-mdu-nun-m-zun-zh-n-2020-t-dbiri-bar-d-zheni-yaz-d-rdz-olunub","status":"publish","type":"post","link":"https:\/\/mdu.edu.az\/en\/az-rbaydzan-m-llimi-zh-zetind-mdu-nun-m-zun-zh-n-2020-t-dbiri-bar-d-zheni-yaz-d-rdz-olunub\/","title":{"rendered":"\u201cAz\u0259rbaycan M\u00fc\u0259llimi\u201d q\u0259zetind\u0259 MDU-nun \u201cM\u0259zun g\u00fcn\u00fc \u2013 2020\u201d t\u0259dbiri bar\u0259d\u0259 geni\u015f yaz\u0131 d\u0259rc olunub"},"content":{"rendered":"<p style=\"text-align: center;\"><b><span style=\"font-size: 14pt; font-family: 'Arial', sans-serif; color: #002060;\">&ldquo;Az\u0259rbaycan M&uuml;\u0259llimi&rdquo; q\u0259zetind\u0259 MDU-nun &ldquo;M\u0259zun g&uuml;n&uuml; &ndash; 2020&rdquo; t\u0259dbiri bar\u0259d\u0259 geni\u015f yaz\u0131 d\u0259rc olunub<\/span><\/b><\/p>\n<p style=\"text-indent: 1cm; text-align: center;\"><b><span style=\"font-size: 12pt; font-family: 'Arial', sans-serif;\"><img decoding=\"async\" src=\"images\/photo\/Esas_3-1.jpg\" alt=\"\" \/>&nbsp;<\/span><\/b><\/p>\n<p style=\"text-align: justify; text-indent: 1cm;\"><span style=\"color: #000000;\"><b><span style=\"font-size: 12pt; font-family: 'Arial', sans-serif;\">2019-2020-ci t\u0259dris ilind\u0259 bakalavr v\u0259 magistratura s\u0259viyy\u0259l\u0259ri &uuml;zr\u0259 450-y\u0259 yax\u0131n g\u0259nc m\u0259zun oldu<\/span><\/b><b><span style=\"font-size: 12pt; font-family: 'Arial', sans-serif;\">.<\/span><\/b><\/span><\/p>\n<p style=\"text-align: justify; text-indent: 1cm;\"><span style=\"font-size: 12pt; font-family: 'Arial', sans-serif; color: #000000;\">\u0130yunun 29-da Ming\u0259&ccedil;evir D&ouml;vl\u0259t Universitetind\u0259 (MDU) &ldquo;M\u0259zun g&uuml;n&uuml; &#8211; 2020&rdquo; t\u0259dbiri ke&ccedil;irilib. &ldquo;Zoom&rdquo; platformas\u0131 &uuml;z\u0259rind\u0259n online formatda ke&ccedil;iril\u0259n t\u0259dbird\u0259 cari t\u0259dris ilind\u0259 MDU-dan m\u0259zun olan t\u0259l\u0259b\u0259l\u0259r v\u0259 magistrantlar, el\u0259c\u0259 d\u0259 valideynl\u0259r v\u0259 universitetin \u0259m\u0259kda\u015flar\u0131 i\u015ftirak edibl\u0259r.&nbsp; &ldquo;M\u0259zun g&uuml;n&uuml; &#8211; 2020&rdquo; t\u0259dbirinin i\u015ftirak&ccedil;\u0131lar\u0131n\u0131 salamlayan MDU-nun rektoru \u015eahin Bayramov 2019\/2020-ci t\u0259dris ilind\u0259 bakalavriat v\u0259 magistratura s\u0259viyy\u0259l\u0259ri &uuml;zr\u0259 &uuml;mumilikd\u0259 450-y\u0259 yax\u0131n g\u0259ncin universitetd\u0259n m\u0259zun oldu\u011funu bildirib, b&uuml;t&uuml;n m\u0259zunlar\u0131, onlar\u0131n m&uuml;\u0259lliml\u0259rini v\u0259 valideynl\u0259rini t\u0259brik edib. Rektor m\u0259zunlar\u0131n &ouml;z m&uuml;\u0259lliml\u0259rind\u0259n \u0259ld\u0259 etdikl\u0259ri bilikl\u0259rin t\u0259cr&uuml;bi bacar\u0131qlarla z\u0259nginl\u0259\u015fdirilm\u0259sind\u0259 m&uuml;h&uuml;m rol oynam\u0131\u015f MDU-nun t\u0259r\u0259fda\u015flar\u0131na t\u0259\u015f\u0259kk&uuml;r&uuml;n&uuml; bildirib.<\/span><\/p>\n<p style=\"text-align: justify; text-indent: 1cm;\"><span style=\"font-size: 12pt; font-family: 'Arial', sans-serif; color: #000000;\">2020-ci ilin MDU ail\u0259sinin h\u0259r birinin h\u0259yat\u0131na yenilikl\u0259r g\u0259tirdiyini qeyd ed\u0259n \u015e.Bayramov yeni &ccedil;a\u011f\u0131r\u0131\u015flarla qar\u015f\u0131la\u015fd\u0131\u011f\u0131m\u0131z bir zamanda universiteti bitir\u0259n m\u0259zunlar\u0131n \u0259sl f\u0259dakarl\u0131q g&ouml;st\u0259rdikl\u0259rini vur\u011fulay\u0131b. Rektor haz\u0131rda d&uuml;nyam\u0131z\u0131n s\u0131naq qar\u015f\u0131s\u0131nda olmas\u0131 v\u0259 ham\u0131l\u0131qla g&ouml;z\u0259g&ouml;r&uuml;nm\u0259z d&uuml;\u015fm\u0259nl\u0259 m&uuml;bariz\u0259 apar\u0131lmas\u0131 s\u0259b\u0259bind\u0259n g\u0259ncl\u0259rin &uuml;r\u0259yinc\u0259 olan, yenilikl\u0259rl\u0259 z\u0259ngin &ldquo;M\u0259zun G&uuml;n&uuml;&rdquo; ke&ccedil;ir\u0259 bilm\u0259dikl\u0259rini diqq\u0259t\u0259 &ccedil;atd\u0131r\u0131b. Universitetin do\u011fma divarlar\u0131 aras\u0131nda ke&ccedil;irm\u0259yi arzu etdikl\u0259ri &ldquo;M\u0259zun g&uuml;n&uuml;&rdquo;n&uuml;n daha m&ouml;ht\u0259\u015f\u0259m ola bil\u0259c\u0259yini dey\u0259n rektor t\u0259dbiri m&ouml;vcud informasiya texnologiyalar\u0131n\u0131n yaratd\u0131\u011f\u0131 imkanlardan faydalanmaqla ke&ccedil;irm\u0259k q\u0259rar\u0131n\u0131 verdikl\u0259rini bildirib. Universitet m\u0259zunu olma\u011f\u0131n b&ouml;y&uuml;k nailiyy\u0259t v\u0259 \u0259h\u0259miyy\u0259tli u\u011fur oldu\u011funu qeyd ed\u0259n \u015eahin Bayramov bu u\u011furun \u0259ld\u0259 olunmas\u0131nda yard\u0131m&ccedil;\u0131 olmu\u015f m&uuml;\u0259lliml\u0259ri v\u0259 m\u0259zunlar\u0131n ail\u0259 &uuml;zvl\u0259rini d\u0259 t\u0259brik edib, onlara t\u0259\u015f\u0259kk&uuml;r&uuml;n&uuml; bildirib.T\u0259hsil ald\u0131qlar\u0131 m&uuml;dd\u0259td\u0259 MDU ail\u0259sinin &uuml;zv&uuml;n\u0259 &ccedil;evril\u0259n t\u0259l\u0259b\u0259l\u0259rin bundan sonra h\u0259min ail\u0259d\u0259 m\u0259zun statusunda t\u0259msil olunacaqlar\u0131n\u0131 qeyd ed\u0259n rektor bu ail\u0259nin professor-m&uuml;\u0259llim hey\u0259ti, t\u0259l\u0259b\u0259l\u0259r, magistrantlar v\u0259 m\u0259zunlar &uuml;&ccedil;&uuml;n ortaq d\u0259y\u0259r oldu\u011funu vur\u011fulay\u0131b. O, bu d\u0259y\u0259ri qorumaq, bu d\u0259y\u0259ri uca tutmaq v\u0259 bu d\u0259y\u0259r\u0259 layiq olmaq &uuml;&ccedil;&uuml;n MDU ail\u0259sinin b&uuml;t&uuml;n &uuml;zvl\u0259rinin &uuml;z\u0259rin\u0259 b&ouml;y&uuml;k m\u0259suliyy\u0259t d&uuml;\u015fd&uuml;y&uuml;n&uuml; diqq\u0259t\u0259 &ccedil;atd\u0131r\u0131b.<\/span><\/p>\n<p style=\"text-align: justify; text-indent: 1cm;\"><span style=\"font-size: 12pt; font-family: 'Arial', sans-serif; color: #000000;\">\u015e.Bayramov cari t\u0259dris ilinin m\u0259zunlar\u0131n\u0131n universiteti innovasiyalar\u0131n rolunun k\u0259skin artd\u0131\u011f\u0131, d&ouml;rd&uuml;nc&uuml; s\u0259naye inqilab\u0131n\u0131n ba\u015fland\u0131\u011f\u0131, s&uuml;ni intellektin s&uuml;r\u0259tl\u0259 inki\u015faf etdiyi v\u0259 r\u0259q\u0259msal texnologiyalar\u0131n h\u0259yat\u0131m\u0131za g&uuml;cl&uuml; n&uuml;fuz etdiyi bir d&ouml;vrd\u0259 bitirdikl\u0259rini bildirib. O, m\u0259zunlar\u0131n milli v\u0259 beyn\u0259lxalq \u0259m\u0259k bazar\u0131nda r\u0259qab\u0259t m&uuml;bariz\u0259sinin k\u0259skin xarakter ald\u0131\u011f\u0131, qlobal d&uuml;nyam\u0131z\u0131n m&ouml;vcud nizam\u0131n\u0131n s&uuml;r\u0259tl\u0259 d\u0259yi\u015fdiyi v\u0259 h\u0259r birimizin ya\u015fam t\u0259rzinin durmadan yenil\u0259ndiyi bir vaxtda universitet m\u0259zunu olduqlar\u0131n\u0131 da deyib. Rektor g\u0259ncl\u0259rin do\u011fma Az\u0259rbaycan\u0131m\u0131z\u0131n davaml\u0131 inki\u015faf etdiyi, &ouml;lk\u0259mizd\u0259 insan kapital\u0131n\u0131n \u0259h\u0259miyy\u0259tinin s&uuml;r\u0259tl\u0259 artd\u0131\u011f\u0131 v\u0259 post-neft d&ouml;vr&uuml;n&uuml;n reall\u0131qlar\u0131ndan ir\u0259li g\u0259l\u0259n &ccedil;a\u011f\u0131r\u0131\u015flar\u0131n g&uuml;cl\u0259ndiyi bir d&ouml;vrd\u0259 universitet m\u0259zunu olduqlar\u0131n\u0131 da \u0259lav\u0259 edib.<\/span><\/p>\n<p style=\"text-align: justify; text-indent: 1cm;\"><span style=\"font-size: 12pt; font-family: 'Arial', sans-serif; color: #000000;\">MDU-da \u0259ld\u0259 etdikl\u0259ri bilikl\u0259r, qazand\u0131qlar\u0131 kompetensiyalar v\u0259 toplad\u0131qlar\u0131 t\u0259cr&uuml;b\u0259 say\u0259sind\u0259 m\u0259zunlar\u0131n yeni d&ouml;vr&uuml;n t\u0259l\u0259bl\u0259rin\u0259 uy\u011fun y&uuml;ks\u0259k ixtisasl\u0131 m&uuml;t\u0259x\u0259ssis kimi formala\u015fd\u0131qlar\u0131n\u0131 qeyd ed\u0259n \u015e.Bayramov h\u0259r bir m\u0259zunu &ouml;z daxilind\u0259 olan y&uuml;ks\u0259k potensial\u0131n f\u0259rqind\u0259 olma\u011fa, h\u0259min potensial\u0131 &uuml;z\u0259 &ccedil;\u0131xarmaq &uuml;&ccedil;&uuml;n daim &ccedil;al\u0131\u015fma\u011fa, h\u0259r bir \u015f\u0259xsin potensial\u0131n\u0131n onun x\u0259yallar\u0131 q\u0259d\u0259r olmas\u0131n\u0131 unutmama\u011fa v\u0259 x\u0259yallar\u0131n\u0131 reall\u0131\u011fa &ccedil;evirm\u0259y\u0259 yet\u0259rli olan g&uuml;c&uuml;n&uuml;n olmas\u0131na daim inanma\u011fa &ccedil;a\u011f\u0131r\u0131b.<\/span><\/p>\n<p style=\"text-align: justify; text-indent: 1cm;\"><span style=\"font-size: 12pt; font-family: 'Arial', sans-serif; color: #000000;\">\u015e.Bayramov m\u0259zunlar\u0131 qar\u015f\u0131lar\u0131na real m\u0259qs\u0259dl\u0259r v\u0259 \u0259l&ccedil;atan h\u0259d\u0259fl\u0259r qoyma\u011fa, professional inki\u015faf yollar\u0131n\u0131 m\u0259hz h\u0259min h\u0259d\u0259fl\u0259r\u0259 uy\u011fun qurma\u011fa, bu zaman s\u0259hv etm\u0259kd\u0259n qorxmama\u011fa v\u0259 s\u0259hvl\u0259rin onlar\u0131 u\u011fura aparan yolda olmas\u0131na inanma\u011fa d\u0259v\u0259t edib. Rektor bu yolda b&uuml;t&uuml;n m\u0259zunlara c\u0259sar\u0259t, \u0259zmkarl\u0131q v\u0259 &ouml;z&uuml;n\u0259inam arzulay\u0131b.<\/span><\/p>\n<p style=\"text-align: justify; text-indent: 1cm;\"><span style=\"color: #000000;\"><span style=\"font-size: 12pt; font-family: 'Arial', sans-serif;\"><\/span><span style=\"font-size: 12pt; font-family: 'Arial', sans-serif;\">\u015e<\/span><span style=\"font-size: 12pt; font-family: 'Arial', sans-serif;\">.Bayramov m\u0259zunlara g\u0259nclik enerjisini d&uuml;zg&uuml;n qiym\u0259tl\u0259ndirm\u0259yi, zaman\u0131n d\u0259y\u0259rini bilm\u0259yi, universiteti bitirm\u0259yin bilikl\u0259r \u0259ld\u0259 etm\u0259yin bitm\u0259si dem\u0259k olmad\u0131\u011f\u0131 fikrini \u0259sas g&ouml;t&uuml;rm\u0259yi v\u0259 &ldquo;&ouml;yr\u0259n\u0259c\u0259kl\u0259rim &ouml;yr\u0259ndikl\u0259rimd\u0259n h\u0259r zaman &ccedil;oxdur&rdquo; yana\u015fmas\u0131n\u0131 unutmama\u011f\u0131 t&ouml;vsiy\u0259 edib. M\u0259zunlar\u0131n bilik v\u0259 t\u0259cr&uuml;b\u0259sinin daim art\u0131r\u0131lmas\u0131n\u0131n vacibliyini qeyd ed\u0259n rektor bu i\u015fd\u0259 MDU-nun onlara daim d\u0259st\u0259k g&ouml;st\u0259rm\u0259y\u0259 haz\u0131r oldu\u011funu bildirib. O, m\u0259zunlar\u0131 m&uuml;\u0259llim, iqtisad&ccedil;\u0131 v\u0259 m&uuml;h\u0259ndis kimi f\u0259aliyy\u0259t g&ouml;st\u0259r\u0259c\u0259kl\u0259ri qurumlara, ziyal\u0131 kimi is\u0259 ya\u015fad\u0131qlar\u0131 c\u0259miyy\u0259t\u0259 faydal\u0131 olma\u011fa, \u0259n \u0259sas\u0131 is\u0259 xalq\u0131m\u0131za, d&ouml;vl\u0259timiz\u0259 v\u0259 v\u0259t\u0259nimiz\u0259 layiq v\u0259t\u0259nda\u015f olma\u011fa &ccedil;a\u011f\u0131r\u0131b.<\/span><\/span><\/p>\n<p style=\"text-align: justify; text-indent: 1cm;\"><span style=\"font-size: 12pt; font-family: 'Arial', sans-serif; color: #000000;\">Cari t\u0259dris ilinin \u0259vv\u0259lind\u0259n ba\u015flayaraq MDU-da ham\u0131l\u0131qla yeni bir missiyaya start verdikl\u0259rini vur\u011fulayan rektor haz\u0131rda universitetin s&uuml;r\u0259tl\u0259 d\u0259yi\u015fdiyini, yenil\u0259ndiyini v\u0259 m&uuml;asirl\u0259\u015fdiyini diqq\u0259t\u0259 &ccedil;atd\u0131r\u0131b. O, bir q\u0259d\u0259r f\u0259rqli reall\u0131qlar \u015f\u0259raitind\u0259 ba\u015fa vurduqlar\u0131 t\u0259dris ili \u0259rzind\u0259 sonuncu kurs t\u0259l\u0259b\u0259l\u0259ri v\u0259 magistrantlar\u0131n da f\u0259al i\u015ftirak\u0131 il\u0259 MDU-nun strateji h\u0259d\u0259fl\u0259rin\u0259 do\u011fru inaml\u0131 add\u0131mlar atd\u0131qlar\u0131n\u0131 bildirib.<\/span><\/p>\n<p style=\"text-align: justify; text-indent: 1cm;\"><span style=\"font-size: 12pt; font-family: 'Arial', sans-serif; color: #000000;\">Onlayn t\u0259dbird\u0259&nbsp; &ldquo;M\u0259zun G&uuml;n&uuml; &#8211; 2020&rdquo; t\u0259dbirinin i\u015ftirak&ccedil;\u0131lar\u0131na video-t\u0259brikl\u0259r n&uuml;mayi\u015f olunub. Universitetin m\u0259zunlar\u0131n\u0131, r\u0259hb\u0259rliyini v\u0259 professor-m&uuml;\u0259llim hey\u0259tini Az\u0259rbaycan Respublikas\u0131n\u0131n T\u0259hsil Nazirliyi ad\u0131ndan salamlayan&nbsp; T\u0259hsil nazirinin m&uuml;avini Firudin Qurbanov MDU-nu u\u011furla bitir\u0259n b&uuml;t&uuml;n m\u0259zunlara s\u0259mimi t\u0259brikl\u0259rini &ccedil;atd\u0131r\u0131b v\u0259 onlara g\u0259l\u0259c\u0259k h\u0259yatlar\u0131nda u\u011furlar dil\u0259yib. G\u0259ncl\u0259rin ali t\u0259hsil m&uuml;\u0259ssis\u0259sind\u0259n &ouml;lk\u0259mizin s&uuml;r\u0259tl\u0259 inki\u015faf etdiyi bir d&ouml;vrd\u0259 m\u0259zun oldu\u011funu qeyd ed\u0259n F.Qurbanov paytaxtla yana\u015f\u0131 regionlarda da m&uuml;asir t\u0259l\u0259bl\u0259r\u0259 cavab ver\u0259n universitetl\u0259rin f\u0259aliyy\u0259t g&ouml;st\u0259rdiyini v\u0259 MDU-nun m\u0259hz bel\u0259 universitetl\u0259rd\u0259n biri oldu\u011funu vur\u011fulay\u0131b. Nazir&nbsp; m&uuml;avini cari t\u0259dris ili \u0259rzind\u0259 MDU-da m&uuml;sb\u0259t d\u0259yi\u015fiklikl\u0259rin ba\u015f verdiyini v\u0259 u\u011furlu islahatlar\u0131n apar\u0131ld\u0131\u011f\u0131n\u0131 da diqq\u0259t\u0259 &ccedil;atd\u0131r\u0131b.<\/span><\/p>\n<p style=\"text-align: justify; text-indent: 1cm;\"><span style=\"font-size: 12pt; font-family: 'Arial', sans-serif; color: #000000;\">T\u0259dbird\u0259 video-formatda &ccedil;\u0131x\u0131\u015f ed\u0259n Ming\u0259&ccedil;evir \u015e\u0259h\u0259r \u0130cra Hakimiyy\u0259tinin ba\u015f&ccedil;\u0131s\u0131 \u0130lham \u0130smay\u0131lov haz\u0131rda &ouml;lk\u0259 ba\u015f&ccedil;\u0131s\u0131n\u0131n birba\u015fa r\u0259hb\u0259rliyi il\u0259 &ouml;lk\u0259mizd\u0259 koronavirus (COVID-19) pandemiyas\u0131na qar\u015f\u0131 m\u0259qs\u0259dy&ouml;nl&uuml; m&uuml;bariz\u0259 t\u0259dbirl\u0259rinin h\u0259yata ke&ccedil;irildiyini bildirib. M&ouml;vcud \u015f\u0259raitd\u0259 MDU-da &ldquo;M\u0259zun g&uuml;n&uuml;&rdquo; t\u0259dbirinin online formatda ke&ccedil;irilm\u0259sini alq\u0131\u015flad\u0131\u011f\u0131n\u0131 qeyd ed\u0259n \u0130.\u0130smay\u0131lov m\u0259zunlar\u0131 t\u0259brik edib v\u0259 onlar\u0131n layiqli m&uuml;t\u0259x\u0259ssis kimi Az\u0259rbaycan\u0131m\u0131z\u0131n inki\u015faf\u0131na t&ouml;hf\u0259l\u0259r verm\u0259sini arzulay\u0131b.<\/span><\/p>\n<p style=\"text-align: justify; text-indent: 1cm;\"><span style=\"font-size: 12pt; font-family: 'Arial', sans-serif; color: #000000;\">M\u0259zunlar\u0131 t\u0259brik ed\u0259n Milli M\u0259clisin Elm v\u0259 t\u0259hsil komit\u0259sinin s\u0259dri B\u0259xtiyar \u018fliyev MDU-dan m\u0259zun olan g\u0259ncl\u0259rin m&uuml;st\u0259qil Az\u0259rbaycan d&ouml;vl\u0259tinin g\u0259l\u0259c\u0259kd\u0259 daha s&uuml;r\u0259tli inki\u015faf\u0131 &uuml;&ccedil;&uuml;n var g&uuml;cl\u0259ril\u0259 &ccedil;al\u0131\u015facaqlar\u0131na inand\u0131\u011f\u0131n\u0131 bildirib. M\u0259zunlar\u0131n &ouml;z potensiallar\u0131n\u0131 ger&ccedil;\u0259kl\u0259\u015fdirm\u0259kl\u0259 g\u0259l\u0259c\u0259k h\u0259yatlar\u0131n\u0131 u\u011furla quracaqlar\u0131n\u0131 qeyd ed\u0259n B.\u018fliyev onlar\u0131n MDU-da ald\u0131qlar\u0131 bilik v\u0259 bacar\u0131qlar\u0131n m&uuml;st\u0259qil d&ouml;vl\u0259timizin daha da g&uuml;cl\u0259nm\u0259sin\u0259 xidm\u0259t ed\u0259c\u0259yin\u0259 \u0259minliyini vur\u011fulay\u0131b. O, m\u0259zunlara h\u0259m &ouml;z ad\u0131ndan, h\u0259m d\u0259 Milli M\u0259clisin Elm v\u0259 t\u0259hsil komit\u0259si ad\u0131ndan u\u011furlar arzulay\u0131b.<\/span><\/p>\n<p style=\"text-align: justify; text-indent: 1cm;\"><span style=\"font-size: 12pt; font-family: 'Arial', sans-serif; color: #000000;\">\u015eamax\u0131 Rayon \u0130cra Hakimiyy\u0259tinin ba\u015f&ccedil;\u0131s\u0131, MDU-nun m\u0259zunu Tahir M\u0259mm\u0259dov&nbsp; n&ouml;vb\u0259ti d\u0259rs ilinin bitm\u0259si m&uuml;nasib\u0259til\u0259 universitetin m\u0259zunlar\u0131n\u0131 v\u0259 m&uuml;\u0259lliml\u0259rini t\u0259brik edib, onlara g\u0259l\u0259c\u0259k f\u0259aliyy\u0259tl\u0259rind\u0259 u\u011furlar arzulay\u0131b. O, regionun \u0259n g&uuml;cl&uuml; v\u0259 dinamik inki\u015faf ed\u0259n d&ouml;vl\u0259ti kimi Az\u0259rbaycan\u0131n daha b&ouml;y&uuml;k h\u0259d\u0259fl\u0259rinin oldu\u011funu v\u0259 haz\u0131rda neft &ouml;lk\u0259sind\u0259n qeyri-neft &ouml;lk\u0259sin\u0259 transformasiya olundu\u011funu bildirib. Bu prosesd\u0259 insan resurslar\u0131n\u0131n m&uuml;h&uuml;m rol oynad\u0131\u011f\u0131n\u0131 qeyd ed\u0259n T.M\u0259mm\u0259dov MDU m\u0259zunlar\u0131n\u0131n d&ouml;vl\u0259timizin v\u0259 c\u0259miyy\u0259timizin inki\u015faf\u0131na b&ouml;y&uuml;k t&ouml;hv\u0259l\u0259r ver\u0259c\u0259yin\u0259 inand\u0131\u011f\u0131n\u0131 bildirib.<\/span><\/p>\n<p style=\"text-align: justify; text-indent: 1cm;\"><span style=\"font-size: 12pt; font-family: 'Arial', sans-serif; color: #000000;\">&nbsp;Az\u0259rbaycan Respublikas\u0131 Milli M\u0259clisinin Ming\u0259&ccedil;evir \u015f\u0259h\u0259rind\u0259n se&ccedil;il\u0259n deputat\u0131 Ayd\u0131n Mirz\u0259zad\u0259 m\u0259zunlar\u0131 t\u0259brik edib v\u0259 MDU-nun ke&ccedil;diyi inki\u015faf yoluna yax\u015f\u0131 b\u0259l\u0259d oldu\u011funu bildirib. Vaxtil\u0259 MDU-da d\u0259rs dediyini qeyd ed\u0259n mill\u0259t v\u0259kili haz\u0131rda bu universitetin &ouml;lk\u0259mizin tan\u0131nan v\u0259 &ouml;z n&uuml;fuzunu g&uuml;n&uuml;-g&uuml;nd\u0259n art\u0131ran ali t\u0259hsil m&uuml;\u0259ssis\u0259l\u0259ri s\u0131ras\u0131nda oldu\u011funu vur\u011fulay\u0131b. A.Mirz\u0259zad\u0259 MDU m\u0259zunlar\u0131n\u0131n haz\u0131rda Ming\u0259&ccedil;evir \u015f\u0259h\u0259rinin v\u0259 &ouml;lk\u0259mizin ictimai-siyasi h\u0259yat\u0131nda v\u0259 iqtisadi quruculu\u011funda f\u0259al i\u015ftirak etdikl\u0259rini diqq\u0259t\u0259 &ccedil;atd\u0131r\u0131b. O, q\u0259d\u0259m qoyduqlar\u0131 yeni h\u0259yat\u0131n m\u0259zunlardan bilik, yenilik, v\u0259t\u0259np\u0259rv\u0259rlik, tariximiz\u0259 v\u0259 milli d\u0259y\u0259rl\u0259rimiz\u0259 ba\u011fl\u0131l\u0131q t\u0259l\u0259b etdiyini bildirib.<\/span><\/p>\n<p style=\"text-align: justify; text-indent: 1cm;\"><span style=\"font-size: 12pt; font-family: 'Arial', sans-serif; color: #000000;\">&ldquo;Az\u0259rbaycan \u0130ES&rdquo; MMC-nin direktoru T\u0259hmasib H&uuml;seynov, Ming\u0259&ccedil;evir Regional &ldquo;ASAN Xidm\u0259t&rdquo; M\u0259rk\u0259zinin direktoru Elxan C\u0259f\u0259rov, Ming\u0259&ccedil;evir \u015f\u0259h\u0259r G\u0259ncl\u0259r v\u0259 \u0130dman \u0130dar\u0259sinin r\u0259isi Kamal N\u0259c\u0259fli, &ldquo;Ming\u0259&ccedil;evir Tekstil&rdquo; MMC-nin direktoru Mehman H&uuml;seynov, Ming\u0259&ccedil;evir \u015f\u0259h\u0259r U\u015faq-G\u0259ncl\u0259r \u0130nki\u015faf M\u0259rk\u0259zinin direktoru, MDU-nun \u0130ctimai N\u0259zar\u0259t \u015euras\u0131n\u0131n &uuml;zv&uuml; \u018fdal\u0259t Quliyeva, &ldquo;Ming\u0259&ccedil;evir i\u015f\u0131qlar\u0131&rdquo; q\u0259zetinin ba\u015f redaktoru, MDU-nun \u0130ctimai N\u0259zar\u0259t \u015euras\u0131n\u0131n &uuml;zv&uuml; F\u0259rman N\u0259biyev, &ldquo;Ming\u0259&ccedil;evir G\u0259ncl\u0259r Evi&rdquo; Sosial Xidm\u0259t M&uuml;\u0259ssis\u0259sinin direktoru Tural K\u0259rimov, Ming\u0259&ccedil;evir Y&uuml;ks\u0259k Texnologiyalar Park\u0131 n\u0259zdind\u0259 &ldquo;S\u0130MB\u0130OZ&rdquo; Texnoloji Biznes \u0130nkubatorun koordinatoru Orxan Nadirov, valideynl\u0259r V\u0259fa Hac\u0131yeva, Sad\u0259ddin C\u0259f\u0259rov, El\u015fad Hac\u0131yev b&uuml;t&uuml;n m\u0259zun olan g\u0259ncl\u0259ri v\u0259 universitetin professor-m&uuml;\u0259llim hey\u0259tini t\u0259brik, onlara yeni-yeni u\u011furlar arzu edibl\u0259r.<\/span><\/p>\n<p style=\"text-align: justify; text-indent: 1cm;\"><span style=\"font-size: 12pt; font-family: 'Arial', sans-serif; color: #000000;\">T\u0259dbird\u0259 &ccedil;\u0131x\u0131\u015f ed\u0259n m\u0259zunlar K\u0259mal\u0259 Hac\u0131yeva, M\u0259h\u0259mm\u0259d K\u0259rimov, Els\u0259v\u0259r C\u0259f\u0259rov, G&uuml;nel M\u0259mm\u0259dova v\u0259 K&ouml;n&uuml;l Ayd\u0131n MDU m\u0259zunu olmaqdan q&uuml;rur duyduqlar\u0131n\u0131, m&uuml;asirl\u0259\u015fm\u0259kd\u0259 olan do\u011fma universitetl\u0259rini layiqinc\u0259 t\u0259msil etm\u0259y\u0259 &ccedil;al\u0131\u015facaqlar\u0131n\u0131 v\u0259 onlar\u0131n &uuml;z\u0259rind\u0259 b&ouml;y&uuml;k \u0259m\u0259kl\u0259ri olan m&uuml;\u0259lliml\u0259rin\u0259 daim minn\u0259tdar olacaqlar\u0131n\u0131 bildiribl\u0259r.<\/span><\/p>\n<p style=\"text-align: justify; text-indent: 1cm;\"><span style=\"font-size: 12pt; font-family: 'Arial', sans-serif; color: #000000;\">Daha sonra t\u0259hsil m&uuml;dd\u0259tind\u0259 y&uuml;ks\u0259k akademik g&ouml;st\u0259ricil\u0259r g&ouml;st\u0259rmi\u015f v\u0259 MDU-nun ictimai h\u0259yat\u0131nda f\u0259al rol oynam\u0131\u015f bir qrup m\u0259zunun MDU-nun F\u0259xri F\u0259rman\u0131 il\u0259 t\u0259ltif olunmas\u0131 bar\u0259d\u0259 rektorun m&uuml;vafiq \u0259mri oxunub.<\/span><\/p>\n<p style=\"text-align: justify; text-indent: 1cm;\"><span style=\"font-size: 12pt; font-family: 'Arial', sans-serif; color: #000000;\">&nbsp;T\u0259dbirin sonunda m\u0259zunlar\u0131n MDU haqq\u0131nda t\u0259\u0259ss&uuml;ratlar\u0131n\u0131 \u0259ks etdir\u0259n video-&ccedil;arxlar v\u0259 MDU t\u0259l\u0259b\u0259l\u0259ri t\u0259r\u0259find\u0259n m\u0259zunlar\u0131 t\u0259brik m\u0259qs\u0259dil\u0259 haz\u0131rlanm\u0131\u015f video-musiqil\u0259r n&uuml;mayi\u015f etdirilib. MDU-dan m\u0259zun olan Ba\u011fdag&uuml;l Baliyeva v\u0259 \u0130ran\u0259 Budulovan\u0131n i\u015ftirak\u0131 il\u0259 &ccedil;\u0259kilmi\u015f &ldquo;MDU M\u0259zunu 2020&rdquo; video-klipi t\u0259dbir i\u015ftirak&ccedil;\u0131lar\u0131 t\u0259r\u0259find\u0259n b&ouml;y&uuml;k maraqla qar\u015f\u0131lan\u0131b.<\/span><\/p>\n<p><a href=\"https:\/\/muallim.edu.az\/news.php?id=12012&amp;fbclid=IwAR2m0hTdFt-2WCWDoNqE2Ny94QUAFRNIytws-aBb54MprpnKLSSwpVcoDi4\" target=\"_blank\" rel=\"noopener\">&#8220;Az\u0259rbaycan m&uuml;\u0259llimi&#8221;<\/a><\/p>\n<p style=\"text-align: justify; text-indent: 1cm;\"><span style=\"font-size: 12pt; font-family: 'Arial', sans-serif; color: #000000;\"><\/span><\/p>\n<p style=\"text-align: center;\"><b><span style=\"font-size: 14pt; font-family: 'Arial', sans-serif; color: #002060;\"><\/span><\/b><\/p>","protected":false},"excerpt":{"rendered":"<p>&ldquo;Az\u0259rbaycan M&uuml;\u0259llimi&rdquo; q\u0259zetind\u0259 MDU-nun &ldquo;M\u0259zun g&uuml;n&uuml; &ndash; 2020&rdquo; t\u0259dbiri bar\u0259d\u0259 geni\u015f yaz\u0131 d\u0259rc olunub &nbsp; 2019-2020-ci t\u0259dris ilind\u0259 bakalavr v\u0259 magistratura s\u0259viyy\u0259l\u0259ri &uuml;zr\u0259 450-y\u0259 yax\u0131n g\u0259nc m\u0259zun oldu. \u0130yunun 29-da Ming\u0259&ccedil;evir D&ouml;vl\u0259t Universitetind\u0259 (MDU) &ldquo;M\u0259zun g&uuml;n&uuml; &#8211; 2020&rdquo; t\u0259dbiri ke&ccedil;irilib. &ldquo;Zoom&rdquo; platformas\u0131 &uuml;z\u0259rind\u0259n online formatda ke&ccedil;iril\u0259n t\u0259dbird\u0259 cari t\u0259dris ilind\u0259 MDU-dan m\u0259zun olan t\u0259l\u0259b\u0259l\u0259r v\u0259 [&hellip;]<\/p>\n","protected":false},"author":1,"featured_media":0,"comment_status":"open","ping_status":"open","sticky":false,"template":"","format":"standard","meta":{"_eb_attr":"","ocean_post_layout":"","ocean_both_sidebars_style":"","ocean_both_sidebars_content_width":0,"ocean_both_sidebars_sidebars_width":0,"ocean_sidebar":"","ocean_second_sidebar":"","ocean_disable_margins":"enable","ocean_add_body_class":"","ocean_shortcode_before_top_bar":"","ocean_shortcode_after_top_bar":"","ocean_shortcode_before_header":"","ocean_shortcode_after_header":"","ocean_has_shortcode":"","ocean_shortcode_after_title":"","ocean_shortcode_before_footer_widgets":"","ocean_shortcode_after_footer_widgets":"","ocean_shortcode_before_footer_bottom":"","ocean_shortcode_after_footer_bottom":"","ocean_display_top_bar":"default","ocean_display_header":"default","ocean_header_style":"","ocean_center_header_left_menu":"","ocean_custom_header_template":"","ocean_custom_logo":0,"ocean_custom_retina_logo":0,"ocean_custom_logo_max_width":0,"ocean_custom_logo_tablet_max_width":0,"ocean_custom_logo_mobile_max_width":0,"ocean_custom_logo_max_height":0,"ocean_custom_logo_tablet_max_height":0,"ocean_custom_logo_mobile_max_height":0,"ocean_header_custom_menu":"","ocean_menu_typo_font_family":"","ocean_menu_typo_font_subset":"","ocean_menu_typo_font_size":0,"ocean_menu_typo_font_size_tablet":0,"ocean_menu_typo_font_size_mobile":0,"ocean_menu_typo_font_size_unit":"px","ocean_menu_typo_font_weight":"","ocean_menu_typo_font_weight_tablet":"","ocean_menu_typo_font_weight_mobile":"","ocean_menu_typo_transform":"","ocean_menu_typo_transform_tablet":"","ocean_menu_typo_transform_mobile":"","ocean_menu_typo_line_height":0,"ocean_menu_typo_line_height_tablet":0,"ocean_menu_typo_line_height_mobile":0,"ocean_menu_typo_line_height_unit":"","ocean_menu_typo_spacing":0,"ocean_menu_typo_spacing_tablet":0,"ocean_menu_typo_spacing_mobile":0,"ocean_menu_typo_spacing_unit":"","ocean_menu_link_color":"","ocean_menu_link_color_hover":"","ocean_menu_link_color_active":"","ocean_menu_link_background":"","ocean_menu_link_hover_background":"","ocean_menu_link_active_background":"","ocean_menu_social_links_bg":"","ocean_menu_social_hover_links_bg":"","ocean_menu_social_links_color":"","ocean_menu_social_hover_links_color":"","ocean_disable_title":"default","ocean_disable_heading":"default","ocean_post_title":"","ocean_post_subheading":"","ocean_post_title_style":"","ocean_post_title_background_color":"","ocean_post_title_background":0,"ocean_post_title_bg_image_position":"","ocean_post_title_bg_image_attachment":"","ocean_post_title_bg_image_repeat":"","ocean_post_title_bg_image_size":"","ocean_post_title_height":0,"ocean_post_title_bg_overlay":0.5,"ocean_post_title_bg_overlay_color":"","ocean_disable_breadcrumbs":"default","ocean_breadcrumbs_color":"","ocean_breadcrumbs_separator_color":"","ocean_breadcrumbs_links_color":"","ocean_breadcrumbs_links_hover_color":"","ocean_display_footer_widgets":"default","ocean_display_footer_bottom":"default","ocean_custom_footer_template":"","ocean_post_oembed":"","ocean_post_self_hosted_media":"","ocean_post_video_embed":"","ocean_link_format":"","ocean_link_format_target":"self","ocean_quote_format":"","ocean_quote_format_link":"post","ocean_gallery_link_images":"on","ocean_gallery_id":[],"footnotes":""},"categories":[150,63],"tags":[],"class_list":["post-15384","post","type-post","status-publish","format-standard","hentry","category-azmuellim","category-khaebaerlaer-az","entry"],"_links":{"self":[{"href":"https:\/\/mdu.edu.az\/en\/wp-json\/wp\/v2\/posts\/15384","targetHints":{"allow":["GET"]}}],"collection":[{"href":"https:\/\/mdu.edu.az\/en\/wp-json\/wp\/v2\/posts"}],"about":[{"href":"https:\/\/mdu.edu.az\/en\/wp-json\/wp\/v2\/types\/post"}],"author":[{"embeddable":true,"href":"https:\/\/mdu.edu.az\/en\/wp-json\/wp\/v2\/users\/1"}],"replies":[{"embeddable":true,"href":"https:\/\/mdu.edu.az\/en\/wp-json\/wp\/v2\/comments?post=15384"}],"version-history":[{"count":1,"href":"https:\/\/mdu.edu.az\/en\/wp-json\/wp\/v2\/posts\/15384\/revisions"}],"predecessor-version":[{"id":51313,"href":"https:\/\/mdu.edu.az\/en\/wp-json\/wp\/v2\/posts\/15384\/revisions\/51313"}],"wp:attachment":[{"href":"https:\/\/mdu.edu.az\/en\/wp-json\/wp\/v2\/media?parent=15384"}],"wp:term":[{"taxonomy":"category","embeddable":true,"href":"https:\/\/mdu.edu.az\/en\/wp-json\/wp\/v2\/categories?post=15384"},{"taxonomy":"post_tag","embeddable":true,"href":"https:\/\/mdu.edu.az\/en\/wp-json\/wp\/v2\/tags?post=15384"}],"curies":[{"name":"wp","href":"https:\/\/api.w.org\/{rel}","templated":true}]}}