{"id":15388,"date":"2020-07-09T15:17:30","date_gmt":"2020-07-09T12:17:30","guid":{"rendered":"https:\/\/mdu.edu.az\/prezident-ilham-liyev-m-vzheyimizd-h-r-hans-d-yi-iklik-yokhdur-ola-da-bilm-z\/"},"modified":"2020-07-09T15:17:30","modified_gmt":"2020-07-09T12:17:30","slug":"prezident-ilham-liyev-m-vzheyimizd-h-r-hans-d-yi-iklik-yokhdur-ola-da-bilm-z","status":"publish","type":"post","link":"https:\/\/mdu.edu.az\/en\/prezident-ilham-liyev-m-vzheyimizd-h-r-hans-d-yi-iklik-yokhdur-ola-da-bilm-z\/","title":{"rendered":"Prezident \u0130lham \u018fliyev: \u201cM\u00f6vqeyimizd\u0259 h\u0259r hans\u0131 d\u0259yi\u015fiklik yoxdur, ola da bilm\u0259z\u201d"},"content":{"rendered":"<p style=\"margin-bottom: 0.0001pt; text-align: center; line-height: normal; background: white none repeat scroll 0% 0%;\"><b><span style=\"font-size: 14pt; font-family: 'Arial', sans-serif; color: #002060;\">Prezident \u0130lham \u018fliyev: &ldquo;M&ouml;vqeyimizd\u0259 h\u0259r hans\u0131 d\u0259yi\u015fiklik yoxdur, ola da bilm\u0259z&rdquo;<\/span><\/b><\/p>\n<p><span style=\"font-size: 8pt;\"><\/span><\/p>\n<p style=\"margin-bottom: 0.0001pt; text-align: center; text-indent: 36pt; line-height: normal; background: white none repeat scroll 0% 0%;\"><span style=\"font-size: 8pt; font-family: 'Arial', sans-serif; color: #333333;\"><\/span><\/p>\n<p style=\"text-align: justify; text-indent: 1cm;\"><span style=\"font-size: 12pt; font-family: 'Arial', sans-serif; color: #000000;\"> On be\u015f ild\u0259n art\u0131qd\u0131r ki, Az\u0259rbaycan Respublikas\u0131n\u0131n Prezidenti C\u0259nab \u0130lham \u018fliyevin r\u0259hb\u0259rliyi il\u0259 d&ouml;vl\u0259timiz h\u0259yat\u0131n h\u0259r sah\u0259sind\u0259 u\u011furlara imza at\u0131r. \u0130qtisadi c\u0259h\u0259td\u0259n g&uuml;cl\u0259n\u0259n, d&uuml;nyan\u0131n bir &ccedil;ox d&ouml;vl\u0259tl\u0259ri il\u0259 s\u0131x \u0259m\u0259kda\u015fl\u0131q ed\u0259n &ouml;lk\u0259mizd\u0259 v\u0259t\u0259nda\u015flar\u0131n sosial rifah hal\u0131 h\u0259r zaman diqq\u0259t m\u0259rk\u0259zind\u0259dir. Bu ilin&nbsp; \u0259vv\u0259ll\u0259rind\u0259n d&uuml;nyan\u0131n&nbsp; onlarla d&ouml;vl\u0259tind\u0259 yay\u0131lan, t\u0259\u0259ss&uuml;f ki, sonradan Az\u0259rbaycanda da&nbsp; yay\u0131lan koronavirus&nbsp; pandemiyas\u0131 il\u0259 m&uuml;bariz\u0259, daha do\u011frusu x\u0259st\u0259liyin &ccedil;oxalmamas\u0131 &uuml;&ccedil;&uuml;n d&ouml;vl\u0259timizin ba\u015f&ccedil;\u0131s\u0131 el\u0259 ilk vaxtlardan z\u0259ruri&nbsp; add\u0131mlar\u0131 at\u0131b. Bunun &uuml;&ccedil;&uuml;n mart ay\u0131n\u0131n \u0259vv\u0259ll\u0259rind\u0259 karantin rejiminin t\u0259tbiq edilm\u0259si, h\u0259m&ccedil;inin paytaxt Bak\u0131da v\u0259 &ouml;lk\u0259mizin b&uuml;t&uuml;n b&ouml;lg\u0259l\u0259rind\u0259 izolyasiya t\u0259dbirl\u0259riniin h\u0259yata ke&ccedil;irilm\u0259si yarana bil\u0259c\u0259k t\u0259hl&uuml;k\u0259l\u0259rin qar\u015f\u0131s\u0131n\u0131 ald\u0131. El\u0259 yaz aylar\u0131nda Prezidentimizin imzalad\u0131\u011f\u0131 m&uuml;vafiq&nbsp; s\u0259r\u0259ncamla koronavirusla m&uuml;bariz\u0259 m\u0259qs\u0259di il\u0259 Bak\u0131da v\u0259 ayr\u0131-ayr\u0131 b&ouml;lg\u0259l\u0259rd\u0259 modul tipli x\u0259st\u0259xanalar\u0131n in\u015fas\u0131na ba\u015flan\u0131b. \u0130lk aylarda &ouml;lk\u0259mizd\u0259 x\u0259st\u0259liy\u0259 yoluxanlarln v\u0259 &ouml;l&uuml;m say\u0131n\u0131n az olmas\u0131 insanlara &uuml;mid verirdi ki, pandemiya tez bir vaxtda&nbsp; qurtaracaq. Y\u0259ni x\u0259st\u0259l\u0259r sa\u011falacaq,&nbsp; daha ba\u015fqa insanlar bu virusa yoluxmayacaqlar. Lakin t\u0259\u0259ss&uuml;f ki, bu bel\u0259 olmad\u0131.&nbsp; X\u0259st\u0259lik&nbsp; &ccedil;oxalma\u011fa ba\u015flad\u0131qca t\u0259hl&uuml;k\u0259 d\u0259 art\u0131rd\u0131. Ba\u015fqa &ccedil;\u0131x\u0131\u015f yolu yox idi. D&ouml;vl\u0259timizin ba\u015f&ccedil;\u0131s\u0131&nbsp; yen\u0259 insanlar\u0131n sa\u011flaml\u0131\u011f\u0131n\u0131n vacibliyini diqq\u0259t m\u0259rk\u0259zin\u0259 &ccedil;\u0259kdi. Bu d\u0259f\u0259 &ouml;lk\u0259mizin bir ne&ccedil;\u0259 \u015f\u0259h\u0259r v\u0259 rayonunda s\u0259rt karantin rejimi t\u0259tbiq edildi. M\u0259qs\u0259d birdir.&nbsp; \u0130nsanlar&nbsp; bu b\u0259ladan qurtulmal\u0131d\u0131r. Bunun &uuml;&ccedil;&uuml;n pandemiyaya yoluxaraq sa\u011falan \u015f\u0259xsl\u0259r bir m&uuml;dd\u0259t evd\u0259n bay\u0131ra &ccedil;\u0131xmamal\u0131,&nbsp; &ccedil;\u0131xd\u0131\u011f\u0131 zaman is\u0259 maska taxmal\u0131 v\u0259 insanlarla m\u0259saf\u0259 saxlamal\u0131d\u0131r. V\u0259t\u0259nda\u015flar da b&uuml;t&uuml;n t&ouml;vsiyy\u0259l\u0259r\u0259 \u0259m\u0259l etm\u0259lidirl\u0259r. M\u0259saf\u0259 saxlanmal\u0131, maska tax\u0131lmal\u0131, marketl\u0259r\u0259, po&ccedil;t, bank kimi xidm\u0259t sah\u0259l\u0259rin\u0259 daxil olark\u0259n x&uuml;susi qaydalara riay\u0259t olunmal\u0131d\u0131r. H\u0259r bir v\u0259t\u0259nda\u015f h\u0259m &ouml;z&uuml;n&uuml;, h\u0259m \u0259zizl\u0259rini, h\u0259m d\u0259 ba\u015fqalar\u0131n\u0131 qorumal\u0131d\u0131r. Iyulun 6-da Az\u0259rbaycan Respublikas\u0131n\u0131n Prezidenti \u0130lham \u018fliyev Az\u0259rbaycan D&ouml;vl\u0259t Televiziyas\u0131na, \u0130ctimai televiziyaya v\u0259 &ldquo;X\u0259z\u0259r&rdquo; televiziyas\u0131na m&uuml;sahib\u0259 ver\u0259r\u0259k m&ouml;vcud v\u0259ziyy\u0259td\u0259n dan\u0131\u015f\u0131b. M&uuml;sahib\u0259 zaman\u0131 Prezidentimiz pandemiyan\u0131n t\u0259hl&uuml;k\u0259sinin qar\u015f\u0131s\u0131n\u0131n al\u0131nmas\u0131 &uuml;\u015f&uuml;n h\u0259r k\u0259si diqq\u0259tli olma\u011fa &ccedil;a\u011f\u0131r\u0131b. <\/span><\/p>\n<p style=\"text-align: justify; text-indent: 1cm;\"><span style=\"font-size: 12pt; font-family: 'Arial', sans-serif; color: #000000;\">Covid-19-un artmas\u0131n\u0131 n\u0259z\u0259r\u0259 alaraq d&ouml;vl\u0259timiz laz\u0131mi t\u0259dbirl\u0259r\u0259 davam etdirir. 800 &ccedil;arpay\u0131l\u0131q x\u0259st\u0259xana istifad\u0259y\u0259 verilib. 1-1,5 ay \u0259rzind\u0259 1300 &ccedil;arpay\u0131l\u0131q yeni modul tipli x\u0259st\u0259xana istifad\u0259y\u0259 veril\u0259c\u0259k. Modul tipli be\u015f x\u0259st\u0259xana (Bak\u0131-2, Sumqay\u0131t-1, G\u0259nc\u0259-1, Ab\u015feron-1) art\u0131q f\u0259aliyy\u0259td\u0259dir. Daha be\u015f modul tipli x\u0259st\u0259xana in\u015fa olunacaq. &Ouml;lk\u0259mizd\u0259 h\u0259yata ke&ccedil;iril\u0259n islahatlar s\u0131ras\u0131nda s\u0259hiyy\u0259 &ouml;n yerd\u0259 durur. V\u0259t\u0259nda\u015flar\u0131n sa\u011flaml\u0131\u011f\u0131n\u0131n vacibliyini n\u0259z\u0259r\u0259 alan prezidentimizin g&ouml;st\u0259rdiyi qay\u011f\u0131 say\u0259sind\u0259 paytaxt\u0131m\u0131zda v\u0259 b&ouml;lg\u0259l\u0259rd\u0259 m&uuml;asir formatda, yeni diaqnostik aparatlarla t\u0259chiz edilmi\u015f x\u0259st\u0259xanalar tikilib v\u0259 ya \u0259sasl\u0131 t\u0259mir edilib. Haz\u0131rda &ouml;lk\u0259nin 45 x\u0259st\u0259xanas\u0131nda koronovirus x\u0259st\u0259l\u0259ri m&uuml;alic\u0259 al\u0131rlar ki, bu x\u0259st\u0259xanalar\u0131n 36-s\u0131 prezident \u0130lham \u018fliyevin S\u0259r\u0259ncam\u0131 il\u0259 son d&ouml;vrl\u0259rd\u0259 tikilib.<\/span><\/p>\n<p style=\"text-align: justify; text-indent: 1cm;\"><span style=\"color: #000000;\"><span style=\"font-size: 12pt; font-family: 'Arial', sans-serif; color: black;\"> X\u0259st\u0259liy\u0259 yoluxman\u0131n tempi y&uuml;ks\u0259k olsa da, v\u0259ziyy\u0259t n\u0259zar\u0259t alt\u0131ndad\u0131r. \u018fhalisinin say\u0131 Az\u0259rbaycan il\u0259 m&uuml;qayis\u0259 olunacaq, s\u0259hiyy\u0259 sisteml\u0259ri n&uuml;mun\u0259vi hesab olunan bir s\u0131ra qabaqc\u0131l &ouml;lk\u0259l\u0259rd\u0259 yoluxanlar\u0131n say\u0131 60-70 min, &ouml;l\u0259nl\u0259rin say\u0131 is\u0259 on minl\u0259rl\u0259dir. Y\u0259ni he&ccedil; bir &ouml;lk\u0259 koronavirusa yoluxmaqdan s\u0131\u011fortalanmay\u0131b. Pandemiya d&ouml;vr&uuml;nd\u0259 x&uuml;susi qaydalara riay\u0259t olunmal\u0131d\u0131r. H&uuml;quq m&uuml;hafiz\u0259 orqanlar\u0131 qaydalara \u0259m\u0259l olunmas\u0131na ciddi n\u0259zar\u0259t edirl\u0259r. V\u0259t\u0259nda\u015flar\u0131m\u0131z nizam-intizama ciddi riay\u0259t ets\u0259l\u0259r, pandemiyan\u0131 n\u0259zar\u0259td\u0259 saxlama\u011fa v\u0259 ona qalib g\u0259lm\u0259y\u0259 m&uuml;v\u0259ff\u0259q olaca\u011f\u0131q. M&ouml;vcud karantin d&ouml;vr&uuml;nd\u0259 insanlar qaydalara ciddi yana\u015fmal\u0131d\u0131rlar. <\/span><span style=\"font-size: 12pt; font-family: 'Arial', sans-serif; color: black;\">&Uuml;ST il\u0259 \u0259m\u0259kda\u015fl\u0131q davam edir, &Uuml;ST direktoru Az\u0259rbaycan t\u0259r\u0259find\u0259n t\u0259\u015fkil olunmu\u015f Zirv\u0259 g&ouml;r&uuml;\u015f&uuml;nd\u0259 i\u015ftirak edib. \u0130qtisadiyyat\u0131m\u0131z ciddi \u0259saslar &uuml;z\u0259rind\u0259 qurulub, pandemiya d&ouml;vr&uuml;n&uuml;n &ccedil;\u0259tinlikl\u0259rin\u0259 baxmayaraq Az\u0259rbaycan iqtisadiyyat\u0131 5 ay\u0131n yekunlar\u0131na g&ouml;r\u0259 c\u0259mi 1,7 faiz t\u0259n\u0259zz&uuml;l\u0259 u\u011frad\u0131. Amma buna baxmayaraq, he&ccedil; bir sosial layih\u0259ni t\u0259xir\u0259 sal\u0131nmad\u0131, ixtisar edilm\u0259di. \u018fksin\u0259, bu il b&uuml;dc\u0259 x\u0259tti il\u0259 realla\u015fan sosial layih\u0259l\u0259r ke&ccedil;\u0259n il\u0259 nisb\u0259td\u0259 daha t\u0259sirlidir. Pandemiya d&ouml;vr&uuml;nd\u0259 v\u0259t\u0259nda\u015flar\u0131n h\u0259yat t\u0259rzinin yax\u015f\u0131la\u015fd\u0131r\u0131lmas\u0131 m\u0259qs\u0259di il\u0259 social v\u0259 bird\u0259f\u0259lik yard\u0131mlar g&ouml;st\u0259rilib ki, bu da \u0259hali t\u0259r\u0259find\u0259n raz\u0131l\u0131qla qar\u015f\u0131lan\u0131r. M&uuml;sahib\u0259 zaman\u0131 Prezidentimiz bildirib ki, &ldquo;&Ouml;n planda olan\u0131 insanlar\u0131n sa\u011flaml\u0131\u011f\u0131d\u0131r v\u0259 insanlar\u0131m\u0131z\u0131n sa\u011flaml\u0131\u011f\u0131 il\u0259 m&uuml;qayis\u0259d\u0259 iqtisadiyyat ikinci plandad\u0131r. Bu il m\u0259cburi k&ouml;&ccedil;k&uuml;nl\u0259r &uuml;&ccedil;&uuml;n rekord sayda bina tikil\u0259c\u0259k v\u0259 7 mind\u0259n &ccedil;ox k&ouml;&ccedil;k&uuml;n ail\u0259si yeni m\u0259nzill\u0259 t\u0259min olunacaq. \u015e\u0259hid ail\u0259l\u0259ri &uuml;&ccedil;&uuml;n 1500 m\u0259nzil istifad\u0259y\u0259 veril\u0259c\u0259k. Q&uuml;sursuz xidm\u0259t ed\u0259n zabitl\u0259r\u0259 400 m\u0259nzilin verilm\u0259si n\u0259z\u0259rd\u0259 tutulur. 85 min ail\u0259, y\u0259ni, 300 mind\u0259n &ccedil;ox insan &uuml;nvanl\u0131 sosial yard\u0131m alacaq&rdquo;.<\/span><\/span><\/p>\n<p style=\"text-align: justify; text-indent: 1cm;\"><span style=\"font-size: 12pt; font-family: 'Arial', sans-serif; color: #000000;\">Az\u0259rbaycan \u0259n &ccedil;\u0259tin v\u0259 b&ouml;rhanl\u0131 zamanlardan c\u0259sar\u0259tl\u0259 &ccedil;\u0131xma\u011f\u0131 bacar\u0131b v\u0259 daha b&ouml;y&uuml;k inki\u015fafa nail olub. Bu yen\u0259 d\u0259 bel\u0259 olacaq. Q\u0131sa zaman \u0259rzuind\u0259 iqtisadiyyatda t\u0259n\u0259zz&uuml;l olsa da d&ouml;vl\u0259timiz bu &ccedil;\u0259tin v\u0259ziyy\u0259td\u0259n &ouml;lk\u0259 prezidentinin r\u0259hb\u0259rliyi il\u0259 &ccedil;\u0131xa bil\u0259c\u0259k v\u0259 yeni u\u011furlara nail olaca\u011f\u0131q. Ilham \u018fliyevin s&ouml;zl\u0259ri il\u0259 des\u0259k: &ldquo;Neftin qiym\u0259ti h\u0259tta 14 dollar da olsa, biz ayaqda duraca\u011f\u0131q. &Ccedil;&uuml;nki biz son ill\u0259r \u0259rzind\u0259 o q\u0259d\u0259r b&ouml;y&uuml;k iqtisadi-maliyy\u0259 potensial\u0131 yaratm\u0131\u015f\u0131q ki, ist\u0259nil\u0259n b&ouml;hranla bacara bil\u0259c\u0259yik&rdquo;.<\/span><\/p>\n<p style=\"text-align: justify; text-indent: 1cm;\"><span style=\"font-size: 12pt; font-family: 'Arial', sans-serif; color: #000000;\"> Pandemiya d&ouml;vr&uuml;nd\u0259 Az\u0259rbaycan 30-dan &ccedil;ox &ouml;lk\u0259y\u0259 humanitar v\u0259 maliyy\u0259 yard\u0131m\u0131 g&ouml;st\u0259rib. Prezidentimiz bunu bel\u0259 \u015f\u0259rh edir: &ldquo;Biz bu haqda he&ccedil; m\u0259lumat da vermirdik. &Ccedil;&uuml;nki biz bunu piar &uuml;&ccedil;&uuml;n yox, sad\u0259c\u0259 olaraq, &ouml;lk\u0259l\u0259r\u0259 h\u0259mr\u0259ylik borcu kimi edirdik. Bizim f\u0259ls\u0259f\u0259miz bel\u0259dir. M\u0259n \u0259min\u0259m ki, \u0259g\u0259r kims\u0259 yard\u0131m &uuml;&ccedil;&uuml;n m&uuml;raci\u0259t edirs\u0259, imkan daxilind\u0259 o xahi\u015fl\u0259r t\u0259min olunmal\u0131d\u0131r. &Ccedil;&uuml;nki biz ancaq \u0259m\u0259kda\u015fl\u0131q, xeyirxahl\u0131q, yard\u0131m v\u0259 d\u0259st\u0259k hesab\u0131na daha &ccedil;ox dost qazana bil\u0259rik&rdquo;.<\/span><\/p>\n<p style=\"text-align: justify; text-indent: 1cm;\"><span style=\"font-size: 12pt; font-family: 'Arial', sans-serif; color: #000000;\"> BMT Ba\u015f Assambleyas\u0131n\u0131n x&uuml;susi sessiyas\u0131n\u0131n ke&ccedil;irilm\u0259si il\u0259 ba\u011fl\u0131 Az\u0259rbaycan Prezidentinin t\u0259\u015f\u0259bb&uuml;s&uuml;n&uuml;n \u0259leyhin\u0259 s\u0259s ver\u0259n yegan\u0259 &ouml;lk\u0259 Erm\u0259nistan olub. D&uuml;nya ictimaiyy\u0259ti bir daha Erm\u0259nistan-Az\u0259rbaycan Da\u011fl\u0131q Qaraba\u011f m&uuml;naqi\u015f\u0259sin\u0259 diqq\u0259tini art\u0131raca\u011f\u0131ndan qorxan Erm\u0259nistan\u0131n etiraz\u0131 el\u0259 &ouml;z&uuml;n&uuml; t\u0259crid edilmi\u015f v\u0259ziyy\u0259td\u0259 qoyub. Y\u0259ni, &ldquo;Da\u011fl\u0131q Qaraba\u011f m&uuml;naqi\u015f\u0259sind\u0259 m&ouml;vqeyimizd\u0259 h\u0259r hans\u0131 bir d\u0259yi\u015fiklik yoxdur, ola da bilm\u0259z. &Ccedil;&uuml;nki bizim m&ouml;vqeyimiz haqq-\u0259dal\u0259t m&ouml;vqeyidir. Bizim m&ouml;vqeyimiz tarixi \u0259dal\u0259t\u0259, beyn\u0259lxalq h&uuml;quqa \u0259saslan\u0131r&rdquo;<\/span><\/p>\n<p style=\"text-align: justify; text-indent: 1cm;\"><span style=\"font-size: 12pt; font-family: 'Arial', sans-serif; color: #000000;\">Erm\u0259nistan unutmamal\u0131d\u0131r ki, o BMT-d\u0259n &uuml;st&uuml;n deyil. H\u0259tta \u0259n ki&ccedil;ik, gerid\u0259 qalm\u0131\u015f bir &ouml;lk\u0259dir. D&ouml;vl\u0259tl\u0259rin &ouml;z&uuml;n&uuml;m&uuml;dafi\u0259 h&uuml;ququ var, dey\u0259n d&ouml;vl\u0259timizin ba\u015f&ccedil;\u0131s\u0131 \u0259sasl\u0131 olaraq bildirir ki, &ldquo;Erm\u0259nistan i\u015f\u011fal edilmi\u015f torpaqlarda qanunsuz m\u0259skunla\u015fma apar\u0131r. \u015e\u0259h\u0259rl\u0259rimizin tarixi adlar\u0131n\u0131 d\u0259yi\u015fdirir, i\u015f\u011fal edilmi\u015f torpaqlarda kils\u0259l\u0259r tikir. Y\u0259ni, sabah dey\u0259c\u0259k ki, bu, erm\u0259ni torpa\u011f\u0131d\u0131r&rdquo; &ldquo;Erm\u0259nistan\u0131n daxilind\u0259 demokratiyan\u0131n, insan haqlar\u0131n\u0131n pozulmas\u0131 hallar\u0131 geni\u015f v&uuml;s\u0259t al\u0131r. Avropa t\u0259\u015fkilatlar\u0131 is\u0259 b&uuml;t&uuml;n bunlara g&ouml;z yumur. Bunun \u0259sas s\u0259b\u0259bi erm\u0259ni lobbisi v\u0259 onun maliyy\u0259 v\u0259saitidir. Erm\u0259ni lobbisi Erm\u0259nistan\u0131 b&uuml;t&uuml;n t\u0259\u015fkilatlarda m&uuml;dafi\u0259 edir&rdquo;. Torpaqlar\u0131m\u0131zda t&ouml;r\u0259tdikl\u0259ri amans\u0131z hadis\u0259l\u0259r, g&uuml;nahs\u0131z v\u0259 \u0259liyal\u0131n insanlar\u0131n q\u0259tl\u0259 yetirilm\u0259si, i\u015f\u011fal&ccedil;\u0131l\u0131q \u0259m\u0259liyyatlar\u0131 he&ccedil; bir zaman yadda\u015flardan silinm\u0259y\u0259c\u0259k. Tarix bu d&ouml;vl\u0259tin qani&ccedil;\u0259n r\u0259hb\u0259rl\u0259rini v\u0259 m\u0259nfur zabitl\u0259rini, onlara d\u0259st\u0259k duranlar\u0131 ba\u011f\u0131\u015flamayacaq. &ldquo;Erm\u0259nistan h\u0259l\u0259 m&uuml;st\u0259qil &ouml;lk\u0259 kimi formala\u015fandan d\u0259rhal sonra &ouml;z \u0259sl xisl\u0259tini g&ouml;st\u0259rdi. Xocal\u0131 soyq\u0131r\u0131m\u0131n\u0131 t&ouml;r\u0259d\u0259n fa\u015fistl\u0259r demokrat ola bilm\u0259zl\u0259r. Ba\u015fqas\u0131n\u0131n torpa\u011f\u0131na g&ouml;z dik\u0259n, bir milyon insan\u0131 evsiz-e\u015fiksiz qoyan &ouml;lk\u0259 demokrat ola bilm\u0259z. Onlar bir milyon Az\u0259rbaycan v\u0259t\u0259nda\u015f\u0131n\u0131n v\u0259 Erm\u0259nistanda ya\u015fayan az\u0259rbaycanl\u0131lar\u0131n elementar insan haqlar\u0131n\u0131 pozublar&rdquo;. &ldquo;Az\u0259rbaycan\u0131n m\u0259qs\u0259dy&ouml;nl&uuml; f\u0259aliyy\u0259ti ona g\u0259tirib &ccedil;\u0131xar\u0131b ki, Erm\u0259nistan\u0131n &uuml;z\u0259rind\u0259 m&ouml;vcud olan &ccedil;\u0259tir art\u0131q de\u015filib. Biz onlar\u0131n \u0259sl mahiyy\u0259tini &uuml;z\u0259 &ccedil;\u0131xar\u0131r\u0131q, onlar\u0131n fa\u015fist mahiyy\u0259tini if\u015fa edirik. Fa\u015fist Njdey\u0259 abid\u0259 ucaldan v\u0259 bu abid\u0259ni m&uuml;dafi\u0259 ed\u0259n fa\u015fistdir&rdquo;. Bu d&ouml;vl\u0259td\u0259 insan h&uuml;quqlar\u0131 qorunmur, \u0259hali &ccedil;\u0259tin v\u0259ziyy\u0259td\u0259 ya\u015fay\u0131r. Onlar\u0131n \u0259vv\u0259ll\u0259r ba\u015flar\u0131 i\u015f\u011fal&ccedil;\u0131l\u0131q \u0259m\u0259liyyatlar\u0131na, &ouml;zg\u0259 torpaqlar\u0131n\u0131 z\u0259bt etm\u0259y\u0259, qan t&ouml;km\u0259y\u0259 qar\u0131\u015fm\u0131\u015fd\u0131. Yaln\u0131z istila etm\u0259k v\u0259 haqq\u0131 olmayana sahib olmaq ideyas\u0131 il\u0259 ya\u015fayan bir d&ouml;vl\u0259tin g\u0259l\u0259c\u0259yi ola bilm\u0259z. &ldquo;\u0130ndiki Erm\u0259nistan r\u0259hb\u0259rliyi \u0259vv\u0259lki hakimiyy\u0259tin b&uuml;t&uuml;n &ccedil;irkin \u0259m\u0259ll\u0259rini &uuml;z\u0259 &ccedil;\u0131xar\u0131r, Erm\u0259nistana 1998-ci ild\u0259n 2018-ci il\u0259 q\u0259d\u0259r quldurlar\u0131n r\u0259hb\u0259rlik etdikl\u0259rini qeyd edir. Onlar &ouml;zl\u0259ri &ouml;z cinay\u0259tkarlar\u0131n\u0131, r&uuml;\u015fv\u0259txorlar\u0131n\u0131 if\u015fa edibl\u0259r&rdquo;.<\/span><\/p>\n<p style=\"text-align: justify; text-indent: 1cm;\"><span style=\"font-size: 12pt; font-family: 'Arial', sans-serif; color: black;\"><span style=\"color: #000000;\"> Tarix\u0259 n\u0259z\u0259r salanda g&ouml;r&uuml;r&uuml;k ki, 1990-c\u0131 ill\u0259rin sonlar\u0131nda Erm\u0259nistan parlamentind\u0259 terror hadis\u0259si onlar\u0131n \u0259sl mahiyy\u0259tini &uuml;z\u0259 &ccedil;\u0131xar\u0131b. Erm\u0259nistan terror&ccedil;u &ouml;lk\u0259dir v\u0259 2018-ci il\u0259 q\u0259d\u0259r quldur, kriminal, r&uuml;\u015fv\u0259txor xuntan\u0131n hakimiyy\u0259ti Erm\u0259nistan\u0131 bu ac\u0131nacaql\u0131 v\u0259ziyy\u0259t\u0259 g\u0259tirib &ccedil;\u0131xar\u0131b. &ldquo;BMT-nin nizamnam\u0259sin\u0259 g&ouml;r\u0259 Az\u0259rbaycan\u0131n &ouml;z&uuml;n&uuml;m&uuml;dafi\u0259 h&uuml;ququ var. Erm\u0259nistan BMT-d\u0259n &uuml;st&uuml;n deyil \u0259lb\u0259tt\u0259. BMT, Qo\u015fulmama H\u0259r\u0259kat\u0131, AT\u018fT, \u0130slam \u018fm\u0259kda\u015fl\u0131q T\u0259\u015fkilat\u0131, Avropa Parlamenti, Avropa \u0130ttifaq\u0131, Avropa \u015euras\u0131 Parlament Assambleyas\u0131, NATO kimi m&ouml;t\u0259b\u0259r beyn\u0259lxalq t\u0259\u015fkilatlar\u0131n Az\u0259rbaycan\u0131n torpaq b&uuml;t&ouml;vl&uuml;y&uuml;n&uuml; tan\u0131yan q\u0259rarlar almas\u0131 beyn\u0259lxalq al\u0259md\u0259 m&ouml;vqeyimizi daha da g&uuml;cl\u0259ndirir&rdquo;. Da\u011fl\u0131q Qaraba\u011f m&uuml;naqi\u015f\u0259sinin h\u0259lli m\u0259qs\u0259di il\u0259 ill\u0259rdir ki, beyn\u0259lxalq al\u0259md\u0259, h\u0259ms\u0259dr d&ouml;vl\u0259tl\u0259rin i\u015ftirak\u0131 il\u0259 dan\u0131\u015f\u0131qlar apar\u0131lsa da, h\u0259tta d&ouml;vl\u0259timizin ba\u015f&ccedil;\u0131s\u0131 \u0130lham \u018fliyev d\u0259f\u0259l\u0259rl\u0259 q\u0259tiyy\u0259tli cavablar vers\u0259 d\u0259 d&uuml;\u015fm\u0259n &ouml;z m\u0259nfur niyy\u0259tind\u0259n \u0259l &ccedil;\u0259kmir. &Ouml;zg\u0259 torpa\u011f\u0131ndan &ccedil;\u0131xm\u0131r, &ouml;z bildiyini edir. &ldquo;M&uuml;naqi\u015f\u0259nin h\u0259lli &uuml;&ccedil;&uuml;n AT\u018fT-in Minsk qrupu h\u0259ms\u0259drl\u0259rinin n&ouml;vb\u0259t&ccedil;i g&ouml;r&uuml;\u015fl\u0259rind\u0259n savay\u0131 he&ccedil; bir diplomatik s\u0259y g&ouml;st\u0259rilmir. AT\u018fT-in Media Azadl\u0131\u011f\u0131 &uuml;zr\u0259 n&uuml;may\u0259nd\u0259si, AT\u018fT-in Demokratik T\u0259sisatlar v\u0259 \u0130nsan Haqlar\u0131 \u0130nstitutu i\u015f\u011fal edilmi\u015f Az\u0259rbaycan torpaqlar\u0131nda qanunsuz m\u0259skunla\u015fmaya, ekoloji v\u0259ziyy\u0259tin korlanmas\u0131na s\u0259ssiz qal\u0131r. Xunta rejiminin b&ouml;lg\u0259ni narkotik madd\u0259l\u0259r v\u0259 silah qa&ccedil;aqmal&ccedil;\u0131l\u0131\u011f\u0131 bazas\u0131na &ccedil;evirm\u0259sin\u0259, ke&ccedil;irilmi\u015f saxta se&ccedil;kil\u0259r\u0259 m&uuml;nasib\u0259t bildirmirl\u0259r&rdquo;. Erm\u0259nistan\u0131n ba\u015f naziri &ldquo;Qaraba\u011f Erm\u0259nistand\u0131r&rdquo; dey\u0259nd\u0259 Az\u0259rbaycan buna layiqinc\u0259 cavab verdi. Pa\u015finyan\u0131n bu ifad\u0259si Minsk qrupunun vasit\u0259&ccedil;iliyi il\u0259 davam ed\u0259n dan\u0131\u015f\u0131qlar\u0131n mahiyy\u0259tini alt-&uuml;st edir, dan\u0131\u015f\u0131qlar\u0131 faktiki olaraq \u0259h\u0259miyy\u0259tsiz edir. N\u0259 olursa olsun, Az\u0259rbaycan d&ouml;vl\u0259ti v\u0259 xalq\u0131m\u0131z \u0259dal\u0259tin qalib g\u0259l\u0259c\u0259yin\u0259 inan\u0131r. &Ccedil;&uuml;nki, Az\u0259rbaycan \u0259n c\u0259tin s\u0131naqlardan &uuml;z&uuml;a\u011f &ccedil;\u0131x\u0131b, xalq\u0131n f\u0259dakarl\u0131\u011f\u0131 v\u0259 r\u0259hb\u0259rin\u0259 olan etimad\u0131, x&uuml;susil\u0259 d&ouml;vl\u0259timizin ba\u015f&ccedil;\u0131s\u0131, Ali Ba\u015f Komandan \u0130lham \u018fliyevin q\u0259tiyy\u0259ti v\u0259 c\u0259sar\u0259ti il\u0259 qalib Az\u0259rbaycan olacaq. Buna \u015f&uuml;bh\u0259 yoxdur.<\/span> <\/span><\/p>\n<p style=\"margin-bottom: 0.0001pt; text-align: justify; text-indent: 36pt; line-height: normal;\"><span style=\"color: #000000;\"><b><span style=\"font-size: 12pt; font-family: 'Arial', sans-serif;\">MDU-nun ba\u015f m&uuml;\u0259llimi, <\/span><\/b><\/span><\/p>\n<p style=\"margin-bottom: 0.0001pt; text-align: justify; text-indent: 36pt; line-height: normal;\"><span style=\"color: #000000;\"><b><span style=\"font-size: 12pt; font-family: 'Arial', sans-serif;\">&Uuml;zeyir Zeynalov<\/span><\/b><\/span><\/p>","protected":false},"excerpt":{"rendered":"<p>Prezident \u0130lham \u018fliyev: &ldquo;M&ouml;vqeyimizd\u0259 h\u0259r hans\u0131 d\u0259yi\u015fiklik yoxdur, ola da bilm\u0259z&rdquo; On be\u015f ild\u0259n art\u0131qd\u0131r ki, Az\u0259rbaycan Respublikas\u0131n\u0131n Prezidenti C\u0259nab \u0130lham \u018fliyevin r\u0259hb\u0259rliyi il\u0259 d&ouml;vl\u0259timiz h\u0259yat\u0131n h\u0259r sah\u0259sind\u0259 u\u011furlara imza at\u0131r. \u0130qtisadi c\u0259h\u0259td\u0259n g&uuml;cl\u0259n\u0259n, d&uuml;nyan\u0131n bir &ccedil;ox d&ouml;vl\u0259tl\u0259ri il\u0259 s\u0131x \u0259m\u0259kda\u015fl\u0131q ed\u0259n &ouml;lk\u0259mizd\u0259 v\u0259t\u0259nda\u015flar\u0131n sosial rifah hal\u0131 h\u0259r zaman diqq\u0259t m\u0259rk\u0259zind\u0259dir. Bu ilin&nbsp; \u0259vv\u0259ll\u0259rind\u0259n d&uuml;nyan\u0131n&nbsp; [&hellip;]<\/p>\n","protected":false},"author":1,"featured_media":0,"comment_status":"open","ping_status":"open","sticky":false,"template":"","format":"standard","meta":{"_eb_attr":"","ocean_post_layout":"","ocean_both_sidebars_style":"","ocean_both_sidebars_content_width":0,"ocean_both_sidebars_sidebars_width":0,"ocean_sidebar":"","ocean_second_sidebar":"","ocean_disable_margins":"enable","ocean_add_body_class":"","ocean_shortcode_before_top_bar":"","ocean_shortcode_after_top_bar":"","ocean_shortcode_before_header":"","ocean_shortcode_after_header":"","ocean_has_shortcode":"","ocean_shortcode_after_title":"","ocean_shortcode_before_footer_widgets":"","ocean_shortcode_after_footer_widgets":"","ocean_shortcode_before_footer_bottom":"","ocean_shortcode_after_footer_bottom":"","ocean_display_top_bar":"default","ocean_display_header":"default","ocean_header_style":"","ocean_center_header_left_menu":"","ocean_custom_header_template":"","ocean_custom_logo":0,"ocean_custom_retina_logo":0,"ocean_custom_logo_max_width":0,"ocean_custom_logo_tablet_max_width":0,"ocean_custom_logo_mobile_max_width":0,"ocean_custom_logo_max_height":0,"ocean_custom_logo_tablet_max_height":0,"ocean_custom_logo_mobile_max_height":0,"ocean_header_custom_menu":"","ocean_menu_typo_font_family":"","ocean_menu_typo_font_subset":"","ocean_menu_typo_font_size":0,"ocean_menu_typo_font_size_tablet":0,"ocean_menu_typo_font_size_mobile":0,"ocean_menu_typo_font_size_unit":"px","ocean_menu_typo_font_weight":"","ocean_menu_typo_font_weight_tablet":"","ocean_menu_typo_font_weight_mobile":"","ocean_menu_typo_transform":"","ocean_menu_typo_transform_tablet":"","ocean_menu_typo_transform_mobile":"","ocean_menu_typo_line_height":0,"ocean_menu_typo_line_height_tablet":0,"ocean_menu_typo_line_height_mobile":0,"ocean_menu_typo_line_height_unit":"","ocean_menu_typo_spacing":0,"ocean_menu_typo_spacing_tablet":0,"ocean_menu_typo_spacing_mobile":0,"ocean_menu_typo_spacing_unit":"","ocean_menu_link_color":"","ocean_menu_link_color_hover":"","ocean_menu_link_color_active":"","ocean_menu_link_background":"","ocean_menu_link_hover_background":"","ocean_menu_link_active_background":"","ocean_menu_social_links_bg":"","ocean_menu_social_hover_links_bg":"","ocean_menu_social_links_color":"","ocean_menu_social_hover_links_color":"","ocean_disable_title":"default","ocean_disable_heading":"default","ocean_post_title":"","ocean_post_subheading":"","ocean_post_title_style":"","ocean_post_title_background_color":"","ocean_post_title_background":0,"ocean_post_title_bg_image_position":"","ocean_post_title_bg_image_attachment":"","ocean_post_title_bg_image_repeat":"","ocean_post_title_bg_image_size":"","ocean_post_title_height":0,"ocean_post_title_bg_overlay":0.5,"ocean_post_title_bg_overlay_color":"","ocean_disable_breadcrumbs":"default","ocean_breadcrumbs_color":"","ocean_breadcrumbs_separator_color":"","ocean_breadcrumbs_links_color":"","ocean_breadcrumbs_links_hover_color":"","ocean_display_footer_widgets":"default","ocean_display_footer_bottom":"default","ocean_custom_footer_template":"","ocean_post_oembed":"","ocean_post_self_hosted_media":"","ocean_post_video_embed":"","ocean_link_format":"","ocean_link_format_target":"self","ocean_quote_format":"","ocean_quote_format_link":"post","ocean_gallery_link_images":"on","ocean_gallery_id":[],"footnotes":""},"categories":[63],"tags":[],"class_list":["post-15388","post","type-post","status-publish","format-standard","hentry","category-khaebaerlaer-az","entry"],"_links":{"self":[{"href":"https:\/\/mdu.edu.az\/en\/wp-json\/wp\/v2\/posts\/15388","targetHints":{"allow":["GET"]}}],"collection":[{"href":"https:\/\/mdu.edu.az\/en\/wp-json\/wp\/v2\/posts"}],"about":[{"href":"https:\/\/mdu.edu.az\/en\/wp-json\/wp\/v2\/types\/post"}],"author":[{"embeddable":true,"href":"https:\/\/mdu.edu.az\/en\/wp-json\/wp\/v2\/users\/1"}],"replies":[{"embeddable":true,"href":"https:\/\/mdu.edu.az\/en\/wp-json\/wp\/v2\/comments?post=15388"}],"version-history":[{"count":0,"href":"https:\/\/mdu.edu.az\/en\/wp-json\/wp\/v2\/posts\/15388\/revisions"}],"wp:attachment":[{"href":"https:\/\/mdu.edu.az\/en\/wp-json\/wp\/v2\/media?parent=15388"}],"wp:term":[{"taxonomy":"category","embeddable":true,"href":"https:\/\/mdu.edu.az\/en\/wp-json\/wp\/v2\/categories?post=15388"},{"taxonomy":"post_tag","embeddable":true,"href":"https:\/\/mdu.edu.az\/en\/wp-json\/wp\/v2\/tags?post=15388"}],"curies":[{"name":"wp","href":"https:\/\/api.w.org\/{rel}","templated":true}]}}