{"id":15392,"date":"2020-07-12T16:06:42","date_gmt":"2020-07-12T13:06:42","guid":{"rendered":"https:\/\/mdu.edu.az\/rektor-ahin-bayramov-khsi-fadzebook-s-hif-sind-payla-m-edib\/"},"modified":"2020-07-12T16:06:42","modified_gmt":"2020-07-12T13:06:42","slug":"rektor-ahin-bayramov-khsi-fadzebook-s-hif-sind-payla-m-edib","status":"publish","type":"post","link":"https:\/\/mdu.edu.az\/en\/rektor-ahin-bayramov-khsi-fadzebook-s-hif-sind-payla-m-edib\/","title":{"rendered":"Rektor \u015eahin Bayramov \u015f\u0259xsi Facebook s\u0259hif\u0259sind\u0259 payla\u015f\u0131m edib"},"content":{"rendered":"<p style=\"text-align: center; background: white none repeat scroll 0% 0%;\"><b><span style=\"font-size: 14pt; font-family: 'Arial', sans-serif; color: #002060;\">Rektor \u015eahin Bayramov \u015f\u0259xsi Facebook s\u0259hif\u0259sind\u0259 t\u0259l\u0259b\u0259 v\u0259 \u0259m\u0259kda\u015flar\u0131 t\u0259brik edib, t\u0259\u015f\u0259kk&uuml;r&uuml;n&uuml; bildirib<\/span><\/b><\/p>\n<p style=\"text-align: justify; background: white none repeat scroll 0% 0%;\"><span style=\"font-size: 8pt;\"><b><span style=\"font-size: 14pt; font-family: 'Arial', sans-serif; color: #002060;\"><\/span><\/b><\/span><\/p>\n<p style=\"text-align: justify; text-indent: 1cm;\"><span style=\"color: #000000;\">Ming\u0259&ccedil;evir D&ouml;vl\u0259t Universitetinin h&ouml;rm\u0259tli professor-m&uuml;\u0259llim v\u0259 inzibati-texniki hey\u0259t &uuml;zvl\u0259ri!<\/span><\/p>\n<p style=\"text-align: justify; text-indent: 1cm;\"><span style=\"color: #000000;\">\u018fziz t\u0259l\u0259b\u0259l\u0259rimiz v\u0259 magistrantlar\u0131m\u0131z!<\/span><\/p>\n<p style=\"text-align: justify; text-indent: 1cm;\"><span style=\"color: #000000;\">Ming\u0259&ccedil;evir D&ouml;vl\u0259t Universitetind\u0259 (MDU) 2019\/2020-ci t\u0259dris ilinin yaz semestrinin imtahan sessiyas\u0131 ba\u015fa &ccedil;atd\u0131.<\/span><\/p>\n<p style=\"text-align: justify; text-indent: 1cm;\"><span style=\"color: #000000;\">Bakalavriat s\u0259viyy\u0259sind\u0259 I-III kurslarda, magistratura s\u0259viyy\u0259sind\u0259 is\u0259 I kursda t\u0259hsil alan 1900-d\u0259n art\u0131q t\u0259l\u0259b\u0259 v\u0259 magistrant\u0131n i\u015ftirak etdiyi 646 imtahan &ldquo;Microsoft Teams&rdquo; platformas\u0131 &uuml;z\u0259rind\u0259n online \u015f\u0259kild\u0259 \u015fifahi formada ke&ccedil;irildi.<\/span><\/p>\n<p style=\"text-align: justify; text-indent: 1cm;\"><span style=\"color: #000000;\">Sessiyaya haz\u0131rl\u0131q istiqam\u0259tind\u0259 g&ouml;r&uuml;lm&uuml;\u015f kompleks t\u0259dbirl\u0259r v\u0259 struktur b&ouml;lm\u0259l\u0259r aras\u0131nda apar\u0131lm\u0131\u015f sistemli funksional b&ouml;lg&uuml; b&uuml;t&ouml;vl&uuml;kd\u0259 imtahan prosesinin operativ v\u0259 &ccedil;evik \u015f\u0259kild\u0259 idar\u0259 edilm\u0259sin\u0259 imkan verdi.<\/span><\/p>\n<p style=\"text-align: justify; text-indent: 1cm;\"><span style=\"color: #000000;\">\u018fvv\u0259lc\u0259d\u0259n b\u0259yan etdiyimiz kimi, m&ouml;vcud qanunvericiliy\u0259 edil\u0259n d\u0259yi\u015fiklikl\u0259rin yaratd\u0131\u011f\u0131 imkanlar\u0131, karantin d&ouml;vr&uuml;n&uuml;n x&uuml;susiyy\u0259tl\u0259rini v\u0259 m\u0259saf\u0259d\u0259n t\u0259drisin reall\u0131qlar\u0131n\u0131 n\u0259z\u0259r\u0259 alaraq, u\u011furla ba\u015fa vurdu\u011fumuz imtahan sessiyas\u0131nda &ccedil;oxsayl\u0131 g&uuml;z\u0259\u015ftl\u0259r t\u0259tbiq etdik.<\/span><\/p>\n<p style=\"text-align: justify; text-indent: 1cm;\"><span style=\"color: #000000;\">Eyni zamanda, akademik hey\u0259timiz t\u0259r\u0259find\u0259n &ldquo;Microsoft Teams&rdquo; v\u0259 &ldquo;ZOOM&rdquo; platformalar\u0131 &uuml;z\u0259rind\u0259n ke&ccedil;iril\u0259n online d\u0259rsl\u0259r v\u0259 Youtube kanal\u0131 &uuml;z\u0259rind\u0259n t\u0259qdim olunan &ldquo;videod\u0259rsl\u0259r&rdquo; d\u0259 t\u0259l\u0259b\u0259 v\u0259 magistrantlar\u0131m\u0131z\u0131n m&uuml;vafiq f\u0259nl\u0259r &uuml;zr\u0259 z\u0259ruri bilik v\u0259 bacar\u0131qlar\u0131 \u0259ld\u0259 etm\u0259kl\u0259 imtahanlar\u0131 u\u011furla verm\u0259sin\u0259 ciddi \u0259saslar yaratm\u0131\u015fd\u0131.<\/span><\/p>\n<p style=\"text-align: justify; text-indent: 1cm;\"><span style=\"color: #000000;\">Sev<span style=\"color: black;\">indirici hald\u0131r ki, ilk d\u0259f\u0259 m<\/span>\u0259saf\u0259d\u0259n ke&ccedil;iril\u0259n imtahanlarda faktiki olaraq b&uuml;t&uuml;n t\u0259l\u0259b\u0259l\u0259rin v\u0259 magistrantlar\u0131n i\u015ftirak\u0131 t\u0259min olundu.<\/span><\/p>\n<p style=\"text-align: justify; text-indent: 1cm;\"><span style=\"color: #000000;\">\u018fn \u0259sas\u0131 is\u0259, imtahanlarda i\u015ftirak ed\u0259nl\u0259rin dem\u0259k olar ki, ham\u0131s\u0131 m&uuml;v\u0259ff\u0259q qiym\u0259t ald\u0131lar.<\/span><\/p>\n<p style=\"text-align: justify; text-indent: 1cm;\"><span style=\"color: #000000;\">\u0130mtahan sessiyas\u0131 m&uuml;dd\u0259tind\u0259, el\u0259c\u0259 d\u0259 bu d&ouml;vrd\u0259 h\u0259r h\u0259ft\u0259nin &ccedil;\u0259r\u015f\u0259nb\u0259 ax\u015fam\u0131 ke&ccedil;irdiyimiz &ldquo;A&ccedil;\u0131q qap\u0131&rdquo; g&uuml;nl\u0259rind\u0259 t\u0259l\u0259b\u0259, magistrant, valideyn v\u0259 ictimaiyy\u0259t n&uuml;may\u0259nd\u0259l\u0259rind\u0259n imtahanlar\u0131n t\u0259\u015fkilind\u0259n m\u0259mnunluq ifad\u0259 edil\u0259n &ccedil;oxsayl\u0131 m&uuml;raci\u0259tl\u0259r ald\u0131q.<\/span><\/p>\n<p style=\"text-align: justify; text-indent: 1cm;\"><span style=\"color: #000000;\">\u018fziz t\u0259l\u0259b\u0259l\u0259r v\u0259 magistrantlar!<\/span><\/p>\n<p style=\"text-align: justify; text-indent: 1cm;\"><span style=\"color: #000000;\">\u0130mtahan sessiyas\u0131nda y&uuml;ks\u0259k n\u0259tic\u0259l\u0259r \u0259ld\u0259 etm\u0259kl\u0259 MDU r\u0259hb\u0259rliyini, m&uuml;\u0259lliml\u0259rinizi v\u0259 valideynl\u0259rinizi sevindirmi\u015f oldunuz.<\/span><\/p>\n<p style=\"text-align: justify; text-indent: 1cm;\"><span style=\"color: #000000;\">Bu u\u011fur m&uuml;nasib\u0259til\u0259 h\u0259r birinizi &uuml;r\u0259kd\u0259n t\u0259brik edir, t\u0259hsil h\u0259yat\u0131n\u0131z\u0131n n&ouml;vb\u0259ti m\u0259rh\u0259l\u0259sind\u0259 daha b&ouml;y&uuml;k nailiyy\u0259tl\u0259r arzulay\u0131ram.<\/span><\/p>\n<p style=\"text-align: justify; text-indent: 1cm;\"><span style=\"color: #000000;\">H&ouml;rm\u0259tli professor-m&uuml;\u0259llim v\u0259 inzibati-texniki hey\u0259t &uuml;zvl\u0259ri!<\/span><\/p>\n<p style=\"text-align: justify; text-indent: 1cm;\"><span style=\"color: #000000;\">Sizin b&ouml;y&uuml;k f\u0259dakarl\u0131\u011f\u0131n\u0131z say\u0259sind\u0259 qlobal pandemiya il\u0259 ham\u0131l\u0131qla m&uuml;bariz\u0259 apard\u0131\u011f\u0131m\u0131z d&ouml;vrd\u0259 m\u0259saf\u0259d\u0259n t\u0259\u015fkil olunan b&uuml;t&uuml;n imtahanlar ba\u015f tutdu v\u0259 t\u0259hsilalanlar\u0131n biliyinin obyektiv qiym\u0259tl\u0259ndirilm\u0259si m&uuml;mk&uuml;n olundu.<\/span><\/p>\n<p style=\"text-align: justify; text-indent: 1cm;\"><span style=\"color: #000000;\">\u0130mtahan sessiyas\u0131n\u0131n obyektiv, \u015f\u0259ffaf v\u0259 m&uuml;t\u0259\u015f\u0259kkil ke&ccedil;irilm\u0259sind\u0259 f\u0259al i\u015ftirak\u0131n\u0131za g&ouml;r\u0259 h\u0259r biriniz\u0259 t\u0259\u015f\u0259kk&uuml;r edir\u0259m.<\/span><\/p>\n<p style=\"text-align: justify; text-indent: 1cm;\"><span style=\"color: #000000;\">\u0130mtahan sessiyas\u0131n\u0131n t\u0259\u015fkilind\u0259 apar\u0131c\u0131 rol oynam\u0131\u015f v\u0259 &uuml;mumi koordinasiyan\u0131 y&uuml;ks\u0259k s\u0259viyy\u0259d\u0259 h\u0259yata ke&ccedil;irmi\u015f &ldquo;\u0130mtahan Q\u0259rargah\u0131&rdquo;n\u0131n &uuml;zvl\u0259rin\u0259 t\u0259\u015f\u0259kk&uuml;r edir\u0259m.<\/span><\/p>\n<p style=\"text-align: justify; text-indent: 1cm;\"><span style=\"color: #000000;\">\u0130mtahan prosesind\u0259 g&ouml;st\u0259rdikl\u0259ri x&uuml;susi f\u0259all\u0131\u011fa g&ouml;r\u0259 m&uuml;\u0259lliml\u0259rimizd\u0259n ibar\u0259t &ldquo;\u0130mtahanlara d\u0259st\u0259k qrupu&rdquo;nun v\u0259 g\u0259nc \u0259m\u0259kda\u015flar\u0131m\u0131zdan ibar\u0259t &ldquo;Texniki d\u0259st\u0259k qrupu&rdquo;nun &uuml;zvl\u0259rin\u0259 ayr\u0131ca t\u0259\u015f\u0259kk&uuml;r edir\u0259m.<\/span><\/p>\n<p style=\"text-align: justify; text-indent: 1cm;\"><span style=\"color: #000000;\">\u0130lk d\u0259f\u0259 olaraq \u015fifahi formada ke&ccedil;iril\u0259n imtahanlarla ba\u011fl\u0131 t\u0259l\u0259b\u0259, magistrant v\u0259 valideynl\u0259rin m&uuml;raci\u0259tl\u0259rin\u0259 operativ bax\u0131lmas\u0131na v\u0259 t\u0259hsilalanlar\u0131n biliyinin obyektiv qiym\u0259tl\u0259ndirilm\u0259sinin t\u0259min olunmas\u0131na g&ouml;r\u0259 &ldquo;Apellyasiya Komissiyas\u0131&rdquo;n\u0131n &uuml;zvl\u0259rin\u0259 t\u0259\u015f\u0259kk&uuml;r edir\u0259m.<\/span><\/p>\n<p style=\"text-align: justify; text-indent: 1cm;\"><span style=\"color: #000000;\">&ldquo;K&ouml;n&uuml;ll&uuml;l\u0259r ili&rdquo; elan olunmu\u015f 2020-ci ild\u0259 ilk d\u0259f\u0259 olaraq MDU-da realla\u015fd\u0131r\u0131lan v\u0259 imtahan prosesind\u0259 &ccedil;evikliyin t\u0259min olunmas\u0131na m&uuml;h&uuml;m t&ouml;hf\u0259l\u0259r ver\u0259n &ldquo;\u0130mtahan k&ouml;n&uuml;ll&uuml;l\u0259ri&rdquo; layih\u0259sin\u0259 qat\u0131lm\u0131\u015f b&uuml;t&uuml;n k&ouml;n&uuml;ll&uuml; t\u0259l\u0259b\u0259l\u0259rimiz\u0259 x&uuml;susi t\u0259\u015f\u0259kk&uuml;r&uuml;m&uuml; bildirir\u0259m.<\/span><\/p>\n<p style=\"text-align: justify; text-indent: 1cm;\"><span style=\"color: #000000;\">2019\/2020-ci t\u0259dris ilinin yaz semestrinin imtahan sessiyas\u0131n\u0131n u\u011furla ba\u015fa &ccedil;atmas\u0131 m&uuml;nasib\u0259til\u0259 MDU ail\u0259sinin b&uuml;t&uuml;n &uuml;zvl\u0259rini bir daha t\u0259brik edir\u0259m.<\/span><\/p>\n<p style=\"text-align: justify; text-indent: 1cm;\"><span style=\"color: #000000;\">H\u0259r birinizi COVID-19 infeksiyas\u0131 il\u0259 m&uuml;bariz\u0259d\u0259 f\u0259al olma\u011fa, m&uuml;vafiq t\u0259l\u0259b v\u0259 t&ouml;vsiy\u0259l\u0259r\u0259 riay\u0259t etm\u0259y\u0259 &ccedil;a\u011f\u0131r\u0131ram.<\/span><\/p>\n<p style=\"text-align: justify; text-indent: 1cm;\"><span style=\"color: #000000;\">&Ouml;z&uuml;n&uuml;z&uuml; v\u0259 do\u011fmalar\u0131n\u0131z\u0131 qoruyun!<\/span><\/p>","protected":false},"excerpt":{"rendered":"<p>Rektor \u015eahin Bayramov \u015f\u0259xsi Facebook s\u0259hif\u0259sind\u0259 t\u0259l\u0259b\u0259 v\u0259 \u0259m\u0259kda\u015flar\u0131 t\u0259brik edib, t\u0259\u015f\u0259kk&uuml;r&uuml;n&uuml; bildirib Ming\u0259&ccedil;evir D&ouml;vl\u0259t Universitetinin h&ouml;rm\u0259tli professor-m&uuml;\u0259llim v\u0259 inzibati-texniki hey\u0259t &uuml;zvl\u0259ri! \u018fziz t\u0259l\u0259b\u0259l\u0259rimiz v\u0259 magistrantlar\u0131m\u0131z! Ming\u0259&ccedil;evir D&ouml;vl\u0259t Universitetind\u0259 (MDU) 2019\/2020-ci t\u0259dris ilinin yaz semestrinin imtahan sessiyas\u0131 ba\u015fa &ccedil;atd\u0131. Bakalavriat s\u0259viyy\u0259sind\u0259 I-III kurslarda, magistratura s\u0259viyy\u0259sind\u0259 is\u0259 I kursda t\u0259hsil alan 1900-d\u0259n art\u0131q t\u0259l\u0259b\u0259 v\u0259 magistrant\u0131n [&hellip;]<\/p>\n","protected":false},"author":1,"featured_media":0,"comment_status":"open","ping_status":"open","sticky":false,"template":"","format":"standard","meta":{"_eb_attr":"","ocean_post_layout":"","ocean_both_sidebars_style":"","ocean_both_sidebars_content_width":0,"ocean_both_sidebars_sidebars_width":0,"ocean_sidebar":"","ocean_second_sidebar":"","ocean_disable_margins":"enable","ocean_add_body_class":"","ocean_shortcode_before_top_bar":"","ocean_shortcode_after_top_bar":"","ocean_shortcode_before_header":"","ocean_shortcode_after_header":"","ocean_has_shortcode":"","ocean_shortcode_after_title":"","ocean_shortcode_before_footer_widgets":"","ocean_shortcode_after_footer_widgets":"","ocean_shortcode_before_footer_bottom":"","ocean_shortcode_after_footer_bottom":"","ocean_display_top_bar":"default","ocean_display_header":"default","ocean_header_style":"","ocean_center_header_left_menu":"","ocean_custom_header_template":"","ocean_custom_logo":0,"ocean_custom_retina_logo":0,"ocean_custom_logo_max_width":0,"ocean_custom_logo_tablet_max_width":0,"ocean_custom_logo_mobile_max_width":0,"ocean_custom_logo_max_height":0,"ocean_custom_logo_tablet_max_height":0,"ocean_custom_logo_mobile_max_height":0,"ocean_header_custom_menu":"","ocean_menu_typo_font_family":"","ocean_menu_typo_font_subset":"","ocean_menu_typo_font_size":0,"ocean_menu_typo_font_size_tablet":0,"ocean_menu_typo_font_size_mobile":0,"ocean_menu_typo_font_size_unit":"px","ocean_menu_typo_font_weight":"","ocean_menu_typo_font_weight_tablet":"","ocean_menu_typo_font_weight_mobile":"","ocean_menu_typo_transform":"","ocean_menu_typo_transform_tablet":"","ocean_menu_typo_transform_mobile":"","ocean_menu_typo_line_height":0,"ocean_menu_typo_line_height_tablet":0,"ocean_menu_typo_line_height_mobile":0,"ocean_menu_typo_line_height_unit":"","ocean_menu_typo_spacing":0,"ocean_menu_typo_spacing_tablet":0,"ocean_menu_typo_spacing_mobile":0,"ocean_menu_typo_spacing_unit":"","ocean_menu_link_color":"","ocean_menu_link_color_hover":"","ocean_menu_link_color_active":"","ocean_menu_link_background":"","ocean_menu_link_hover_background":"","ocean_menu_link_active_background":"","ocean_menu_social_links_bg":"","ocean_menu_social_hover_links_bg":"","ocean_menu_social_links_color":"","ocean_menu_social_hover_links_color":"","ocean_disable_title":"default","ocean_disable_heading":"default","ocean_post_title":"","ocean_post_subheading":"","ocean_post_title_style":"","ocean_post_title_background_color":"","ocean_post_title_background":0,"ocean_post_title_bg_image_position":"","ocean_post_title_bg_image_attachment":"","ocean_post_title_bg_image_repeat":"","ocean_post_title_bg_image_size":"","ocean_post_title_height":0,"ocean_post_title_bg_overlay":0.5,"ocean_post_title_bg_overlay_color":"","ocean_disable_breadcrumbs":"default","ocean_breadcrumbs_color":"","ocean_breadcrumbs_separator_color":"","ocean_breadcrumbs_links_color":"","ocean_breadcrumbs_links_hover_color":"","ocean_display_footer_widgets":"default","ocean_display_footer_bottom":"default","ocean_custom_footer_template":"","ocean_post_oembed":"","ocean_post_self_hosted_media":"","ocean_post_video_embed":"","ocean_link_format":"","ocean_link_format_target":"self","ocean_quote_format":"","ocean_quote_format_link":"post","ocean_gallery_link_images":"on","ocean_gallery_id":[],"footnotes":""},"categories":[63],"tags":[],"class_list":["post-15392","post","type-post","status-publish","format-standard","hentry","category-khaebaerlaer-az","entry"],"_links":{"self":[{"href":"https:\/\/mdu.edu.az\/en\/wp-json\/wp\/v2\/posts\/15392","targetHints":{"allow":["GET"]}}],"collection":[{"href":"https:\/\/mdu.edu.az\/en\/wp-json\/wp\/v2\/posts"}],"about":[{"href":"https:\/\/mdu.edu.az\/en\/wp-json\/wp\/v2\/types\/post"}],"author":[{"embeddable":true,"href":"https:\/\/mdu.edu.az\/en\/wp-json\/wp\/v2\/users\/1"}],"replies":[{"embeddable":true,"href":"https:\/\/mdu.edu.az\/en\/wp-json\/wp\/v2\/comments?post=15392"}],"version-history":[{"count":0,"href":"https:\/\/mdu.edu.az\/en\/wp-json\/wp\/v2\/posts\/15392\/revisions"}],"wp:attachment":[{"href":"https:\/\/mdu.edu.az\/en\/wp-json\/wp\/v2\/media?parent=15392"}],"wp:term":[{"taxonomy":"category","embeddable":true,"href":"https:\/\/mdu.edu.az\/en\/wp-json\/wp\/v2\/categories?post=15392"},{"taxonomy":"post_tag","embeddable":true,"href":"https:\/\/mdu.edu.az\/en\/wp-json\/wp\/v2\/tags?post=15392"}],"curies":[{"name":"wp","href":"https:\/\/api.w.org\/{rel}","templated":true}]}}