{"id":15403,"date":"2020-07-18T11:55:13","date_gmt":"2020-07-18T08:55:13","guid":{"rendered":"https:\/\/mdu.edu.az\/minzh-evir-d-vl-t-universitetind-yaz-imtahan-sessiyas-u-urla-ba-a-at-b\/"},"modified":"2020-07-18T11:55:13","modified_gmt":"2020-07-18T08:55:13","slug":"minzh-evir-d-vl-t-universitetind-yaz-imtahan-sessiyas-u-urla-ba-a-at-b","status":"publish","type":"post","link":"https:\/\/mdu.edu.az\/en\/minzh-evir-d-vl-t-universitetind-yaz-imtahan-sessiyas-u-urla-ba-a-at-b\/","title":{"rendered":"Ming\u0259\u00e7evir D\u00f6vl\u0259t Universitetind\u0259 yaz imtahan sessiyas\u0131 u\u011furla ba\u015fa \u00e7at\u0131b"},"content":{"rendered":"<p style=\"text-align: center; line-height: 150%; background: white none repeat scroll 0% 0%;\"><b><span style=\"font-size: 14pt; line-height: 150%; font-family: 'Arial', sans-serif; color: #2f5496;\">Ming\u0259&ccedil;evir D&ouml;vl\u0259t Universitetind\u0259 yaz imtahan sessiyas\u0131 u\u011furla ba\u015fa &ccedil;at\u0131b<\/span><\/b><\/p>\n<p style=\"text-align: justify; text-indent: 27pt; line-height: 150%; background: white none repeat scroll 0% 0%;\"><span style=\"color: #000000;\"><span style=\"font-family: 'Arial', sans-serif; color: #050505;\">Ming\u0259&ccedil;evir D&ouml;vl\u0259t Universitetind\u0259 (MDU) 2019\/2020-ci t\u0259dris ilinin yaz semestrinin imtahan sessiyas\u0131 u\u011furla ba\u015fa &ccedil;at\u0131b. Cari ilin 8 iyun tarixind\u0259 start veril\u0259n imtahan sessiyas\u0131 ilk d\u0259f\u0259 olaraq <\/span><span style=\"font-family: 'Arial', sans-serif; color: black;\">&ldquo;Microsoft Teams&rdquo; platformas\u0131 &uuml;z\u0259rind\u0259n online formada \u015fifahi qaydada t\u0259\u015fkil olunub.<\/span><\/span><\/p>\n<p style=\"text-align: justify; text-indent: 27pt; line-height: 150%; background: white none repeat scroll 0% 0%;\"><span style=\"font-family: 'Arial', sans-serif; color: #000000;\">Sessiya \u0259rzind\u0259 &uuml;mumilikd\u0259 646 imtahanda bakalavriat s\u0259viyy\u0259sind\u0259 I-III kurslarda, magistratura s\u0259viyy\u0259sind\u0259 is\u0259 I kursda t\u0259hsil alan 1900-d\u0259n art\u0131q t\u0259l\u0259b\u0259 v\u0259 magistrant i\u015ftirak edib.<\/span><\/p>\n<p style=\"text-align: justify; text-indent: 27pt; line-height: 150%; background: white none repeat scroll 0% 0%;\"><span style=\"color: #000000;\"><span style=\"font-family: 'Arial', sans-serif; color: #050505;\">Sessiyaya haz\u0131rl\u0131q istiqam\u0259tind\u0259 g&ouml;r&uuml;lm&uuml;\u015f kompleks t\u0259dbirl\u0259r v\u0259 struktur b&ouml;lm\u0259l\u0259r aras\u0131nda apar\u0131lm\u0131\u015f sistemli funksional b&ouml;lg&uuml; b&uuml;t&ouml;vl&uuml;kd\u0259 imtahan prosesinin operativ v\u0259 &ccedil;evik \u015f\u0259kild\u0259 idar\u0259 edilm\u0259sin\u0259 imkan verib.<\/span><span style=\"font-family: 'Arial', sans-serif; color: black;\"> <\/span><span style=\"font-family: 'Arial', sans-serif; color: #050505;\">\u018fvv\u0259lc\u0259d\u0259n d\u0259 b\u0259yan edildiyi kimi, m&ouml;vcud qanunvericiliy\u0259 edil\u0259n d\u0259yi\u015fiklikl\u0259rin yaratd\u0131\u011f\u0131 imkanlar, karantin d&ouml;vr&uuml;n&uuml;n x&uuml;susiyy\u0259tl\u0259ri v\u0259 m\u0259saf\u0259d\u0259n t\u0259drisin reall\u0131qlar\u0131 n\u0259z\u0259r\u0259 al\u0131nmaqla, imtahan sessiyas\u0131nda &ccedil;oxsayl\u0131 g&uuml;z\u0259\u015ftl\u0259r t\u0259tbiq edilib.<\/span><span style=\"font-family: 'Arial', sans-serif; color: black;\"> <\/span><span style=\"font-family: 'Arial', sans-serif; color: #050505;\">Eyni zamanda, universitetin akademik hey\u0259ti t\u0259r\u0259find\u0259n &ldquo;Microsoft Teams&rdquo; v\u0259 &ldquo;ZOOM&rdquo; platformalar\u0131 &uuml;z\u0259rind\u0259n ke&ccedil;iril\u0259n online d\u0259rsl\u0259r v\u0259 Youtube kanal\u0131 &uuml;z\u0259rind\u0259n t\u0259qdim olunan &ldquo;videod\u0259rsl\u0259r&rdquo; d\u0259 t\u0259l\u0259b\u0259 v\u0259 magistrantlar\u0131n m&uuml;vafiq f\u0259nl\u0259r &uuml;zr\u0259 z\u0259ruri bilik v\u0259 bacar\u0131qlar\u0131 \u0259ld\u0259 etm\u0259kl\u0259 imtahanlar\u0131 u\u011furla verm\u0259sin\u0259 ciddi \u0259saslar yaratm\u0131\u015fd\u0131.<\/span><\/span><\/p>\n<p style=\"text-align: justify; text-indent: 27pt; line-height: 150%; background: white none repeat scroll 0% 0%;\"><span style=\"color: #000000;\"><span style=\"font-family: 'Arial', sans-serif; color: #050505;\">Sev<\/span><span style=\"font-family: 'Arial', sans-serif; color: black;\">indirici hald\u0131r ki, ilk d\u0259f\u0259 m<\/span><span style=\"font-family: 'Arial', sans-serif; color: black;\">\u0259saf\u0259d\u0259n ke&ccedil;iril\u0259n imtahanlarda faktiki olaraq b&uuml;t&uuml;n t\u0259l\u0259b\u0259l\u0259rin v\u0259 magistrantlar\u0131n i\u015ftirak\u0131 t\u0259min olunub. \u018fn \u0259sas\u0131 is\u0259, imtahanlarda i\u015ftirak ed\u0259nl\u0259rin dem\u0259k olar ki, ham\u0131s\u0131 m&uuml;v\u0259ff\u0259q qiym\u0259t al\u0131blar.<\/span><\/span><\/p>\n<p style=\"text-align: justify; text-indent: 27pt; line-height: 150%; background: white none repeat scroll 0% 0%;\"><span style=\"font-family: 'Arial', sans-serif; color: #000000;\">\u0130mtahan sessiyas\u0131 m&uuml;dd\u0259tind\u0259, el\u0259c\u0259 d\u0259 bu d&ouml;vrd\u0259 h\u0259r h\u0259ft\u0259nin &ccedil;\u0259r\u015f\u0259nb\u0259 ax\u015fam\u0131 ke&ccedil;iril\u0259n &ldquo;A&ccedil;\u0131q qap\u0131&rdquo; g&uuml;nl\u0259rind\u0259 t\u0259l\u0259b\u0259, magistrant, valideyn v\u0259 ictimaiyy\u0259t n&uuml;may\u0259nd\u0259l\u0259rind\u0259n imtahanlar\u0131n t\u0259\u015fkilind\u0259n m\u0259mnunluq ifad\u0259 edil\u0259n &ccedil;oxsayl\u0131 m&uuml;raci\u0259tl\u0259r daxil olub.<\/span><\/p>\n<p style=\"text-align: justify; text-indent: 27pt; line-height: 150%; background: white none repeat scroll 0% 0%;\"><span style=\"color: #000000;\"><span style=\"font-family: 'Arial', sans-serif; color: black;\">Universitet kollektivinin <\/span><span style=\"font-family: 'Arial', sans-serif; color: #050505;\">f\u0259dakarl\u0131\u011f\u0131 say\u0259sind\u0259 qlobal pandemiya il\u0259 ham\u0131l\u0131qla m&uuml;bariz\u0259 apard\u0131\u011f\u0131m\u0131z d&ouml;vrd\u0259 m\u0259saf\u0259d\u0259n t\u0259\u015fkil olunan b&uuml;t&uuml;n imtahanlar ba\u015f tutub v\u0259 t\u0259hsilalanlar\u0131n biliyinin obyektiv qiym\u0259tl\u0259ndirilm\u0259si m&uuml;mk&uuml;n olub.<\/span><span style=\"font-family: 'Arial', sans-serif; color: black;\"> <\/span><span style=\"font-family: 'Arial', sans-serif; color: #050505;\">\u0130mtahan sessiyas\u0131n\u0131n obyektiv, \u015f\u0259ffaf v\u0259 m&uuml;t\u0259\u015f\u0259kkil ke&ccedil;irilm\u0259sind\u0259 universitetin akademik v\u0259 inzibati hey\u0259ti, &ldquo;\u0130mtahan Q\u0259rargah\u0131&rdquo;n\u0131n, m&uuml;\u0259lliml\u0259rd\u0259n ibar\u0259t &ldquo;\u0130mtahanlara d\u0259st\u0259k qrupu&rdquo;nun v\u0259 g\u0259nc \u0259m\u0259kda\u015flardan ibar\u0259t &ldquo;Texniki d\u0259st\u0259k qrupu&rdquo;nun &uuml;zvl\u0259ri f\u0259al i\u015ftirak edibl\u0259r.<\/span><\/span><\/p>\n<p style=\"text-align: justify; text-indent: 27pt; line-height: 150%; background: white none repeat scroll 0% 0%;\"><span style=\"font-family: 'Arial', sans-serif; color: #000000;\">\u0130lk d\u0259f\u0259 olaraq \u015fifahi formada ke&ccedil;iril\u0259n imtahanlarla ba\u011fl\u0131 t\u0259l\u0259b\u0259, magistrant v\u0259 valideynl\u0259rin m&uuml;raci\u0259tl\u0259rin\u0259 operativ bax\u0131lmas\u0131nda v\u0259 t\u0259hsilalanlar\u0131n biliyinin obyektiv qiym\u0259tl\u0259ndirilm\u0259sinin t\u0259min olunmas\u0131nda &ldquo;Apellyasiya Komissiyas\u0131&rdquo; m&uuml;h&uuml;m rol oynay\u0131b.<\/span><\/p>\n<p style=\"text-align: justify; text-indent: 27pt; line-height: 150%; background: white none repeat scroll 0% 0%;\"><span style=\"font-family: 'Arial', sans-serif; color: #000000;\">&ldquo;K&ouml;n&uuml;ll&uuml;l\u0259r ili&rdquo; elan olunmu\u015f 2020-ci ild\u0259 ilk d\u0259f\u0259 olaraq MDU-da realla\u015fd\u0131r\u0131lan &ldquo;\u0130mtahan k&ouml;n&uuml;ll&uuml;l\u0259ri&rdquo; layih\u0259sin\u0259 qo\u015fulan k&ouml;n&uuml;ll&uuml; t\u0259l\u0259b\u0259l\u0259r imtahan prosesind\u0259 &ccedil;evikliyin t\u0259min olunmas\u0131na m&uuml;h&uuml;m t&ouml;hf\u0259l\u0259r veribl\u0259r.<\/span><\/p>","protected":false},"excerpt":{"rendered":"<p>Ming\u0259&ccedil;evir D&ouml;vl\u0259t Universitetind\u0259 yaz imtahan sessiyas\u0131 u\u011furla ba\u015fa &ccedil;at\u0131b Ming\u0259&ccedil;evir D&ouml;vl\u0259t Universitetind\u0259 (MDU) 2019\/2020-ci t\u0259dris ilinin yaz semestrinin imtahan sessiyas\u0131 u\u011furla ba\u015fa &ccedil;at\u0131b. Cari ilin 8 iyun tarixind\u0259 start veril\u0259n imtahan sessiyas\u0131 ilk d\u0259f\u0259 olaraq &ldquo;Microsoft Teams&rdquo; platformas\u0131 &uuml;z\u0259rind\u0259n online formada \u015fifahi qaydada t\u0259\u015fkil olunub. Sessiya \u0259rzind\u0259 &uuml;mumilikd\u0259 646 imtahanda bakalavriat s\u0259viyy\u0259sind\u0259 I-III kurslarda, magistratura [&hellip;]<\/p>\n","protected":false},"author":1,"featured_media":0,"comment_status":"open","ping_status":"open","sticky":false,"template":"","format":"standard","meta":{"_eb_attr":"","ocean_post_layout":"","ocean_both_sidebars_style":"","ocean_both_sidebars_content_width":0,"ocean_both_sidebars_sidebars_width":0,"ocean_sidebar":"","ocean_second_sidebar":"","ocean_disable_margins":"enable","ocean_add_body_class":"","ocean_shortcode_before_top_bar":"","ocean_shortcode_after_top_bar":"","ocean_shortcode_before_header":"","ocean_shortcode_after_header":"","ocean_has_shortcode":"","ocean_shortcode_after_title":"","ocean_shortcode_before_footer_widgets":"","ocean_shortcode_after_footer_widgets":"","ocean_shortcode_before_footer_bottom":"","ocean_shortcode_after_footer_bottom":"","ocean_display_top_bar":"default","ocean_display_header":"default","ocean_header_style":"","ocean_center_header_left_menu":"","ocean_custom_header_template":"","ocean_custom_logo":0,"ocean_custom_retina_logo":0,"ocean_custom_logo_max_width":0,"ocean_custom_logo_tablet_max_width":0,"ocean_custom_logo_mobile_max_width":0,"ocean_custom_logo_max_height":0,"ocean_custom_logo_tablet_max_height":0,"ocean_custom_logo_mobile_max_height":0,"ocean_header_custom_menu":"","ocean_menu_typo_font_family":"","ocean_menu_typo_font_subset":"","ocean_menu_typo_font_size":0,"ocean_menu_typo_font_size_tablet":0,"ocean_menu_typo_font_size_mobile":0,"ocean_menu_typo_font_size_unit":"px","ocean_menu_typo_font_weight":"","ocean_menu_typo_font_weight_tablet":"","ocean_menu_typo_font_weight_mobile":"","ocean_menu_typo_transform":"","ocean_menu_typo_transform_tablet":"","ocean_menu_typo_transform_mobile":"","ocean_menu_typo_line_height":0,"ocean_menu_typo_line_height_tablet":0,"ocean_menu_typo_line_height_mobile":0,"ocean_menu_typo_line_height_unit":"","ocean_menu_typo_spacing":0,"ocean_menu_typo_spacing_tablet":0,"ocean_menu_typo_spacing_mobile":0,"ocean_menu_typo_spacing_unit":"","ocean_menu_link_color":"","ocean_menu_link_color_hover":"","ocean_menu_link_color_active":"","ocean_menu_link_background":"","ocean_menu_link_hover_background":"","ocean_menu_link_active_background":"","ocean_menu_social_links_bg":"","ocean_menu_social_hover_links_bg":"","ocean_menu_social_links_color":"","ocean_menu_social_hover_links_color":"","ocean_disable_title":"default","ocean_disable_heading":"default","ocean_post_title":"","ocean_post_subheading":"","ocean_post_title_style":"","ocean_post_title_background_color":"","ocean_post_title_background":0,"ocean_post_title_bg_image_position":"","ocean_post_title_bg_image_attachment":"","ocean_post_title_bg_image_repeat":"","ocean_post_title_bg_image_size":"","ocean_post_title_height":0,"ocean_post_title_bg_overlay":0.5,"ocean_post_title_bg_overlay_color":"","ocean_disable_breadcrumbs":"default","ocean_breadcrumbs_color":"","ocean_breadcrumbs_separator_color":"","ocean_breadcrumbs_links_color":"","ocean_breadcrumbs_links_hover_color":"","ocean_display_footer_widgets":"default","ocean_display_footer_bottom":"default","ocean_custom_footer_template":"","ocean_post_oembed":"","ocean_post_self_hosted_media":"","ocean_post_video_embed":"","ocean_link_format":"","ocean_link_format_target":"self","ocean_quote_format":"","ocean_quote_format_link":"post","ocean_gallery_link_images":"on","ocean_gallery_id":[],"footnotes":""},"categories":[63],"tags":[],"class_list":["post-15403","post","type-post","status-publish","format-standard","hentry","category-khaebaerlaer-az","entry"],"_links":{"self":[{"href":"https:\/\/mdu.edu.az\/en\/wp-json\/wp\/v2\/posts\/15403","targetHints":{"allow":["GET"]}}],"collection":[{"href":"https:\/\/mdu.edu.az\/en\/wp-json\/wp\/v2\/posts"}],"about":[{"href":"https:\/\/mdu.edu.az\/en\/wp-json\/wp\/v2\/types\/post"}],"author":[{"embeddable":true,"href":"https:\/\/mdu.edu.az\/en\/wp-json\/wp\/v2\/users\/1"}],"replies":[{"embeddable":true,"href":"https:\/\/mdu.edu.az\/en\/wp-json\/wp\/v2\/comments?post=15403"}],"version-history":[{"count":0,"href":"https:\/\/mdu.edu.az\/en\/wp-json\/wp\/v2\/posts\/15403\/revisions"}],"wp:attachment":[{"href":"https:\/\/mdu.edu.az\/en\/wp-json\/wp\/v2\/media?parent=15403"}],"wp:term":[{"taxonomy":"category","embeddable":true,"href":"https:\/\/mdu.edu.az\/en\/wp-json\/wp\/v2\/categories?post=15403"},{"taxonomy":"post_tag","embeddable":true,"href":"https:\/\/mdu.edu.az\/en\/wp-json\/wp\/v2\/tags?post=15403"}],"curies":[{"name":"wp","href":"https:\/\/api.w.org\/{rel}","templated":true}]}}