{"id":15628,"date":"2020-12-12T09:18:42","date_gmt":"2020-12-12T06:18:42","guid":{"rendered":"https:\/\/mdu.edu.az\/ulu-nd-rimizin-ruhu-add-r-khalg-m-z-do-ma-garaba-na-govu-du-az-rtadz-n-kh-susi-layih-si\/"},"modified":"2020-12-12T09:18:42","modified_gmt":"2020-12-12T06:18:42","slug":"ulu-nd-rimizin-ruhu-add-r-khalg-m-z-do-ma-garaba-na-govu-du-az-rtadz-n-kh-susi-layih-si","status":"publish","type":"post","link":"https:\/\/mdu.edu.az\/en\/ulu-nd-rimizin-ruhu-add-r-khalg-m-z-do-ma-garaba-na-govu-du-az-rtadz-n-kh-susi-layih-si\/","title":{"rendered":"Ulu \u00d6nd\u0259rimizin ruhu \u015fadd\u0131r: xalq\u0131m\u0131z do\u011fma Qaraba\u011f\u0131na qovu\u015fdu \u2013  AZ\u018fRTAC-\u0131n x\u00fcsusi layih\u0259si"},"content":{"rendered":"<p style=\"text-align: center;\"><b><span style=\"font-size: 14pt; font-family: 'Arial', sans-serif; color: #002060;\">Ulu &Ouml;nd\u0259rimizin ruhu \u015fadd\u0131r: xalq\u0131m\u0131z do\u011fma Qaraba\u011f\u0131na qovu\u015fdu &ndash; <br \/> AZ\u018fRTAC-\u0131n x&uuml;susi layih\u0259si<\/span><\/b><\/p>\n<p style=\"text-align: center;\"><b><span style=\"font-size: 14pt; font-family: 'Arial', sans-serif; color: #002060;\"><\/span><\/b><\/p>\n<p style=\"text-align: justify; text-indent: 1cm;\"><span style=\"font-size: 12pt; font-family: 'Arial', sans-serif;\"><span style=\"color: #000000;\">Bak\u0131, 12 dekabr,<\/span> <a href=\"https:\/\/azertag.az\/xeber\/Ulu_Onderimizin_ruhu_saddir_xalqimiz_dogma_Qarabagina_qovusdu____AZARTAC_in_xususi_layihesi-1366130?fbclid=IwAR11zX5x6V0CaKLWR-CYdsPjre64_q32GOQaGEGp8uqPkfKcvaavjgqrC8U\" target=\"_blank\" rel=\"noopener\">AZ\u018fRTAC<\/a><\/span><\/p>\n<p style=\"text-align: justify; text-indent: 1cm;\"><span style=\"font-size: 12pt; font-family: 'Arial', sans-serif;\"><\/span><\/p>\n<p style=\"text-align: justify; text-indent: 1cm;\"><span style=\"font-size: 12pt; font-family: 'Arial', sans-serif; color: #000000;\">Xalq\u0131m\u0131z\u0131n ulu &ouml;nd\u0259ri Heyd\u0259r \u018fliyevin v\u0259fat\u0131ndan 17 il &ouml;t&uuml;r. Bu ill\u0259r \u0259rzind\u0259 h\u0259yat\u0131m\u0131zda &ccedil;ox \u015fey d\u0259yi\u015fib, Az\u0259rbaycan inki\u015faf ed\u0259r\u0259k q&uuml;dr\u0259tli d&ouml;vl\u0259t\u0259, d&uuml;nyada s&ouml;z sahibin\u0259 &ccedil;evrilib. Vaxtil\u0259 x\u0259yal hesab edil\u0259n transmilli energetika v\u0259 n\u0259qliyyat layih\u0259l\u0259ri u\u011furla realla\u015fd\u0131r\u0131l\u0131b. Zaman\u0131n d\u0259yi\u015f\u0259 bilm\u0259diyi yegan\u0259 reall\u0131q xalq\u0131n &ouml;z b&ouml;y&uuml;k o\u011fluna t&uuml;k\u0259nm\u0259z m\u0259h\u0259bb\u0259tidir. V\u0259t\u0259ni v\u0259 xalq\u0131 qar\u015f\u0131s\u0131nda misilsiz xidm\u0259tl\u0259r g&ouml;st\u0259rmi\u015f Heyd\u0259r \u018fliyevin ideyalar\u0131 ya\u015fay\u0131r, yollar\u0131m\u0131z\u0131 daim i\u015f\u0131qland\u0131r\u0131r.<\/span><\/p>\n<p style=\"text-align: justify; text-indent: 1cm;\"><span style=\"color: #000000;\">Ulu &Ouml;nd\u0259rimizin \u0259n b&ouml;y&uuml;k arzusu Qaraba\u011f\u0131n d&uuml;\u015fm\u0259n tapda\u011f\u0131ndan azad edilm\u0259si, \u0259razi b&uuml;t&ouml;vl&uuml;y&uuml;m&uuml;z&uuml;n b\u0259rpas\u0131 idi. &Uuml;mummilli Lider ill\u0259r &ouml;nc\u0259 b&ouml;y&uuml;k uzaqg&ouml;r\u0259nlikl\u0259 deyirdi: &ldquo;Qaraba\u011f m\u0259s\u0259l\u0259sini h\u0259ll ed\u0259c\u0259yik. Zaman laz\u0131md\u0131r, vaxt laz\u0131md\u0131r. Az\u0259rbaycan torpaqlar\u0131 he&ccedil; vaxt onun \u0259lind\u0259n ged\u0259 bilm\u0259z. Bizim i\u015f\u011fal olunmu\u015f torpaqlar\u0131m\u0131z m&uuml;tl\u0259q qaytar\u0131lacaqd\u0131r. N\u0259yin bahas\u0131na olur-olsun&rdquo;.<\/span><\/p>\n<p style=\"text-align: justify; text-indent: 1cm;\"><span style=\"font-size: 12pt; font-family: 'Arial', sans-serif; color: #000000;\">H\u0259min vaxt 17 ild\u0259n sonra yeti\u015fdi. Dahi \u015f\u0259xsiyy\u0259tin arzusunu, v\u0259siyy\u0259tini onun layiqli varisi, Az\u0259rbaycan Prezidenti, Silahl\u0131 Q&uuml;vv\u0259l\u0259rimizin M&uuml;z\u0259ff\u0259r Ali Ba\u015f Komandan\u0131, q&uuml;dr\u0259tli s\u0259rk\u0259rd\u0259 \u0130lham \u018fliyev yerin\u0259 yetirdi, &ouml;lk\u0259mizin \u0259razi b&uuml;t&ouml;vl&uuml;y&uuml; h\u0259rbi-siyasi yolla b\u0259rpa olundu. \u0130ld\u0259n-il\u0259 g&uuml;c toplayan Az\u0259rbaycan, onun r\u0259\u015fad\u0259tli ordusu d&uuml;\u015fm\u0259ni torpaqlar\u0131m\u0131zdan qovub &ccedil;\u0131xard\u0131, &uuml;&ccedil;r\u0259ngli bayra\u011f\u0131m\u0131z yenid\u0259n V\u0259t\u0259n torpaqlar\u0131nda, Qaraba\u011f\u0131n d&ouml;y&uuml;n\u0259n &uuml;r\u0259yi olan \u015eu\u015fada q&uuml;rurla dal\u011falanma\u011fa ba\u015flad\u0131. D\u0259mir yumruqla beli q\u0131r\u0131lan, ba\u015f\u0131 \u0259zil\u0259n d&uuml;\u015fm\u0259n kapitulyasiya akt\u0131n\u0131 imzalama\u011fa m\u0259cbur oldu, \u0259razi b&uuml;t&ouml;vl&uuml;y&uuml;m&uuml;z t\u0259min edildi. <\/span><\/p>\n<p style=\"text-align: justify; text-indent: 1cm;\"><span style=\"font-size: 12pt; font-family: 'Arial', sans-serif; color: #000000;\">Bu g&uuml;n o\u011ful \u0130lham \u018fliyevin 17 illik prezidentliyi d&ouml;vr&uuml;nd\u0259 qurulmu\u015f Az\u0259rbaycan Ordusu d&uuml;nyan\u0131n 50 \u0259n g&uuml;cl&uuml; ordusu s\u0131ras\u0131nda yer al\u0131r, onun arsenal\u0131nda &ccedil;oxlar\u0131n\u0131n h\u0259s\u0259d apard\u0131\u011f\u0131 \u0259n m&uuml;asir silahlar var. &Ouml;z liderin\u0259, Ali Ba\u015f Komandan\u0131na inanan v\u0259 g&uuml;v\u0259n\u0259n bu ordu, igid Az\u0259rbaycan \u0259sg\u0259ri &ouml;z qan\u0131, can\u0131 bahas\u0131na 30 illik i\u015f\u011fala son qoydu.<\/span><\/p>\n<p style=\"text-align: justify; text-indent: 1cm;\"><span style=\"font-size: 12pt; font-family: 'Arial', sans-serif; color: #000000;\">Bu g&uuml;n Ulu &Ouml;nd\u0259rimizin ruhu \u015fadd\u0131r.<\/span><\/p>\n<p style=\"text-align: justify; text-indent: 1cm;\"><span style=\"color: #000000;\">&Uuml;mummilli lider Heyd\u0259r \u018fliyev b\u0259nz\u0259ri olmayan bir &ouml;m&uuml;r ya\u015fay\u0131b. Onun h\u0259yat yolu, V\u0259t\u0259ni v\u0259 xalq\u0131 qar\u015f\u0131s\u0131nda misilsiz xidm\u0259tl\u0259ri V\u0259t\u0259n m&uuml;harib\u0259sind\u0259 qazan\u0131lan m&ouml;ht\u0259\u015f\u0259m Z\u0259f\u0259rin t\u0259nt\u0259n\u0259li s&uuml;r\u0259td\u0259 qeyd olundu\u011fu bu g&uuml;nl\u0259rd\u0259 bir daha xat\u0131rlan\u0131r, yadda\u015flar t\u0259z\u0259l\u0259nir. Bu b&ouml;y&uuml;k &ouml;mr&uuml;n fotolarda \u0259b\u0259dil\u0259\u015f\u0259n t\u0259sirli anlar\u0131 bizi Heyd\u0259r \u018fliyevli g&uuml;nl\u0259r\u0259 qaytar\u0131r.<\/span><\/p>\n<p style=\"text-align: justify; text-indent: 1cm;\"><span style=\"color: #000000;\"><span style=\"font-size: 12pt; font-family: 'Arial', sans-serif;\"><a href=\"https:\/\/azertag.az\" target=\"_blank\" style=\"color: #000000;\" rel=\"noopener\">AZ\u018fRTAC<\/a><\/span><span style=\"font-size: 12pt; font-family: 'Arial', sans-serif;\"> Ulu &Ouml;nd\u0259rin xatir\u0259 g&uuml;n&uuml;n\u0259 h\u0259sr olunmu\u015f x&uuml;susi layih\u0259ni t\u0259qdim edir.<\/span><\/span><\/p>\n<p style=\"text-align: center;\"><span style=\"color: #000000;\"><strong><span style=\"font-size: 12pt; font-family: 'Arial', sans-serif;\"><\/span><\/strong><\/span><\/p>\n<p style=\"text-align: center;\"><span style=\"color: #000000;\"><strong><span style=\"font-size: 12pt; font-family: 'Arial', sans-serif;\">T\u0259n\u0259zz&uuml;ld\u0259n y&uuml;ks\u0259li\u015f\u0259 ged\u0259n yol<\/span><\/strong><\/span><\/p>\n<p style=\"text-align: center;\"><span style=\"font-size: 12pt; font-family: 'Arial', sans-serif; color: #000000;\"><\/span><\/p>\n<p style=\"text-align: justify; text-indent: 1cm;\"><span style=\"font-size: 12pt; font-family: 'Arial', sans-serif; color: #000000;\">Az\u0259rbaycan\u0131n \u0259n yeni tarixi, qazand\u0131\u011f\u0131 m&ouml;ht\u0259\u015f\u0259m u\u011furlar Heyd\u0259r \u018fliyevin ad\u0131 il\u0259 ba\u011fl\u0131d\u0131r. Onun 1969-cu ild\u0259n ba\u015flayan v\u0259 30 ild\u0259n art\u0131q davam ed\u0259n r\u0259hb\u0259rliyi d&ouml;vr&uuml;nd\u0259 Az\u0259rbaycan b&ouml;y&uuml;k inki\u015faf yolu ke&ccedil;ib. H\u0259min ill\u0259r haql\u0131 olaraq tariximizin Heyd\u0259r \u018fliyev d&ouml;vr&uuml; adland\u0131r\u0131l\u0131r.<\/span><\/p>\n<p style=\"text-align: justify; text-indent: 1cm;\"><span style=\"color: #000000;\">Heyd\u0259r \u018fliyevin &ouml;lk\u0259 r\u0259hb\u0259ri se&ccedil;ilm\u0259si il\u0259 h\u0259yat\u0131n ritmi b&uuml;sb&uuml;t&uuml;n d\u0259yi\u015fdi: &ouml;lk\u0259d\u0259 canlanma v\u0259 y&uuml;ks\u0259li\u015f, geni\u015f quruculuq i\u015fl\u0259ri ba\u015fland\u0131. Bak\u0131da o d&ouml;vr &uuml;&ccedil;&uuml;n nadir m&uuml;\u0259ssis\u0259l\u0259r &#8211; m\u0259i\u015f\u0259t kondisionerl\u0259ri zavodu, d\u0259rin d\u0259niz &ouml;z&uuml;ll\u0259ri zavodu, memarl\u0131q incil\u0259r olan binalar &ndash; &ldquo;G&uuml;l&uuml;stan&rdquo; saray\u0131, indiki Heyd\u0259r \u018fliyev Saray\u0131 tikildi, Yeni \u018fhm\u0259dli, G&uuml;n\u0259\u015fli kimi n\u0259h\u0259ng ya\u015fay\u0131\u015f massivl\u0259ri, mikrorayonlar sal\u0131nd\u0131. Pamb\u0131q, t\u0259r\u0259v\u0259z, &uuml;z&uuml;m istehsal\u0131 d\u0259f\u0259l\u0259rl\u0259 artd\u0131. Bunun n\u0259tic\u0259sind\u0259 \u0259halinin g&uuml;z\u0259ran\u0131 da yax\u015f\u0131la\u015fd\u0131, Az\u0259rbaycan intibah d&ouml;vr&uuml;n\u0259 q\u0259d\u0259m qoydu.<\/span><\/p>\n<p style=\"text-align: justify; text-indent: 1cm;\"><span style=\"font-size: 12pt; font-family: 'Arial', sans-serif; color: #000000;\">A\u015fa\u011f\u0131dak\u0131 fotolar &ouml;z&uuml;nd\u0259 h\u0259min anlar\u0131 canland\u0131r\u0131r, bizi x\u0259yal\u0259n h\u0259min ill\u0259r\u0259 qaytar\u0131r.<\/span><\/p>\n<p style=\"text-align: center;\"><span style=\"color: #000000;\"><strong><span style=\"font-size: 12pt; font-family: 'Arial', sans-serif;\"><\/span><\/strong><\/span><\/p>\n<p style=\"text-align: center;\"><span style=\"color: #000000;\"><strong><span style=\"font-size: 12pt; font-family: 'Arial', sans-serif;\">Xalq\u0131n q&uuml;rur v\u0259 iftixar m\u0259nb\u0259yi<\/span><\/strong><\/span><\/p>\n<p style=\"text-align: center;\"><span style=\"font-size: 12pt; font-family: 'Arial', sans-serif; color: #000000;\"><\/span><\/p>\n<p style=\"text-align: justify; text-indent: 1cm;\"><span style=\"font-size: 12pt; font-family: 'Arial', sans-serif; color: #000000;\">Az\u0259rbaycan xalq\u0131 Heyd\u0259r \u018fliyevl\u0259 q&uuml;rur duyur. O, SSR\u0130 kimi n\u0259h\u0259ng d&ouml;vl\u0259tin \u0259sas r\u0259hb\u0259r orqan\u0131 olan Siyasi B&uuml;ronun &uuml;zv&uuml; idi. Daha sonra SSR\u0130 Nazirl\u0259r Soveti s\u0259drinin birinci m&uuml;avini se&ccedil;ilmi\u015fdi. Bu t\u0259yinatlar Az\u0259rbaycanda b&ouml;y&uuml;k sevinc do\u011furmu\u015f, \u0259sl bayram \u0259hval-ruhiyy\u0259si yaratm\u0131\u015fd\u0131.<\/span><\/p>\n<p style=\"text-align: justify; text-indent: 1cm;\"><span style=\"color: #000000;\">Az\u0259rbaycan\u0131n b&ouml;y&uuml;k o\u011flu Heyd\u0259r \u018fliyevin siyasi elitan\u0131n zirv\u0259sin\u0259 y&uuml;ks\u0259lm\u0259si t\u0259bii ki, bizim xeyrimiz\u0259 oldu. &Ouml;z n&uuml;fuzundan v\u0259 tutdu\u011fu y&uuml;ks\u0259k v\u0259zif\u0259l\u0259rin yaratd\u0131\u011f\u0131 imkanlardan istifad\u0259 ed\u0259r\u0259k bir s\u0131ra ittifaqmiqyasl\u0131 layih\u0259l\u0259ri Bak\u0131ya y&ouml;n\u0259ltdi.<\/span><\/p>\n<p style=\"text-align: justify; text-indent: 1cm;\"><span style=\"font-size: 12pt; font-family: 'Arial', sans-serif; color: #000000;\">Siyasi B&uuml;ronun &uuml;zv&uuml;, SSR\u0130 Nazirl\u0259r Soveti s\u0259drinin birinci m&uuml;avini olark\u0259n g&ouml;rd&uuml;y&uuml; n\u0259h\u0259ng i\u015fl\u0259r, fitri t\u0259\u015fkilat&ccedil;\u0131l\u0131q bacar\u0131\u011f\u0131 Heyd\u0259r \u018fliyevin \u015f&ouml;hr\u0259tini durmadan art\u0131r\u0131rd\u0131. Bununla eyni vaxtda ona qar\u015f\u0131 pax\u0131ll\u0131q v\u0259 h\u0259s\u0259d hissl\u0259ri d\u0259 ba\u015f qald\u0131r\u0131rd\u0131.<\/span><\/p>\n<p style=\"text-align: justify; text-indent: 1cm;\"><span style=\"color: #000000;\">Mixail Qorba&ccedil;ov siyasi hakimiyy\u0259t\u0259 g\u0259ldikd\u0259n sonra Heyd\u0259r \u018fliyev\u0259 qar\u015f\u0131 apar\u0131lan b\u0259dnam kampaniya a&ccedil;\u0131q m&uuml;st\u0259viy\u0259 ke&ccedil;di. O, &ouml;lk\u0259 r\u0259hb\u0259rliyi il\u0259 aralar\u0131nda yaranm\u0131\u015f ciddi ixtilaf s\u0259b\u0259bind\u0259n v\u0259zif\u0259sind\u0259n istefa verdi. Bununla da Az\u0259rbaycan\u0131n qara g&uuml;nl\u0259ri ba\u015flad\u0131. Onda da, indi d\u0259 bir &ccedil;oxlar\u0131 \u0259minlikl\u0259 deyir ki, \u0259g\u0259r o vaxt Heyd\u0259r \u018fliyev r\u0259hb\u0259rlikd\u0259 olsayd\u0131, n\u0259 Qaraba\u011f, n\u0259 d\u0259 Qara Yanvar hadis\u0259l\u0259ri ba\u015f verm\u0259zdi.<\/span><\/p>\n<p style=\"text-align: justify; text-indent: 1cm;\"><span style=\"font-size: 12pt; font-family: 'Arial', sans-serif; color: #000000;\"><\/span><\/p>\n<p style=\"text-align: center; text-indent: 1cm;\"><span style=\"color: #000000;\"><strong><span style=\"font-size: 12pt; font-family: 'Arial', sans-serif;\">B&ouml;y&uuml;k xilaskar\u0131n qay\u0131d\u0131\u015f\u0131<\/span><\/strong><\/span><\/p>\n<p style=\"text-align: center; text-indent: 1cm;\"><span style=\"font-size: 12pt; font-family: 'Arial', sans-serif; color: #000000;\"><\/span><\/p>\n<p style=\"text-align: justify; text-indent: 1cm;\"><span style=\"font-size: 12pt; font-family: 'Arial', sans-serif; color: #000000;\">V\u0259t\u0259nin a\u011f\u0131r g&uuml;nl\u0259rind\u0259 &#8211; 1990-c\u0131 ill\u0259rin \u0259vv\u0259ll\u0259rind\u0259 Heyd\u0259r \u018fliyev Az\u0259rbaycana qay\u0131td\u0131. Onun xalq aras\u0131ndak\u0131 n&uuml;fuzundan qorxuya d&uuml;\u015f\u0259n o vaxtk\u0131 iqtidar Heyd\u0259r \u018fliyevin Bak\u0131ya yolunu k\u0259sdi. Bu s\u0259b\u0259bd\u0259n Ulu &Ouml;nd\u0259r do\u011fulub boya-ba\u015fa &ccedil;atd\u0131\u011f\u0131 Nax&ccedil;\u0131vana &uuml;z tutdu.<\/span><\/p>\n<p style=\"text-align: justify; text-indent: 1cm;\"><span style=\"font-size: 12pt; font-family: 'Arial', sans-serif; color: #000000;\">Ulu &Ouml;nd\u0259r muxtar respublikan\u0131 erm\u0259ni t\u0259cav&uuml;z&uuml;nd\u0259n, siyasi t\u0259lat&uuml;ml\u0259rd\u0259n qorudu. &Uuml;&ccedil;r\u0259ngli bayra\u011f\u0131m\u0131z\u0131 ilk d\u0259f\u0259 Nax&ccedil;\u0131vanda ucaltd\u0131, Yeni Az\u0259rbaycan Partiyas\u0131n\u0131n t\u0259m\u0259lini qoydu.<\/span><\/p>\n<p style=\"text-align: justify; text-indent: 1cm;\"><span style=\"color: #000000;\">D&ouml;vl\u0259t m&uuml;st\u0259qilliyinin b\u0259rpa olundu\u011fu ilk ill\u0259rd\u0259 Az\u0259rbaycan b&ouml;y&uuml;k b\u0259lalarla &ndash; xaos v\u0259 anarxiya, v\u0259t\u0259nda\u015f m&uuml;harib\u0259si, m&uuml;st\u0259qilliyini itirm\u0259k v\u0259 par&ccedil;alanmaq t\u0259hl&uuml;k\u0259si il\u0259 &uuml;z-&uuml;z\u0259 qalm\u0131\u015fd\u0131. Bel\u0259 bir a\u011f\u0131r vaxtda k&ouml;m\u0259y\u0259 yen\u0259 Heyd\u0259r \u018fliyev yeti\u015fdi. Xalq\u0131n &ccedil;a\u011f\u0131r\u0131\u015f\u0131 il\u0259 hakimiyy\u0259t\u0259 qay\u0131dan Ulu &Ouml;nd\u0259r bu t\u0259hl&uuml;k\u0259l\u0259ri d\u0259f ed\u0259r\u0259k milli d&ouml;vl\u0259timizi qurma\u011fa ba\u015flad\u0131. H\u0259min ill\u0259rd\u0259 milli maraqlara s&ouml;yk\u0259n\u0259n xarici siyas\u0259t kursu formala\u015fd\u0131r\u0131ld\u0131, &ouml;lk\u0259d\u0259 yarad\u0131lan ictimai-siyasi sabitlik quruculuq i\u015fl\u0259rin\u0259 yol a&ccedil;d\u0131.<\/span><\/p>\n<p style=\"text-align: justify; text-indent: 1cm;\"><span style=\"font-size: 12pt; font-family: 'Arial', sans-serif; color: #000000;\">Heyd\u0259r \u018fliyevin Az\u0259rbaycana r\u0259hb\u0259rliyinin ikinci d&ouml;vr&uuml; bu v\u0259 dig\u0259r taley&uuml;kl&uuml; hadis\u0259l\u0259rl\u0259 z\u0259ngindir. Ulu &Ouml;nd\u0259r daxili v\u0259 xarici siyas\u0259td\u0259 k&ouml;kl&uuml; d\u0259yi\u015fiklikl\u0259rl\u0259 eyni vaxtda nizami ordu yarad\u0131lmas\u0131 istiqam\u0259tind\u0259 d\u0259 ard\u0131c\u0131l s\u0259yl\u0259r g&ouml;st\u0259rirdi. C\u0259bh\u0259 b&ouml;lg\u0259l\u0259rin\u0259 gedir, &ouml;n x\u0259td\u0259 \u0259sg\u0259rl\u0259rl\u0259 g&ouml;r&uuml;\u015f&uuml;rd&uuml;. Bu, orduda b&ouml;y&uuml;k ruh y&uuml;ks\u0259kliyi yaratd\u0131 v\u0259 n\u0259tic\u0259d\u0259 d&uuml;\u015fm\u0259nin yeni i\u015f\u011fal planlar\u0131n\u0131n qar\u015f\u0131s\u0131 al\u0131nd\u0131.<\/span><\/p>\n<p style=\"text-align: justify; text-indent: 1cm;\"><span style=\"font-size: 12pt; font-family: 'Arial', sans-serif; color: #000000;\">H\u0259min vaxt &ccedil;\u0259kilmi\u015f foto\u015f\u0259kill\u0259r Heyd\u0259r \u018fliyevin h\u0259yat v\u0259 f\u0259aliyy\u0259tinin b\u0259zi m\u0259qamlar\u0131n\u0131 \u0259ks etdirir.<\/span><\/p>\n<p style=\"text-align: center;\"><span style=\"color: #000000;\"><strong><span style=\"font-size: 12pt; font-family: 'Arial', sans-serif;\"><\/span><\/strong><\/span><\/p>\n<p style=\"text-align: center;\"><span style=\"color: #000000;\"><strong><span style=\"font-size: 12pt; font-family: 'Arial', sans-serif;\">&ldquo;\u018fsrin m&uuml;qavil\u0259si&rdquo; il\u0259 ba\u015flayan dir&ccedil;\u0259li\u015f d&ouml;vr&uuml;<\/span><\/strong><\/span><\/p>\n<p style=\"text-align: center;\"><span style=\"font-size: 12pt; font-family: 'Arial', sans-serif; color: #000000;\"><\/span><\/p>\n<p style=\"text-align: justify; text-indent: 1cm;\"><span style=\"font-size: 12pt; font-family: 'Arial', sans-serif; color: #000000;\">1994-c&uuml; ild\u0259 Az\u0259rbaycan investisiya qoyulu\u015fu bax\u0131m\u0131ndan riskli &ouml;lk\u0259 say\u0131l\u0131rd\u0131. Xarici \u015firk\u0259tl\u0259r Az\u0259rbaycan neftin\u0259 s\u0259rmay\u0259 qoyma\u011fa t\u0259r\u0259dd&uuml;d edirdil\u0259r. Heyd\u0259r \u018fliyev &ldquo;Amoko&rdquo;, &ldquo;BP&rdquo;, &ldquo;Yunokal&rdquo;, &ldquo;LUKoyl&rdquo;, &ldquo;Statoyl&rdquo;, &ldquo;Ekson&rdquo;, &ldquo;\u0130to&ccedil;u&rdquo; kimi n\u0259h\u0259ng \u015firk\u0259tl\u0259ri inand\u0131ra bildi ki, Az\u0259rbaycana qoyulan s\u0259rmay\u0259 h\u0259d\u0259r getm\u0259y\u0259c\u0259k. Bel\u0259likl\u0259, 1994-c&uuml; il sentyabr\u0131n 20-d\u0259 X\u0259z\u0259r d\u0259nizinin Az\u0259rbaycan sektorundak\u0131 neft yataqlar\u0131n\u0131n istismar\u0131na dair sonradan &ldquo;\u018fsrin m&uuml;qavil\u0259si&rdquo; ad\u0131 alm\u0131\u015f neft kontraktlar\u0131 imzaland\u0131. &ldquo;\u018fsrin m&uuml;qavil\u0259si&rdquo; v\u0259 sonrak\u0131 ill\u0259rd\u0259 imzalanm\u0131\u015f &ccedil;oxsayl\u0131 neft m&uuml;qavil\u0259l\u0259ri Az\u0259rbaycan\u0131n inki\u015faf\u0131na yol a&ccedil;d\u0131.<\/span><\/p>\n<p style=\"text-align: justify; text-indent: 1cm;\"><span style=\"color: #000000;\">Sonra &uuml;&ccedil; d\u0259niz \u0259fsan\u0259si adland\u0131r\u0131lan Bak\u0131-Tbilisi-Ceyhan neft k\u0259m\u0259ri, onun ard\u0131nca Bak\u0131-Tbilisi-\u018frzurum qaz k\u0259m\u0259ri \u0259rs\u0259y\u0259 g\u0259ldi. Bak\u0131-Tbilisi-Qars d\u0259miryolu, &ldquo;\u015eimal-C\u0259nub&rdquo; Beyn\u0259lxalq N\u0259qliyyat D\u0259hlizi kimi n\u0259h\u0259ng layih\u0259l\u0259r realla\u015fd\u0131r\u0131ld\u0131. Az\u0259rbaycan\u0131n t\u0259\u015f\u0259bb&uuml;s&uuml; olan dig\u0259r m&uuml;h&uuml;m layih\u0259nin -C\u0259nub Qaz D\u0259hlizinin sonuncu hiss\u0259si ba\u015fa &ccedil;atmaq &uuml;zr\u0259dir. Bu transmilli enerji v\u0259 n\u0259qliyyat layih\u0259l\u0259ri Az\u0259rbaycan\u0131n d&uuml;nya miqyas\u0131nda, Avropan\u0131n enerji t\u0259hl&uuml;k\u0259sizliyind\u0259 rolunu art\u0131r\u0131r v\u0259 &ouml;lk\u0259mizi beyn\u0259lxalq al\u0259md\u0259 m&uuml;h&uuml;m aktora &ccedil;evirir.<\/span><\/p>\n<p style=\"text-align: center;\"><span style=\"color: #000000;\"><strong><span style=\"font-size: 12pt; font-family: 'Arial', sans-serif;\"><\/span><\/strong><\/span><\/p>\n<p style=\"text-align: center;\"><span style=\"color: #000000;\"><strong><span style=\"font-size: 12pt; font-family: 'Arial', sans-serif;\">Ulu &Ouml;nd\u0259rin layiqli varisi \u0130lham \u018fliyev Az\u0259rbaycan\u0131 inamla ir\u0259li apar\u0131r<\/span><\/strong><\/span><\/p>\n<p style=\"text-align: center;\"><span style=\"font-size: 12pt; font-family: 'Arial', sans-serif; color: #000000;\"><\/span><\/p>\n<p style=\"text-align: justify; text-indent: 1cm;\"><span style=\"font-size: 12pt; font-family: 'Arial', sans-serif; color: #000000;\">&Uuml;mummilli Liderin xalq\u0131 qar\u015f\u0131s\u0131nda daha bir m&uuml;st\u0259sna xidm\u0259ti \u0130lham \u018fliyev kimi o\u011ful yeti\u015fdirm\u0259si, &ouml;z&uuml;nd\u0259n sonra layiqli varis qoymas\u0131d\u0131r. Ulu &Ouml;nd\u0259r h\u0259yat\u0131n\u0131n son g&uuml;nl\u0259rind\u0259 xalqa m&uuml;raci\u0259tind\u0259 ona &ouml;z&uuml; q\u0259d\u0259r inand\u0131\u011f\u0131n\u0131 deyir v\u0259 bildirirdi ki, \u0130lham \u018fliyev Az\u0259rbaycan\u0131 daha parlaq g\u0259l\u0259c\u0259y\u0259 aparacaq.<\/span><\/p>\n<p style=\"text-align: justify; text-indent: 1cm;\"><span style=\"font-size: 12pt; font-family: 'Arial', sans-serif; color: #000000;\">Zaman Ulu &Ouml;nd\u0259rin bu inam\u0131n\u0131 t\u0259sdiql\u0259di. Yeni \u0259srin yeni lideri olan Prezident \u0130lham \u018fliyev Az\u0259rbaycana u\u011furla r\u0259hb\u0259rlik edir, &ouml;z praqmatik v\u0259 m&uuml;drik siyas\u0259ti il\u0259 &ouml;lk\u0259mizi daim ir\u0259li apar\u0131r. D&ouml;vl\u0259tin s&uuml;kan\u0131n\u0131n etibarl\u0131 \u0259ll\u0259rd\u0259 oldu\u011funu g&ouml;r\u0259n xalq &ouml;z Prezidentini ham\u0131l\u0131qla d\u0259st\u0259kl\u0259yir. Az\u0259rbaycan q\u0259l\u0259b\u0259d\u0259n-q\u0259l\u0259b\u0259y\u0259 do\u011fru inamla add\u0131mlay\u0131r. V\u0259t\u0259n m&uuml;harib\u0259sind\u0259 qazan\u0131lm\u0131\u015f m&ouml;ht\u0259\u015f\u0259m Z\u0259f\u0259r bunun \u0259n yeni s&uuml;butudur.<\/span><\/p>\n<p>{phocagallery view=category|categoryid=473|limitstart=0|limitcount=0}<\/p>\n<p style=\"text-align: justify; text-indent: 1cm;\"><span style=\"font-size: 12pt; font-family: 'Arial', sans-serif;\"><\/span><\/p>","protected":false},"excerpt":{"rendered":"<p>Ulu &Ouml;nd\u0259rimizin ruhu \u015fadd\u0131r: xalq\u0131m\u0131z do\u011fma Qaraba\u011f\u0131na qovu\u015fdu &ndash; AZ\u018fRTAC-\u0131n x&uuml;susi layih\u0259si Bak\u0131, 12 dekabr, AZ\u018fRTAC Xalq\u0131m\u0131z\u0131n ulu &ouml;nd\u0259ri Heyd\u0259r \u018fliyevin v\u0259fat\u0131ndan 17 il &ouml;t&uuml;r. Bu ill\u0259r \u0259rzind\u0259 h\u0259yat\u0131m\u0131zda &ccedil;ox \u015fey d\u0259yi\u015fib, Az\u0259rbaycan inki\u015faf ed\u0259r\u0259k q&uuml;dr\u0259tli d&ouml;vl\u0259t\u0259, d&uuml;nyada s&ouml;z sahibin\u0259 &ccedil;evrilib. Vaxtil\u0259 x\u0259yal hesab edil\u0259n transmilli energetika v\u0259 n\u0259qliyyat layih\u0259l\u0259ri u\u011furla realla\u015fd\u0131r\u0131l\u0131b. Zaman\u0131n d\u0259yi\u015f\u0259 bilm\u0259diyi [&hellip;]<\/p>\n","protected":false},"author":1,"featured_media":0,"comment_status":"open","ping_status":"open","sticky":false,"template":"","format":"standard","meta":{"_eb_attr":"","ocean_post_layout":"","ocean_both_sidebars_style":"","ocean_both_sidebars_content_width":0,"ocean_both_sidebars_sidebars_width":0,"ocean_sidebar":"","ocean_second_sidebar":"","ocean_disable_margins":"enable","ocean_add_body_class":"","ocean_shortcode_before_top_bar":"","ocean_shortcode_after_top_bar":"","ocean_shortcode_before_header":"","ocean_shortcode_after_header":"","ocean_has_shortcode":"","ocean_shortcode_after_title":"","ocean_shortcode_before_footer_widgets":"","ocean_shortcode_after_footer_widgets":"","ocean_shortcode_before_footer_bottom":"","ocean_shortcode_after_footer_bottom":"","ocean_display_top_bar":"default","ocean_display_header":"default","ocean_header_style":"","ocean_center_header_left_menu":"","ocean_custom_header_template":"","ocean_custom_logo":0,"ocean_custom_retina_logo":0,"ocean_custom_logo_max_width":0,"ocean_custom_logo_tablet_max_width":0,"ocean_custom_logo_mobile_max_width":0,"ocean_custom_logo_max_height":0,"ocean_custom_logo_tablet_max_height":0,"ocean_custom_logo_mobile_max_height":0,"ocean_header_custom_menu":"","ocean_menu_typo_font_family":"","ocean_menu_typo_font_subset":"","ocean_menu_typo_font_size":0,"ocean_menu_typo_font_size_tablet":0,"ocean_menu_typo_font_size_mobile":0,"ocean_menu_typo_font_size_unit":"px","ocean_menu_typo_font_weight":"","ocean_menu_typo_font_weight_tablet":"","ocean_menu_typo_font_weight_mobile":"","ocean_menu_typo_transform":"","ocean_menu_typo_transform_tablet":"","ocean_menu_typo_transform_mobile":"","ocean_menu_typo_line_height":0,"ocean_menu_typo_line_height_tablet":0,"ocean_menu_typo_line_height_mobile":0,"ocean_menu_typo_line_height_unit":"","ocean_menu_typo_spacing":0,"ocean_menu_typo_spacing_tablet":0,"ocean_menu_typo_spacing_mobile":0,"ocean_menu_typo_spacing_unit":"","ocean_menu_link_color":"","ocean_menu_link_color_hover":"","ocean_menu_link_color_active":"","ocean_menu_link_background":"","ocean_menu_link_hover_background":"","ocean_menu_link_active_background":"","ocean_menu_social_links_bg":"","ocean_menu_social_hover_links_bg":"","ocean_menu_social_links_color":"","ocean_menu_social_hover_links_color":"","ocean_disable_title":"default","ocean_disable_heading":"default","ocean_post_title":"","ocean_post_subheading":"","ocean_post_title_style":"","ocean_post_title_background_color":"","ocean_post_title_background":0,"ocean_post_title_bg_image_position":"","ocean_post_title_bg_image_attachment":"","ocean_post_title_bg_image_repeat":"","ocean_post_title_bg_image_size":"","ocean_post_title_height":0,"ocean_post_title_bg_overlay":0.5,"ocean_post_title_bg_overlay_color":"","ocean_disable_breadcrumbs":"default","ocean_breadcrumbs_color":"","ocean_breadcrumbs_separator_color":"","ocean_breadcrumbs_links_color":"","ocean_breadcrumbs_links_hover_color":"","ocean_display_footer_widgets":"default","ocean_display_footer_bottom":"default","ocean_custom_footer_template":"","ocean_post_oembed":"","ocean_post_self_hosted_media":"","ocean_post_video_embed":"","ocean_link_format":"","ocean_link_format_target":"self","ocean_quote_format":"","ocean_quote_format_link":"post","ocean_gallery_link_images":"on","ocean_gallery_id":[],"footnotes":""},"categories":[63],"tags":[],"class_list":["post-15628","post","type-post","status-publish","format-standard","hentry","category-khaebaerlaer-az","entry"],"_links":{"self":[{"href":"https:\/\/mdu.edu.az\/en\/wp-json\/wp\/v2\/posts\/15628","targetHints":{"allow":["GET"]}}],"collection":[{"href":"https:\/\/mdu.edu.az\/en\/wp-json\/wp\/v2\/posts"}],"about":[{"href":"https:\/\/mdu.edu.az\/en\/wp-json\/wp\/v2\/types\/post"}],"author":[{"embeddable":true,"href":"https:\/\/mdu.edu.az\/en\/wp-json\/wp\/v2\/users\/1"}],"replies":[{"embeddable":true,"href":"https:\/\/mdu.edu.az\/en\/wp-json\/wp\/v2\/comments?post=15628"}],"version-history":[{"count":0,"href":"https:\/\/mdu.edu.az\/en\/wp-json\/wp\/v2\/posts\/15628\/revisions"}],"wp:attachment":[{"href":"https:\/\/mdu.edu.az\/en\/wp-json\/wp\/v2\/media?parent=15628"}],"wp:term":[{"taxonomy":"category","embeddable":true,"href":"https:\/\/mdu.edu.az\/en\/wp-json\/wp\/v2\/categories?post=15628"},{"taxonomy":"post_tag","embeddable":true,"href":"https:\/\/mdu.edu.az\/en\/wp-json\/wp\/v2\/tags?post=15628"}],"curies":[{"name":"wp","href":"https:\/\/api.w.org\/{rel}","templated":true}]}}