{"id":15682,"date":"2021-01-08T10:36:31","date_gmt":"2021-01-08T07:36:31","guid":{"rendered":"https:\/\/mdu.edu.az\/az-rbaydzan-m-llimi-zh-zetinin-8-yanvar-2021-dzi-il-tarikhli-burakh-l-nda-rektor-ahin-bayramovun-m-zhal-si-d-rdz-olunub\/"},"modified":"2023-09-11T10:07:29","modified_gmt":"2023-09-11T07:07:29","slug":"az-rbaydzan-m-llimi-zh-zetinin-8-yanvar-2021-dzi-il-tarikhli-burakh-l-nda-rektor-ahin-bayramovun-m-zhal-si-d-rdz-olunub","status":"publish","type":"post","link":"https:\/\/mdu.edu.az\/en\/az-rbaydzan-m-llimi-zh-zetinin-8-yanvar-2021-dzi-il-tarikhli-burakh-l-nda-rektor-ahin-bayramovun-m-zhal-si-d-rdz-olunub\/","title":{"rendered":"\u201cAz\u0259rbaycan m\u00fc\u0259llimi&#8221; q\u0259zetinin 8 yanvar 2021-ci il tarixli burax\u0131l\u0131\u015f\u0131nda rektor \u015eahin Bayramovun m\u0259qal\u0259si d\u0259rc olunub"},"content":{"rendered":"<p style=\"text-align: center;\"><span style=\"font-size: 24pt;\"><b><span style=\"color: navy;\">Ming\u0259&ccedil;evir D&ouml;vl\u0259t Universiteti: yeni &ccedil;a\u011f\u0131r\u0131\u015flar v\u0259 nailiyy\u0259tl\u0259r<\/span><\/b><\/span><\/p>\n<p style=\"text-align: center;\"><img decoding=\"async\" src=\"images\/photo\/MDU_bayraq.jpeg\" alt=\"\" \/><\/p>\n<p><a href=\"https:\/\/www.muallim.edu.az\/news.php?id=14122#prettyPhoto\" target=\"_blank\" rel=\"noopener\">Az\u0259rbaycan m&uuml;\u0259llimi (08.01.2021)<\/a><\/p>\n<p><a href=\"\/en\/images\/pdf\/Rektor-AzM.pdf\/\" target=\"_blank\" rel=\"noopener\">PDF versiya<\/a><\/p>\n<p>&nbsp;<\/p>\n<p style=\"text-align: justify; text-indent: 27pt;\"><span style=\"color: #000000;\">Ali t\u0259hsil sah\u0259sind\u0259 yeni reall\u0131qlar v\u0259 u\u011furlu d&ouml;vl\u0259t siyas\u0259ti<\/span><\/p>\n<p style=\"text-align: justify; text-indent: 27pt;\"><span style=\"color: #000000;\">M&uuml;asir d&ouml;vrd\u0259 d&ouml;rd&uuml;nc&uuml; s\u0259naye inqilab\u0131n\u0131n &ccedil;a\u011f\u0131r\u0131\u015flar\u0131na v\u0259 \u0259m\u0259k bazar\u0131n\u0131n dinamik d\u0259yi\u015f\u0259n t\u0259l\u0259bl\u0259rin\u0259 cavab ver\u0259n y&uuml;ks\u0259k ixtisasl\u0131, r\u0259qab\u0259tqabiliyy\u0259tli kadrlar\u0131n haz\u0131rlanmas\u0131, &ldquo;t\u0259hsil-t\u0259dqiqat-innovasiya&rdquo; format\u0131nda inki\u015faf\u0131n v\u0259 c\u0259miyy\u0259t h\u0259yat\u0131na s\u0259m\u0259r\u0259li inteqrasiyan\u0131n t\u0259min olunmas\u0131 ali t\u0259hsil m&uuml;\u0259ssis\u0259l\u0259rinin ba\u015fl\u0131ca strateji m\u0259qs\u0259dl\u0259rind\u0259n hesab edilir.<\/span><\/p>\n<p style=\"text-align: justify; text-indent: 27pt;\"><span style=\"color: #000000;\">Qlobal pandemiya \u015f\u0259raitind\u0259 d&uuml;nyada \u0259yani t\u0259dris prosesinin dayanmas\u0131, t\u0259l\u0259b\u0259 v\u0259 elmi-pedaqoji kadrlar\u0131n akademik mobilliliyinin minimuma enm\u0259si, elmi f\u0259aliyy\u0259tin v\u0259 \u0259m\u0259kda\u015fl\u0131\u011f\u0131n m\u0259zmununun \u0259h\u0259miyy\u0259tli d\u0259yi\u015fm\u0259si, t\u0259l\u0259b\u0259 q\u0259bulunda k\u0259miyy\u0259t v\u0259 struktur d\u0259yi\u015fiklikl\u0259rinin ba\u015f verm\u0259si v\u0259 meydana &ccedil;\u0131xan dig\u0259r &ccedil;a\u011f\u0131r\u0131\u015flar universitetl\u0259rin qar\u015f\u0131da dayanan m\u0259qs\u0259dl\u0259rin\u0259 nail olmas\u0131 istiqam\u0259tind\u0259ki f\u0259aliyy\u0259tl\u0259rind\u0259 ciddi m\u0259hdudiyy\u0259tl\u0259r v\u0259 f\u0259rqli x&uuml;susiyy\u0259tl\u0259r yaratm\u0131\u015fd\u0131r.<\/span><\/p>\n<p style=\"text-align: justify; text-indent: 27pt;\"><span style=\"color: #000000;\">&nbsp;COVID-19 infeksiyas\u0131n\u0131n yay\u0131lmas\u0131n\u0131n qar\u015f\u0131s\u0131n\u0131n al\u0131nmas\u0131 il\u0259 \u0259laq\u0259dar t\u0259dbirl\u0259rin davam etdirilm\u0259si d&uuml;nyan\u0131n bir &ccedil;ox &ouml;lk\u0259l\u0259rind\u0259 f\u0259aliyy\u0259t g&ouml;st\u0259r\u0259n ali t\u0259hsil m&uuml;\u0259ssis\u0259l\u0259rini q\u0131sa m&uuml;dd\u0259td\u0259 m&ouml;vcud reall\u0131qlara uy\u011funla\u015fma\u011f\u0131, r\u0259q\u0259msalla\u015fman\u0131n s&uuml;r\u0259tl\u0259ndirilm\u0259si, t\u0259hsilin distant t\u0259\u015fkili v\u0259 t\u0259dris prosesinin davaml\u0131l\u0131\u011f\u0131n\u0131n t\u0259min edilm\u0259si &uuml;&ccedil;&uuml;n b&uuml;t&uuml;n m&uuml;mk&uuml;n resurslar\u0131 s\u0259f\u0259rb\u0259r etm\u0259yi, effektiv, &ccedil;evik v\u0259 qeyri-\u0259n\u0259n\u0259vi q\u0259rarlar q\u0259bul etm\u0259yi t\u0259l\u0259b ed\u0259n olduqca m&uuml;r\u0259kk\u0259b situasiyalar il\u0259 qar\u015f\u0131la\u015fd\u0131rm\u0131\u015fd\u0131r.<\/span><\/p>\n<p style=\"text-align: justify; text-indent: 27pt;\"><span style=\"color: #000000;\">&nbsp;&Ouml;lk\u0259mizd\u0259 2020\/2021-ci t\u0259dris ilinin ba\u015fa &ccedil;atan pay\u0131z semestri pandemiya d&ouml;vr&uuml;n&uuml;n m&ouml;vcud &ccedil;\u0259tinlikl\u0259ri il\u0259 yana\u015f\u0131, m&uuml;z\u0259ff\u0259r Ali Ba\u015f Komandan\u0131m\u0131z\u0131n v\u0259 r\u0259\u015fad\u0259tli Az\u0259rbaycan Ordusunun say\u0259sind\u0259 m&ouml;ht\u0259\u015f\u0259m tarixi Z\u0259f\u0259rin \u0259ld\u0259 edilm\u0259sil\u0259 n\u0259tic\u0259l\u0259n\u0259n 44 g&uuml;nl&uuml;k V\u0259t\u0259n M&uuml;harib\u0259si il\u0259 yadda qalm\u0131\u015fd\u0131r.<\/span><\/p>\n<p style=\"text-align: justify; text-indent: 27pt;\"><span style=\"color: #000000;\">&nbsp;Az\u0259rbaycan Respublikas\u0131n\u0131n Prezidenti c\u0259nab \u0130lham \u018fliyevin yeni d\u0259rs ilinin ba\u015flanmas\u0131 v\u0259 Bilik G&uuml;n&uuml; m&uuml;nasib\u0259til\u0259 15 sentyabr 2020-ci il tarixli m&uuml;raci\u0259tind\u0259 qar\u015f\u0131ya qoydu\u011fu v\u0259zif\u0259l\u0259rd\u0259n ir\u0259li g\u0259l\u0259r\u0259k, cari t\u0259dris ilinin pay\u0131z semestri \u0259rzind\u0259 ali t\u0259hsilin t\u0259\u015fkili zaman\u0131 g\u0259ncl\u0259rin sa\u011flaml\u0131\u011f\u0131 v\u0259 inki\u015faf\u0131, onlar\u0131n m&uuml;asir bilik v\u0259 bacar\u0131qlar \u0259ld\u0259 etm\u0259si il\u0259 yana\u015f\u0131, milli-m\u0259n\u0259vi d\u0259y\u0259rl\u0259rimiz \u0259sas\u0131nda v\u0259 v\u0259t\u0259np\u0259rv\u0259rlik ruhunda t\u0259rbiy\u0259 olunmas\u0131n\u0131n prioritetliyi t\u0259min edilmi\u015fdir.<\/span><\/p>\n<p style=\"text-align: justify; text-indent: 27pt;\"><span style=\"color: #000000;\">H&ouml;kum\u0259t t\u0259r\u0259find\u0259n m&uuml;vafiq normativ-h&uuml;quqi aktlara edil\u0259n m&uuml;v\u0259qq\u0259ti d\u0259yi\u015fiklikl\u0259r, q\u0259bul edilmi\u015f yeni qaydalar v\u0259 t\u0259limatlar, T\u0259hsil Nazirliyinin birba\u015fa d\u0259st\u0259yi il\u0259 ali t\u0259hsil m&uuml;\u0259ssis\u0259l\u0259ri t\u0259r\u0259find\u0259n h\u0259yata ke&ccedil;iril\u0259n t\u0259dbirl\u0259r, universitetl\u0259rd\u0259 &ouml;t\u0259n t\u0259dris ilind\u0259n qazan\u0131lm\u0131\u015f t\u0259cr&uuml;b\u0259l\u0259r v\u0259 yarad\u0131lm\u0131\u015f yeni imkanlar hesabat d&ouml;vr&uuml;nd\u0259 ali t\u0259hsild\u0259 davaml\u0131l\u0131\u011f\u0131n, \u0259l&ccedil;atanl\u0131\u011f\u0131n t\u0259min olunmas\u0131na v\u0259 cari pay\u0131z semestrinin u\u011furla ba\u015fa &ccedil;atd\u0131r\u0131lmas\u0131na imkan vermi\u015fdir. Eyni zamanda, r\u0259q\u0259msalla\u015fma v\u0259 m\u0259saf\u0259d\u0259n t\u0259hsilin &uuml;st&uuml;nl&uuml;kl\u0259ri t\u0259dris prosesinin t\u0259\u015fkili qaydalar\u0131n\u0131n optimalla\u015fd\u0131r\u0131lmas\u0131 v\u0259 universitet d\u0259y\u0259rl\u0259rin\u0259 yenid\u0259n bax\u0131lmas\u0131 &uuml;&ccedil;&uuml;n g&uuml;cl&uuml; stimul yaratm\u0131\u015f, b&uuml;t&uuml;n istiqam\u0259tl\u0259r &uuml;zr\u0259 f\u0259aliyy\u0259tl\u0259rin yeni m\u0259zmunda inki\u015faf\u0131na t\u0259kan vermi\u015fdir.<\/span><\/p>\n<p style=\"text-align: justify; text-indent: 27pt;\"><span style=\"color: #000000;\">G\u0259l\u0259c\u0259y\u0259 bax\u0131\u015f konsepti v\u0259 modernl\u0259\u015f\u0259n universitet<\/span><\/p>\n<p style=\"text-align: justify; text-indent: 27pt;\"><span style=\"color: #000000;\">&Ouml;lk\u0259mizin paytaxt s\u0259viyy\u0259li n&uuml;fuzlu ali t\u0259hsil m&uuml;\u0259ssis\u0259l\u0259rind\u0259n birin\u0259 &ccedil;evrilm\u0259sini strateji bax\u0131\u015f olaraq m&uuml;\u0259yy\u0259nl\u0259\u015fdir\u0259n MDU &ouml;z f\u0259aliyy\u0259tini milli ali t\u0259hsilimizd\u0259 m&uuml;\u015fahid\u0259 olunan inki\u015faf trendl\u0259rini, beyn\u0259lxalq ali t\u0259hsil m\u0259kan\u0131nda ba\u015f ver\u0259n d\u0259yi\u015fiklikl\u0259r\u0259 \u0259saslanan yeni &ccedil;a\u011f\u0131r\u0131\u015flar\u0131, el\u0259c\u0259 d\u0259 universitetin m&ouml;vcud potensial\u0131n\u0131 \u0259h\u0259miyy\u0259tli d\u0259r\u0259c\u0259d\u0259 n\u0259z\u0259r\u0259 almaqla h\u0259yata ke&ccedil;irir.<\/span><\/p>\n<p style=\"text-align: justify; text-indent: 27pt;\"><span style=\"color: #000000;\">Hesabat d&ouml;vr&uuml; \u0259rzind\u0259 universitetd\u0259 t\u0259dris, elmi t\u0259dqiqat, idar\u0259etm\u0259, beyn\u0259lxalq \u0259m\u0259kda\u015fl\u0131q v\u0259 dig\u0259r istiqam\u0259tl\u0259r &uuml;zr\u0259 g&ouml;r&uuml;lm&uuml;\u015f i\u015fl\u0259r MDU-nun milli ali t\u0259hsilimizin &uuml;mumi x\u0259rit\u0259sind\u0259 m&ouml;vqeyinin g&uuml;cl\u0259ndirilm\u0259sini v\u0259 onun regional ekosistemin m&uuml;h&uuml;m aktorlar\u0131ndan birin\u0259 &ccedil;evrilm\u0259sini h\u0259d\u0259fl\u0259mi\u015fdir.<\/span><\/p>\n<p style=\"text-align: justify; text-indent: 27pt;\"><span style=\"color: #000000;\">M&ouml;vcud \u015f\u0259rtl\u0259r \u0259sas\u0131nda t\u0259drisin keyfiyy\u0259tinin y&uuml;ks\u0259ldilm\u0259si, elmi f\u0259aliyy\u0259tin s\u0259m\u0259r\u0259liliyinin art\u0131r\u0131lmas\u0131, maddi-texniki bazan\u0131n g&uuml;cl\u0259ndirilm\u0259si, professor-m&uuml;\u0259llim v\u0259 inzibati-texniki hey\u0259t &uuml;zvl\u0259rinin h\u0259v\u0259sl\u0259ndirilm\u0259si v\u0259 sosial rifah\u0131n\u0131n yax\u015f\u0131la\u015fd\u0131r\u0131lmas\u0131, yerli v\u0259 xarici universitetl\u0259rl\u0259 qar\u015f\u0131l\u0131ql\u0131 faydal\u0131 \u0259m\u0259kda\u015fl\u0131\u011f\u0131n geni\u015fl\u0259ndirilm\u0259si, &ouml;z\u0259l v\u0259 d&ouml;vl\u0259t qurumlar\u0131 il\u0259 s\u0259m\u0259r\u0259li i\u015fbirliyinin yarad\u0131lmas\u0131 modernl\u0259\u015fm\u0259kd\u0259 olan MDU-nun prioritet f\u0259aliyy\u0259t istiqam\u0259tl\u0259ri kimi m&uuml;\u0259yy\u0259n edilmi\u015fdir.<\/span><\/p>\n<p style=\"text-align: justify; text-indent: 27pt;\"><span style=\"color: #000000;\">\u018fm\u0259k bazar\u0131n\u0131n t\u0259l\u0259bl\u0259rin\u0259 uy\u011fun y&uuml;ks\u0259k ixtisasl\u0131 v\u0259 r\u0259qab\u0259tqabiliyy\u0259tli kadrlar\u0131n haz\u0131rlanmas\u0131, t\u0259hsilalanlara m&uuml;asir bilik v\u0259 bacar\u0131qlar\u0131n &ouml;t&uuml;r&uuml;lm\u0259si, onlar\u0131n karyera inki\u015faf\u0131na v\u0259 m\u0259\u015f\u011fulluq probleml\u0259rinin h\u0259llin\u0259 d\u0259st\u0259k g&ouml;st\u0259rilm\u0259si, universitetin innovasiya potensial\u0131n\u0131n v\u0259 c\u0259miyy\u0259t h\u0259yat\u0131nda faydal\u0131 rolunun geni\u015fl\u0259ndirilm\u0259si istiqam\u0259tind\u0259 birg\u0259 layih\u0259l\u0259rin realla\u015fd\u0131r\u0131lmas\u0131na b&ouml;y&uuml;k &uuml;st&uuml;nl&uuml;y&uuml;n verilm\u0259si, b&uuml;t&ouml;vl&uuml;kd\u0259, MDU-nun c\u0259lbediciliyinin v\u0259 regionun sosial-iqtisadi inki\u015faf\u0131na t&ouml;hf\u0259sinin artmas\u0131na xidm\u0259t etmi\u015fdir.<\/span><\/p>\n<p style=\"text-align: justify; text-indent: 27pt;\"><span style=\"color: #000000;\">&nbsp;Haz\u0131rda universitetd\u0259 iqtisadiyyat, m&uuml;h\u0259ndislik v\u0259 pedaqoji profill\u0259ri \u0259hat\u0259 ed\u0259n 23 ixtisas (bakalavriat) v\u0259 12 ixtisasla\u015fma (magistratura) &uuml;zr\u0259 kadr haz\u0131rl\u0131\u011f\u0131 h\u0259yata ke&ccedil;irilir. 3 fak&uuml;lt\u0259nin, 10 kafedran\u0131n m&ouml;vcud oldu\u011fu universitetd\u0259 &uuml;mumilikd\u0259 2600-d\u0259n art\u0131q t\u0259l\u0259b\u0259 v\u0259 magistrant t\u0259hsil al\u0131r.<\/span><\/p>\n<p style=\"text-align: justify; text-indent: 27pt;\"><span style=\"color: #000000;\">B&uuml;t&ouml;vl&uuml;kd\u0259 300-d\u0259n art\u0131q \u0259m\u0259kda\u015f\u0131 olan universitetd\u0259 195 professor-m&uuml;\u0259llim hey\u0259ti &uuml;zv&uuml; &ccedil;al\u0131\u015f\u0131r ki, onlardan 57 n\u0259f\u0259rin m&uuml;vafiq istiqam\u0259tl\u0259r &uuml;zr\u0259 elmi d\u0259r\u0259c\u0259si, 41 n\u0259f\u0259rin is\u0259 elmi ad\u0131 vard\u0131r.<\/span><\/p>\n<p style=\"text-align: justify; text-indent: 27pt;\"><span style=\"color: #000000;\">Hesabat d&ouml;vr&uuml;nd\u0259 MDU-da t\u0259l\u0259b\u0259 q\u0259bulu plan\u0131 bakalavriat s\u0259viyy\u0259si &uuml;zr\u0259 92%, magistratura s\u0259viyy\u0259si &uuml;zr\u0259 is\u0259 88% yerin\u0259 yetirilmi\u015fdir. Cari t\u0259dris ilind\u0259 universitet\u0259 y&uuml;ks\u0259k balla q\u0259bul olan v\u0259 &ldquo;G\u0259l\u0259c\u0259yin m&uuml;\u0259llimi&rdquo; t\u0259qa&uuml;d&uuml;n\u0259 layiq g&ouml;r&uuml;l\u0259n t\u0259l\u0259b\u0259l\u0259rin say\u0131nda art\u0131m\u0131n m&uuml;\u015fahid\u0259 edilm\u0259sini son d&ouml;vrd\u0259 MDU-nun imicinin y&uuml;ks\u0259ldilm\u0259si istiqam\u0259tind\u0259 g&ouml;r&uuml;l\u0259n i\u015fl\u0259rin m&uuml;sb\u0259t n\u0259tic\u0259si kimi qiym\u0259tl\u0259ndirm\u0259k olar.<\/span><\/p>\n<p style=\"text-align: justify; text-indent: 27pt;\"><span style=\"color: #000000;\">F\u0259rqli \u015f\u0259rtl\u0259r &ccedil;\u0259r&ccedil;iv\u0259sind\u0259 t\u0259drisin s\u0259m\u0259r\u0259li t\u0259\u015fkili v\u0259 davaml\u0131l\u0131\u011f\u0131<\/span><\/p>\n<p style=\"text-align: justify; text-indent: 27pt;\"><span style=\"color: #000000;\">Pandemiya \u015f\u0259raitind\u0259 universitetin \u0259sas v\u0259zif\u0259si t\u0259drisin keyfiyy\u0259tli \u015f\u0259kild\u0259 davaml\u0131l\u0131\u011f\u0131n\u0131n t\u0259min edilm\u0259si, m\u0259saf\u0259d\u0259n t\u0259hsil prosesind\u0259 t\u0259l\u0259b\u0259l\u0259rin y&uuml;ks\u0259k davamiyy\u0259tin\u0259, f\u0259all\u0131\u011f\u0131na v\u0259 m\u0259nims\u0259m\u0259 s\u0259viyy\u0259sin\u0259, biliyin qiym\u0259tl\u0259ndirilm\u0259si prosesinin optimal h\u0259llin\u0259 nail olunmas\u0131ndan ibar\u0259t olmu\u015fdur. B&uuml;t&uuml;n m&uuml;mk&uuml;n online kommunikasiya al\u0259tl\u0259rind\u0259n istifad\u0259, m&uuml;asir informasiya-kommunikasiya texnologiyalar\u0131n\u0131n t\u0259tbiqi, infrastruktur imkanlar\u0131n v\u0259 kadr potensial\u0131n\u0131n s\u0259f\u0259rb\u0259r olunmas\u0131 say\u0259sind\u0259 MDU bu v\u0259zif\u0259l\u0259rin &ouml;hd\u0259sind\u0259n u\u011furla g\u0259l\u0259 bilmi\u015fdir.<\/span><\/p>\n<p style=\"text-align: justify; text-indent: 27pt;\"><span style=\"color: #000000;\">&ldquo;X&uuml;susi karantin rejimi d&ouml;vr&uuml;nd\u0259 Az\u0259rbaycan Respublikas\u0131n\u0131n \u0259razisind\u0259 f\u0259aliyy\u0259t g&ouml;st\u0259r\u0259n t\u0259hsil m&uuml;\u0259ssis\u0259l\u0259rinin f\u0259aliyy\u0259tinin t\u0259\u015fkilin\u0259 dair \u0259lav\u0259 t\u0259dbirl\u0259r bar\u0259d\u0259&rdquo; Nazirl\u0259r Kabinetinin 29 oktyabr 2020-ci il tarixli Q\u0259rar\u0131na \u0259sas\u0259n hesabat d&ouml;vr&uuml;nd\u0259 MDU-da t\u0259dris prosesi m\u0259saf\u0259d\u0259n t\u0259\u015fkil olunmu\u015fdur. T\u0259hsil Nazirliyinin m&uuml;vafiq d\u0259st\u0259yi il\u0259 universitetd\u0259 bakalavriat v\u0259 magistratura s\u0259viyy\u0259l\u0259ri &uuml;zr\u0259 t\u0259dris davaml\u0131 sur\u0259td\u0259 &ldquo;Microsoft Teams&rdquo; platformas\u0131 &uuml;z\u0259rind\u0259n h\u0259yata ke&ccedil;irilmi\u015fdir.<\/span><\/p>\n<p style=\"text-align: justify; text-indent: 27pt;\"><span style=\"color: #000000;\">M&ouml;vcud qanunvericiliyin t\u0259l\u0259bl\u0259ri v\u0259 apar\u0131c\u0131 ali t\u0259hsil m&uuml;\u0259ssis\u0259l\u0259rinin m&uuml;sb\u0259t t\u0259cr&uuml;b\u0259si \u0259sas\u0131nda universitetd\u0259 yeni t\u0259dris ilin\u0259 haz\u0131rl\u0131qla ba\u011fl\u0131 m&uuml;vafiq \u0259mrin verilm\u0259si v\u0259 buna \u0259sas\u0259n t\u0259dris prosesinin t\u0259\u015fkilin\u0259 dair qar\u015f\u0131ya konkret v\u0259zif\u0259l\u0259rin qoyulmas\u0131, struktur b&ouml;lm\u0259l\u0259r aras\u0131nda funksional i\u015f b&ouml;lg&uuml;s&uuml;n&uuml;n d\u0259qiq apar\u0131lmas\u0131 t\u0259drisin t\u0259\u015fkilind\u0259 s\u0259m\u0259r\u0259liliyin art\u0131r\u0131lmas\u0131na s\u0259b\u0259b olmu\u015fdur.<\/span><\/p>\n<p style=\"text-align: justify; text-indent: 27pt;\"><span style=\"color: #000000;\">&Ouml;t\u0259n t\u0259dris ilinin yaz semestrind\u0259 distant t\u0259hsil sah\u0259sind\u0259 qazan\u0131lm\u0131\u015f t\u0259cr&uuml;b\u0259nin t\u0259kmill\u0259\u015fdirilm\u0259si m\u0259qs\u0259dil\u0259, &ldquo;Microsoft Teams&rdquo; platformas\u0131n\u0131n davaml\u0131 yenil\u0259n\u0259n al\u0259tl\u0259ri v\u0259 funksional imkanlar\u0131 bar\u0259d\u0259 MDU-nun professor-m&uuml;\u0259llim v\u0259 inzibati-texniki hey\u0259t &uuml;zvl\u0259ri, t\u0259l\u0259b\u0259l\u0259ri v\u0259 magistrantlar\u0131 &uuml;&ccedil;&uuml;n &ccedil;oxsayl\u0131 t\u0259liml\u0259r t\u0259\u015fkil edilmi\u015fdir.<\/span><\/p>\n<p style=\"text-align: justify; text-indent: 27pt;\"><span style=\"color: #000000;\">Hesabat d&ouml;vr&uuml;nd\u0259 universitetd\u0259 t\u0259drisin m\u0259saf\u0259d\u0259n t\u0259\u015fkili il\u0259 ba\u011fl\u0131 at\u0131lan m\u0259qs\u0259dy&ouml;nl&uuml;, ard\u0131c\u0131l v\u0259 &ccedil;evik add\u0131mlar\u0131n say\u0259sind\u0259 t\u0259hsilver\u0259nl\u0259rin v\u0259 t\u0259hsilalanlar\u0131n online d\u0259rsl\u0259rd\u0259 y&uuml;ks\u0259k i\u015ftirak&ccedil;\u0131l\u0131q s\u0259viyy\u0259si m&uuml;\u015fahid\u0259 edilmi\u015f, m&uuml;\u0259lliml\u0259rin 95-100%-i, t\u0259l\u0259b\u0259l\u0259rin is\u0259 85-90%-i m\u0259saf\u0259d\u0259n t\u0259hsil\u0259 c\u0259lb olunmu\u015fdur.<\/span><\/p>\n<p style=\"text-align: justify; text-indent: 27pt;\"><span style=\"color: #000000;\">Semestr \u0259rzind\u0259 m&uuml;vafiq f\u0259nl\u0259r &uuml;zr\u0259 m&uuml;hazir\u0259 m\u0259tnl\u0259ri, t\u0259qdimatlar, el\u0259c\u0259 d\u0259 d\u0259rslik v\u0259 d\u0259rs v\u0259saitl\u0259rinin elektron formatda b&uuml;t&uuml;n t\u0259l\u0259b\u0259l\u0259r\u0259 &ccedil;atd\u0131r\u0131lmas\u0131 t\u0259min edilmi\u015f, MDU-nun professor-m&uuml;\u0259llim hey\u0259ti t\u0259r\u0259find\u0259n haz\u0131rlanan videod\u0259rsl\u0259rin bazas\u0131 geni\u015fl\u0259ndirilmi\u015fdir. Bu vaxta q\u0259d\u0259r &uuml;mumilkd\u0259 1500-d\u0259n art\u0131q videod\u0259rs &ccedil;\u0259kil\u0259r\u0259k t\u0259l\u0259b\u0259l\u0259rin ixtiyar\u0131na verilmi\u015fdir ki, b&uuml;t&uuml;n bunlar t\u0259l\u0259b\u0259 v\u0259 magistrantlar\u0131n m&uuml;vafiq f\u0259nl\u0259r &uuml;zr\u0259 z\u0259ruri bilik v\u0259 bacar\u0131qlar \u0259ld\u0259 etm\u0259si il\u0259 yana\u015f\u0131, imtahanlardan u\u011furla ke&ccedil;m\u0259si &uuml;&ccedil;&uuml;n ciddi \u0259saslar yaratm\u0131\u015fd\u0131r.<\/span><\/p>\n<p style=\"text-align: justify; text-indent: 27pt;\"><span style=\"color: #000000;\">MDU-da 2020\/2021-ci t\u0259dris ilinin pay\u0131z semestrinin imtahan sessiyas\u0131n\u0131 m&ouml;vcud qaydalara uy\u011fun t\u0259\u015fkil etm\u0259k, t\u0259l\u0259b\u0259l\u0259rin biliyinin qiym\u0259tl\u0259ndirilm\u0259sind\u0259 \u015f\u0259ffafl\u0131\u011f\u0131 v\u0259 obyektivliyi t\u0259min etm\u0259k, yarana bil\u0259c\u0259k neqativ hallar\u0131 operativ sur\u0259td\u0259 aradan qald\u0131rmaq m\u0259qs\u0259dil\u0259 m&uuml;vafiq \u0259mr verilmi\u015fdir.<\/span><\/p>\n<p style=\"text-align: justify; text-indent: 27pt;\"><span style=\"color: #000000;\">Qaydalara \u0259sas\u0259n universitetd\u0259 imtahan sessiyas\u0131n\u0131n 11 yanvar &#8211; 6 fevral 2021-ci il tarixl\u0259rind\u0259 &ldquo;Microsoft Teams&rdquo; platformas\u0131 &uuml;z\u0259rind\u0259n online formada \u015fifahi qaydada ke&ccedil;irilm\u0259si q\u0259rara al\u0131nm\u0131\u015fd\u0131r. T\u0259l\u0259b\u0259l\u0259rin aral\u0131q qiym\u0259tl\u0259ndirilm\u0259si h\u0259r biri 10 bal olmaqla 5 suala veril\u0259n cavab \u0259sas\u0131nda \u015fifahi imtahan yolu il\u0259 h\u0259yata ke&ccedil;iril\u0259c\u0259kdir.<\/span><\/p>\n<p style=\"text-align: justify; text-indent: 27pt;\"><span style=\"color: #000000;\">Sevindirici hald\u0131r ki, t\u0259l\u0259b\u0259, magistrant, valideyn v\u0259 ictimaiyy\u0259t n&uuml;may\u0259nd\u0259l\u0259rind\u0259n MDU-da m\u0259saf\u0259d\u0259n ke&ccedil;iril\u0259n d\u0259rsl\u0259r, kollokviumlar v\u0259 imtahan sessiyas\u0131na haz\u0131rl\u0131q i\u015fl\u0259rind\u0259n m\u0259mnunluq ifad\u0259 edil\u0259n &ccedil;oxsayl\u0131 m&uuml;raci\u0259tl\u0259rin daxil olmas\u0131 cari imtahan sessiyas\u0131n\u0131n u\u011furla ba\u015fa vurulaca\u011f\u0131n\u0131 qeyd etm\u0259y\u0259 b&ouml;y&uuml;k \u0259minlik yarad\u0131r.<\/span><\/p>\n<p style=\"text-align: justify; text-indent: 27pt;\"><span style=\"color: #000000;\">Elmi f\u0259aliyy\u0259td\u0259 forma v\u0259 m\u0259zmun d\u0259yi\u015fiklikl\u0259ri<\/span><\/p>\n<p style=\"text-align: justify; text-indent: 27pt;\"><span style=\"color: #000000;\">Pay\u0131z semestri \u0259rzind\u0259 pandemiya \u015f\u0259raitind\u0259 t\u0259dris prosesi il\u0259 yana\u015f\u0131, elmi istiqam\u0259td\u0259 d\u0259 universitet f\u0259aliyy\u0259tinin davaml\u0131l\u0131\u011f\u0131, s\u0259m\u0259r\u0259liliyi v\u0259 n\u0259tic\u0259y&ouml;n&uuml;ml&uuml;l&uuml;y&uuml;n&uuml;n t\u0259min edilm\u0259si diqq\u0259t m\u0259rk\u0259zind\u0259 saxlan\u0131lm\u0131\u015fd\u0131r.<\/span><\/p>\n<p style=\"text-align: justify; text-indent: 27pt;\"><span style=\"color: #000000;\">Hesabat d&ouml;vr&uuml;nd\u0259 \u0259n\u0259n\u0259vi formada 10 kafedra t\u0259r\u0259find\u0259n realla\u015fd\u0131r\u0131lan elmi f\u0259aliyy\u0259t &ccedil;\u0259r&ccedil;iv\u0259sind\u0259 2021-2025-ci ill\u0259r &uuml;&ccedil;&uuml;n MDU-da d&ouml;rd elm sah\u0259si &uuml;zr\u0259 (t\u0259bi\u0259t elml\u0259ri, texniki elml\u0259r, ictimai elml\u0259r, humanitar elml\u0259r) &uuml;mumilikd\u0259 16 problem\u0259 dair 43 m&ouml;vzunu \u0259hat\u0259 ed\u0259n perspektiv be\u015fillik elmi-t\u0259dqiqat i\u015fl\u0259rinin plan\u0131 haz\u0131rlanm\u0131\u015f v\u0259 t\u0259sdiq edilmi\u015fdir.<\/span><\/p>\n<p style=\"text-align: justify; text-indent: 27pt;\"><span style=\"color: #000000;\">G\u0259nc \u0259m\u0259kda\u015flar\u0131n v\u0259 magistraturan\u0131 bitir\u0259n m\u0259zunlar\u0131n elmi f\u0259aliyy\u0259tl\u0259 m\u0259\u015f\u011ful olmas\u0131 &uuml;&ccedil;&uuml;n imkanlar art\u0131r\u0131lm\u0131\u015f v\u0259 stimulla\u015fd\u0131r\u0131c\u0131 t\u0259dbirl\u0259r h\u0259yata ke&ccedil;irilmi\u015fdir. MDU \u0259m\u0259lkda\u015flar\u0131n\u0131n dig\u0259r universitetl\u0259rin doktoranturalar\u0131nda t\u0259hsil almas\u0131na x&uuml;susi diqq\u0259t yetirilmi\u015fdir. Haz\u0131rda universitetin 30 \u0259m\u0259kda\u015f\u0131 f\u0259ls\u0259f\u0259 doktoru proqram\u0131, 5 \u0259m\u0259kda\u015f\u0131 is\u0259 elml\u0259r doktoru proqram\u0131 &uuml;zr\u0259 &ouml;lk\u0259mizin m&uuml;xt\u0259lif ali t\u0259hsil m&uuml;\u0259ssis\u0259l\u0259rind\u0259 v\u0259 AMEA-n\u0131n sah\u0259 institutlar\u0131nda dissertant v\u0259 doktorantd\u0131r. F\u0259ls\u0259f\u0259 doktoru proqram\u0131 &uuml;zr\u0259 15 n\u0259f\u0259r \u0259sas\u0259n m&uuml;dafi\u0259y\u0259 haz\u0131rd\u0131r v\u0259 m&uuml;vafiq m&uuml;dafi\u0259 \u015furalar\u0131n\u0131n f\u0259aliyy\u0259t\u0259 ba\u015flamas\u0131n\u0131 g&ouml;zl\u0259yir.<\/span><\/p>\n<p style=\"text-align: justify; text-indent: 27pt;\"><span style=\"color: #000000;\">Eyni zamanda, universitet tarixind\u0259 ilk d\u0259f\u0259 olaraq, pay\u0131z semestrind\u0259 MDU-nun bir \u0259m\u0259kda\u015f\u0131 Az\u0259rbaycan Respublikas\u0131n\u0131n T\u0259hsil Nazirliyi v\u0259 Az\u0259rbaycan Respublikas\u0131n\u0131n T&uuml;rkiy\u0259 Respublikas\u0131ndak\u0131 S\u0259firliyinin m&uuml;vafiq d\u0259st\u0259yi say\u0259sind\u0259 &ldquo;T&uuml;rkiy\u0259 burslar\u0131&rdquo; t\u0259qa&uuml;d proqram\u0131 &ccedil;\u0259r&ccedil;iv\u0259sind\u0259 ke&ccedil;iril\u0259n m&uuml;sabiq\u0259d\u0259 u\u011furla i\u015ftirak ed\u0259r\u0259k T&uuml;rkiy\u0259nin Qazi Universitetinin T\u0259hsil Elml\u0259ri \u0130nstitutunda &ldquo;T\u0259hsilin idar\u0259 edilm\u0259si&rdquo; ixtisas\u0131 &uuml;zr\u0259 doktorantura ali t\u0259hsil s\u0259viyy\u0259sin\u0259 q\u0259bul olmu\u015fdur.<\/span><\/p>\n<p style=\"text-align: justify; text-indent: 27pt;\"><span style=\"color: #000000;\">Bundan \u0259lav\u0259, universitetin elmi d\u0259r\u0259c\u0259li kadrlara olan y&uuml;ks\u0259k t\u0259labat\u0131n\u0131 n\u0259z\u0259r\u0259 alaraq Elmi \u015eura t\u0259r\u0259find\u0259n MDU-da ali t\u0259hsilin doktorantura s\u0259viyy\u0259si &uuml;zr\u0259 kadr haz\u0131rl\u0131\u011f\u0131n\u0131n t\u0259\u015fkili il\u0259 ba\u011fl\u0131 Az\u0259rbaycan Respublikas\u0131 T\u0259hsil Nazirliyi qar\u015f\u0131s\u0131nda m&uuml;vafiq v\u0259sat\u0259tin qald\u0131r\u0131lmas\u0131 q\u0259rara al\u0131nm\u0131\u015fd\u0131r.<\/span><\/p>\n<p style=\"text-align: justify; text-indent: 27pt;\"><span style=\"color: #000000;\">Hesabat d&ouml;vr&uuml;nd\u0259, ilk d\u0259f\u0259 olaraq, MDU-nun elmi jurnal\u0131n\u0131n t\u0259sis edilm\u0259si, redaksiya hey\u0259tinin t\u0259sdiqi v\u0259 qeydiyyatla ba\u011fl\u0131 m&uuml;vafiq d&ouml;vl\u0259t qurumu qar\u015f\u0131s\u0131nda v\u0259sat\u0259t qald\u0131r\u0131lmas\u0131 bar\u0259d\u0259 m&uuml;vafiq q\u0259rar\u0131n q\u0259bul olunmas\u0131 n&ouml;vb\u0259ti ill\u0259r \u0259rzind\u0259 universitet aliml\u0259ri v\u0259 g\u0259nc t\u0259dqiqat&ccedil;\u0131lar\u0131n\u0131n elmi f\u0259all\u0131\u011f\u0131n\u0131n y&uuml;ks\u0259ldilm\u0259si, onlar\u0131n elmi t\u0259dqiqatlar\u0131n\u0131n &uuml;z\u0259 &ccedil;\u0131xar\u0131lmas\u0131 imkanlar\u0131n\u0131n geni\u015fl\u0259ndirilm\u0259si m\u0259qs\u0259dini da\u015f\u0131y\u0131r.<\/span><\/p>\n<p style=\"text-align: justify; text-indent: 27pt;\"><span style=\"color: #000000;\">Pandemiya \u015f\u0259raitind\u0259 universitetin professor-m&uuml;\u0259llim hey\u0259tin\u0259 h\u0259yata ke&ccedil;irdikl\u0259ri t\u0259dqiqatlar\u0131n n\u0259tic\u0259l\u0259rini t\u0259qdim etm\u0259k, m&uuml;vafiq m&ouml;vzular \u0259traf\u0131nda elmi diskussiyalar aparmaq v\u0259 g\u0259l\u0259c\u0259k elmi f\u0259aliyy\u0259tl\u0259rin konturlar\u0131n\u0131 m&uuml;\u0259yy\u0259n etm\u0259k imkanlar\u0131 yaratmaq, t\u0259l\u0259b\u0259 v\u0259 magistrantlar\u0131n elmi potensial\u0131n\u0131 &uuml;z\u0259 &ccedil;\u0131xarmaq v\u0259 onlar\u0131 elm-t\u0259dqiqat f\u0259aliyy\u0259tin\u0259 daha aktiv c\u0259lb etm\u0259k m\u0259qs\u0259dil\u0259 MDU-da virtual formatda c\u0259miyy\u0259t h\u0259yat\u0131n\u0131n aktual probleml\u0259rin\u0259 h\u0259sr olunmu\u015f elmi konfranslar, n\u0259z\u0259ri-praktiki seminarlar, d\u0259yirmi masalar t\u0259\u015fkil edilmi\u015fdir. Bununla yana\u015f\u0131, MDU-nun bir s\u0131ra akademik hey\u0259t &uuml;zvl\u0259ri respublika v\u0259 beyn\u0259lxalq s\u0259viyy\u0259d\u0259 ke&ccedil;irilmi\u015f m&uuml;xt\u0259lif formatl\u0131 elmi t\u0259dbirl\u0259rd\u0259 f\u0259al i\u015ftirak etmi\u015f, onlar\u0131n n&uuml;fuzlu elmi n\u0259\u015frl\u0259rd\u0259 m\u0259qal\u0259l\u0259ri d\u0259rc olunmu\u015fdur.<\/span><\/p>\n<p style=\"text-align: justify; text-indent: 27pt;\"><span style=\"color: #000000;\">MDU-da &uuml;mummilli lider Heyd\u0259r \u018fliyev\u0259 h\u0259sr olunan elmi t\u0259dbirl\u0259rin ke&ccedil;irilm\u0259sin\u0259 x&uuml;susi diqq\u0259t yetirilir. Dahi \u015f\u0259xsiyy\u0259tin irsinin ara\u015fd\u0131r\u0131lmas\u0131 v\u0259 t\u0259l\u0259b\u0259 g\u0259ncl\u0259r\u0259 &ouml;t&uuml;r&uuml;lm\u0259si universitetd\u0259 v\u0259t\u0259nin\u0259, d&ouml;vl\u0259tin\u0259 v\u0259 xalq\u0131na ba\u011fl\u0131, layiqli, v\u0259t\u0259np\u0259rv\u0259r m&uuml;t\u0259x\u0259ssisl\u0259rin yeti\u015fdirilm\u0259si i\u015fin\u0259 b&ouml;y&uuml;k t&ouml;hf\u0259 verir. Bu m\u0259qs\u0259dl\u0259, 12 dekabr 2020-ci il tarixind\u0259 MDU-da &ldquo;Az\u0259rbaycan xalq\u0131n\u0131n &uuml;mummilli lideri Heyd\u0259r \u018fliyevin an\u0131m g&uuml;n&uuml;n\u0259 h\u0259sr olunmu\u015f &ldquo;Heyd\u0259r \u018fliyev m&uuml;asir Az\u0259rbaycan d&ouml;vl\u0259tinin banisi, m&uuml;st\u0259qilliyimizin r\u0259mzidir&rdquo; m&ouml;vzusunda &ldquo;Microsoft Teams&rdquo; platformas\u0131 &uuml;z\u0259rind\u0259n online formatda elmi konfrans ke&ccedil;irilmi\u015fdir.<\/span><\/p>\n<p style=\"text-align: justify; text-indent: 27pt;\"><span style=\"color: #000000;\">11-12 dekabr 2020-ci il tarixl\u0259rind\u0259 MDU-da online formatda t\u0259\u015fkil olunan &ldquo;Regional inki\u015faf\u0131n t\u0259min olunmas\u0131nda innovativ tendensiyalar: reall\u0131qlar v\u0259 m&uuml;asir &ccedil;a\u011f\u0131r\u0131\u015flar&rdquo; m&ouml;vzusunda respublika elmi konfrans\u0131 ali t\u0259hsil v\u0259 elm ictimaiyy\u0259tinin b&ouml;y&uuml;k mara\u011f\u0131na s\u0259b\u0259b olmu\u015fdur.<\/span><\/p>\n<p style=\"text-align: justify; text-indent: 27pt;\"><span style=\"color: #000000;\">MDU-da V\u0259t\u0259n M&uuml;harib\u0259sind\u0259 \u0259ld\u0259 olunan tarixi q\u0259l\u0259b\u0259nin iqtisadi perspektivl\u0259ri v\u0259 i\u015f\u011faldan azad edilmi\u015f b&ouml;lg\u0259l\u0259rimizin g\u0259l\u0259c\u0259k inki\u015faf\u0131na h\u0259sr edilmi\u015f elmi t\u0259dbirl\u0259rin t\u0259\u015fkil edilm\u0259sin\u0259 x&uuml;susi diqq\u0259tin yetirilm\u0259si v\u0259 bununla \u0259laq\u0259dar b&uuml;t&uuml;n z\u0259ruri imkanlar\u0131n yarad\u0131lmas\u0131 bu istiqam\u0259td\u0259 elmi t\u0259dqiqatlara mara\u011f\u0131n art\u0131r\u0131lmas\u0131 v\u0259 f\u0259all\u0131\u011f\u0131n daha da y&uuml;ks\u0259ldilm\u0259sin\u0259 h\u0259d\u0259fl\u0259nmi\u015fdir. Bu bax\u0131mdan, MDU-da &ldquo;Tarixi q\u0259l\u0259b\u0259nin davaml\u0131 iqtisadi inki\u015fafa potensial t\u0259sirl\u0259ri&rdquo; m&ouml;vzusunda ke&ccedil;irilmi\u015f n\u0259z\u0259ri-praktiki seminar Qaraba\u011f\u0131n inki\u015faf\u0131 m\u0259qs\u0259dil\u0259 t\u0259dqiqat istiqam\u0259tl\u0259rinin, d&ouml;vl\u0259t t\u0259r\u0259find\u0259n h\u0259yata ke&ccedil;iril\u0259c\u0259k inki\u015faf proqramlar\u0131na, g&ouml;r&uuml;l\u0259c\u0259k abadl\u0131q v\u0259 quruculuq i\u015fl\u0259rin\u0259 m&uuml;mk&uuml;n d\u0259st\u0259k t\u0259dbirl\u0259rind\u0259 universitetin rolunun m&uuml;\u0259yy\u0259n edilm\u0259si bax\u0131mdan m&uuml;h&uuml;m \u0259h\u0259miyy\u0259t k\u0259sb etmi\u015fdir. Bundan ba\u015fqa, universitetd\u0259 T\u0259l\u0259b\u0259 Elmi C\u0259miyy\u0259tinin (TEC) &ldquo;Qaraba\u011f Az\u0259rbaycand\u0131r!&rdquo; m&ouml;vzusunda ke&ccedil;irdiyi elmi konfrans da kollektiv t\u0259r\u0259find\u0259n b&ouml;y&uuml;k maraqla qar\u015f\u0131lanm\u0131\u015fd\u0131r.<\/span><\/p>\n<p style=\"text-align: justify; text-indent: 27pt;\"><span style=\"color: #000000;\">Bununla yana\u015f\u0131, MDU-da qabaqc\u0131l yerli universitetl\u0259r v\u0259 s\u0259naye qurumlar\u0131 il\u0259 birg\u0259 &ouml;lk\u0259 v\u0259 region iqtisadiyyat\u0131n\u0131n aktual probleml\u0259rin\u0259 h\u0259sr olunan m&uuml;xt\u0259lif formatl\u0131 elmi t\u0259dbirl\u0259rin ke&ccedil;irilm\u0259sin\u0259 x&uuml;susi &ouml;n\u0259m verilmi\u015fdir.<\/span><\/p>\n<p style=\"text-align: justify; text-indent: 27pt;\"><span style=\"color: #000000;\">\u0130dar\u0259etm\u0259d\u0259 y&uuml;ks\u0259k &ccedil;eviklik v\u0259 f\u0259al t\u0259l\u0259b\u0259 i\u015ftirak&ccedil;\u0131l\u0131\u011f\u0131<\/span><\/p>\n<p style=\"text-align: justify; text-indent: 27pt;\"><span style=\"color: #000000;\">Sosial h\u0259ssasl\u0131\u011f\u0131n y&uuml;ks\u0259k oldu\u011fu m&ouml;vcud \u015f\u0259raiti n\u0259z\u0259r\u0259 alaraq, cari t\u0259dris ilinin pay\u0131z semestri \u0259rzind\u0259 qabaqc\u0131l d&uuml;nya t\u0259cr&uuml;b\u0259sind\u0259n faydalanmaqla universitet idar\u0259&ccedil;iliyind\u0259 daha &ccedil;evik al\u0259tl\u0259rin t\u0259tbiqin\u0259 v\u0259 \u015f\u0259ffaf mexanizml\u0259rin yarad\u0131lmas\u0131na m&uuml;h&uuml;m diqq\u0259t yetirilmi\u015fdir. Q\u0259bul edilmi\u015f m&uuml;vafiq q\u0259rarlar \u0259sas\u0131nda MDU-nun struktur b&ouml;lm\u0259l\u0259ri aras\u0131nda koordinasiyan\u0131n g&uuml;cl\u0259ndirilm\u0259si v\u0259 onlar\u0131n f\u0259aliyy\u0259tinin s\u0259m\u0259r\u0259liliyinin art\u0131r\u0131lmas\u0131 istiqam\u0259tind\u0259 z\u0259ruri add\u0131mlar at\u0131lm\u0131\u015fd\u0131r.<\/span><\/p>\n<p style=\"text-align: justify; text-indent: 27pt;\"><span style=\"color: #000000;\">2020\/2021-ci t\u0259dris ilind\u0259n ba\u015flayaraq MDU-nun yeni t\u0259sdiq olunmu\u015f Elmi \u015euras\u0131n\u0131n t\u0259rkibind\u0259 v\u0259 fak&uuml;lt\u0259 elmi \u015furalar\u0131nda t\u0259l\u0259b\u0259l\u0259r b\u0259rab\u0259rh&uuml;quqlu &uuml;zv statusunda t\u0259msil olunmu\u015f, imtahan sessiyas\u0131n\u0131n t\u0259\u015fkili &ccedil;\u0259r&ccedil;iv\u0259sind\u0259 yarad\u0131lm\u0131\u015f \u0130mtahan Q\u0259rargah\u0131 v\u0259 Apellyasiya komissiyalar\u0131n\u0131n t\u0259rkibin\u0259 f\u0259al t\u0259l\u0259b\u0259l\u0259r daxil edilmi\u015fdir.<\/span><\/p>\n<p style=\"text-align: justify; text-indent: 27pt;\"><span style=\"color: #000000;\">Universitet idar\u0259&ccedil;iliyind\u0259 \u015f\u0259ffafl\u0131\u011f\u0131n art\u0131r\u0131lmas\u0131 v\u0259 ictimai hesabatl\u0131l\u0131\u011f\u0131n t\u0259min edilm\u0259si m\u0259qs\u0259dil\u0259 yarad\u0131lm\u0131\u015f, Ming\u0259&ccedil;evir \u015f\u0259h\u0259rinin tan\u0131nm\u0131\u015f v\u0259 n&uuml;fuzlu ziyal\u0131lar\u0131n\u0131n t\u0259msil olundu\u011fu MDU-nun \u0130ctimai N\u0259zar\u0259t \u015euras\u0131 t\u0259drisin v\u0259 imtahan sessiyas\u0131n\u0131n t\u0259\u015fkili, t\u0259l\u0259b\u0259 v\u0259 valideynl\u0259rin m&uuml;raci\u0259tl\u0259rin\u0259 bax\u0131lmas\u0131 prosesind\u0259, universitetl\u0259 \u015f\u0259h\u0259r ictimaiyy\u0259ti aras\u0131nda kommunikasiyan\u0131n qurulmas\u0131nda f\u0259al i\u015ftirak etmi\u015fdir. M&uuml;t\u0259madi olaraq toplanan \u015euran\u0131n 29 dekabr 2020-ci il tarixind\u0259 ke&ccedil;irilmi\u015f sonuncu iclas\u0131nda MDU-nun rektoru 2020\/2021-ci t\u0259dris ilinin pay\u0131z semestrinin yekunlar\u0131 haqq\u0131nda geni\u015f hesabat m\u0259ruz\u0259si etmi\u015fdir.<\/span><\/p>\n<p style=\"text-align: justify; text-indent: 27pt;\"><span style=\"color: #000000;\">T\u0259l\u0259b\u0259, magistrant, \u0259m\u0259kda\u015f v\u0259 valideynl\u0259rin arzu v\u0259 t\u0259\u015f\u0259bb&uuml;sl\u0259rini dinl\u0259m\u0259k, onlar\u0131 maraqland\u0131ran suallar\u0131 operativ cavabland\u0131rmaq m\u0259qs\u0259dil\u0259 universitetin r\u0259hb\u0259r \u015f\u0259xsl\u0259ri t\u0259r\u0259find\u0259n &ldquo;Microsoft Teams&rdquo; platformas\u0131 &uuml;z\u0259rind\u0259n m&uuml;t\u0259madi olaraq g&ouml;r&uuml;\u015fl\u0259r ke&ccedil;irilir. Faktiki olaraq, h\u0259r bir \u015f\u0259xsin ist\u0259diyi vaxt universitetin r\u0259hb\u0259r v\u0259zif\u0259 tutan \u0259m\u0259kda\u015flar\u0131 il\u0259 online formatda g&ouml;r&uuml;\u015f&uuml;n&uuml;n t\u0259min edilm\u0259si m&uuml;mk&uuml;nd&uuml;r.<\/span><\/p>\n<p style=\"text-align: justify; text-indent: 27pt;\"><span style=\"color: #000000;\">MDU-ya q\u0259bul olunmu\u015f birinci kurs t\u0259l\u0259b\u0259l\u0259rinin universitet h\u0259yat\u0131na &ccedil;evik adaptasiyas\u0131n\u0131 t\u0259min etm\u0259k m\u0259qs\u0259dil\u0259 22-27 oktyabr 2020-ci il tarixl\u0259rind\u0259 Onlayn Oriyentasiya g&uuml;nl\u0259ri ke&ccedil;irilmi\u015fdir. G&ouml;r&uuml;\u015fl\u0259rd\u0259 birinci kurs t\u0259l\u0259b\u0259l\u0259rin\u0259 fak&uuml;lt\u0259, t\u0259dris \u015f&ouml;b\u0259si, beyn\u0259lxalq \u0259m\u0259kda\u015fl\u0131q v\u0259 t\u0259l\u0259b\u0259 t\u0259\u015fkilatlar\u0131n\u0131n n&uuml;may\u0259nd\u0259l\u0259ri t\u0259r\u0259find\u0259n f\u0259rdi t\u0259dris planlar\u0131, t\u0259dris olunacaq f\u0259nl\u0259r, semestrl\u0259r &uuml;zr\u0259 toplan\u0131lacaq kreditl\u0259rin miqdar\u0131, s\u0259rb\u0259st i\u015fl\u0259r, biliyin qiym\u0259tl\u0259ndirilm\u0259si mexanizmi, m&uuml;badil\u0259 imkanlar\u0131, t\u0259l\u0259b\u0259 h\u0259yat\u0131, tyutor xidm\u0259ti v\u0259 MDU haqq\u0131nda \u0259trafl\u0131 m\u0259lumat verilmi\u015fdir.<\/span><\/p>\n<p style=\"text-align: justify; text-indent: 27pt;\"><span style=\"color: #000000;\"><b><span style=\"font-size: 14pt;\">(Ard\u0131 var)<\/span><\/b><\/span><\/p>\n<p style=\"text-align: justify; text-indent: 27pt;\"><span style=\"color: #000000;\"><b><span style=\"font-size: 14pt;\"><\/span><\/b><\/span><\/p>\n<p style=\"text-align: justify; text-indent: 27pt;\"><span style=\"color: #000000;\"><b><span style=\"font-size: 14pt;\">\u015eahin BAYRAMOV,<\/span><\/b><\/span><\/p>\n<p style=\"text-align: justify; text-indent: 27pt;\"><span style=\"color: #000000;\"><b><span style=\"font-size: 14pt;\">Ming\u0259&ccedil;evir D&ouml;vl\u0259t Universitetinin rektoru<\/span><\/b><\/span><\/p>\n<p>{phocagallery view=category|categoryid=495|limitstart=0|limitcount=0}<\/p>\n<p>&nbsp;<\/p>\n<p>&nbsp;<\/p>\n<p>&nbsp;<\/p>\n<p>&nbsp;<\/p>\n<p>&nbsp;<\/p>","protected":false},"excerpt":{"rendered":"<p>Ming\u0259&ccedil;evir D&ouml;vl\u0259t Universiteti: yeni &ccedil;a\u011f\u0131r\u0131\u015flar v\u0259 nailiyy\u0259tl\u0259r Az\u0259rbaycan m&uuml;\u0259llimi (08.01.2021) PDF versiya &nbsp; Ali t\u0259hsil sah\u0259sind\u0259 yeni reall\u0131qlar v\u0259 u\u011furlu d&ouml;vl\u0259t siyas\u0259ti M&uuml;asir d&ouml;vrd\u0259 d&ouml;rd&uuml;nc&uuml; s\u0259naye inqilab\u0131n\u0131n &ccedil;a\u011f\u0131r\u0131\u015flar\u0131na v\u0259 \u0259m\u0259k bazar\u0131n\u0131n dinamik d\u0259yi\u015f\u0259n t\u0259l\u0259bl\u0259rin\u0259 cavab ver\u0259n y&uuml;ks\u0259k ixtisasl\u0131, r\u0259qab\u0259tqabiliyy\u0259tli kadrlar\u0131n haz\u0131rlanmas\u0131, &ldquo;t\u0259hsil-t\u0259dqiqat-innovasiya&rdquo; format\u0131nda inki\u015faf\u0131n v\u0259 c\u0259miyy\u0259t h\u0259yat\u0131na s\u0259m\u0259r\u0259li inteqrasiyan\u0131n t\u0259min olunmas\u0131 ali t\u0259hsil m&uuml;\u0259ssis\u0259l\u0259rinin ba\u015fl\u0131ca [&hellip;]<\/p>\n","protected":false},"author":1,"featured_media":0,"comment_status":"open","ping_status":"open","sticky":false,"template":"","format":"standard","meta":{"_eb_attr":"","ocean_post_layout":"","ocean_both_sidebars_style":"","ocean_both_sidebars_content_width":0,"ocean_both_sidebars_sidebars_width":0,"ocean_sidebar":"","ocean_second_sidebar":"","ocean_disable_margins":"enable","ocean_add_body_class":"","ocean_shortcode_before_top_bar":"","ocean_shortcode_after_top_bar":"","ocean_shortcode_before_header":"","ocean_shortcode_after_header":"","ocean_has_shortcode":"","ocean_shortcode_after_title":"","ocean_shortcode_before_footer_widgets":"","ocean_shortcode_after_footer_widgets":"","ocean_shortcode_before_footer_bottom":"","ocean_shortcode_after_footer_bottom":"","ocean_display_top_bar":"default","ocean_display_header":"default","ocean_header_style":"","ocean_center_header_left_menu":"","ocean_custom_header_template":"","ocean_custom_logo":0,"ocean_custom_retina_logo":0,"ocean_custom_logo_max_width":0,"ocean_custom_logo_tablet_max_width":0,"ocean_custom_logo_mobile_max_width":0,"ocean_custom_logo_max_height":0,"ocean_custom_logo_tablet_max_height":0,"ocean_custom_logo_mobile_max_height":0,"ocean_header_custom_menu":"","ocean_menu_typo_font_family":"","ocean_menu_typo_font_subset":"","ocean_menu_typo_font_size":0,"ocean_menu_typo_font_size_tablet":0,"ocean_menu_typo_font_size_mobile":0,"ocean_menu_typo_font_size_unit":"px","ocean_menu_typo_font_weight":"","ocean_menu_typo_font_weight_tablet":"","ocean_menu_typo_font_weight_mobile":"","ocean_menu_typo_transform":"","ocean_menu_typo_transform_tablet":"","ocean_menu_typo_transform_mobile":"","ocean_menu_typo_line_height":0,"ocean_menu_typo_line_height_tablet":0,"ocean_menu_typo_line_height_mobile":0,"ocean_menu_typo_line_height_unit":"","ocean_menu_typo_spacing":0,"ocean_menu_typo_spacing_tablet":0,"ocean_menu_typo_spacing_mobile":0,"ocean_menu_typo_spacing_unit":"","ocean_menu_link_color":"","ocean_menu_link_color_hover":"","ocean_menu_link_color_active":"","ocean_menu_link_background":"","ocean_menu_link_hover_background":"","ocean_menu_link_active_background":"","ocean_menu_social_links_bg":"","ocean_menu_social_hover_links_bg":"","ocean_menu_social_links_color":"","ocean_menu_social_hover_links_color":"","ocean_disable_title":"default","ocean_disable_heading":"default","ocean_post_title":"","ocean_post_subheading":"","ocean_post_title_style":"","ocean_post_title_background_color":"","ocean_post_title_background":0,"ocean_post_title_bg_image_position":"","ocean_post_title_bg_image_attachment":"","ocean_post_title_bg_image_repeat":"","ocean_post_title_bg_image_size":"","ocean_post_title_height":0,"ocean_post_title_bg_overlay":0.5,"ocean_post_title_bg_overlay_color":"","ocean_disable_breadcrumbs":"default","ocean_breadcrumbs_color":"","ocean_breadcrumbs_separator_color":"","ocean_breadcrumbs_links_color":"","ocean_breadcrumbs_links_hover_color":"","ocean_display_footer_widgets":"default","ocean_display_footer_bottom":"default","ocean_custom_footer_template":"","ocean_post_oembed":"","ocean_post_self_hosted_media":"","ocean_post_video_embed":"","ocean_link_format":"","ocean_link_format_target":"self","ocean_quote_format":"","ocean_quote_format_link":"post","ocean_gallery_link_images":"on","ocean_gallery_id":[],"footnotes":""},"categories":[150,63],"tags":[],"class_list":["post-15682","post","type-post","status-publish","format-standard","hentry","category-azmuellim","category-khaebaerlaer-az","entry"],"_links":{"self":[{"href":"https:\/\/mdu.edu.az\/en\/wp-json\/wp\/v2\/posts\/15682","targetHints":{"allow":["GET"]}}],"collection":[{"href":"https:\/\/mdu.edu.az\/en\/wp-json\/wp\/v2\/posts"}],"about":[{"href":"https:\/\/mdu.edu.az\/en\/wp-json\/wp\/v2\/types\/post"}],"author":[{"embeddable":true,"href":"https:\/\/mdu.edu.az\/en\/wp-json\/wp\/v2\/users\/1"}],"replies":[{"embeddable":true,"href":"https:\/\/mdu.edu.az\/en\/wp-json\/wp\/v2\/comments?post=15682"}],"version-history":[{"count":1,"href":"https:\/\/mdu.edu.az\/en\/wp-json\/wp\/v2\/posts\/15682\/revisions"}],"predecessor-version":[{"id":51304,"href":"https:\/\/mdu.edu.az\/en\/wp-json\/wp\/v2\/posts\/15682\/revisions\/51304"}],"wp:attachment":[{"href":"https:\/\/mdu.edu.az\/en\/wp-json\/wp\/v2\/media?parent=15682"}],"wp:term":[{"taxonomy":"category","embeddable":true,"href":"https:\/\/mdu.edu.az\/en\/wp-json\/wp\/v2\/categories?post=15682"},{"taxonomy":"post_tag","embeddable":true,"href":"https:\/\/mdu.edu.az\/en\/wp-json\/wp\/v2\/tags?post=15682"}],"curies":[{"name":"wp","href":"https:\/\/api.w.org\/{rel}","templated":true}]}}