{"id":15700,"date":"2021-01-20T22:32:08","date_gmt":"2021-01-20T19:32:08","guid":{"rendered":"https:\/\/mdu.edu.az\/minzh-evir-d-vl-t-universitetinin-t-l-b-zh-ndzl-ri-20-yanvar-fadzi-sinin-otuz-birindzi-ild-n-m-n-h-sr-olunmu-t-dbir-ke-irib\/"},"modified":"2021-01-20T22:32:08","modified_gmt":"2021-01-20T19:32:08","slug":"minzh-evir-d-vl-t-universitetinin-t-l-b-zh-ndzl-ri-20-yanvar-fadzi-sinin-otuz-birindzi-ild-n-m-n-h-sr-olunmu-t-dbir-ke-irib","status":"publish","type":"post","link":"https:\/\/mdu.edu.az\/en\/minzh-evir-d-vl-t-universitetinin-t-l-b-zh-ndzl-ri-20-yanvar-fadzi-sinin-otuz-birindzi-ild-n-m-n-h-sr-olunmu-t-dbir-ke-irib\/","title":{"rendered":"Ming\u0259\u00e7evir D\u00f6vl\u0259t Universitetinin t\u0259l\u0259b\u0259 g\u0259ncl\u0259ri 20 Yanvar faci\u0259sinin otuz birinci ild\u00f6n\u00fcm\u00fcn\u0259 h\u0259sr olunmu\u015f t\u0259dbir ke\u00e7irib"},"content":{"rendered":"<p style=\"margin-top: 0cm; margin-right: 0cm; margin-bottom: 0.0001pt; text-align: center; line-height: 150%; background: white none repeat scroll 0% 0%;\"><b><span style=\"font-size: 14pt; line-height: 150%; font-family: 'Arial', sans-serif; color: #002060;\">M<\/span><\/b><b><span style=\"font-size: 14pt; line-height: 150%; font-family: 'Arial', sans-serif; color: #002060;\">ing\u0259&ccedil;evir D&ouml;vl\u0259t <\/span><\/b><b><span style=\"font-size: 14pt; line-height: 150%; font-family: 'Arial', sans-serif; color: #002060;\">Universitetinin t\u0259l\u0259b\u0259 g\u0259ncl\u0259ri<\/span><\/b><span style=\"font-size: 14pt; line-height: 150%; font-family: 'Arial', sans-serif; color: #002060;\"> <\/span><b><span style=\"font-size: 14pt; line-height: 150%; font-family: 'Arial', sans-serif; color: #002060;\">20 Yanvar faci\u0259sinin otuz birinci ild&ouml;n&uuml;m&uuml;n\u0259 h\u0259sr olunmu\u015f t\u0259dbir ke&ccedil;irib<\/span><\/b><\/p>\n<p>&nbsp;<\/p>\n<p style=\"margin-top: 0cm; margin-right: 0cm; margin-bottom: 0.0001pt; text-align: center; line-height: 150%; background: white none repeat scroll 0% 0%;\"><span style=\"font-family: 'Helvetica', sans-serif;\"><\/span><\/p>\n<p style=\"margin-top: 0cm; margin-right: 0cm; margin-bottom: 0.0001pt; text-align: justify; text-indent: 1cm; line-height: 150%; background: white none repeat scroll 0% 0%;\"><span style=\"color: #000000;\"><span style=\"font-family: 'Arial', sans-serif; color: black;\">202<\/span><span style=\"font-family: 'Arial', sans-serif; color: black;\">1<\/span><span style=\"font-family: 'Arial', sans-serif; color: black;\">-ci ilin <\/span><span style=\"font-family: 'Arial', sans-serif; color: black;\">20 yanva<\/span><span style=\"font-family: 'Arial', sans-serif; color: black;\">r tarixind\u0259 Ming\u0259&ccedil;evir D&ouml;vl\u0259t Universitetinin (MDU) <\/span><span style=\"font-family: 'Arial', sans-serif;\">T\u0259l\u0259b\u0259 G\u0259ncl\u0259r T\u0259\u015fkilat\u0131n\u0131n<\/span><span style=\"font-family: 'Arial', sans-serif;\"> <\/span><span style=\"font-family: 'Arial', sans-serif;\">(TGT) t\u0259\u015f\u0259bb&uuml;s&uuml; il\u0259 <b>&ldquo;<\/b><\/span><span style=\"font-family: 'Arial', sans-serif;\">20 yanvar q\u0259hr\u0259manl\u0131q v\u0259 iftixar tariximiz&rdquo; m&ouml;vzusunda t\u0259dbir <\/span><span style=\"font-family: 'Arial', sans-serif;\">ke&ccedil;irilib<\/span><span style=\"font-family: 'Arial', sans-serif;\">.<\/span><\/span><\/p>\n<p style=\"margin-top: 0cm; margin-right: 0cm; margin-bottom: 0.0001pt; text-align: justify; text-indent: 1cm; line-height: 150%; background: white none repeat scroll 0% 0%;\"><span style=\"color: #000000;\"><span style=\"font-family: 'Arial', sans-serif; color: black;\">&ldquo;Microsoft Teams&rdquo; platformas\u0131 &uuml;z\u0259rind\u0259n online formatda ke&ccedil;iril\u0259n <\/span><span style=\"font-family: 'Arial', sans-serif; color: black;\">t\u0259dbir \u015f\u0259hidl\u0259rimizin \u0259ziz xatir\u0259sinin bir d\u0259qiq\u0259lik s&uuml;kutla yad edilm\u0259si il\u0259 ba\u015flay\u0131b. <\/span><\/span><\/p>\n<p style=\"margin-top: 0cm; margin-right: 0cm; margin-bottom: 0.0001pt; text-align: justify; text-indent: 1cm; line-height: 150%; background: white none repeat scroll 0% 0%;\"><span style=\"font-family: 'Arial', sans-serif; color: #000000;\">31 il \u0259vv\u0259l Az\u0259rbaycan xalq\u0131n\u0131n milli azadl\u0131q m&uuml;bariz\u0259sini bo\u011fmaq m\u0259qs\u0259dil\u0259 dinc \u0259halimiz\u0259 qar\u015f\u0131 t&ouml;r\u0259dilmi\u015f amans\u0131z v\u0259 d\u0259h\u015f\u0259tli 20 Yanvar q\u0259tliam\u0131 bar\u0259d\u0259 dan\u0131\u015fan t\u0259l\u0259b\u0259 g\u0259ncl\u0259r m\u0259hz \u015f\u0259hidl\u0259rimizin can\u0131 v\u0259 qan\u0131 bahas\u0131na, yenilm\u0259z irad\u0259si say\u0259sind\u0259 m&uuml;st\u0259qilliyin \u0259ld\u0259 edilm\u0259sinin m&uuml;mk&uuml;n oldu\u011funu qeyd edibl\u0259r. Faci\u0259nin g&uuml;nahs\u0131z qurbanlar\u0131n\u0131n yar\u0131m&ccedil;\u0131q qalm\u0131\u015f h\u0259yat hekay\u0259l\u0259rind\u0259n b\u0259hs edil\u0259n t\u0259dbird\u0259 Az\u0259rbaycan\u0131n q\u0259hr\u0259manl\u0131q v\u0259 iftixar tarixini yazm\u0131\u015f \u015f\u0259hidl\u0259rimizin xatir\u0259sinin uca tutulmas\u0131nda m&uuml;asir g\u0259ncliyin &uuml;z\u0259rin\u0259 d&uuml;\u015f\u0259n v\u0259zif\u0259l\u0259rd\u0259n dan\u0131\u015f\u0131l\u0131b.<\/span><\/p>\n<p style=\"margin-top: 0cm; margin-right: 0cm; margin-bottom: 0.0001pt; text-align: justify; text-indent: 1cm; line-height: 150%; background: white none repeat scroll 0% 0%;\"><span style=\"font-family: 'Arial', sans-serif; color: #000000;\">T\u0259l\u0259b\u0259 g\u0259ncl\u0259rin t\u0259qdimat\u0131nda \u015f\u0259hidl\u0259rimizin \u0259ziz xatir\u0259sin\u0259 h\u0259sr olunmu\u015f \u015feirl\u0259r v\u0259 \u0259d\u0259bi-b\u0259dii kompozisiyalar t\u0259dbir i\u015ftirak&ccedil;\u0131lar\u0131 t\u0259r\u0259find\u0259n maraqla qar\u015f\u0131lan\u0131b. <\/span><\/p>\n<p style=\"margin-top: 0cm; margin-right: 0cm; margin-bottom: 0.0001pt; text-align: justify; text-indent: 1cm; line-height: 150%; background: white none repeat scroll 0% 0%;\"><span style=\"font-family: 'Arial', sans-serif; color: #000000; background: white none repeat scroll 0% 0%;\">Qeyd ed\u0259k ki, t\u0259dbir Az\u0259rbaycan Respublikas\u0131n\u0131n T\u0259hsil nazirinin m&uuml;vafiq \u0259mri il\u0259 t\u0259sdiq edilmi\u015f &ldquo;20 Yanvar faci\u0259sinin otuz birinci ild&ouml;n&uuml;m&uuml; il\u0259 ba\u011fl\u0131 T\u0259hsil Nazirliyinin T\u0259dbirl\u0259r Plan\u0131&rdquo; &ccedil;\u0259r&ccedil;iv\u0259sind\u0259 t\u0259\u015fkil edilib.<\/span><\/p>\n<p>{phocagallery view=category|categoryid=502|limitstart=0|limitcount=0}<\/p>\n<p style=\"margin-top: 0cm; margin-right: 0cm; margin-bottom: 0.0001pt; text-align: justify; text-indent: 1cm; line-height: 150%; background: white none repeat scroll 0% 0%;\"><span style=\"font-family: 'Arial', sans-serif; color: #000000;\"><\/span><\/p>","protected":false},"excerpt":{"rendered":"<p>Ming\u0259&ccedil;evir D&ouml;vl\u0259t Universitetinin t\u0259l\u0259b\u0259 g\u0259ncl\u0259ri 20 Yanvar faci\u0259sinin otuz birinci ild&ouml;n&uuml;m&uuml;n\u0259 h\u0259sr olunmu\u015f t\u0259dbir ke&ccedil;irib &nbsp; 2021-ci ilin 20 yanvar tarixind\u0259 Ming\u0259&ccedil;evir D&ouml;vl\u0259t Universitetinin (MDU) T\u0259l\u0259b\u0259 G\u0259ncl\u0259r T\u0259\u015fkilat\u0131n\u0131n (TGT) t\u0259\u015f\u0259bb&uuml;s&uuml; il\u0259 &ldquo;20 yanvar q\u0259hr\u0259manl\u0131q v\u0259 iftixar tariximiz&rdquo; m&ouml;vzusunda t\u0259dbir ke&ccedil;irilib. &ldquo;Microsoft Teams&rdquo; platformas\u0131 &uuml;z\u0259rind\u0259n online formatda ke&ccedil;iril\u0259n t\u0259dbir \u015f\u0259hidl\u0259rimizin \u0259ziz xatir\u0259sinin bir d\u0259qiq\u0259lik s&uuml;kutla yad [&hellip;]<\/p>\n","protected":false},"author":1,"featured_media":0,"comment_status":"open","ping_status":"open","sticky":false,"template":"","format":"standard","meta":{"_eb_attr":"","ocean_post_layout":"","ocean_both_sidebars_style":"","ocean_both_sidebars_content_width":0,"ocean_both_sidebars_sidebars_width":0,"ocean_sidebar":"","ocean_second_sidebar":"","ocean_disable_margins":"enable","ocean_add_body_class":"","ocean_shortcode_before_top_bar":"","ocean_shortcode_after_top_bar":"","ocean_shortcode_before_header":"","ocean_shortcode_after_header":"","ocean_has_shortcode":"","ocean_shortcode_after_title":"","ocean_shortcode_before_footer_widgets":"","ocean_shortcode_after_footer_widgets":"","ocean_shortcode_before_footer_bottom":"","ocean_shortcode_after_footer_bottom":"","ocean_display_top_bar":"default","ocean_display_header":"default","ocean_header_style":"","ocean_center_header_left_menu":"","ocean_custom_header_template":"","ocean_custom_logo":0,"ocean_custom_retina_logo":0,"ocean_custom_logo_max_width":0,"ocean_custom_logo_tablet_max_width":0,"ocean_custom_logo_mobile_max_width":0,"ocean_custom_logo_max_height":0,"ocean_custom_logo_tablet_max_height":0,"ocean_custom_logo_mobile_max_height":0,"ocean_header_custom_menu":"","ocean_menu_typo_font_family":"","ocean_menu_typo_font_subset":"","ocean_menu_typo_font_size":0,"ocean_menu_typo_font_size_tablet":0,"ocean_menu_typo_font_size_mobile":0,"ocean_menu_typo_font_size_unit":"px","ocean_menu_typo_font_weight":"","ocean_menu_typo_font_weight_tablet":"","ocean_menu_typo_font_weight_mobile":"","ocean_menu_typo_transform":"","ocean_menu_typo_transform_tablet":"","ocean_menu_typo_transform_mobile":"","ocean_menu_typo_line_height":0,"ocean_menu_typo_line_height_tablet":0,"ocean_menu_typo_line_height_mobile":0,"ocean_menu_typo_line_height_unit":"","ocean_menu_typo_spacing":0,"ocean_menu_typo_spacing_tablet":0,"ocean_menu_typo_spacing_mobile":0,"ocean_menu_typo_spacing_unit":"","ocean_menu_link_color":"","ocean_menu_link_color_hover":"","ocean_menu_link_color_active":"","ocean_menu_link_background":"","ocean_menu_link_hover_background":"","ocean_menu_link_active_background":"","ocean_menu_social_links_bg":"","ocean_menu_social_hover_links_bg":"","ocean_menu_social_links_color":"","ocean_menu_social_hover_links_color":"","ocean_disable_title":"default","ocean_disable_heading":"default","ocean_post_title":"","ocean_post_subheading":"","ocean_post_title_style":"","ocean_post_title_background_color":"","ocean_post_title_background":0,"ocean_post_title_bg_image_position":"","ocean_post_title_bg_image_attachment":"","ocean_post_title_bg_image_repeat":"","ocean_post_title_bg_image_size":"","ocean_post_title_height":0,"ocean_post_title_bg_overlay":0.5,"ocean_post_title_bg_overlay_color":"","ocean_disable_breadcrumbs":"default","ocean_breadcrumbs_color":"","ocean_breadcrumbs_separator_color":"","ocean_breadcrumbs_links_color":"","ocean_breadcrumbs_links_hover_color":"","ocean_display_footer_widgets":"default","ocean_display_footer_bottom":"default","ocean_custom_footer_template":"","ocean_post_oembed":"","ocean_post_self_hosted_media":"","ocean_post_video_embed":"","ocean_link_format":"","ocean_link_format_target":"self","ocean_quote_format":"","ocean_quote_format_link":"post","ocean_gallery_link_images":"on","ocean_gallery_id":[],"footnotes":""},"categories":[63],"tags":[],"class_list":["post-15700","post","type-post","status-publish","format-standard","hentry","category-khaebaerlaer-az","entry"],"_links":{"self":[{"href":"https:\/\/mdu.edu.az\/en\/wp-json\/wp\/v2\/posts\/15700","targetHints":{"allow":["GET"]}}],"collection":[{"href":"https:\/\/mdu.edu.az\/en\/wp-json\/wp\/v2\/posts"}],"about":[{"href":"https:\/\/mdu.edu.az\/en\/wp-json\/wp\/v2\/types\/post"}],"author":[{"embeddable":true,"href":"https:\/\/mdu.edu.az\/en\/wp-json\/wp\/v2\/users\/1"}],"replies":[{"embeddable":true,"href":"https:\/\/mdu.edu.az\/en\/wp-json\/wp\/v2\/comments?post=15700"}],"version-history":[{"count":0,"href":"https:\/\/mdu.edu.az\/en\/wp-json\/wp\/v2\/posts\/15700\/revisions"}],"wp:attachment":[{"href":"https:\/\/mdu.edu.az\/en\/wp-json\/wp\/v2\/media?parent=15700"}],"wp:term":[{"taxonomy":"category","embeddable":true,"href":"https:\/\/mdu.edu.az\/en\/wp-json\/wp\/v2\/categories?post=15700"},{"taxonomy":"post_tag","embeddable":true,"href":"https:\/\/mdu.edu.az\/en\/wp-json\/wp\/v2\/tags?post=15700"}],"curies":[{"name":"wp","href":"https:\/\/api.w.org\/{rel}","templated":true}]}}