{"id":15715,"date":"2021-02-02T14:33:21","date_gmt":"2021-02-02T11:33:21","guid":{"rendered":"https:\/\/mdu.edu.az\/minzh-evir-d-vl-t-universitetind-2-fevral-az-rbaydzan-zh-ndzl-ri-zh-n-n-h-sr-edilmi-konfrans-ke-irilib\/"},"modified":"2021-02-02T14:33:21","modified_gmt":"2021-02-02T11:33:21","slug":"minzh-evir-d-vl-t-universitetind-2-fevral-az-rbaydzan-zh-ndzl-ri-zh-n-n-h-sr-edilmi-konfrans-ke-irilib","status":"publish","type":"post","link":"https:\/\/mdu.edu.az\/en\/minzh-evir-d-vl-t-universitetind-2-fevral-az-rbaydzan-zh-ndzl-ri-zh-n-n-h-sr-edilmi-konfrans-ke-irilib\/","title":{"rendered":"Ming\u0259\u00e7evir D\u00f6vl\u0259t Universitetind\u0259 2 fevral &#8211; Az\u0259rbaycan G\u0259ncl\u0259ri G\u00fcn\u00fcn\u0259 h\u0259sr edilmi\u015f konfrans ke\u00e7irilib"},"content":{"rendered":"<p style=\"margin-top: 0cm; margin-right: 0cm; margin-bottom: 0.0001pt; text-align: center; line-height: 150%; background: white none repeat scroll 0% 0%;\"><b><span style=\"font-size: 14pt; line-height: 150%; font-family: Arial; color: navy;\">Ming\u0259&ccedil;evir D&ouml;vl\u0259t Universitetind\u0259 2 fevral &#8211; Az\u0259rbaycan G\u0259ncl\u0259ri G&uuml;n&uuml;n\u0259 h\u0259sr edilmi\u015f konfrans ke&ccedil;irilib<\/span><\/b><\/p>\n<p>&nbsp;<\/p>\n<p style=\"margin-top: 0cm; margin-right: 0cm; margin-bottom: 0.0001pt; text-align: center; text-indent: 1cm; line-height: 150%; background: white none repeat scroll 0% 0%;\"><span style=\"color: #000000;\"><b><span style=\"font-family: Arial; color: black;\"><\/span><\/b><\/span><\/p>\n<p style=\"margin-bottom: 0.0001pt; text-align: justify; text-indent: 26.95pt;\"><span style=\"font-size: 12pt; line-height: 107%; font-family: Arial; color: #000000;\">2021-ci ilin&nbsp;2&nbsp;fevral tarixind\u0259 Ming\u0259&ccedil;evir D&ouml;vl\u0259t Universitetind\u0259 (MDU)&nbsp;2 fevral &ndash; Az\u0259rbaycan G\u0259ncl\u0259ri G&uuml;n&uuml;n\u0259 h\u0259sr edilmi\u015f &ldquo;G\u0259ncl\u0259r c\u0259miyy\u0259timizin bug&uuml;n&uuml; v\u0259 g\u0259l\u0259c\u0259yidir&rdquo; m&ouml;vzusunda konfrans ke&ccedil;irilib. <\/span><\/p>\n<p style=\"margin-bottom: 0.0001pt; text-align: justify; text-indent: 26.95pt;\"><span style=\"font-size: 12pt; line-height: 107%; font-family: Arial; color: #000000;\">&ldquo;Microsoft Teams&rdquo; platformas\u0131 &uuml;z\u0259rind\u0259n online formatda ke&ccedil;iril\u0259n&nbsp;konfrans\u0131 a&ccedil;an&nbsp;rektor&nbsp;\u015eahin Bayramov, ilk n&ouml;vb\u0259d\u0259, MDU-nun g\u0259nc t\u0259l\u0259b\u0259 v\u0259 \u0259m\u0259kda\u015flar\u0131n\u0131 2 fevral &ndash; Az\u0259rbaycan g\u0259ncl\u0259ri g&uuml;n&uuml; m&uuml;nasib\u0259til\u0259 t\u0259brik edib. \u018fsas\u0131 ulu &ouml;nd\u0259r Heyd\u0259r \u018fliyev t\u0259r\u0259find\u0259n qoyulan g\u0259ncl\u0259r siyas\u0259tinin haz\u0131rda Az\u0259rbaycan Respublikas\u0131n\u0131n Prezidenti c\u0259nab \u0130lham \u018fliyev t\u0259r\u0259find\u0259n yeni keyfiyy\u0259t m\u0259rh\u0259l\u0259sind\u0259 u\u011furla davam etdirildiyini bildir\u0259n rektor &ouml;lk\u0259mizd\u0259 g\u0259ncl\u0259r\u0259 g&ouml;st\u0259ril\u0259n y&uuml;ks\u0259k d&ouml;vl\u0259t qay\u011f\u0131s\u0131ndan, onlar\u0131n c\u0259miyy\u0259t h\u0259yat\u0131ndak\u0131 f\u0259al rollar\u0131ndan b\u0259hs edib.<\/span><\/p>\n<p style=\"margin-bottom: 0.0001pt; text-align: justify; text-indent: 26.95pt;\"><span style=\"font-size: 12pt; line-height: 107%; font-family: Arial; color: #000000;\">M&uuml;z\u0259ff\u0259r Ali Ba\u015f Komandan\u0131m\u0131z\u0131n v\u0259 r\u0259\u015fad\u0259tli Az\u0259rbaycan Ordusunun say\u0259sind\u0259 \u0259ld\u0259 edil\u0259n tarixi Z\u0259f\u0259rin h\u0259r birimizd\u0259 sonsuz f\u0259xar\u0259t hissi yaratd\u0131\u011f\u0131n\u0131 bildir\u0259n \u015e.Bayramov 44 g&uuml;nl&uuml;k V\u0259t\u0259n M&uuml;harib\u0259sind\u0259 h\u0259m &ouml;n c\u0259bh\u0259d\u0259 d&ouml;y&uuml;\u015f meydanlar\u0131nda, h\u0259m d\u0259 arxa c\u0259bh\u0259d\u0259 informasiya m&uuml;bariz\u0259sind\u0259 g\u0259ncl\u0259rimizin g&ouml;st\u0259rdikl\u0259ri f\u0259dakarl\u0131q, v\u0259t\u0259np\u0259rv\u0259rlik v\u0259 q\u0259hr\u0259manl\u0131qdan dan\u0131\u015f\u0131b. G\u0259ncl\u0259rin h\u0259rt\u0259r\u0259fli inki\u015faf\u0131nda t\u0259hsilin \u0259h\u0259miyy\u0259tini vur\u011fulayan rektor &ouml;lk\u0259mizd\u0259 ali t\u0259hsilin \u0259l&ccedil;atanl\u0131\u011f\u0131, universitetd\u0259 m&uuml;asir d&ouml;vr&uuml;n t\u0259l\u0259bl\u0259rin\u0259 cavab ver\u0259n, v\u0259t\u0259nin\u0259, xalq\u0131na v\u0259 d&ouml;vl\u0259tin\u0259 ba\u011fl\u0131, milli-m\u0259n\u0259vi d\u0259y\u0259rl\u0259r\u0259 sadiq g\u0259nc kadrlar\u0131n haz\u0131rlanmas\u0131 m\u0259s\u0259l\u0259l\u0259rin\u0259 toxunub v\u0259 g\u0259ncl\u0259rin &uuml;z\u0259rin\u0259 d&uuml;\u015f\u0259n v\u0259zif\u0259l\u0259rd\u0259n s&ouml;hb\u0259t a&ccedil;\u0131b.<\/span><\/p>\n<p style=\"margin-bottom: 0.0001pt; text-align: justify; text-indent: 26.95pt;\"><span style=\"font-size: 12pt; line-height: 107%; font-family: Arial; color: #000000;\">MDU-nun &ldquo;Fizika v\u0259 ekologiya&rdquo; kafedras\u0131n\u0131n m&uuml;\u0259llimi, YAP Ming\u0259&ccedil;evir \u015f\u0259h\u0259r t\u0259\u015fkilat\u0131n\u0131n G\u0259ncl\u0259r birliyinin s\u0259dr m&uuml;avini Aytac Cavadova &ldquo;&Uuml;mummilli lider v\u0259 Az\u0259rbaycan g\u0259ncliyi&rdquo; m&ouml;vzusunda, &ldquo;Mexanika&rdquo; kafedras\u0131n\u0131n m&uuml;\u0259llimi Qarag&ouml;z K\u0259rimov &ldquo;G\u0259l\u0259c\u0259yin etibarl\u0131 t\u0259minat\u0131 bilikli v\u0259 bacar\u0131ql\u0131 g\u0259ncl\u0259rdir&rdquo; m&ouml;vzusunda, T\u0259l\u0259b\u0259 G\u0259ncl\u0259r T\u0259\u015fkilat\u0131n\u0131n s\u0259dr \u0259v\u0259zi Elmira H&uuml;seynli &ldquo;2015-2025-ci ill\u0259rd\u0259 Az\u0259rbaycan g\u0259ncl\u0259rinin inki\u015faf Strategiyas\u0131&rdquo; d&ouml;vl\u0259t g\u0259ncl\u0259r siyas\u0259tinin \u0259sas\u0131 kimi&rdquo; m&ouml;vzusunda m\u0259ruz\u0259l\u0259rl\u0259 &ccedil;\u0131x\u0131\u015f edibl\u0259r. M\u0259ruz\u0259l\u0259rd\u0259 c\u0259miyy\u0259tin apar\u0131c\u0131 q&uuml;vv\u0259si olan g\u0259ncl\u0259rin inki\u015faf\u0131nda Az\u0259rbaycan xalq\u0131n\u0131n &uuml;mummilli lideri Heyd\u0259r \u018fliyevin misilsiz xidm\u0259tl\u0259rind\u0259n, m&uuml;asir d&ouml;vrd\u0259 &ouml;lk\u0259d\u0259 bilikli, bacar\u0131ql\u0131 v\u0259 v\u0259t\u0259np\u0259rv\u0259r g\u0259nc n\u0259slin yeti\u015fdirilm\u0259si sah\u0259sind\u0259 g&ouml;r&uuml;l\u0259n i\u015fl\u0259rd\u0259n, h\u0259yata ke&ccedil;iril\u0259n d&ouml;vl\u0259t proqramlar\u0131 v\u0259 inki\u015faf strategiyas\u0131 &ccedil;\u0259r&ccedil;iv\u0259sind\u0259 g\u0259ncl\u0259rin h\u0259yat \u015f\u0259raitinin yax\u015f\u0131la\u015fd\u0131r\u0131lmas\u0131, asud\u0259 vaxtlar\u0131n\u0131n s\u0259m\u0259r\u0259li t\u0259\u015fkili, m\u0259\u015f\u011fulluq v\u0259 karyera inki\u015faf\u0131 &uuml;&ccedil;&uuml;n yarad\u0131lan imkanlardan b\u0259hs edilib.<\/span><\/p>\n<p style=\"margin-bottom: 0.0001pt; text-align: justify; text-indent: 26.95pt;\"><span style=\"font-size: 12pt; line-height: 107%; font-family: Arial; color: #000000;\">Konfrans i\u015ftirak&ccedil;\u0131lar\u0131 t\u0259r\u0259find\u0259n maraqla qar\u015f\u0131lanan m\u0259ruz\u0259l\u0259r \u0259traf\u0131nda geni\u015f fikir m&uuml;badil\u0259si apar\u0131l\u0131b, yeni d&ouml;vr&uuml;n &ccedil;a\u011f\u0131r\u0131\u015flar\u0131na adekvat olaraq universitetd\u0259 g\u0259nc \u0259m\u0259kda\u015flar\u0131n v\u0259 t\u0259l\u0259b\u0259l\u0259rin t\u0259hsil, elm v\u0259 dig\u0259r sah\u0259l\u0259rd\u0259 h\u0259rt\u0259r\u0259fli inki\u015faf\u0131n\u0131 d\u0259st\u0259kl\u0259y\u0259n layih\u0259l\u0259rin davaml\u0131 sur\u0259td\u0259 h\u0259yata ke&ccedil;iril\u0259c\u0259yi diqq\u0259t\u0259 &ccedil;atd\u0131r\u0131l\u0131b.<\/span><\/p>\n<p>{phocagallery view=category|categoryid=508|limitstart=0|limitcount=0}<\/p>\n<p>&nbsp;<\/p>\n<p>&nbsp;<\/p>\n<p>&nbsp;<\/p>\n<p>&nbsp;<\/p>\n<p>&nbsp;<\/p>","protected":false},"excerpt":{"rendered":"<p>Ming\u0259&ccedil;evir D&ouml;vl\u0259t Universitetind\u0259 2 fevral &#8211; Az\u0259rbaycan G\u0259ncl\u0259ri G&uuml;n&uuml;n\u0259 h\u0259sr edilmi\u015f konfrans ke&ccedil;irilib &nbsp; 2021-ci ilin&nbsp;2&nbsp;fevral tarixind\u0259 Ming\u0259&ccedil;evir D&ouml;vl\u0259t Universitetind\u0259 (MDU)&nbsp;2 fevral &ndash; Az\u0259rbaycan G\u0259ncl\u0259ri G&uuml;n&uuml;n\u0259 h\u0259sr edilmi\u015f &ldquo;G\u0259ncl\u0259r c\u0259miyy\u0259timizin bug&uuml;n&uuml; v\u0259 g\u0259l\u0259c\u0259yidir&rdquo; m&ouml;vzusunda konfrans ke&ccedil;irilib. &ldquo;Microsoft Teams&rdquo; platformas\u0131 &uuml;z\u0259rind\u0259n online formatda ke&ccedil;iril\u0259n&nbsp;konfrans\u0131 a&ccedil;an&nbsp;rektor&nbsp;\u015eahin Bayramov, ilk n&ouml;vb\u0259d\u0259, MDU-nun g\u0259nc t\u0259l\u0259b\u0259 v\u0259 \u0259m\u0259kda\u015flar\u0131n\u0131 2 fevral &ndash; [&hellip;]<\/p>\n","protected":false},"author":1,"featured_media":0,"comment_status":"open","ping_status":"open","sticky":false,"template":"","format":"standard","meta":{"_eb_attr":"","ocean_post_layout":"","ocean_both_sidebars_style":"","ocean_both_sidebars_content_width":0,"ocean_both_sidebars_sidebars_width":0,"ocean_sidebar":"","ocean_second_sidebar":"","ocean_disable_margins":"enable","ocean_add_body_class":"","ocean_shortcode_before_top_bar":"","ocean_shortcode_after_top_bar":"","ocean_shortcode_before_header":"","ocean_shortcode_after_header":"","ocean_has_shortcode":"","ocean_shortcode_after_title":"","ocean_shortcode_before_footer_widgets":"","ocean_shortcode_after_footer_widgets":"","ocean_shortcode_before_footer_bottom":"","ocean_shortcode_after_footer_bottom":"","ocean_display_top_bar":"default","ocean_display_header":"default","ocean_header_style":"","ocean_center_header_left_menu":"","ocean_custom_header_template":"","ocean_custom_logo":0,"ocean_custom_retina_logo":0,"ocean_custom_logo_max_width":0,"ocean_custom_logo_tablet_max_width":0,"ocean_custom_logo_mobile_max_width":0,"ocean_custom_logo_max_height":0,"ocean_custom_logo_tablet_max_height":0,"ocean_custom_logo_mobile_max_height":0,"ocean_header_custom_menu":"","ocean_menu_typo_font_family":"","ocean_menu_typo_font_subset":"","ocean_menu_typo_font_size":0,"ocean_menu_typo_font_size_tablet":0,"ocean_menu_typo_font_size_mobile":0,"ocean_menu_typo_font_size_unit":"px","ocean_menu_typo_font_weight":"","ocean_menu_typo_font_weight_tablet":"","ocean_menu_typo_font_weight_mobile":"","ocean_menu_typo_transform":"","ocean_menu_typo_transform_tablet":"","ocean_menu_typo_transform_mobile":"","ocean_menu_typo_line_height":0,"ocean_menu_typo_line_height_tablet":0,"ocean_menu_typo_line_height_mobile":0,"ocean_menu_typo_line_height_unit":"","ocean_menu_typo_spacing":0,"ocean_menu_typo_spacing_tablet":0,"ocean_menu_typo_spacing_mobile":0,"ocean_menu_typo_spacing_unit":"","ocean_menu_link_color":"","ocean_menu_link_color_hover":"","ocean_menu_link_color_active":"","ocean_menu_link_background":"","ocean_menu_link_hover_background":"","ocean_menu_link_active_background":"","ocean_menu_social_links_bg":"","ocean_menu_social_hover_links_bg":"","ocean_menu_social_links_color":"","ocean_menu_social_hover_links_color":"","ocean_disable_title":"default","ocean_disable_heading":"default","ocean_post_title":"","ocean_post_subheading":"","ocean_post_title_style":"","ocean_post_title_background_color":"","ocean_post_title_background":0,"ocean_post_title_bg_image_position":"","ocean_post_title_bg_image_attachment":"","ocean_post_title_bg_image_repeat":"","ocean_post_title_bg_image_size":"","ocean_post_title_height":0,"ocean_post_title_bg_overlay":0.5,"ocean_post_title_bg_overlay_color":"","ocean_disable_breadcrumbs":"default","ocean_breadcrumbs_color":"","ocean_breadcrumbs_separator_color":"","ocean_breadcrumbs_links_color":"","ocean_breadcrumbs_links_hover_color":"","ocean_display_footer_widgets":"default","ocean_display_footer_bottom":"default","ocean_custom_footer_template":"","ocean_post_oembed":"","ocean_post_self_hosted_media":"","ocean_post_video_embed":"","ocean_link_format":"","ocean_link_format_target":"self","ocean_quote_format":"","ocean_quote_format_link":"post","ocean_gallery_link_images":"on","ocean_gallery_id":[],"footnotes":""},"categories":[63],"tags":[],"class_list":["post-15715","post","type-post","status-publish","format-standard","hentry","category-khaebaerlaer-az","entry"],"_links":{"self":[{"href":"https:\/\/mdu.edu.az\/en\/wp-json\/wp\/v2\/posts\/15715","targetHints":{"allow":["GET"]}}],"collection":[{"href":"https:\/\/mdu.edu.az\/en\/wp-json\/wp\/v2\/posts"}],"about":[{"href":"https:\/\/mdu.edu.az\/en\/wp-json\/wp\/v2\/types\/post"}],"author":[{"embeddable":true,"href":"https:\/\/mdu.edu.az\/en\/wp-json\/wp\/v2\/users\/1"}],"replies":[{"embeddable":true,"href":"https:\/\/mdu.edu.az\/en\/wp-json\/wp\/v2\/comments?post=15715"}],"version-history":[{"count":0,"href":"https:\/\/mdu.edu.az\/en\/wp-json\/wp\/v2\/posts\/15715\/revisions"}],"wp:attachment":[{"href":"https:\/\/mdu.edu.az\/en\/wp-json\/wp\/v2\/media?parent=15715"}],"wp:term":[{"taxonomy":"category","embeddable":true,"href":"https:\/\/mdu.edu.az\/en\/wp-json\/wp\/v2\/categories?post=15715"},{"taxonomy":"post_tag","embeddable":true,"href":"https:\/\/mdu.edu.az\/en\/wp-json\/wp\/v2\/tags?post=15715"}],"curies":[{"name":"wp","href":"https:\/\/api.w.org\/{rel}","templated":true}]}}