{"id":15748,"date":"2021-02-18T22:04:46","date_gmt":"2021-02-18T19:04:46","guid":{"rendered":"https:\/\/mdu.edu.az\/minzh-evir-d-vl-t-universitetinin-pe-karla-zh-r-layih-sinin-n-vb-ti-zhona-dzeyhun-m-mm-dov-olub\/"},"modified":"2021-02-18T22:04:46","modified_gmt":"2021-02-18T19:04:46","slug":"minzh-evir-d-vl-t-universitetinin-pe-karla-zh-r-layih-sinin-n-vb-ti-zhona-dzeyhun-m-mm-dov-olub","status":"publish","type":"post","link":"https:\/\/mdu.edu.az\/en\/minzh-evir-d-vl-t-universitetinin-pe-karla-zh-r-layih-sinin-n-vb-ti-zhona-dzeyhun-m-mm-dov-olub\/","title":{"rendered":"Ming\u0259\u00e7evir D\u00f6vl\u0259t Universitetinin \u201cPe\u015f\u0259karla g\u00f6r\u00fc\u015f\u201d layih\u0259sinin n\u00f6vb\u0259ti qona\u011f\u0131 Ceyhun M\u0259mm\u0259dov olub"},"content":{"rendered":"<p style=\"margin-bottom: 0.0001pt; text-align: center;\"><b><span style=\"font-size: 14pt; line-height: 107%; font-family: 'Arial', sans-serif; color: #002060;\">Ming\u0259&ccedil;evir D&ouml;vl\u0259t Universitetinin&nbsp;&ldquo;Pe\u015f\u0259karla g&ouml;r&uuml;\u015f&rdquo; layih\u0259sinin n&ouml;vb\u0259ti qona\u011f\u0131 <\/span><\/b><b><span style=\"font-size: 14pt; line-height: 107%; font-family: 'Arial', sans-serif; color: #002060;\">Ceyhun M\u0259mm\u0259dov<\/span><\/b><b><span style=\"font-size: 14pt; line-height: 107%; font-family: 'Arial', sans-serif; color: #002060;\"> olub<\/span><\/b><\/p>\n<p>&nbsp;<\/p>\n<p style=\"margin-bottom: 0.0001pt; text-align: justify; text-indent: 1cm;\"><span style=\"font-size: 12pt; line-height: 107%; font-family: 'Arial', sans-serif; color: black; background: white none repeat scroll 0% 0%;\"><\/span><\/p>\n<p style=\"margin-bottom: 0.0001pt; text-align: justify; text-indent: 1cm;\"><span style=\"font-size: 12pt; line-height: 107%; font-family: 'Arial', sans-serif; color: black; background: white none repeat scroll 0% 0%;\">2021-ci ilin&nbsp;18 fevral&nbsp;tarixind\u0259&nbsp;Ming\u0259&ccedil;evir D&ouml;vl\u0259t Universitetind\u0259&nbsp;(MDU) &ldquo;Pe\u015f\u0259karla g&ouml;r&uuml;\u015f&rdquo; layih\u0259si &ccedil;\u0259r&ccedil;iv\u0259sind\u0259 n&ouml;vb\u0259ti t\u0259dbir ke&ccedil;irilib.<\/span><span style=\"font-size: 12pt; line-height: 107%; font-family: 'Arial', sans-serif; color: black;\"> &ldquo;Microsoft Teams&rdquo; platformas\u0131 &uuml;z\u0259rind\u0259n onlayn formatda t\u0259\u015fkil edil\u0259n g&ouml;r&uuml;\u015f&uuml;n qona\u011f\u0131<span style=\"background: white none repeat scroll 0% 0%;\"> Az\u0259rbaycan Respublikas\u0131 Milli M\u0259clisinin deputat\u0131,&nbsp;<\/span>ilahiyyat &uuml;zr\u0259 f\u0259ls\u0259f\u0259 doktoru Ceyhun M\u0259mm\u0259dov olub.<\/span><\/p>\n<p style=\"margin-bottom: 0.0001pt; text-align: justify; text-indent: 1cm;\"><span style=\"font-size: 12pt; line-height: 107%; font-family: 'Arial', sans-serif; color: black; background: white none repeat scroll 0% 0%;\">&ldquo;Qaraba\u011f h\u0259qiq\u0259tl\u0259rinin d&uuml;nya ictimaiyy\u0259tin\u0259 &ccedil;atd\u0131r\u0131lmas\u0131nda Az\u0259rbaycan ali t\u0259hsil m&uuml;\u0259ssis\u0259l\u0259rinin rolu&rdquo; m&ouml;vzusunda ke&ccedil;iril\u0259n g&ouml;r&uuml;\u015f&uuml;n moderatoru olan MDU-nun rektoru \u015eahin Bayramov, ilk n&ouml;vb\u0259d\u0259, d\u0259v\u0259ti q\u0259bul edib t\u0259l\u0259b\u0259 v\u0259 m&uuml;\u0259llim kollektivi il\u0259 g&ouml;r&uuml;\u015fd\u0259 i\u015ftirak etdiyin\u0259 g&ouml;r\u0259 qona\u011fa t\u0259\u015f\u0259kk&uuml;r&uuml;n&uuml; bildirib. Layih\u0259nin \u0259sas m\u0259qs\u0259dini v\u0259 ba\u015fl\u0131ca \u0259h\u0259miyy\u0259tini diqq\u0259t\u0259 &ccedil;atd\u0131ran \u015e.Bayramov C.M\u0259mm\u0259dovun bioqrafiyas\u0131, ali t\u0259hsilin idar\u0259 edilm\u0259si sah\u0259sind\u0259 b&ouml;y&uuml;k t\u0259cr&uuml;b\u0259si, qanun yarad\u0131c\u0131l\u0131\u011f\u0131nda v\u0259 &ouml;lk\u0259mizin ictimai-siyasi h\u0259yat\u0131nda f\u0259al i\u015ftirak\u0131, el\u0259c\u0259 d\u0259 elmi-pedaqoji f\u0259aliyy\u0259ti bar\u0259d\u0259 \u0259trafl\u0131 m\u0259lumat verib.<\/span><\/p>\n<p style=\"margin-bottom: 0.0001pt; text-align: justify; text-indent: 1cm;\"><span style=\"font-size: 12pt; line-height: 107%; font-family: 'Arial', sans-serif; color: black; background: white none repeat scroll 0% 0%;\">MDU-da professor-m&uuml;\u0259llim v\u0259 t\u0259l\u0259b\u0259 hey\u0259ti &uuml;zvl\u0259ri il\u0259 g&ouml;r&uuml;\u015fm\u0259kd\u0259n m\u0259mnunlu\u011funu ifad\u0259 ed\u0259n C.M\u0259mm\u0259dov son d&ouml;vrl\u0259rd\u0259, h\u0259tta pandemiya \u015f\u0259raitinin &ccedil;\u0259tinlikl\u0259rin\u0259 baxmayaraq universitetd\u0259 h\u0259yata ke&ccedil;iril\u0259n t\u0259dbirl\u0259ri, ba\u015f ver\u0259n m&uuml;sb\u0259t d\u0259yi\u015fiklikl\u0259ri yax\u0131ndan izl\u0259diyini bildirib. MDU-nun milli ali t\u0259hsil sistemind\u0259 &ouml;z&uuml;n\u0259m\u0259xsus m&ouml;vqeyi il\u0259 se&ccedil;ildiyini diqq\u0259t\u0259 &ccedil;atd\u0131ran mill\u0259t v\u0259kili 44 g&uuml;nl&uuml;k V\u0259t\u0259n m&uuml;harib\u0259si v\u0259 ondan sonrak\u0131 d&ouml;vrd\u0259 sosial \u015f\u0259b\u0259k\u0259l\u0259rd\u0259, t\u0259bli\u011fat, maarifl\u0259ndirm\u0259 v\u0259 m\u0259n\u0259vi d\u0259st\u0259k t\u0259dbirl\u0259rind\u0259 universitetin f\u0259all\u0131\u011f\u0131n\u0131 y&uuml;ks\u0259k qiym\u0259tl\u0259ndirib. <\/span><\/p>\n<p style=\"margin-bottom: 0.0001pt; text-align: justify; text-indent: 1cm;\"><span style=\"font-size: 12pt; line-height: 107%; font-family: 'Arial', sans-serif; color: black; background: white none repeat scroll 0% 0%;\">T\u0259dbir &uuml;&ccedil;&uuml;n se&ccedil;ilmi\u015f m&ouml;vzunun aktuall\u0131\u011f\u0131n\u0131 vur\u011fulayan C.M\u0259mm\u0259dov Qaraba\u011f h\u0259qiq\u0259tl\u0259rinin v\u0259 i\u015f\u011faldan azad edilmi\u015f torpaqlardak\u0131 erm\u0259ni v\u0259h\u015filiyinin d&uuml;nya ictimaiyy\u0259tin\u0259 &ccedil;atd\u0131r\u0131lmas\u0131nda ali t\u0259hsil m&uuml;\u0259ssis\u0259l\u0259rinin m&uuml;mk&uuml;n d\u0259st\u0259yi v\u0259 potensial f\u0259aliyy\u0259t istiqam\u0259tl\u0259ri haqq\u0131nda fikirl\u0259rini b&ouml;l&uuml;\u015f&uuml;b. <\/span><\/p>\n<p style=\"margin-bottom: 0.0001pt; text-align: justify; text-indent: 1cm;\"><span style=\"font-size: 12pt; line-height: 107%; font-family: 'Arial', sans-serif; color: black; background: white none repeat scroll 0% 0%;\">Uzun m&uuml;dd\u0259t \u0259rzind\u0259 m\u0259nfur erm\u0259nil\u0259rin Az\u0259rbaycan \u0259leyhin\u0259 d&uuml;nyada ciddi t\u0259bli\u011fat apard\u0131qlar\u0131n\u0131 v\u0259 &ouml;lk\u0259miz haqq\u0131nda m\u0259nfi stereotipl\u0259r yaratma\u011fa &ccedil;al\u0131\u015fd\u0131qlar\u0131n\u0131 qeyd ed\u0259n mill\u0259t v\u0259kili, sosial \u015f\u0259b\u0259k\u0259l\u0259rd\u0259 daim f\u0259al olma\u011f\u0131, m&uuml;xt\u0259lif virtual platformalarda, t\u0259dbirl\u0259rd\u0259 d&uuml;\u015fm\u0259nin yalan v\u0259 saxta simas\u0131n\u0131 if\u015fa etm\u0259yi, informasiya c\u0259bh\u0259sind\u0259 v\u0259t\u0259np\u0259rv\u0259rlik m&ouml;vqeyini ortaya qoyma\u011f\u0131 v\u0259t\u0259nda\u015fl\u0131q borcu kimi d\u0259y\u0259rl\u0259ndirib. <\/span><\/p>\n<p style=\"margin-bottom: 0.0001pt; text-align: justify; text-indent: 1cm;\"><span style=\"font-size: 12pt; line-height: 107%; font-family: 'Arial', sans-serif; color: black; background: white none repeat scroll 0% 0%;\">Ali t\u0259hsil m&uuml;\u0259ssis\u0259l\u0259rinin informasiya m&uuml;bariz\u0259sind\u0259 potensial imkanlar\u0131n\u0131 diqq\u0259t\u0259 &ccedil;atd\u0131ran mill\u0259t v\u0259kili d&uuml;nyada ciddi q\u0259bul edilmi\u015f m\u0259nb\u0259l\u0259r\u0259 istinad etm\u0259kl\u0259 sanball\u0131 elmi m\u0259qal\u0259l\u0259rin yaz\u0131lmas\u0131 v\u0259 n&uuml;fuzlu n\u0259\u015frl\u0259rd\u0259 d\u0259rc edilm\u0259si, xarici mediya qurumlar\u0131na m&uuml;sahib\u0259l\u0259rin verilm\u0259si, birg\u0259 konfranslar\u0131n v\u0259 t\u0259dbirl\u0259rin ke&ccedil;irilm\u0259si, xaricd\u0259 ya\u015fayan n&uuml;fuzlu elm adamlar\u0131, qabaqc\u0131l d&uuml;nya universitetl\u0259rind\u0259 f\u0259aliyy\u0259t g&ouml;st\u0259r\u0259n t\u0259dqiqat&ccedil;\u0131lar\u0131m\u0131z v\u0259 t\u0259hsil alan t\u0259l\u0259b\u0259l\u0259rimiz il\u0259 kommunikasiyan\u0131n m\u0259qs\u0259dy&ouml;nl&uuml; qurulmas\u0131 m\u0259s\u0259l\u0259l\u0259rind\u0259n dan\u0131\u015f\u0131b. <\/span><\/p>\n<p style=\"margin-bottom: 0.0001pt; text-align: justify; text-indent: 1cm;\"><span style=\"font-size: 12pt; line-height: 107%; font-family: 'Arial', sans-serif; color: black; background: white none repeat scroll 0% 0%;\">Az\u0259rbaycan h\u0259qiq\u0259tl\u0259rinin d&uuml;nya ictimaiyy\u0259tin\u0259 effektiv \u015f\u0259kild\u0259 &ccedil;atd\u0131r\u0131lmas\u0131n\u0131n y&uuml;ks\u0259k pe\u015f\u0259karl\u0131q s\u0259viyy\u0259si t\u0259l\u0259b etdiyini vur\u011fulayan C.M\u0259mm\u0259dov t\u0259l\u0259b\u0259l\u0259r\u0259 &ouml;z ixtisaslar\u0131 il\u0259 yana\u015f\u0131, &ouml;lk\u0259mizin tarixi v\u0259 m\u0259d\u0259niyy\u0259ti haqq\u0131nda geni\u015f bilikl\u0259r \u0259ld\u0259 etm\u0259yi, xarici dill\u0259ri &ouml;yr\u0259nm\u0259yi, d&uuml;r&uuml;stl&uuml;y&uuml;, \u0259dal\u0259tliliyi v\u0259 f\u0259all\u0131\u011f\u0131 \u0259sas d\u0259y\u0259rl\u0259r kimi q\u0259bul etm\u0259yi t&ouml;vsiy\u0259 edib.<\/span><\/p>\n<p style=\"margin-bottom: 0.0001pt; text-align: justify; text-indent: 1cm;\"><span class=\"tojvnm2t\"><span style=\"font-size: 12pt; line-height: 107%; font-family: 'Arial', sans-serif; color: black;\">Sonra C.M\u0259mm\u0259dov g&ouml;r&uuml;\u015f i\u015ftirak&ccedil;\u0131lar\u0131n\u0131n do\u011fma Qaraba\u011f\u0131n dir&ccedil;\u0259ldilm\u0259si, onun bir Az\u0259rbaycan brendi kimi d&uuml;nyaya t\u0259qdim edilm\u0259si, erm\u0259ni vandalizmi n\u0259tic\u0259sind\u0259 d\u0259y\u0259n z\u0259r\u0259rl\u0259rin qiym\u0259tl\u0259ndirilm\u0259si, yeni d&ouml;vr&uuml;n m&uuml;\u0259lliml\u0259rinin &uuml;z\u0259rin\u0259 d&uuml;\u015f\u0259n v\u0259zif\u0259l\u0259r, t\u0259hsil qanunvericiliyinin t\u0259kmill\u0259\u015fdirilm\u0259si v\u0259 dig\u0259r m&ouml;vzular\u0131 \u0259hat\u0259 ed\u0259n &ccedil;oxsayl\u0131 suallar\u0131n\u0131 cavabland\u0131r\u0131b. <\/span><\/span><\/p>\n<p style=\"margin-bottom: 0.0001pt; text-align: justify; text-indent: 1cm;\"><span class=\"tojvnm2t\"><span style=\"font-size: 12pt; line-height: 107%; font-family: 'Arial', sans-serif; color: black;\">G&ouml;r&uuml;\u015f h\u0259m i\u015ftirak&ccedil;\u0131lar\u0131n, h\u0259m d\u0259 qona\u011f\u0131n b&ouml;y&uuml;k mara\u011f\u0131na s\u0259b\u0259b olub.<\/span><\/span><\/p>\n<p style=\"margin-bottom: 0.0001pt; text-align: justify; text-indent: 1cm;\"><span style=\"font-size: 12pt; line-height: 107%; font-family: 'Arial', sans-serif; color: black;\">Qeyd ed\u0259k ki, &ldquo;Pe\u015f\u0259karla g&ouml;r&uuml;\u015f&rdquo; layih\u0259sinin \u0259sas m\u0259qs\u0259di MDU kollektivinin m&uuml;xt\u0259lif aktual m&ouml;vzular bar\u0259d\u0259 pe\u015f\u0259karlar\u0131n bilik v\u0259 bacar\u0131qlar\u0131ndan faydalanmas\u0131 &uuml;&ccedil;&uuml;n imkanlar\u0131n yarad\u0131lmas\u0131ndan ibar\u0259tdir. Davaml\u0131 olaraq ke&ccedil;iril\u0259n g&ouml;r&uuml;\u015fl\u0259rd\u0259 MDU-nun t\u0259l\u0259b\u0259l\u0259ri, magistrantlar\u0131, m\u0259zunlar\u0131 v\u0259 \u0259m\u0259kda\u015flar\u0131 i\u015ftirak edirl\u0259r. Layih\u0259 &ccedil;\u0259r&ccedil;iv\u0259sind\u0259 bundan \u0259vv\u0259l ke&ccedil;iril\u0259n g&ouml;r&uuml;\u015fl\u0259rd\u0259&nbsp;BP \u015firk\u0259tinin vitse-prezidenti B\u0259xtiyar Aslanb\u0259yli, Az\u0259rbaycan Respublikas\u0131 Mili M\u0259clisinin Elm v\u0259 t\u0259hsil komit\u0259sinin s\u0259dri, professor B\u0259xtiyar \u018fliyev, Az\u0259rbaycan D&ouml;vl\u0259t Pedaqoji Universitetinin rektoru, professor C\u0259f\u0259r C\u0259f\u0259rov v\u0259 V\u0259t\u0259n M&uuml;harib\u0259si Q\u0259hr\u0259man\u0131, mayor Elnur \u015eirinov qonaq qismind\u0259 i\u015ftirak edibl\u0259r.<\/span><\/p>\n<p style=\"margin-bottom: 0.0001pt; text-align: justify; text-indent: 1cm;\">&nbsp;{phocagallery view=category|categoryid=520|limitstart=0|limitcount=0}<\/p>","protected":false},"excerpt":{"rendered":"<p>Ming\u0259&ccedil;evir D&ouml;vl\u0259t Universitetinin&nbsp;&ldquo;Pe\u015f\u0259karla g&ouml;r&uuml;\u015f&rdquo; layih\u0259sinin n&ouml;vb\u0259ti qona\u011f\u0131 Ceyhun M\u0259mm\u0259dov olub &nbsp; 2021-ci ilin&nbsp;18 fevral&nbsp;tarixind\u0259&nbsp;Ming\u0259&ccedil;evir D&ouml;vl\u0259t Universitetind\u0259&nbsp;(MDU) &ldquo;Pe\u015f\u0259karla g&ouml;r&uuml;\u015f&rdquo; layih\u0259si &ccedil;\u0259r&ccedil;iv\u0259sind\u0259 n&ouml;vb\u0259ti t\u0259dbir ke&ccedil;irilib. &ldquo;Microsoft Teams&rdquo; platformas\u0131 &uuml;z\u0259rind\u0259n onlayn formatda t\u0259\u015fkil edil\u0259n g&ouml;r&uuml;\u015f&uuml;n qona\u011f\u0131 Az\u0259rbaycan Respublikas\u0131 Milli M\u0259clisinin deputat\u0131,&nbsp;ilahiyyat &uuml;zr\u0259 f\u0259ls\u0259f\u0259 doktoru Ceyhun M\u0259mm\u0259dov olub. &ldquo;Qaraba\u011f h\u0259qiq\u0259tl\u0259rinin d&uuml;nya ictimaiyy\u0259tin\u0259 &ccedil;atd\u0131r\u0131lmas\u0131nda Az\u0259rbaycan ali t\u0259hsil m&uuml;\u0259ssis\u0259l\u0259rinin rolu&rdquo; m&ouml;vzusunda [&hellip;]<\/p>\n","protected":false},"author":1,"featured_media":0,"comment_status":"open","ping_status":"open","sticky":false,"template":"","format":"standard","meta":{"_eb_attr":"","ocean_post_layout":"","ocean_both_sidebars_style":"","ocean_both_sidebars_content_width":0,"ocean_both_sidebars_sidebars_width":0,"ocean_sidebar":"","ocean_second_sidebar":"","ocean_disable_margins":"enable","ocean_add_body_class":"","ocean_shortcode_before_top_bar":"","ocean_shortcode_after_top_bar":"","ocean_shortcode_before_header":"","ocean_shortcode_after_header":"","ocean_has_shortcode":"","ocean_shortcode_after_title":"","ocean_shortcode_before_footer_widgets":"","ocean_shortcode_after_footer_widgets":"","ocean_shortcode_before_footer_bottom":"","ocean_shortcode_after_footer_bottom":"","ocean_display_top_bar":"default","ocean_display_header":"default","ocean_header_style":"","ocean_center_header_left_menu":"","ocean_custom_header_template":"","ocean_custom_logo":0,"ocean_custom_retina_logo":0,"ocean_custom_logo_max_width":0,"ocean_custom_logo_tablet_max_width":0,"ocean_custom_logo_mobile_max_width":0,"ocean_custom_logo_max_height":0,"ocean_custom_logo_tablet_max_height":0,"ocean_custom_logo_mobile_max_height":0,"ocean_header_custom_menu":"","ocean_menu_typo_font_family":"","ocean_menu_typo_font_subset":"","ocean_menu_typo_font_size":0,"ocean_menu_typo_font_size_tablet":0,"ocean_menu_typo_font_size_mobile":0,"ocean_menu_typo_font_size_unit":"px","ocean_menu_typo_font_weight":"","ocean_menu_typo_font_weight_tablet":"","ocean_menu_typo_font_weight_mobile":"","ocean_menu_typo_transform":"","ocean_menu_typo_transform_tablet":"","ocean_menu_typo_transform_mobile":"","ocean_menu_typo_line_height":0,"ocean_menu_typo_line_height_tablet":0,"ocean_menu_typo_line_height_mobile":0,"ocean_menu_typo_line_height_unit":"","ocean_menu_typo_spacing":0,"ocean_menu_typo_spacing_tablet":0,"ocean_menu_typo_spacing_mobile":0,"ocean_menu_typo_spacing_unit":"","ocean_menu_link_color":"","ocean_menu_link_color_hover":"","ocean_menu_link_color_active":"","ocean_menu_link_background":"","ocean_menu_link_hover_background":"","ocean_menu_link_active_background":"","ocean_menu_social_links_bg":"","ocean_menu_social_hover_links_bg":"","ocean_menu_social_links_color":"","ocean_menu_social_hover_links_color":"","ocean_disable_title":"default","ocean_disable_heading":"default","ocean_post_title":"","ocean_post_subheading":"","ocean_post_title_style":"","ocean_post_title_background_color":"","ocean_post_title_background":0,"ocean_post_title_bg_image_position":"","ocean_post_title_bg_image_attachment":"","ocean_post_title_bg_image_repeat":"","ocean_post_title_bg_image_size":"","ocean_post_title_height":0,"ocean_post_title_bg_overlay":0.5,"ocean_post_title_bg_overlay_color":"","ocean_disable_breadcrumbs":"default","ocean_breadcrumbs_color":"","ocean_breadcrumbs_separator_color":"","ocean_breadcrumbs_links_color":"","ocean_breadcrumbs_links_hover_color":"","ocean_display_footer_widgets":"default","ocean_display_footer_bottom":"default","ocean_custom_footer_template":"","ocean_post_oembed":"","ocean_post_self_hosted_media":"","ocean_post_video_embed":"","ocean_link_format":"","ocean_link_format_target":"self","ocean_quote_format":"","ocean_quote_format_link":"post","ocean_gallery_link_images":"on","ocean_gallery_id":[],"footnotes":""},"categories":[63],"tags":[],"class_list":["post-15748","post","type-post","status-publish","format-standard","hentry","category-khaebaerlaer-az","entry"],"_links":{"self":[{"href":"https:\/\/mdu.edu.az\/en\/wp-json\/wp\/v2\/posts\/15748","targetHints":{"allow":["GET"]}}],"collection":[{"href":"https:\/\/mdu.edu.az\/en\/wp-json\/wp\/v2\/posts"}],"about":[{"href":"https:\/\/mdu.edu.az\/en\/wp-json\/wp\/v2\/types\/post"}],"author":[{"embeddable":true,"href":"https:\/\/mdu.edu.az\/en\/wp-json\/wp\/v2\/users\/1"}],"replies":[{"embeddable":true,"href":"https:\/\/mdu.edu.az\/en\/wp-json\/wp\/v2\/comments?post=15748"}],"version-history":[{"count":0,"href":"https:\/\/mdu.edu.az\/en\/wp-json\/wp\/v2\/posts\/15748\/revisions"}],"wp:attachment":[{"href":"https:\/\/mdu.edu.az\/en\/wp-json\/wp\/v2\/media?parent=15748"}],"wp:term":[{"taxonomy":"category","embeddable":true,"href":"https:\/\/mdu.edu.az\/en\/wp-json\/wp\/v2\/categories?post=15748"},{"taxonomy":"post_tag","embeddable":true,"href":"https:\/\/mdu.edu.az\/en\/wp-json\/wp\/v2\/tags?post=15748"}],"curies":[{"name":"wp","href":"https:\/\/api.w.org\/{rel}","templated":true}]}}