{"id":15753,"date":"2021-02-23T16:57:34","date_gmt":"2021-02-23T13:57:34","guid":{"rendered":"https:\/\/mdu.edu.az\/peshekar16-02-2021\/"},"modified":"2021-02-23T16:57:34","modified_gmt":"2021-02-23T13:57:34","slug":"peshekar16-02-2021","status":"publish","type":"post","link":"https:\/\/mdu.edu.az\/en\/peshekar16-02-2021\/","title":{"rendered":"Ming\u0259\u00e7evir D\u00f6vl\u0259t Universiteti Elmi \u015euras\u0131n\u0131n n\u00f6vb\u0259ti iclas\u0131 ke\u00e7irilib"},"content":{"rendered":"<p style=\"margin-bottom: 0.0001pt; text-indent: 35.45pt; line-height: 12pt; text-align: center;\"><span style=\"font-size: 14pt;\"><strong><span style=\"font-size: 12pt; font-family: Arial, sans-serif; color: #0000ff;\">Ming\u0259&ccedil;evir D&ouml;vl\u0259t Universiteti Elmi \u015euras\u0131n\u0131n n&ouml;vb\u0259ti iclas\u0131 ke&ccedil;irilib <\/span><\/strong><\/span><\/p>\n<p style=\"text-align: center;\"><img decoding=\"async\" src=\"images\/photo\/elmi_sura_23.02.2021.png\" alt=\"\" \/><\/p>\n<p style=\"margin-bottom: 0.0001pt; text-align: justify; text-indent: 35.45pt; line-height: 12pt;\"><span style=\"font-size: 12pt; font-family: Arial, sans-serif; color: #000000;\">2021-ci ilin 23 fevral tarixind\u0259 Ming\u0259&ccedil;evir D&ouml;vl\u0259t Universitetinin (MDU) Elmi \u015euras\u0131n\u0131n n&ouml;vb\u0259ti iclas\u0131 ke&ccedil;irilib. <\/span><\/p>\n<p style=\"margin-bottom: 0.0001pt; text-align: justify; text-indent: 35.45pt; line-height: 12pt;\"><span style=\"font-size: 12pt; font-family: Arial, sans-serif; color: #000000;\">&ldquo;Microsoft Teams&rdquo; platformas\u0131 &uuml;z\u0259rind\u0259n online formatda ke&ccedil;iril\u0259n iclas\u0131 a&ccedil;an MDU-nun rektoru \u015eahin Bayramov g&uuml;nd\u0259likd\u0259 dayanan m\u0259s\u0259l\u0259l\u0259ri diqq\u0259t\u0259 &ccedil;atd\u0131r\u0131b.<\/span><\/p>\n<p style=\"margin-bottom: 0.0001pt; text-align: justify; text-indent: 35.45pt; line-height: 12pt;\"><span style=\"font-size: 12pt; font-family: Arial, sans-serif; color: #000000;\">\u0130clas\u0131n g&uuml;nd\u0259liyin\u0259 uy\u011fun olaraq, &ldquo;2020\/2021-ci t\u0259dris ilinin pay\u0131z imtahan sessiyas\u0131n\u0131n yekunlar\u0131 haqq\u0131nda&rdquo; hesabat dinl\u0259nilib. T\u0259dris \u015f&ouml;b\u0259sinin m&uuml;dir m&uuml;avini &Uuml;.Zeynalov t\u0259r\u0259find\u0259n t\u0259qdim olunan hesabatda m&ouml;vcud normativ s\u0259n\u0259dl\u0259r \u0259sas\u0131nda m\u0259saf\u0259d\u0259n t\u0259\u015fkil edilmi\u015f pay\u0131z imtahan sessiyas\u0131n\u0131n fak&uuml;lt\u0259l\u0259r, kafedralar v\u0259 ixtisaslar &uuml;zr\u0259 n\u0259tic\u0259l\u0259ri bar\u0259d\u0259 m\u0259lumatlar &ouml;z \u0259ksini tap\u0131b. \u018fvv\u0259lki d&ouml;vrl\u0259rl\u0259 m&uuml;qayis\u0259d\u0259 cari imtahan sessiyas\u0131nda m&uuml;v\u0259ff\u0259qiyy\u0259t v\u0259 keyfiyy\u0259t g&ouml;st\u0259ricil\u0259rinin y&uuml;ks\u0259ldiyi, apellyasiya m&uuml;raci\u0259tl\u0259rinin say\u0131n\u0131n \u0259h\u0259miyy\u0259tli d\u0259r\u0259c\u0259d\u0259 azald\u0131\u011f\u0131 bildirilib. T\u0259hsilalanlar v\u0259 akademik hey\u0259t &uuml;zvl\u0259ri aras\u0131nda apar\u0131lm\u0131\u015f sor\u011fular\u0131n n\u0259tic\u0259l\u0259rin\u0259 \u0259sas\u0259n imtahan prosesinin t\u0259\u015fkilind\u0259n v\u0259 gedi\u015fat\u0131ndan, biliyin qiym\u0259tl\u0259ndirilm\u0259si &uuml;&ccedil;&uuml;n yarad\u0131lm\u0131\u015f \u015f\u0259ffaf mexanizmd\u0259n, m&uuml;\u0259llim v\u0259 t\u0259l\u0259b\u0259l\u0259r\u0259 m&uuml;nasib\u0259td\u0259 t\u0259tbiq edil\u0259n h\u0259ssas yana\u015fmadan y&uuml;ks\u0259k m\u0259mnunlu\u011fun ifad\u0259 edildiyi qeyd olunub.<\/span><\/p>\n<p style=\"margin-bottom: 0.0001pt; text-align: justify; text-indent: 35.45pt; line-height: 12pt;\"><span style=\"font-size: 12pt; font-family: Arial, sans-serif; color: #000000;\">M&uuml;zakir\u0259l\u0259rd\u0259n sonra, hesabat\u0131n \u0259sas m\u0259qs\u0259dl\u0259rind\u0259n birinin g\u0259l\u0259c\u0259kd\u0259 at\u0131lacaq add\u0131mlar\u0131n m&uuml;\u0259yy\u0259n edilm\u0259si oldu\u011funu diqq\u0259t\u0259 &ccedil;atd\u0131ran rektor m&ouml;vcud \u015f\u0259raitd\u0259 t\u0259dris prosesinin keyfiyy\u0259tinin davaml\u0131 y&uuml;ks\u0259ldilm\u0259sinin vacibliyini vur\u011fulay\u0131b, m&uuml;sb\u0259t meyill\u0259rin daha da m&ouml;hk\u0259ml\u0259ndirilm\u0259si v\u0259 cari &ccedil;\u0259tinlikl\u0259rin aradan qald\u0131r\u0131lmas\u0131 istiqam\u0259tind\u0259 m&uuml;vafiq tap\u015f\u0131r\u0131q v\u0259 t&ouml;vsiy\u0259l\u0259rini verib. Hesabat Elmi \u015eura t\u0259r\u0259find\u0259n q\u0259bul edilib.<\/span><\/p>\n<p style=\"margin-bottom: 0.0001pt; text-align: justify; text-indent: 35.45pt; line-height: 12pt;\"><span style=\"font-size: 12pt; font-family: Arial, sans-serif; color: #000000;\">Sonra, M&uuml;h\u0259ndislik fak&uuml;lt\u0259sinin dekan \u0259v\u0259zi A.\u018fliyeva &ldquo;M&uuml;h\u0259ndislik fak&uuml;lt\u0259sinin f\u0259aliyy\u0259ti haqq\u0131nda&rdquo; hesabat t\u0259qdim edib. Hesabatda &ouml;t\u0259n d&ouml;vr \u0259rzind\u0259 fak&uuml;lt\u0259d\u0259 t\u0259drisin keyfiyy\u0259tinin y&uuml;ks\u0259ldilm\u0259si, elmi f\u0259aliyy\u0259tin s\u0259m\u0259r\u0259liliyinin art\u0131r\u0131lmas\u0131 v\u0259 t\u0259l\u0259b\u0259l\u0259rl\u0259 i\u015fin t\u0259kmill\u0259\u015fdirilm\u0259si istiqam\u0259tind\u0259 g&ouml;r&uuml;l\u0259n i\u015fl\u0259r bar\u0259d\u0259 m\u0259lumat verilib v\u0259 n&ouml;vb\u0259ti d&ouml;vr &uuml;&ccedil;&uuml;n i\u015f plan\u0131 diqq\u0259t\u0259 &ccedil;atd\u0131r\u0131l\u0131b. M&uuml;zakir\u0259l\u0259rd\u0259n sonra, rektor fak&uuml;lt\u0259nin potensial\u0131n\u0131n g&uuml;cl\u0259ndirilm\u0259sind\u0259 m&uuml;h&uuml;m rol oynayan qabaqc\u0131l t\u0259r\u0259fda\u015f universitetl\u0259rl\u0259 faydal\u0131 \u0259m\u0259kda\u015fl\u0131\u011f\u0131n \u0259h\u0259miyy\u0259tind\u0259n dan\u0131\u015f\u0131b v\u0259 bununla ba\u011fl\u0131 m&uuml;vafiq g&ouml;st\u0259ri\u015fl\u0259rini verib. Hesabat Elmi \u015eura t\u0259r\u0259find\u0259n q\u0259bul edilib.<\/span><\/p>\n<p style=\"margin-bottom: 0.0001pt; text-align: justify; text-indent: 35.45pt; line-height: 12pt;\"><span style=\"font-size: 12pt; font-family: Arial, sans-serif; color: #000000;\">\u0130clasda i\u015f\u011faldan azad edilmi\u015f do\u011fma Qaraba\u011f\u0131n dir&ccedil;\u0259ldilm\u0259si il\u0259 ba\u011fl\u0131 &ouml;lk\u0259d\u0259 h\u0259yata ke&ccedil;iril\u0259n geni\u015fmiqyasl\u0131 v\u0259 sistemli d&ouml;vl\u0259t t\u0259dbirl\u0259rin\u0259 m&uuml;mk&uuml;n d\u0259st\u0259k &ccedil;\u0259r&ccedil;iv\u0259sind\u0259 f\u0259aliyy\u0259tl\u0259r\u0259 MDU-nun t\u0259l\u0259b\u0259 v\u0259 m&uuml;\u0259llim kollektivinin aktiv qo\u015fulmas\u0131n\u0131n t\u0259min edilm\u0259si qar\u015f\u0131da dayanan \u0259sas v\u0259zif\u0259l\u0259rd\u0259n biri olaraq m&uuml;\u0259yy\u0259n edilib.<\/span><\/p>\n<p style=\"margin-bottom: 0.0001pt; text-align: justify; text-indent: 35.45pt; line-height: 12pt;\"><span style=\"font-size: 12pt; font-family: Arial, sans-serif; color: #000000;\">\u0130clas cari m\u0259s\u0259l\u0259l\u0259rin m&uuml;zakir\u0259si il\u0259 davam edib.<\/span><\/p>","protected":false},"excerpt":{"rendered":"<p>Ming\u0259&ccedil;evir D&ouml;vl\u0259t Universiteti Elmi \u015euras\u0131n\u0131n n&ouml;vb\u0259ti iclas\u0131 ke&ccedil;irilib 2021-ci ilin 23 fevral tarixind\u0259 Ming\u0259&ccedil;evir D&ouml;vl\u0259t Universitetinin (MDU) Elmi \u015euras\u0131n\u0131n n&ouml;vb\u0259ti iclas\u0131 ke&ccedil;irilib. &ldquo;Microsoft Teams&rdquo; platformas\u0131 &uuml;z\u0259rind\u0259n online formatda ke&ccedil;iril\u0259n iclas\u0131 a&ccedil;an MDU-nun rektoru \u015eahin Bayramov g&uuml;nd\u0259likd\u0259 dayanan m\u0259s\u0259l\u0259l\u0259ri diqq\u0259t\u0259 &ccedil;atd\u0131r\u0131b. \u0130clas\u0131n g&uuml;nd\u0259liyin\u0259 uy\u011fun olaraq, &ldquo;2020\/2021-ci t\u0259dris ilinin pay\u0131z imtahan sessiyas\u0131n\u0131n yekunlar\u0131 haqq\u0131nda&rdquo; hesabat dinl\u0259nilib. T\u0259dris [&hellip;]<\/p>\n","protected":false},"author":1,"featured_media":0,"comment_status":"open","ping_status":"open","sticky":false,"template":"","format":"standard","meta":{"_eb_attr":"","ocean_post_layout":"","ocean_both_sidebars_style":"","ocean_both_sidebars_content_width":0,"ocean_both_sidebars_sidebars_width":0,"ocean_sidebar":"","ocean_second_sidebar":"","ocean_disable_margins":"enable","ocean_add_body_class":"","ocean_shortcode_before_top_bar":"","ocean_shortcode_after_top_bar":"","ocean_shortcode_before_header":"","ocean_shortcode_after_header":"","ocean_has_shortcode":"","ocean_shortcode_after_title":"","ocean_shortcode_before_footer_widgets":"","ocean_shortcode_after_footer_widgets":"","ocean_shortcode_before_footer_bottom":"","ocean_shortcode_after_footer_bottom":"","ocean_display_top_bar":"default","ocean_display_header":"default","ocean_header_style":"","ocean_center_header_left_menu":"","ocean_custom_header_template":"","ocean_custom_logo":0,"ocean_custom_retina_logo":0,"ocean_custom_logo_max_width":0,"ocean_custom_logo_tablet_max_width":0,"ocean_custom_logo_mobile_max_width":0,"ocean_custom_logo_max_height":0,"ocean_custom_logo_tablet_max_height":0,"ocean_custom_logo_mobile_max_height":0,"ocean_header_custom_menu":"","ocean_menu_typo_font_family":"","ocean_menu_typo_font_subset":"","ocean_menu_typo_font_size":0,"ocean_menu_typo_font_size_tablet":0,"ocean_menu_typo_font_size_mobile":0,"ocean_menu_typo_font_size_unit":"px","ocean_menu_typo_font_weight":"","ocean_menu_typo_font_weight_tablet":"","ocean_menu_typo_font_weight_mobile":"","ocean_menu_typo_transform":"","ocean_menu_typo_transform_tablet":"","ocean_menu_typo_transform_mobile":"","ocean_menu_typo_line_height":0,"ocean_menu_typo_line_height_tablet":0,"ocean_menu_typo_line_height_mobile":0,"ocean_menu_typo_line_height_unit":"","ocean_menu_typo_spacing":0,"ocean_menu_typo_spacing_tablet":0,"ocean_menu_typo_spacing_mobile":0,"ocean_menu_typo_spacing_unit":"","ocean_menu_link_color":"","ocean_menu_link_color_hover":"","ocean_menu_link_color_active":"","ocean_menu_link_background":"","ocean_menu_link_hover_background":"","ocean_menu_link_active_background":"","ocean_menu_social_links_bg":"","ocean_menu_social_hover_links_bg":"","ocean_menu_social_links_color":"","ocean_menu_social_hover_links_color":"","ocean_disable_title":"default","ocean_disable_heading":"default","ocean_post_title":"","ocean_post_subheading":"","ocean_post_title_style":"","ocean_post_title_background_color":"","ocean_post_title_background":0,"ocean_post_title_bg_image_position":"","ocean_post_title_bg_image_attachment":"","ocean_post_title_bg_image_repeat":"","ocean_post_title_bg_image_size":"","ocean_post_title_height":0,"ocean_post_title_bg_overlay":0.5,"ocean_post_title_bg_overlay_color":"","ocean_disable_breadcrumbs":"default","ocean_breadcrumbs_color":"","ocean_breadcrumbs_separator_color":"","ocean_breadcrumbs_links_color":"","ocean_breadcrumbs_links_hover_color":"","ocean_display_footer_widgets":"default","ocean_display_footer_bottom":"default","ocean_custom_footer_template":"","ocean_post_oembed":"","ocean_post_self_hosted_media":"","ocean_post_video_embed":"","ocean_link_format":"","ocean_link_format_target":"self","ocean_quote_format":"","ocean_quote_format_link":"post","ocean_gallery_link_images":"on","ocean_gallery_id":[],"footnotes":""},"categories":[63],"tags":[],"class_list":["post-15753","post","type-post","status-publish","format-standard","hentry","category-khaebaerlaer-az","entry"],"_links":{"self":[{"href":"https:\/\/mdu.edu.az\/en\/wp-json\/wp\/v2\/posts\/15753","targetHints":{"allow":["GET"]}}],"collection":[{"href":"https:\/\/mdu.edu.az\/en\/wp-json\/wp\/v2\/posts"}],"about":[{"href":"https:\/\/mdu.edu.az\/en\/wp-json\/wp\/v2\/types\/post"}],"author":[{"embeddable":true,"href":"https:\/\/mdu.edu.az\/en\/wp-json\/wp\/v2\/users\/1"}],"replies":[{"embeddable":true,"href":"https:\/\/mdu.edu.az\/en\/wp-json\/wp\/v2\/comments?post=15753"}],"version-history":[{"count":0,"href":"https:\/\/mdu.edu.az\/en\/wp-json\/wp\/v2\/posts\/15753\/revisions"}],"wp:attachment":[{"href":"https:\/\/mdu.edu.az\/en\/wp-json\/wp\/v2\/media?parent=15753"}],"wp:term":[{"taxonomy":"category","embeddable":true,"href":"https:\/\/mdu.edu.az\/en\/wp-json\/wp\/v2\/categories?post=15753"},{"taxonomy":"post_tag","embeddable":true,"href":"https:\/\/mdu.edu.az\/en\/wp-json\/wp\/v2\/tags?post=15753"}],"curies":[{"name":"wp","href":"https:\/\/api.w.org\/{rel}","templated":true}]}}