{"id":15760,"date":"2021-02-26T08:59:27","date_gmt":"2021-02-26T05:59:27","guid":{"rendered":"https:\/\/mdu.edu.az\/minzh-evir-d-vl-t-universitetind-khkh-srin-n-g-ddar-dzinay-ti-khodzal-g-tliyam-tarikhi-psikholozhi-t-hlil-m-vzusunda-m-hazir-ke-irilib\/"},"modified":"2021-02-26T08:59:27","modified_gmt":"2021-02-26T05:59:27","slug":"minzh-evir-d-vl-t-universitetind-khkh-srin-n-g-ddar-dzinay-ti-khodzal-g-tliyam-tarikhi-psikholozhi-t-hlil-m-vzusunda-m-hazir-ke-irilib","status":"publish","type":"post","link":"https:\/\/mdu.edu.az\/en\/minzh-evir-d-vl-t-universitetind-khkh-srin-n-g-ddar-dzinay-ti-khodzal-g-tliyam-tarikhi-psikholozhi-t-hlil-m-vzusunda-m-hazir-ke-irilib\/","title":{"rendered":"Ming\u0259\u00e7evir D\u00f6vl\u0259t Universitetind\u0259 \u201cXX  \u0259srin \u0259n q\u0259ddar cinay\u0259ti \u2013 Xocal\u0131 q\u0259tliyam\u0131: tarixi-psixoloji t\u0259hlil\u201d m\u00f6vzusunda m\u00fchazir\u0259 ke\u00e7irilib"},"content":{"rendered":"<p style=\"margin-bottom: 0.0001pt; text-align: center; line-height: 150%;\"><b><span style=\"font-size: 14pt; line-height: 150%; font-family: 'Arial', sans-serif; color: #002060;\">Ming\u0259&ccedil;evir D&ouml;vl\u0259t Universitetind\u0259 &ldquo;XX \u0259srin \u0259n q\u0259ddar cinay\u0259ti &ndash; Xocal\u0131 q\u0259tliyam\u0131: tarixi-psixoloji t\u0259hlil&rdquo; m&ouml;vzusunda m&uuml;hazir\u0259 ke&ccedil;irilib<\/span><\/b><\/p>\n<p>&nbsp;<\/p>\n<p style=\"margin-bottom: 0.0001pt; text-align: justify; text-indent: 1cm; line-height: 150%;\"><span style=\"line-height: 150%; font-family: 'Arial', sans-serif; color: #000000;\">2021-ci ilin 25 fevral tarixind\u0259 Ming\u0259&ccedil;evir D&ouml;vl\u0259t Universitetind\u0259 (MDU) t\u0259l\u0259b\u0259 v\u0259 magistrantlar &uuml;&ccedil;&uuml;n Xocal\u0131 soyq\u0131r\u0131m\u0131n\u0131n iyirmi doqquzuncu ild&ouml;n&uuml;m&uuml;n\u0259 h\u0259sr edilmi\u015f &ldquo;XX \u0259srin \u0259n q\u0259ddar cinay\u0259ti &ndash; Xocal\u0131 q\u0259tliyam\u0131: tarixi-psixoloji t\u0259hlil&rdquo; m&ouml;vzusunda m&uuml;hazir\u0259 ke&ccedil;irilib.<\/span><\/p>\n<p style=\"margin-bottom: 0.0001pt; text-align: justify; text-indent: 1cm; line-height: 150%;\"><span style=\"line-height: 150%; font-family: 'Arial', sans-serif; color: #000000;\">&ldquo;Microsoft Teams&rdquo; platformas\u0131 &uuml;z\u0259rind\u0259n onlayn formatda ke&ccedil;iril\u0259n m&uuml;hazir\u0259d\u0259 giri\u015f s&ouml;z&uuml; il\u0259 &ccedil;\u0131x\u0131\u015f ed\u0259n MDU-nun Humanitar f\u0259nl\u0259r kafedras\u0131n\u0131n m&uuml;diri Esmira C\u0259f\u0259rova, ilk &ouml;nc\u0259, &ouml;lk\u0259mizin m&uuml;st\u0259qilliyi, suverenliyi v\u0259 \u0259razi b&uuml;t&ouml;vl&uuml;y&uuml; u\u011frunda can\u0131ndan ke&ccedil;mi\u015f b&uuml;t&uuml;n \u015f\u0259hidl\u0259rimiz\u0259, o c&uuml;ml\u0259d\u0259n Xocal\u0131 faci\u0259sinin qurbanlar\u0131na Allahdan r\u0259hm\u0259t dil\u0259yib. Xocal\u0131 soyq\u0131r\u0131m\u0131n\u0131n XX \u0259srin \u0259n q\u0259ddar cinay\u0259tl\u0259rind\u0259n biri oldu\u011funu qeyd ed\u0259n E.C\u0259f\u0259rova bu qanl\u0131 faci\u0259nin m&uuml;xt\u0259lif aspektl\u0259rd\u0259n ara\u015fd\u0131r\u0131lmas\u0131n\u0131n v\u0259 g\u0259nc n\u0259sil aras\u0131nda t\u0259bli\u011f edilm\u0259sinin vacibliyind\u0259n dan\u0131\u015f\u0131b.<\/span><\/p>\n<p style=\"margin-bottom: 0.0001pt; text-align: justify; text-indent: 35.4pt; line-height: 150%;\"><span style=\"line-height: 150%; font-family: 'Arial', sans-serif; color: #000000;\">Sonra, m&uuml;hazir\u0259&ccedil;i, MDU-nun Humanitar f\u0259nl\u0259r kafedras\u0131n\u0131n ba\u015f m&uuml;\u0259llimi \u0130lham M\u0259mm\u0259dov geni\u015f m\u0259ruz\u0259 il\u0259 &ccedil;\u0131x\u0131\u015f edib. <\/span><\/p>\n<p style=\"margin-bottom: 0.0001pt; text-align: justify; text-indent: 35.4pt; line-height: 150%;\"><span style=\"line-height: 150%; font-family: 'Arial', sans-serif; color: #000000;\">M\u0259ruz\u0259d\u0259 Xocal\u0131 soyq\u0131r\u0131m\u0131n\u0131n erm\u0259ni mill\u0259t&ccedil;il\u0259ri t\u0259r\u0259find\u0259n y&uuml;zillikl\u0259r boyu Az\u0259rbaycan xalq\u0131na qar\u015f\u0131 apar\u0131lan genosid v\u0259 etnik t\u0259mizl\u0259m\u0259 siyas\u0259tinin \u0259n qanl\u0131 s\u0259hif\u0259l\u0259rind\u0259n oldu\u011fu qeyd edilib. Xocal\u0131 soyq\u0131r\u0131m\u0131 kimi bir zorak\u0131l\u0131\u011f\u0131 t&ouml;r\u0259tmi\u015f, \u0259srl\u0259rl\u0259 &ccedil;i&ccedil;\u0259kl\u0259n\u0259n \u015f\u0259h\u0259r v\u0259 k\u0259ndl\u0259ri, tarixi-m\u0259d\u0259ni abid\u0259l\u0259ri yer &uuml;z&uuml;nd\u0259n silmi\u015f v\u0259 minl\u0259rl\u0259 dinc sakini q\u0259ddarcas\u0131na q\u0259tl\u0259 yetirmi\u015f t\u0259cav&uuml;zkar, vandal v\u0259 terror&ccedil;u erm\u0259ni toplumu haqda he&ccedil; bir &uuml;mumb\u0259\u015f\u0259ri d\u0259y\u0259rl\u0259rd\u0259n dan\u0131\u015fma\u011f\u0131n m&uuml;mk&uuml;n olmad\u0131\u011f\u0131 bildirilib. <\/span><\/p>\n<p style=\"margin-bottom: 0.0001pt; text-align: justify; text-indent: 36pt; line-height: 150%;\"><span style=\"line-height: 150%; font-family: 'Arial', sans-serif; color: #000000;\">Erm\u0259nil\u0259rin siyasi v\u0259 h\u0259rbi doktrinas\u0131nda az\u0259rbaycanl\u0131 v\u0259 t&uuml;rk qan\u0131na susama\u011f\u0131n h\u0259mi\u015f\u0259 prioritet olmas\u0131n\u0131n onlar\u0131n qat\u0131 d&uuml;\u015fm\u0259n&ccedil;iliy\u0259 v\u0259 \u015fovinizm\u0259 \u0259saslanan x\u0259st\u0259 psixologiyas\u0131ndan v\u0259 fa\u015fist ideologiyas\u0131ndan ir\u0259li g\u0259ldiyi diqq\u0259t\u0259 &ccedil;atd\u0131r\u0131l\u0131b. <\/span><\/p>\n<p style=\"margin-bottom: 0.0001pt; text-align: justify; text-indent: 36pt; line-height: 150%;\"><span style=\"line-height: 150%; font-family: 'Arial', sans-serif; color: #000000;\">M&uuml;z\u0259ff\u0259r Ali Ba\u015f Komandan\u0131mz\u0131n v\u0259 r\u0259\u015fad\u0259tli Az\u0259rbaycan Ordusunun say\u0259sind\u0259 tarixi Z\u0259f\u0259r qazand\u0131\u011f\u0131m\u0131z 44 g&uuml;nl&uuml;k V\u0259t\u0259n m&uuml;harib\u0259sind\u0259 &ldquo;D\u0259mir yumruq&rdquo; \u0259m\u0259liyyat\u0131 il\u0259 qani&ccedil;\u0259n, terror&ccedil;u erm\u0259ni ordusunun m\u0259hv edildiyi, \u0259razi b&uuml;t&ouml;vl&uuml;y&uuml;m&uuml;z&uuml;n t\u0259min olundu\u011fu qeyd edilib, &uuml;&ccedil;r\u0259ngli bayra\u011f\u0131m\u0131z\u0131n dal\u011faland\u0131\u011f\u0131 do\u011fma Qaraba\u011f\u0131n inki\u015faf\u0131 v\u0259 onun g\u0259l\u0259c\u0259yi il\u0259 ba\u011fl\u0131 g&ouml;r&uuml;l\u0259c\u0259k irimiqyasl\u0131 i\u015fl\u0259rd\u0259n dan\u0131\u015f\u0131l\u0131b, g\u0259ncl\u0259rin sevinc v\u0259 q&uuml;rur hissi il\u0259 dolu daha b&ouml;y&uuml;k tarixi u\u011furlar\u0131n v\u0259 q\u0259l\u0259b\u0259l\u0259rin \u015fahidi olaca\u011f\u0131na \u0259minlik ifad\u0259 edilib. <\/span><\/p>\n<p style=\"margin-bottom: 0.0001pt; text-align: justify; text-indent: 1cm; line-height: 150%;\"><span style=\"color: #000000;\"><span style=\"line-height: 150%; font-family: 'Arial', sans-serif; color: black;\">Sonda <\/span><span style=\"line-height: 150%; font-family: 'Arial', sans-serif;\">\u0130<span style=\"background: white none repeat scroll 0% 0%;\">.M\u0259mm\u0259dov t\u0259l\u0259b\u0259 v\u0259 magistrantlar\u0131n &ccedil;oxsayl\u0131 suallar\u0131n\u0131 cavabland\u0131r\u0131b.<\/span><\/span><\/span><\/p>\n<p style=\"margin-bottom: 0.0001pt; text-align: justify; text-indent: 1cm; line-height: 150%;\"><span style=\"line-height: 150%; font-family: 'Arial', sans-serif; background: white none repeat scroll 0% 0%; color: #000000;\">Qeyd ed\u0259k ki, MDU-da Xocal\u0131 soyq\u0131r\u0131m\u0131na h\u0259sr olunmu\u015f m&uuml;xt\u0259lif formatda t\u0259dbirl\u0259r davam etdirilir. S&ouml;z&uuml;ged\u0259n m&uuml;hazir\u0259 Az\u0259rbaycan Respublikas\u0131n\u0131n t\u0259hsil nazirinin 2 fevral 2021-ci il tarixli m&uuml;vafiq \u0259mri il\u0259 t\u0259sdiq edilmi\u015f &ldquo;Xocal\u0131 soyq\u0131r\u0131m\u0131n\u0131n iyirmi doqquzuncu ild&ouml;n&uuml;m&uuml;n&uuml;n ke&ccedil;irilm\u0259si il\u0259 \u0259laq\u0259dar T\u0259hsil Nazirliyinin T\u0259dbirl\u0259r Plan\u0131&rdquo; &ccedil;\u0259r&ccedil;iv\u0259sind\u0259 t\u0259\u015fkil edilib.<\/span><\/p>\n<p>{phocagallery view=category|categoryid=529|limitstart=0|limitcount=0}<\/p>","protected":false},"excerpt":{"rendered":"<p>Ming\u0259&ccedil;evir D&ouml;vl\u0259t Universitetind\u0259 &ldquo;XX \u0259srin \u0259n q\u0259ddar cinay\u0259ti &ndash; Xocal\u0131 q\u0259tliyam\u0131: tarixi-psixoloji t\u0259hlil&rdquo; m&ouml;vzusunda m&uuml;hazir\u0259 ke&ccedil;irilib &nbsp; 2021-ci ilin 25 fevral tarixind\u0259 Ming\u0259&ccedil;evir D&ouml;vl\u0259t Universitetind\u0259 (MDU) t\u0259l\u0259b\u0259 v\u0259 magistrantlar &uuml;&ccedil;&uuml;n Xocal\u0131 soyq\u0131r\u0131m\u0131n\u0131n iyirmi doqquzuncu ild&ouml;n&uuml;m&uuml;n\u0259 h\u0259sr edilmi\u015f &ldquo;XX \u0259srin \u0259n q\u0259ddar cinay\u0259ti &ndash; Xocal\u0131 q\u0259tliyam\u0131: tarixi-psixoloji t\u0259hlil&rdquo; m&ouml;vzusunda m&uuml;hazir\u0259 ke&ccedil;irilib. &ldquo;Microsoft Teams&rdquo; platformas\u0131 &uuml;z\u0259rind\u0259n onlayn [&hellip;]<\/p>\n","protected":false},"author":1,"featured_media":0,"comment_status":"open","ping_status":"open","sticky":false,"template":"","format":"standard","meta":{"_eb_attr":"","ocean_post_layout":"","ocean_both_sidebars_style":"","ocean_both_sidebars_content_width":0,"ocean_both_sidebars_sidebars_width":0,"ocean_sidebar":"","ocean_second_sidebar":"","ocean_disable_margins":"enable","ocean_add_body_class":"","ocean_shortcode_before_top_bar":"","ocean_shortcode_after_top_bar":"","ocean_shortcode_before_header":"","ocean_shortcode_after_header":"","ocean_has_shortcode":"","ocean_shortcode_after_title":"","ocean_shortcode_before_footer_widgets":"","ocean_shortcode_after_footer_widgets":"","ocean_shortcode_before_footer_bottom":"","ocean_shortcode_after_footer_bottom":"","ocean_display_top_bar":"default","ocean_display_header":"default","ocean_header_style":"","ocean_center_header_left_menu":"","ocean_custom_header_template":"","ocean_custom_logo":0,"ocean_custom_retina_logo":0,"ocean_custom_logo_max_width":0,"ocean_custom_logo_tablet_max_width":0,"ocean_custom_logo_mobile_max_width":0,"ocean_custom_logo_max_height":0,"ocean_custom_logo_tablet_max_height":0,"ocean_custom_logo_mobile_max_height":0,"ocean_header_custom_menu":"","ocean_menu_typo_font_family":"","ocean_menu_typo_font_subset":"","ocean_menu_typo_font_size":0,"ocean_menu_typo_font_size_tablet":0,"ocean_menu_typo_font_size_mobile":0,"ocean_menu_typo_font_size_unit":"px","ocean_menu_typo_font_weight":"","ocean_menu_typo_font_weight_tablet":"","ocean_menu_typo_font_weight_mobile":"","ocean_menu_typo_transform":"","ocean_menu_typo_transform_tablet":"","ocean_menu_typo_transform_mobile":"","ocean_menu_typo_line_height":0,"ocean_menu_typo_line_height_tablet":0,"ocean_menu_typo_line_height_mobile":0,"ocean_menu_typo_line_height_unit":"","ocean_menu_typo_spacing":0,"ocean_menu_typo_spacing_tablet":0,"ocean_menu_typo_spacing_mobile":0,"ocean_menu_typo_spacing_unit":"","ocean_menu_link_color":"","ocean_menu_link_color_hover":"","ocean_menu_link_color_active":"","ocean_menu_link_background":"","ocean_menu_link_hover_background":"","ocean_menu_link_active_background":"","ocean_menu_social_links_bg":"","ocean_menu_social_hover_links_bg":"","ocean_menu_social_links_color":"","ocean_menu_social_hover_links_color":"","ocean_disable_title":"default","ocean_disable_heading":"default","ocean_post_title":"","ocean_post_subheading":"","ocean_post_title_style":"","ocean_post_title_background_color":"","ocean_post_title_background":0,"ocean_post_title_bg_image_position":"","ocean_post_title_bg_image_attachment":"","ocean_post_title_bg_image_repeat":"","ocean_post_title_bg_image_size":"","ocean_post_title_height":0,"ocean_post_title_bg_overlay":0.5,"ocean_post_title_bg_overlay_color":"","ocean_disable_breadcrumbs":"default","ocean_breadcrumbs_color":"","ocean_breadcrumbs_separator_color":"","ocean_breadcrumbs_links_color":"","ocean_breadcrumbs_links_hover_color":"","ocean_display_footer_widgets":"default","ocean_display_footer_bottom":"default","ocean_custom_footer_template":"","ocean_post_oembed":"","ocean_post_self_hosted_media":"","ocean_post_video_embed":"","ocean_link_format":"","ocean_link_format_target":"self","ocean_quote_format":"","ocean_quote_format_link":"post","ocean_gallery_link_images":"on","ocean_gallery_id":[],"footnotes":""},"categories":[63],"tags":[],"class_list":["post-15760","post","type-post","status-publish","format-standard","hentry","category-khaebaerlaer-az","entry"],"_links":{"self":[{"href":"https:\/\/mdu.edu.az\/en\/wp-json\/wp\/v2\/posts\/15760","targetHints":{"allow":["GET"]}}],"collection":[{"href":"https:\/\/mdu.edu.az\/en\/wp-json\/wp\/v2\/posts"}],"about":[{"href":"https:\/\/mdu.edu.az\/en\/wp-json\/wp\/v2\/types\/post"}],"author":[{"embeddable":true,"href":"https:\/\/mdu.edu.az\/en\/wp-json\/wp\/v2\/users\/1"}],"replies":[{"embeddable":true,"href":"https:\/\/mdu.edu.az\/en\/wp-json\/wp\/v2\/comments?post=15760"}],"version-history":[{"count":0,"href":"https:\/\/mdu.edu.az\/en\/wp-json\/wp\/v2\/posts\/15760\/revisions"}],"wp:attachment":[{"href":"https:\/\/mdu.edu.az\/en\/wp-json\/wp\/v2\/media?parent=15760"}],"wp:term":[{"taxonomy":"category","embeddable":true,"href":"https:\/\/mdu.edu.az\/en\/wp-json\/wp\/v2\/categories?post=15760"},{"taxonomy":"post_tag","embeddable":true,"href":"https:\/\/mdu.edu.az\/en\/wp-json\/wp\/v2\/tags?post=15760"}],"curies":[{"name":"wp","href":"https:\/\/api.w.org\/{rel}","templated":true}]}}