{"id":15762,"date":"2021-02-17T14:13:00","date_gmt":"2021-02-17T11:13:00","guid":{"rendered":"https:\/\/mdu.edu.az\/prezident-ilham-liyev-azad-edilmi-torpazhlarda-b-t-n-b-rpa-i-l-ri-n-y-ks-k-s-viyy-d-t-kil-olunadzazh1\/"},"modified":"2021-02-17T14:13:00","modified_gmt":"2021-02-17T11:13:00","slug":"prezident-ilham-liyev-azad-edilmi-torpazhlarda-b-t-n-b-rpa-i-l-ri-n-y-ks-k-s-viyy-d-t-kil-olunadzazh1","status":"publish","type":"post","link":"https:\/\/mdu.edu.az\/en\/prezident-ilham-liyev-azad-edilmi-torpazhlarda-b-t-n-b-rpa-i-l-ri-n-y-ks-k-s-viyy-d-t-kil-olunadzazh1\/","title":{"rendered":"Prezident \u0130lham \u018fliyev : \u201cAzad edilmi\u015f torpaqlarda b\u00fct\u00fcn b\u0259rpa i\u015fl\u0259ri \u0259n y\u00fcks\u0259k s\u0259viyy\u0259d\u0259 t\u0259\u015fkil olunacaq\u201d"},"content":{"rendered":"<p style=\"text-align: center;\"><b><span style=\"font-size: 14pt; font-family: 'Arial', sans-serif; color: #002060;\">Prezident \u0130lham \u018fliyev : &ldquo;Azad edilmi\u015f torpaqlarda b&uuml;t&uuml;n b\u0259rpa i\u015fl\u0259ri \u0259n y&uuml;ks\u0259k s\u0259viyy\u0259d\u0259 t\u0259\u015fkil olunacaq<\/span><\/b><b><span style=\"font-size: 14pt; font-family: 'Arial', sans-serif; color: #002060;\">&rdquo;<\/span><\/b><\/p>\n<p style=\"text-align: justify; text-indent: 1cm;\"><span style=\"font-family: 'Arial', sans-serif;\"><\/span><\/p>\n<p style=\"text-align: justify; text-indent: 1cm;\"><span style=\"font-size: 12pt; font-family: 'Arial', sans-serif;\">&nbsp;&nbsp;&nbsp;&nbsp;<span style=\"color: #000000;\">&nbsp;&nbsp; Bildiyimiz kimi fevral\u0131n 14-d\u0259 Prezident \u0130lham \u018fliyev<\/span><\/span><span style=\"font-size: 12pt; font-family: 'Arial', sans-serif; color: #000000;\"> v\u0259 birinci xan\u0131m Mehriban \u018fliyevan\u0131n F&uuml;zuli,&nbsp;Z\u0259ngilan, La&ccedil;\u0131n v\u0259 C\u0259bray\u0131l rayonlar\u0131na s\u0259f\u0259r edibl\u0259r. 30 ild\u0259n sonra azad edilmi\u015f torpqalar\u0131m\u0131za s\u0259f\u0259rl\u0259ri zaman\u0131 d&ouml;vl\u0259timizin ba\u015f&ccedil;\u0131s\u0131 d&uuml;\u015fm\u0259nin darmada\u011f\u0131n etdiyi \u0259rzil\u0259rimizd\u0259 h\u0259yata ke&ccedil;iril\u0259c\u0259k quruculuq v\u0259 \u0259sasl\u0131 tikinti i\u015fl\u0259rind\u0259n b\u0259hs ed\u0259r\u0259k m\u0259cburi k&ouml;&ccedil;k&uuml;n kimi yurdumuzun m&uuml;xt\u0259lif yerl\u0259rind\u0259 m\u0259skunla\u015fan soyda\u015flar\u0131m\u0131z\u0131n do\u011fma ata yurdlar\u0131na qay\u0131tmas\u0131 &uuml;&ccedil;&uuml;n h\u0259r c&uuml;r \u015f\u0259raitin yarad\u0131laca\u011f\u0131n\u0131 bildirib. Son s\u0259f\u0259rind\u0259 d\u0259 c\u0259nab \u0130lham I\u018fiyev bildirib ki, torpaqlar\u0131n b\u0259rpas\u0131 prosesi art\u0131q ba\u015flam\u0131\u015fd\u0131r.Da\u011f\u0131lm\u0131\u015f b&uuml;t&uuml;n k\u0259ndl\u0259r b\u0259rpa edil\u0259c\u0259k.<\/span><\/p>\n<p style=\"text-align: justify; text-indent: 1cm;\"><span style=\"font-size: 12pt; font-family: 'Arial', sans-serif; color: #000000;\">Prezidentin g&ouml;st\u0259ri\u015fi il\u0259 azad olunmu\u015f b&uuml;t&uuml;n \u015f\u0259h\u0259rl\u0259rin ba\u015f planlar\u0131 haz\u0131rlan\u0131r. Y\u0259ni uzun ill\u0259r i\u015f\u011fal alt\u0131nda qalan yurd yerl\u0259rind\u0259 h\u0259yat\u0131n b\u0259rpas\u0131, m&uuml;asir infrastruktur layih\u0259l\u0259rin realla\u015fmas\u0131 &uuml;\u015f&uuml;n haz\u0131rl\u0131q i\u015fl\u0259ri ba\u015flan\u0131l\u0131b. Bununla ba\u011fl\u0131 Prezident \u0130lham \u018fliyev bel\u0259 deyib: &ldquo;Qaraba\u011f\u0131 c\u0259nn\u0259t\u0259 &ccedil;evir\u0259c\u0259yik. Art\u0131q b&uuml;t&uuml;n g&ouml;st\u0259ri\u015fl\u0259r verilib. B&uuml;t&uuml;n i\u015fl\u0259r g&ouml;r&uuml;l&uuml;r, planl\u0131 \u015f\u0259kild\u0259 g&ouml;r&uuml;l\u0259c\u0259k v\u0259 biz bundan sonra bu torpaqlarda \u0259b\u0259di ya\u015fayaca\u011f\u0131q&rdquo;. <\/span><\/p>\n<p style=\"text-align: justify; text-indent: 1cm;\"><span style=\"font-size: 12pt; font-family: 'Arial', sans-serif; color: #000000;\"> Qeyd ed\u0259k ki, erm\u0259ni i\u015f\u011fal\u0131ndan azad olunmu\u015f \u0259razil\u0259rd\u0259 d&ouml;vl\u0259timizin ba\u015f&ccedil;\u0131s\u0131n\u0131n birba\u015fa t\u0259\u015f\u0259bb&uuml;s&uuml; v\u0259 tap\u015f\u0131r\u0131qlar\u0131 il\u0259 &ldquo;a\u011f\u0131ll\u0131 \u015f\u0259h\u0259r&rdquo; v\u0259 &ldquo;a\u011f\u0131ll\u0131 k\u0259nd&rdquo; konsepsiyalar\u0131n\u0131n realla\u015fd\u0131r\u0131lmas\u0131 n\u0259z\u0259rd\u0259 tutulur. Pandemiya \u015f\u0259raitind\u0259 d&uuml;nya iqtisadiyyat\u0131nda b&ouml;y&uuml;k probleml\u0259rin yarand\u0131\u011f\u0131 bir d&ouml;vrd\u0259 Az\u0259rbaycan Prezidentinin t\u0259\u015f\u0259bb&uuml;s&uuml; d&ouml;vl\u0259timizin g&uuml;c v\u0259 q&uuml;dr\u0259tini n&uuml;mayi\u015f etdirir. \u0130lk &ldquo;a\u011f\u0131ll\u0131 k\u0259nd&rdquo; layih\u0259si Z\u0259ngilan rayonunun A\u011fal\u0131 k\u0259ndind\u0259 icra edilir. K\u0259ndd\u0259 layih\u0259nin icras\u0131 \u0259sas\u0259n 5 komponent &uuml;zr\u0259 apar\u0131lacaq. Onlar ya\u015fay\u0131\u015f, istehsal, sosial xidm\u0259tl\u0259r, &ldquo;a\u011f\u0131ll\u0131 k\u0259nd t\u0259s\u0259rr&uuml;fat\u0131&rdquo;, alternativ enerji sah\u0259l\u0259ridir.<\/span><\/p>\n<p style=\"text-align: justify; text-indent: 1cm;\"><span style=\"font-size: 12pt; font-family: 'Arial', sans-serif; color: #000000;\">&rdquo;Azad edilmi\u015f torpaqlarda b&uuml;t&uuml;n b\u0259rpa i\u015fl\u0259ri \u0259n y&uuml;ks\u0259k s\u0259viyy\u0259d\u0259 t\u0259\u015fkil olunacaq&rdquo;,- dey\u0259n prezidentimizin tap\u015f\u0131r\u0131qlar\u0131 u\u011furla icra olunur. S\u0259f\u0259r &ccedil;\u0259r&ccedil;iv\u0259sind\u0259 d&ouml;vl\u0259timizin ba\u015f&ccedil;\u0131s\u0131 La&ccedil;\u0131n rayonun G&uuml;l\u0259bird k\u0259ndind\u0259 in\u015fa olunan su elektrik stansiyas\u0131n\u0131n a&ccedil;\u0131l\u0131\u015f\u0131n\u0131 edib. Torpaqlar\u0131m\u0131zda d&uuml;\u015fm\u0259nin t&ouml;r\u0259tdiri d\u0259h\u015f\u0259tli i\u015fl\u0259rd\u0259n biri d\u0259 odur ki, onlar h\u0259r t\u0259r\u0259f\u0259 minalar basd\u0131r\u0131blar v\u0259 haz\u0131rda mina t\u0259mizl\u0259m\u0259 prosesi apar\u0131l\u0131r. <\/span><\/p>\n<p style=\"text-align: justify; text-indent: 1cm;\"><span style=\"font-size: 12pt; font-family: 'Arial', sans-serif; color: #000000;\">\u0130nsanlar\u0131n &ouml;z do\u011fma yurd-yuvalar\u0131na q\u0131sa m&uuml;dd\u0259t\u0259 qay\u0131d\u0131\u015f\u0131 t\u0259min olunacaq. &ldquo;\u015eu\u015fa \u015f\u0259h\u0259rini elektrik enerjisi il\u0259 t\u0259chiz etm\u0259k &uuml;&ccedil;&uuml;n \u0259m\u0259li add\u0131mlara start verilib v\u0259 birinci m\u0259rh\u0259l\u0259 ba\u015fa &ccedil;at\u0131b&rdquo;. D&ouml;vl\u0259t ba\u015f&ccedil;\u0131s\u0131n\u0131n bu fikirl\u0259rin\u0259 istinad\u0259n dem\u0259k olar ki, art\u0131q infrastruktur layih\u0259l\u0259rin\u0259 start verilib. Azad edilmi\u015f torpaqlarda bitki&ccedil;ilik, meyv\u0259&ccedil;ilik, heyvandarl\u0131q s&uuml;r\u0259tl\u0259 inki\u015faf ed\u0259c\u0259k. Rayonlar\u0131n k\u0259nd t\u0259s\u0259rr&uuml;fat\u0131 sah\u0259si daha s&uuml;r\u0259tl\u0259 inki\u015faf ed\u0259c\u0259k, m\u0259hsuldarl\u0131q artacaq.<\/span><\/p>\n<p style=\"text-align: justify; text-indent: 1cm;\"><span style=\"font-size: 12pt; font-family: 'Arial', sans-serif; color: #000000;\">\u0130\u015f\u011fal alt\u0131nda saxland\u0131\u011f\u0131 vaxtlar Az\u0259rbaycan k\u0259ndl\u0259ri erm\u0259nil\u0259r t\u0259r\u0259find\u0259n qanunsuz m\u0259skunla\u015fd\u0131r\u0131lsa da, onlar &uuml;&ccedil;&uuml;n yarad\u0131lan \u015f\u0259rait Prezidentin ifad\u0259 etdiyi kimi, it dam\u0131ndan f\u0259rqli olmay\u0131b. Xaricd\u0259 ya\u015fayan erm\u0259ni diasporundan, m&uuml;xt\u0259lif fondlardan al\u0131nan yard\u0131mlar qondarma rejimin r\u0259hb\u0259rliyi t\u0259r\u0259find\u0259n m\u0259nims\u0259nilmi\u015f, m&uuml;xt\u0259lif v\u0259dl\u0259rl\u0259 orada m\u0259skunal\u015fd\u0131r\u0131lm\u0131\u015f erm\u0259nil\u0259r s\u0259fal\u0259t\u0259 m\u0259hkum edilmi\u015fl\u0259r. Lakin \u0259dal\u0259t b\u0259rpa lundu. Az\u0259rbaycan\u0131n \u0259razi b&uuml;t&ouml;vl&uuml;y&uuml; t\u0259min olundu. Yollar, infrastruktur yaln\u0131z \u0130kinci Qaraba\u011f m&uuml;harib\u0259sind\u0259 ordumuzun \u015fanl\u0131 q\u0259l\u0259b\u0259sind\u0259n sonra b\u0259rpa olunma\u011fa ba\u015flam\u0131\u015fd\u0131r.<\/span><\/p>\n<p style=\"text-align: justify; text-indent: 1cm;\"><span style=\"font-size: 12pt; font-family: 'Arial', sans-serif; color: #000000;\">Prezident \u0130lham \u018fliyev qeyd edib ki, &ldquo;Da\u011f\u0131d\u0131lm\u0131\u015f evl\u0259r erm\u0259ni fa\u015fizminin t&ouml;r\u0259tdiyi \u0259m\u0259ll\u0259rdir. \u0130\u015f\u011fal&ccedil;\u0131 rejim Az\u0259rbaycana qar\u015f\u0131 ekoloji terror t&ouml;r\u0259tmi\u015fdir&rdquo;. Erm\u0259nistan kapitulyasiyadan sonra 20 g&uuml;n \u0259rzind\u0259 &#8211; dekabr\u0131n 1-n\u0259 q\u0259d\u0259r dem\u0259k olar ki, b&uuml;t&uuml;n bu su elektrik stansiyalar\u0131n\u0131 &#8211; La&ccedil;\u0131n rayonu \u0259razisind\u0259 5, K\u0259lb\u0259c\u0259r rayonu \u0259razisind\u0259 12 su elektrik stansiyas\u0131n\u0131 da\u011f\u0131d\u0131b, avadanl\u0131\u011f\u0131 &ccedil;\u0131xar\u0131b, stansiyalar\u0131n binalar\u0131n\u0131 da da\u011f\u0131d\u0131b. <\/span><\/p>\n<p style=\"text-align: justify; text-indent: 1cm;\"><span style=\"font-size: 12pt; font-family: 'Arial', sans-serif; color: #000000;\">M\u0259nfur d&uuml;\u015fm\u0259n i\u015f\u011fal d&ouml;vr&uuml;nd\u0259 T\u0259rt\u0259r&ccedil;ay\u0131n da suyunun qaba\u011f\u0131n\u0131 k\u0259smi\u015fdir v\u0259 bir ne&ccedil;\u0259 rayonumuzda y&uuml;z min hektardan &ccedil;ox torpaq susuz qalm\u0131\u015fd\u0131r. <\/span><\/p>\n<p style=\"text-align: justify; text-indent: 1cm;\"><span style=\"font-size: 12pt; font-family: 'Arial', sans-serif; color: #000000;\">1974-c&uuml; ild\u0259 ulu &ouml;nd\u0259r Heyd\u0259r \u018fliyevin tap\u015f\u0131r\u0131\u011f\u0131 il\u0259 yarad\u0131lm\u0131\u015f B\u0259sit&ccedil;ay qoru\u011funun b\u0259rpas\u0131na start verilib. Qoruqda 100 hektardan &ccedil;ox sah\u0259d\u0259 nadir &ccedil;inar a\u011faclar\u0131 d&ouml;vl\u0259t t\u0259r\u0259find\u0259n qorunurdu. \u0130\u015f\u011faldan sonra m\u0259nfur d&uuml;\u015fm\u0259n &ccedil;inarlar\u0131n b&ouml;y&uuml;k hiss\u0259sini k\u0259sib, do\u011fray\u0131b, talay\u0131b v\u0259 yand\u0131r\u0131b.K\u0259silmi\u015f a\u011faclar\u0131n ya\u015f\u0131 t\u0259qrib\u0259n 200-300 il\u0259 b\u0259rab\u0259r idi. <\/span><\/p>\n<p style=\"text-align: justify; text-indent: 1cm;\"><span style=\"font-size: 12pt; font-family: 'Arial', sans-serif; color: #000000;\">Prezidentin g&ouml;st\u0259ri\u015fil\u0259 haz\u0131rda azad edilmi\u015f b&uuml;t&uuml;n torpaqlarda b\u0259rpa olunan enerji n&ouml;vl\u0259ri v\u0259 yerl\u0259ri m&uuml;\u0259yy\u0259nl\u0259\u015fdirilir. Prezident &ccedil;\u0131x\u0131\u015flar\u0131nda azad olunmu\u015f \u0259razil\u0259rin &ldquo;ya\u015f\u0131l enerji&rdquo; zonas\u0131na &ccedil;evril\u0259c\u0259yini d\u0259f\u0259l\u0259rl\u0259 bildirib. Prezident \u0130lham \u018fliyev qeyd edib ki, &ldquo;Azad edilmi\u015f torpaqlar &ldquo;ya\u015f\u0131l enerji&rdquo; zonas\u0131 olacaq&rdquo;. Z\u0259ngilan rayonunda birinci pilot &ldquo;a\u011f\u0131ll\u0131 k\u0259nd&rdquo; layih\u0259si d\u0259 m\u0259hz b\u0259rpa olunan enerji il\u0259 t\u0259chiz edil\u0259c\u0259kdir. K\u0259lb\u0259c\u0259r v\u0259 La&ccedil;\u0131n rayonlar\u0131nda k&uuml;l\u0259k enerjisinin, Z\u0259ngilan, C\u0259bray\u0131l rayonlar\u0131nda daha &ccedil;ox g&uuml;n\u0259\u015f enerjisinin b&ouml;y&uuml;k potensial\u0131 var. H\u0259yata ke&ccedil;iril\u0259c\u0259k i\u015fl\u0259r &ccedil;\u0259r&ccedil;iv\u0259sind\u0259 K\u0259lb\u0259c\u0259r v\u0259 La&ccedil;\u0131nda erm\u0259nil\u0259r t\u0259r\u0259find\u0259n uzun ill\u0259r \u0259rzind\u0259 qanunsuz istismar edilmi\u015f, onlar t\u0259r\u0259find\u0259n da\u011f\u0131d\u0131lm\u0131\u015f b&uuml;t&uuml;n su elektrik stansiyalar\u0131n\u0131 b\u0259rpa edil\u0259c\u0259k. Yaln\u0131z K\u0259lb\u0259c\u0259r v\u0259 La&ccedil;\u0131n rayonlar\u0131nda b\u0259rpa edil\u0259c\u0259k stansiyalar\u0131n generasiya g&uuml;c&uuml; 120 meqavat olacaqd\u0131r. &ldquo;Xudaf\u0259rin&rdquo; v\u0259 &ldquo;Q\u0131z qalas\u0131&rdquo; su elektrik stansiyalar\u0131ndan da \u0259lav\u0259 120 meqavat g&uuml;c al\u0131nacaq.<\/span><\/p>\n<p style=\"text-align: justify; text-indent: 1cm;\"><span style=\"font-size: 12pt; font-family: 'Arial', sans-serif; color: #000000;\">S\u0259f\u0259ri zaman\u0131 \u0130lham \u018fliyevin, strateji \u0259h\u0259miyy\u0259ti b&ouml;y&uuml;k olan, uzunlu\u011fu 100 kilometr olan Horadiz-A\u011fb\u0259nd d\u0259mir yolu x\u0259ttinin t\u0259m\u0259lini qoydu. Bu n\u0259qliyyat infrastrukturu v\u0259t\u0259nda\u015flar\u0131m\u0131z\u0131n azad olunmu\u015f torpaqlara gedi\u015f-g\u0259li\u015fini asanla\u015fd\u0131racaq, Az\u0259rbaycan\u0131n \u0259sas hiss\u0259si il\u0259 Nax&ccedil;\u0131van aras\u0131nda birba\u015fa d\u0259mir yolu n\u0259qliyyat \u0259laq\u0259sinin yaranmas\u0131na t&ouml;hf\u0259 ver\u0259c\u0259k. H\u0259m d\u0259 bu d\u0259mir yolu infrastrukturu T&uuml;rkiy\u0259y\u0259 q\u0259d\u0259r uzanacaq v\u0259 bel\u0259likl\u0259, Az\u0259rbaycan\u0131 T&uuml;rkiy\u0259 il\u0259 birl\u0259\u015fdir\u0259n ikinci d\u0259mir yolu \u015f\u0259b\u0259k\u0259si yarad\u0131lacaqd\u0131r. Torpaqlar\u0131m\u0131z\u0131n i\u015f\u011fal&ccedil;\u0131lardan azad edilm\u0259si b&uuml;t&uuml;n d&uuml;nyaya d&ouml;vl\u0259timizin q&uuml;dr\u0259ti, xalq\u0131m\u0131z\u0131n \u0259yilm\u0259z ruhunu n&uuml;mayi\u015f etdirdi.<\/span><\/p>\n<p style=\"text-align: justify; text-indent: 1cm;\"><span style=\"font-size: 12pt; font-family: 'Arial', sans-serif; color: #000000;\">Az\u0259rbaycanda h\u0259yta ke&ccedil;iril\u0259c\u0259k quruculuq t\u0259dbirl\u0259ri regionun inki\u015faf\u0131na yol a&ccedil;acaq. Bel\u0259 ki, Rusiyadan Erm\u0259nistana d\u0259mir yolu x\u0259tti a&ccedil;\u0131la bil\u0259r. Bu x\u0259tt yaln\u0131z Az\u0259rbaycan \u0259razisind\u0259n ke&ccedil;\u0259 bil\u0259r. Rusiya il\u0259 \u0130ran aras\u0131nda Nax&ccedil;\u0131van \u0259razisi il\u0259 d\u0259mir yolu ba\u011flant\u0131s\u0131 yaran\u0131r.<\/span><\/p>\n<p style=\"text-align: justify; text-indent: 1cm;\"><span style=\"font-size: 12pt; font-family: 'Arial', sans-serif; color: #000000;\">H\u0259m&ccedil;inin \u0130ran il\u0259 Erm\u0259nistan aras\u0131nda d\u0259mir yolu ba\u011flant\u0131s\u0131 olacaq. T&uuml;rkiy\u0259 il\u0259 Rusiya aras\u0131nda d\u0259mir yolu ba\u011flant\u0131s\u0131 olacaq. <\/span><\/p>\n<p style=\"text-align: justify; text-indent: 1cm;\"><span style=\"font-size: 12pt; font-family: 'Arial', sans-serif; color: #000000;\">Bak\u0131-Tbilisi-Qars d\u0259mir yolunun istismara verilm\u0259si n\u0259tic\u0259sind\u0259 art\u0131q Rusiya il\u0259 T&uuml;rkiy\u0259 aras\u0131nda bu d\u0259mir yolundan istifad\u0259 ed\u0259r\u0259k y&uuml;kl\u0259r da\u015f\u0131nma\u011fa ba\u015flam\u0131\u015fd\u0131r. <\/span><\/p>\n<p style=\"text-align: justify; text-indent: 1cm;\"><span style=\"font-size: 12pt; font-family: 'Arial', sans-serif; color: #000000;\">Bu layih\u0259 Prezident \u0130lham \u018fliyevin b&ouml;y&uuml;k uzaqg&ouml;r\u0259nliyi v\u0259 irad\u0259si, Az\u0259rbaycan d&ouml;vl\u0259tininmaliyy\u0259si il\u0259realla\u015f\u0131b.<\/span><\/p>\n<p style=\"text-align: justify; text-indent: 1cm;\"><span style=\"font-size: 12pt; font-family: 'Arial', sans-serif; color: #000000;\">Prezident \u0130lham \u018fliyev bildirib ki, Bak\u0131-Tbilisi-Qars d\u0259mir yolu &ouml;lk\u0259mizin geosiyasi \u0259h\u0259miyy\u0259tini art\u0131r\u0131r, iqtisadi g&uuml;c&uuml;n&uuml; art\u0131r\u0131r. Az\u0259rbaycan etibarl\u0131 tranzit &ouml;lk\u0259si kimi tranzit layih\u0259l\u0259rd\u0259n b&ouml;y&uuml;k maliyy\u0259 g\u0259liri \u0259ld\u0259 ed\u0259c\u0259k, b&ouml;lg\u0259d\u0259 sabitlik v\u0259 s&uuml;lh t\u0259min olunacaq.<\/span><\/p>\n<p style=\"text-align: justify; text-indent: 1cm;\"><span style=\"font-size: 12pt; font-family: 'Arial', sans-serif; color: #000000;\">Bu g&uuml;n d\u0259 Erm\u0259nistanda revan\u015fist q&uuml;vv\u0259l\u0259r ba\u015f qald\u0131rma\u011fa, Az\u0259rbaycan\u0131 n&ouml;vb\u0259ti t\u0259xribatlarla, n&ouml;vb\u0259ti m&uuml;harib\u0259 il\u0259 h\u0259d\u0259l\u0259m\u0259y\u0259 &ccedil;al\u0131\u015f\u0131rlar. Lakin bu b&ouml;\u015f bir x\u0259yald\u0131r. D&uuml;nya d&ouml;vl\u0259tl\u0259ri d\u0259, erm\u0259ni diasporu da, separat&ccedil;\u0131lar, erm\u0259nip\u0259r\u0259st d&ouml;vl\u0259tl\u0259r d\u0259 Az\u0259rbaycan\u0131n g&uuml;c&uuml;n&uuml;, q&uuml;dr\u0259tini g&ouml;rd&uuml;. 44 g&uuml;nl&uuml;k m&uuml;harib\u0259 zaman\u0131 v\u0259t\u0259np\u0259rv\u0259r Az\u0259rbaycan &ouml;vladlar\u0131 &ouml;z qanlar\u0131, canlar\u0131 bahas\u0131na torpaqlar\u0131m\u0131z\u0131 i\u015f\u011faldan azad ed\u0259r\u0259k b&ouml;y&uuml;k q\u0259l\u0259b\u0259mizi qazand\u0131lar. Az\u0259rbaycan qalib &ouml;lk\u0259 kimi &ouml;z&uuml;n&uuml; g&ouml;st\u0259rdi. Z\u0259f\u0259r bizim oldu. Buna istinad ed\u0259n d&ouml;vl\u0259timizin ba\u015f&ccedil;\u0131s\u0131 bildirib ki, &rdquo;Biz h\u0259r \u015fey\u0259 n\u0259zar\u0259t edirik v\u0259 he&ccedil; vaxt imkan ver\u0259 bilm\u0259rik ki, erm\u0259ni fa\u015fizmi bir daha ba\u015f\u0131n\u0131 qald\u0131rs\u0131n&rdquo;. &ldquo;Biz erm\u0259ni fa\u015fizmini m\u0259hv etmi\u015fik. D&uuml;\u015fm\u0259ni &ouml;z do\u011fma torpaqlar\u0131m\u0131zdan qovmu\u015fuq&rdquo;. &ldquo;Az\u0259rbaycan Ordusunda bir n\u0259f\u0259r d\u0259 f\u0259rari olmay\u0131bd\u0131r. Bu, xalq\u0131m\u0131z\u0131n, Ordumuzun y&uuml;ks\u0259k m\u0259n\u0259vi ruhunun t\u0259zah&uuml;r&uuml;d&uuml;r&rdquo;. B\u0259li, d&ouml;y&uuml;\u015f g&uuml;nl\u0259rind\u0259 Erm\u0259nistan ordusu dem\u0259k olar ki, m\u0259hv edilib. H\u0259m texnika da\u011f\u0131l\u0131b, h\u0259m canl\u0131 q&uuml;vv\u0259 da\u011f\u0131l\u0131b. M&uuml;harib\u0259 zaman\u0131 d&uuml;\u015fm\u0259n ordusunun 10 min f\u0259rarisi olubdur. Erm\u0259nistan noyabr\u0131n 10-da kapitulyasiya akt\u0131na imza atma\u011fa v\u0259 La&ccedil;\u0131n, K\u0259lb\u0259c\u0259r, A\u011fdam rayonlar\u0131n\u0131 qaytarma\u011fa m\u0259cbur olmu\u015fdur. Erm\u0259nistan\u0131n v\u0259 onun b\u0259zi xarici havadarlar\u0131 yaln\u0131z be\u015f rayonu Az\u0259rbaycana qaytarmaq, Da\u011fl\u0131q Qaraba\u011fa n\u0259 vaxtsa m&uuml;st\u0259qillik verilm\u0259sini, K\u0259lb\u0259c\u0259r v\u0259 La&ccedil;\u0131n rayonlar\u0131n\u0131 Erm\u0259nistan\u0131n \u0259b\u0259di n\u0259zar\u0259ti alt\u0131nda qalmas\u0131n\u0131 ist\u0259yirdil\u0259r. Az\u0259rbaycan xalq\u0131n\u0131n v\u0259t\u0259np\u0259rv\u0259rliyi, d&ouml;vl\u0259timizin ba\u015f&ccedil;\u0131s\u0131n\u0131n \u0259trafnda birl\u0259\u015fm\u0259si q\u0259l\u0259b\u0259mizi daha da tez\u0259\u015fdirdi. K\u0259nardan yay\u0131lan bo\u015f s&ouml;z s&ouml;hb\u0259tl\u0259r \u0259sg\u0259rl\u0259rimizin d&ouml;y&uuml;\u015f \u0259zmini, xalq\u0131m\u0131z\u0131n sabaha olan inam\u0131n\u0131 q\u0131ra bilm\u0259di v\u0259 n\u0259tic\u0259 g&ouml;z\u0259l oldu. Az\u0259rbaycan z\u0259f\u0259r &ccedil;ald\u0131. <\/span><\/p>\n<p style=\"text-align: justify; text-indent: 1cm;\"><span style=\"font-size: 12pt; font-family: 'Arial', sans-serif; color: #000000;\">Geriy\u0259 baxanda &uuml;r\u0259kda\u011flayan hadis\u0259l\u0259ri xat\u0131rlay\u0131r\u0131q. 1992-ci il may\u0131n 8-d\u0259 \u015eu\u015fan\u0131n i\u015f\u011fal\u0131ndan 10 g&uuml;n ke&ccedil;\u0259nd\u0259n sonra La&ccedil;\u0131n rayonu i\u015f\u011fal alt\u0131na d&uuml;\u015fd&uuml;. Bu, strateji n&ouml;qteyi-n\u0259z\u0259rd\u0259n &ccedil;ox b&ouml;y&uuml;k m\u0259\u011flubiyy\u0259t idi. &ldquo;AXC-M&uuml;savat m\u0259nfur c&uuml;tl&uuml;y&uuml; hakimiyy\u0259t\u0259 g\u0259lm\u0259k &uuml;&ccedil;&uuml;n bu torpaqlar\u0131 d&uuml;\u015fm\u0259n\u0259 sat\u0131b, bu x\u0259yan\u0259ti edib, bu cinay\u0259ti t&ouml;r\u0259dib2 ;- dey\u0259\\n d&ouml;vl\u0259timizin ba\u015f&ccedil;\u0131s\u0131 \u0259lav\u0259 edib ki, &ldquo;Az\u0259rbaycan xalq\u0131 bu tarixi, bu satq\u0131nlar\u0131, bu xainl\u0259ri, bu d&uuml;\u015fm\u0259nl\u0259ri unutmamal\u0131d\u0131r! AXC-M&uuml;savat c&uuml;tl&uuml;y&uuml;n&uuml;n satd\u0131\u011f\u0131 torpaqlar\u0131 biz d&ouml;y&uuml;\u015f&uuml;r\u0259k azad etmi\u015fik&rdquo;.<\/span><\/p>\n<p style=\"text-align: justify; text-indent: 1cm;\"><span style=\"font-size: 12pt; font-family: 'Arial', sans-serif; color: #000000;\">Prezident \u0130lham \u018fliyev deyib ki, &ldquo;Torpaqlar\u0131 d&uuml;\u015fm\u0259nd\u0259n azad ed\u0259n M&uuml;z\u0259ff\u0259r Ordunun Ali Ba\u015f Komandan\u0131 kimi Az\u0259rbaycan bayra\u011f\u0131n\u0131 qald\u0131rm\u0131\u015fam v\u0259 bu bayra\u011f\u0131n alt\u0131nda Az\u0259rbaycan xalq\u0131na do\u011fma La&ccedil;\u0131n diyar\u0131ndan m&uuml;raci\u0259t edir\u0259m&rdquo;. &ldquo;Bizim Q\u0259l\u0259b\u0259miz tarixi Q\u0259l\u0259b\u0259dir. Biz tarixi \u0259dal\u0259ti b\u0259rpa etdik&rdquo;. &ldquo;Biz &ouml;z haqlar\u0131m\u0131z\u0131 b\u0259rpa etdik, biz \u015f\u0259hidl\u0259rimizin qan\u0131n\u0131 ald\u0131q, biz d&uuml;\u015fm\u0259nd\u0259n qisas ald\u0131q v\u0259 qay\u0131tm\u0131\u015f\u0131q&rdquo;. &rdquo;He&ccedil; kim bizi bundan sonra bu torpaqlardan t\u0259rp\u0259d\u0259 bilm\u0259z. Qaraba\u011f bizimdir! Qaraba\u011f Az\u0259rbaycand\u0131r!&rdquo;<\/span><\/p>\n<p style=\"text-align: justify; text-indent: 1cm;\"><span style=\"font-size: 12pt; font-family: 'Arial', sans-serif; color: #000000;\"> M&uuml;st\u0259qil Az\u0259rbaycan b&ouml;y&uuml;k inki\u015faf yoluna q\u0259d\u0259m qoyub. &Ouml;lk\u0259mizin h\u0259r yerind\u0259 regionlar\u0131n sosial iqtisadi inki\u015faf\u0131 D&ouml;vl\u0259t Proqram\u0131 u\u011furla icra edilir. Az\u0259rbaycan\u0131n d&ouml;rd&uuml;nc&uuml; s\u0259naye \u015f\u0259h\u0259ri olan, h\u0259m d\u0259 g&ouml;z\u0259llikl\u0259r \u015f\u0259h\u0259ri olan Ming\u0259&ccedil;evird\u0259 ill\u0259rdir ki, m&uuml;asir abadl\u0131q quruculuq, \u0259sasl\u0131 tikinti i\u015fl\u0259ri h\u0259yata ke&ccedil;irilir. Bi i\u015fl\u0259r &ccedil;\u0259r&ccedil;iv\u0259sind\u0259 \u015fosse yollar\u0131 asfaltlanm\u0131\u0259\u015f, i\u015f\u0131qland\u0131rma sistemi yenil\u0259nmi\u015fdir. \u015e\u0259h\u0259rimizd\u0259 f\u0259aliyy\u0259t g&ouml;st\u0259r\u0259n orta m\u0259kt\u0259bl\u0259rin bir &ccedil;oxu, h\u0259m&ccedil;inin b\u0259zi u\u015faq ba\u011f&ccedil;alar\u0131 \u0259sasl\u0131 t\u0259mir olunub v\u0259 ya yenid\u0259n in\u015fa olunmu\u015fdur. H\u0259m&ccedil;inin \u015f\u0259h\u0259rimizd\u0259 parklarda \u0259sasl\u0131 quruculuq i\u015fl\u0259ri apar\u0131l\u0131b, yeni park v\u0259 istirah\u0259t m\u0259rk\u0259zl\u0259ri yarad\u0131l\u0131b. Kommunal xidm\u0259t sah\u0259l\u0259rind\u0259 yenid\u0259nqurma i\u015fl\u0259ri ba\u015fa &ccedil;at\u0131b. M\u0259h\u0259ll\u0259l\u0259rd\u0259 \u0259halinin rahatl\u0131\u011f\u0131n\u0131n t\u0259minat\u0131 &uuml;&ccedil;&uuml;n asfaltlanma, i\u015f\u0131qland\u0131rma i\u015fl\u0259ri g&ouml;r&uuml;l&uuml;b, ya\u015fay\u0131\u015f binalar\u0131n\u0131n fasadlar\u0131 suvanaraq r\u0259ngl\u0259nib, bloklar\u0131 \u0259sasl\u0131 t\u0259mir edilib, n&uuml;mun\u0131vi m\u0259h\u0259ll\u0259l\u0259r yarad\u0131l\u0131b. D&ouml;l\u0259tmizin ba\u015f&ccedil;\u0131s\u0131n\u0131n tap\u015f\u0131r\u0131q v\u0259 t&ouml;vsiyy\u0259l\u0259rin\u0259 \u0259sas\u0259n v\u0259t\u0259nda\u015flar\u0131n h\u0259yat \u015f\u0259raitinin yax\u015f\u0131la\u015fd\u0131r\u0131lmas\u0131 m\u0259qs\u0259di il\u0259 g&ouml;r&uuml;l\u0259n i\u015fl\u0259r &uuml;r\u0131ka&ccedil;and\u0131r. Yurdumuzun h\u0259r yeri g&ouml;z\u0259ll\u0259\u015fir, Az\u0259rbaycan inki\u015faf edir. Bu reall\u0131q bizim sabaha olan inam\u0131m\u0131z\u0131 art\u0131r\u0131r. <\/span><\/p>\n<p style=\"text-align: justify; text-indent: 1cm;\"><span style=\"font-size: 12pt; font-family: 'Arial', sans-serif; color: #000000;\"><\/span><\/p>\n<p style=\"text-align: justify; text-indent: 1cm;\"><span style=\"font-size: 12pt; font-family: 'Arial', sans-serif; color: #000000;\"><\/span><\/p>\n<p style=\"text-align: justify; text-indent: 1cm;\"><span style=\"color: #000000;\"><b><span style=\"font-size: 14pt; font-family: 'Arial', sans-serif;\">Ming\u0259&ccedil;evir D&ouml;vl\u0259t Universitetinin <\/span><\/b><\/span><\/p>\n<p style=\"text-align: justify; text-indent: 1cm;\"><span style=\"color: #000000;\"><b><span style=\"font-size: 14pt; font-family: 'Arial', sans-serif;\">tarix m&uuml;\u0259llimi \u0130lham M\u0259mm\u0259dov<\/span><\/b><\/span><\/p>","protected":false},"excerpt":{"rendered":"<p>Prezident \u0130lham \u018fliyev : &ldquo;Azad edilmi\u015f torpaqlarda b&uuml;t&uuml;n b\u0259rpa i\u015fl\u0259ri \u0259n y&uuml;ks\u0259k s\u0259viyy\u0259d\u0259 t\u0259\u015fkil olunacaq&rdquo; &nbsp;&nbsp;&nbsp;&nbsp;&nbsp;&nbsp; Bildiyimiz kimi fevral\u0131n 14-d\u0259 Prezident \u0130lham \u018fliyev v\u0259 birinci xan\u0131m Mehriban \u018fliyevan\u0131n F&uuml;zuli,&nbsp;Z\u0259ngilan, La&ccedil;\u0131n v\u0259 C\u0259bray\u0131l rayonlar\u0131na s\u0259f\u0259r edibl\u0259r. 30 ild\u0259n sonra azad edilmi\u015f torpqalar\u0131m\u0131za s\u0259f\u0259rl\u0259ri zaman\u0131 d&ouml;vl\u0259timizin ba\u015f&ccedil;\u0131s\u0131 d&uuml;\u015fm\u0259nin darmada\u011f\u0131n etdiyi \u0259rzil\u0259rimizd\u0259 h\u0259yata ke&ccedil;iril\u0259c\u0259k quruculuq v\u0259 \u0259sasl\u0131 tikinti [&hellip;]<\/p>\n","protected":false},"author":1,"featured_media":0,"comment_status":"open","ping_status":"open","sticky":false,"template":"","format":"standard","meta":{"_eb_attr":"","ocean_post_layout":"","ocean_both_sidebars_style":"","ocean_both_sidebars_content_width":0,"ocean_both_sidebars_sidebars_width":0,"ocean_sidebar":"","ocean_second_sidebar":"","ocean_disable_margins":"enable","ocean_add_body_class":"","ocean_shortcode_before_top_bar":"","ocean_shortcode_after_top_bar":"","ocean_shortcode_before_header":"","ocean_shortcode_after_header":"","ocean_has_shortcode":"","ocean_shortcode_after_title":"","ocean_shortcode_before_footer_widgets":"","ocean_shortcode_after_footer_widgets":"","ocean_shortcode_before_footer_bottom":"","ocean_shortcode_after_footer_bottom":"","ocean_display_top_bar":"default","ocean_display_header":"default","ocean_header_style":"","ocean_center_header_left_menu":"","ocean_custom_header_template":"","ocean_custom_logo":0,"ocean_custom_retina_logo":0,"ocean_custom_logo_max_width":0,"ocean_custom_logo_tablet_max_width":0,"ocean_custom_logo_mobile_max_width":0,"ocean_custom_logo_max_height":0,"ocean_custom_logo_tablet_max_height":0,"ocean_custom_logo_mobile_max_height":0,"ocean_header_custom_menu":"","ocean_menu_typo_font_family":"","ocean_menu_typo_font_subset":"","ocean_menu_typo_font_size":0,"ocean_menu_typo_font_size_tablet":0,"ocean_menu_typo_font_size_mobile":0,"ocean_menu_typo_font_size_unit":"px","ocean_menu_typo_font_weight":"","ocean_menu_typo_font_weight_tablet":"","ocean_menu_typo_font_weight_mobile":"","ocean_menu_typo_transform":"","ocean_menu_typo_transform_tablet":"","ocean_menu_typo_transform_mobile":"","ocean_menu_typo_line_height":0,"ocean_menu_typo_line_height_tablet":0,"ocean_menu_typo_line_height_mobile":0,"ocean_menu_typo_line_height_unit":"","ocean_menu_typo_spacing":0,"ocean_menu_typo_spacing_tablet":0,"ocean_menu_typo_spacing_mobile":0,"ocean_menu_typo_spacing_unit":"","ocean_menu_link_color":"","ocean_menu_link_color_hover":"","ocean_menu_link_color_active":"","ocean_menu_link_background":"","ocean_menu_link_hover_background":"","ocean_menu_link_active_background":"","ocean_menu_social_links_bg":"","ocean_menu_social_hover_links_bg":"","ocean_menu_social_links_color":"","ocean_menu_social_hover_links_color":"","ocean_disable_title":"default","ocean_disable_heading":"default","ocean_post_title":"","ocean_post_subheading":"","ocean_post_title_style":"","ocean_post_title_background_color":"","ocean_post_title_background":0,"ocean_post_title_bg_image_position":"","ocean_post_title_bg_image_attachment":"","ocean_post_title_bg_image_repeat":"","ocean_post_title_bg_image_size":"","ocean_post_title_height":0,"ocean_post_title_bg_overlay":0.5,"ocean_post_title_bg_overlay_color":"","ocean_disable_breadcrumbs":"default","ocean_breadcrumbs_color":"","ocean_breadcrumbs_separator_color":"","ocean_breadcrumbs_links_color":"","ocean_breadcrumbs_links_hover_color":"","ocean_display_footer_widgets":"default","ocean_display_footer_bottom":"default","ocean_custom_footer_template":"","ocean_post_oembed":"","ocean_post_self_hosted_media":"","ocean_post_video_embed":"","ocean_link_format":"","ocean_link_format_target":"self","ocean_quote_format":"","ocean_quote_format_link":"post","ocean_gallery_link_images":"on","ocean_gallery_id":[],"footnotes":""},"categories":[63],"tags":[],"class_list":["post-15762","post","type-post","status-publish","format-standard","hentry","category-khaebaerlaer-az","entry"],"_links":{"self":[{"href":"https:\/\/mdu.edu.az\/en\/wp-json\/wp\/v2\/posts\/15762","targetHints":{"allow":["GET"]}}],"collection":[{"href":"https:\/\/mdu.edu.az\/en\/wp-json\/wp\/v2\/posts"}],"about":[{"href":"https:\/\/mdu.edu.az\/en\/wp-json\/wp\/v2\/types\/post"}],"author":[{"embeddable":true,"href":"https:\/\/mdu.edu.az\/en\/wp-json\/wp\/v2\/users\/1"}],"replies":[{"embeddable":true,"href":"https:\/\/mdu.edu.az\/en\/wp-json\/wp\/v2\/comments?post=15762"}],"version-history":[{"count":0,"href":"https:\/\/mdu.edu.az\/en\/wp-json\/wp\/v2\/posts\/15762\/revisions"}],"wp:attachment":[{"href":"https:\/\/mdu.edu.az\/en\/wp-json\/wp\/v2\/media?parent=15762"}],"wp:term":[{"taxonomy":"category","embeddable":true,"href":"https:\/\/mdu.edu.az\/en\/wp-json\/wp\/v2\/categories?post=15762"},{"taxonomy":"post_tag","embeddable":true,"href":"https:\/\/mdu.edu.az\/en\/wp-json\/wp\/v2\/tags?post=15762"}],"curies":[{"name":"wp","href":"https:\/\/api.w.org\/{rel}","templated":true}]}}