{"id":15769,"date":"2021-03-03T16:36:40","date_gmt":"2021-03-03T13:36:40","guid":{"rendered":"https:\/\/mdu.edu.az\/lk-miz-bundan-sonrada-d-vl-timizin-ba-s-n-n-r-hb-rliyi-il-daha-b-y-k-u-urlara-nail-oladzazh\/"},"modified":"2021-03-03T16:36:40","modified_gmt":"2021-03-03T13:36:40","slug":"lk-miz-bundan-sonrada-d-vl-timizin-ba-s-n-n-r-hb-rliyi-il-daha-b-y-k-u-urlara-nail-oladzazh","status":"publish","type":"post","link":"https:\/\/mdu.edu.az\/en\/lk-miz-bundan-sonrada-d-vl-timizin-ba-s-n-n-r-hb-rliyi-il-daha-b-y-k-u-urlara-nail-oladzazh\/","title":{"rendered":"\u00d6lk\u0259miz bundan sonra da d\u00f6vl\u0259timizin ba\u015f\u00e7\u0131s\u0131n\u0131n r\u0259hb\u0259rliyi il\u0259 daha b\u00f6y\u00fck u\u011furlara nail olacaq."},"content":{"rendered":"<p style=\"text-align: center; text-indent: 1cm;\"><span style=\"font-size: 14pt; color: #0000ff;\"><b><span style=\"font-size: 14pt;\">&Ouml;lk\u0259miz bundan sonra da d&ouml;vl\u0259timizin ba\u015f&ccedil;\u0131s\u0131n\u0131n r\u0259hb\u0259rliyi il\u0259 daha b&ouml;y&uuml;k u\u011furlara nail olacaq.<\/span><\/b><\/span><\/p>\n<p style=\"text-align: justify; text-indent: 1cm;\"><span style=\"font-size: 12pt; color: #000000;\">Az\u0259rbaycan Respublikas\u0131n\u0131n iqtisadi u\u011furlar\u0131, d&ouml;vl\u0259timizin d&uuml;nyan\u0131n bir &ccedil;ox &ouml;lk\u0259l\u0259ri il\u0259 iqtisadi \u0259m\u0259kda\u015fl\u0131\u011f\u0131 ilb\u0259il artmaqdad\u0131r. 2020-ci ilin sonlar\u0131nda Az\u0259rbaycan Ordusunun g&ouml;st\u0259rdiyi q\u0259hr\u0259manl\u0131q, 30 il\u0259 yax\u0131n d&uuml;\u015fm\u0259n i\u015f\u011fal\u0131 alt\u0131nda qalan torpaqlar\u0131m\u0131z\u0131n azad edilm\u0259si tariximizin \u015fanl\u0131 s\u0259hif\u0259sin\u0259 &ccedil;evrilib.<\/span><\/p>\n<p style=\"text-align: justify; text-indent: 1cm;\"><span style=\"font-size: 12pt; color: #000000;\">D&ouml;vl\u0259timizin ba\u015f&ccedil;\u0131s\u0131, Ali Ba\u015f Komandan \u0130lham \u018fliyev m&uuml;harib\u0259 d&ouml;vr&uuml;nd\u0259 v\u0259 sonra d&uuml;nyan\u0131n ayr\u0131-ayr\u0131 k&uuml;tl\u0259vi informasiya vasit\u0259l\u0259rin\u0259 verdiyi m&uuml;sahib\u0259l\u0259rind\u0259 d&ouml;vl\u0259timizin haqq-\u0259dal\u0259t u\u011frunda, yurdumuzun \u0259razi b&uuml;t&ouml;vl&uuml;y&uuml;n&uuml;n t\u0259min edilm\u0259si yolunda sava\u015fd\u0131\u011f\u0131n\u0131 qeyd edib. Bu g&uuml;nl\u0259rd\u0259 yerli v\u0259 xarici media n&uuml;may\u0259nd\u0259l\u0259ri &uuml;&ccedil;&uuml;n ke&ccedil;iril\u0259n m\u0259tbuat konfrans\u0131nda da prezidentimiz reall\u0131qlardan dan\u0131\u015f\u0131b. D&ouml;vl\u0259timiz\u0259, xalq\u0131m\u0131za qar\u015f\u0131 uzun ill\u0259r himay\u0259darlar\u0131n\u0131n d\u0259st\u0259yi il\u0259 d&uuml;\u015fm\u0259n d&ouml;vl\u0259tin vurdu\u011fu z\u0259rb\u0259l\u0259rin d\u0259h\u015f\u0259tl\u0259rind\u0259n dan\u0131\u015fan Prezidentimiz Az\u0259rbaycan\u0131n iqtisadi inki\u015faf yolundak\u0131 u\u011furlar\u0131ndan, regionda liderlik etm\u0259sind\u0259n d\u0259 b\u0259hs edib.<\/span><\/p>\n<p style=\"text-align: justify; text-indent: 1cm;\"><span style=\"font-size: 12pt; color: #000000;\">H\u0259l\u0259 m&uuml;harib\u0259 d&ouml;vr&uuml;bd\u0259 Az\u0259rbaycana d\u0259st\u0259k oldu\u011funu d\u0259f\u0259l\u0259rl\u0259 b\u0259yan ed\u0259n T&uuml;rkiy\u0259 Respublikas\u0131 il\u0259 qar\u015f\u0131l\u0131ql\u0131 \u0259m\u0259kda\u015fl\u0131qlar\u0131n bundan sonra da davam etdiril\u0259c\u0259yi h\u0259r iki d&ouml;vl\u0259tin daha da q&uuml;dr\u0259tl\u0259nm\u0259sin\u0259 yol a&ccedil;acaq. H\u0259l\u0259 m&uuml;harib\u0259d\u0259n \u0259vv\u0259lki d&ouml;vrl\u0259rd\u0259 torpaqlar\u0131m\u0131z\u0131n geri qaytar\u0131lmas\u0131 il\u0259 ba\u011fl\u0131 dan\u0131\u015f\u0131qlar\u0131n getdiyi ill\u0259rd\u0259 Az\u0259rbaycana qar\u015f\u0131 bigan\u0259 m&uuml;nasib\u0259t g&ouml;st\u0259r\u0259n erm\u0259nip\u0259r\u0259st d&ouml;vl\u0259tl\u0259r t\u0259bii ki, Az\u0259rbaycan\u0131n iqtidasi inki\u015faf\u0131n\u0131, d&uuml;nya d&ouml;vl\u0259tl\u0259ri il\u0259 forumlarda i\u015ftirak\u0131n\u0131, b&uuml;yn\u0259lxalq t\u0259dbirl\u0259r\u0259 ev sahibliyi etm\u0259sini q\u0259bul ed\u0259 bilmirdil\u0259r.<\/span><\/p>\n<p style=\"text-align: justify; text-indent: 1cm;\"><span style=\"font-size: 12pt; color: #000000;\">2020-ci ilin 10 noyabr anla\u015fmas\u0131 ilk vaxtlar fikirl\u0259ri &ccedil;a\u015fd\u0131rsa da, m&uuml;harib\u0259nin bizim q\u0259l\u0259b\u0259mizl\u0259 bitm\u0259si &ccedil;oxlar\u0131n\u0131 m\u0259mnun etm\u0259s\u0259 d\u0259 \u0259dal\u0259t &ouml;z yerini tapd\u0131. Do\u011frudur, h\u0259l\u0259 d\u0259 d&uuml;\u015fm\u0259nin m\u0259krli h\u0259r\u0259k\u0259tl\u0259rinin qal\u0131qlar\u0131 qal\u0131b. \u018frazil\u0259r\u0259 o q\u0259d\u0259r minalar basd\u0131r\u0131lm\u0131\u015fd\u0131r ki, bunun t\u0259mizl\u0259nm\u0259si &uuml;&ccedil;&uuml;n uzun zaman laz\u0131md\u0131r. Bunun &uuml;&ccedil;&uuml;n T&uuml;rkiy\u0259d\u0259n m&uuml;asir texnika al\u0131n\u0131b, o art\u0131q g\u0259tirilib. Bu texnika mina t\u0259mizl\u0259m\u0259 i\u015fini xeyli asanla\u015fd\u0131racaq. H\u0259m&ccedil;inin azad edilmi\u015f torpaqlar\u0131m\u0131zda h\u0259yat\u0131n b\u0259rpa edilm\u0259si, uzun ill\u0259r m\u0259cburi k&ouml;&ccedil;k&uuml;n kimi ba\u015fqa \u0259razil\u0259rd\u0259 m\u0259skunla\u015fm\u0131\u015f sakinl\u0259rin &ouml;z yurdlar\u0131na qay\u0131tmas\u0131 &uuml;&ccedil;&uuml;n ilkin quruculuq i\u015fl\u0259rin\u0259 ba\u015flan\u0131b. Prezidentimizin azad olunmu\u015f \u0259razil\u0259r\u0259 s\u0259f\u0259rl\u0259rind\u0259n sonra g&ouml;r&uuml;l\u0259c\u0259k i\u015fl\u0259rl\u0259 ba\u011fl\u0131 verdiyi tap\u015f\u0131r\u0131qlar ard\u0131c\u0131ll\u0131qla icra edilir.<\/span><\/p>\n<p style=\"text-align: justify; text-indent: 1cm;\"><span style=\"font-size: 12pt; color: #000000;\">Rusiya-T&uuml;rkiy\u0259 Monitorinq M\u0259rk\u0259zinin f\u0259aliyy\u0259ti noyabr\u0131n 10-da imzalanm\u0131\u015f B\u0259yanatda &ouml;z \u0259ksini tap\u0131b. Orada d\u0259qiq g&ouml;st\u0259rilmirdi ki, bu Rusiya-T&uuml;rkiy\u0259 Monitorinq M\u0259rk\u0259zi olacaq. Amma B\u0259yanat raz\u0131la\u015fd\u0131r\u0131landa bu m&uuml;\u0259yy\u0259n edilmi\u015fdi. Az\u0259rbaycan &ouml;z v\u0259saiti hesab\u0131na bu monitorinq m\u0259rk\u0259zini A\u011fdam rayonunun M\u0259rzili k\u0259ndinin yax\u0131nl\u0131\u011f\u0131nda yaratd\u0131. \u018fsas m\u0259qs\u0259di post-m&uuml;harib\u0259 d&ouml;vr&uuml;nd\u0259 n\u0259zar\u0259t etm\u0259k, pilotsuz u&ccedil;u\u015f aparatlar\u0131ndan da istifad\u0259 ed\u0259r\u0259k monitorinq aparmaqd\u0131r ki, bu m&uuml;naqi\u015f\u0259 zonas\u0131nda h\u0259r hans\u0131 bir qar\u015f\u0131durma olmas\u0131n. Bu, h\u0259m d\u0259 b&ouml;lg\u0259mizin sabitliyini qorumaq &uuml;&ccedil;&uuml;n &ouml;n\u0259mli amildir.<\/span><\/p>\n<p style=\"text-align: justify; text-indent: 1cm;\"><span style=\"font-size: 12pt; color: #000000;\">V\u0259t\u0259n M&uuml;harib\u0259sinin ilk g&uuml;nl\u0259rind\u0259n T&uuml;rkiy\u0259 Prezidenti a&ccedil;\u0131qlamalar verirdi ki, Az\u0259rbaycan yaln\u0131z deyil, T&uuml;rkiy\u0259 Az\u0259rbaycan\u0131n yan\u0131ndad\u0131r. Bu, bir &ccedil;oxlar\u0131 &uuml;&ccedil;&uuml;n mesaj oldu ki, k\u0259narda durun, m&uuml;daxil\u0259 etm\u0259yin, Az\u0259rbaycana mane olmay\u0131n. Y\u0259ni m&uuml;harib\u0259nin, i\u015f\u011fal&ccedil;\u0131l\u0131q planlar\u0131n\u0131n davam etdirilm\u0259sind\u0259n faydalanan, qar\u015f\u0131durma yaradan d&ouml;vl\u0259tl\u0259rin k\u0259narda durmas\u0131 \u0259dal\u0259tin z\u0259f\u0259r &ccedil;almas\u0131na imkan yaratd\u0131.<\/span><\/p>\n<p style=\"text-align: justify; text-indent: 1cm;\"><span style=\"font-size: 12pt; color: #000000;\">Az\u0259rbaycan Prezidentinin T&uuml;rkiy\u0259, Rusiya, \u0130ran d&ouml;vl\u0259t ba\u015f&ccedil;\u0131lar\u0131 il\u0259 g&ouml;r&uuml;\u015fl\u0259ri v\u0259 fikir m&uuml;badil\u0259si onu dem\u0259y\u0259 \u0259sas verir ki, onlar ortaq m&ouml;vqed\u0259dirl\u0259r. Erm\u0259nistanda da \u0259g\u0259r bu m\u0259s\u0259l\u0259 il\u0259 ba\u011fl\u0131 eyni yana\u015fma olarsa, onda \u0259lb\u0259tt\u0259 ki, Erm\u0259nistan da prosesl\u0259rin t\u0259rkib hiss\u0259si ola bil\u0259r. T&uuml;rkiy\u0259, Rusiya, \u0130ran v\u0259 Az\u0259rbaycan aras\u0131nda k&ouml;rp&uuml;l\u0259rin yarad\u0131lmas\u0131 il\u0259 ba\u011fl\u0131 da ayd\u0131n t\u0259s\u0259vv&uuml;r var. Ona g&ouml;r\u0259 d\u0259 Erm\u0259nistan burada h\u0259r hans\u0131 bir m\u0259nfi add\u0131m atma\u011fa c\u0259hd etm\u0259m\u0259lidir. Onlar\u0131n siyasi, h\u0259rbi v\u0259 iqtisadi konfiqurasiyas\u0131n\u0131n as\u0131l\u0131 v\u0259ziyy\u0259td\u0259 olmas\u0131 bunu \u015f\u0259rtl\u0259ndirir. Az\u0259rbaycan bu regionun t\u0259rkib hiss\u0259si olmu\u015fdur, h\u0259r zaman u\u011furlu \u0259m\u0259kda\u015fl\u0131\u011f\u0131n n&uuml;mun\u0259si olmu\u015fdur.<\/span><\/p>\n<p style=\"text-align: justify; text-indent: 1cm;\"><span style=\"font-size: 12pt; color: #000000;\">B\u0259li, g&ouml;r&uuml;l\u0259c\u0259k i\u015fl\u0259r &ccedil;oxdur. Az\u0259rbaycan &uuml;&ccedil;&uuml;n strateji &ouml;n\u0259m da\u015f\u0131yan F&uuml;zuli-\u015eu\u015fa avtomobil yolunun in\u015fas\u0131 il\u0259 ba\u011fl\u0131 t&uuml;rk \u015firk\u0259tl\u0259ri art\u0131q f\u0259aliyy\u0259td\u0259dirl\u0259r. Eyni zamanda, G&ouml;yg&ouml;l b&ouml;lg\u0259sind\u0259n K\u0259lb\u0259c\u0259r\u0259 &ccedil;\u0259kil\u0259n yolda da t&uuml;rk \u015firk\u0259tl\u0259ri f\u0259aliyy\u0259t g&ouml;st\u0259rirl\u0259r v\u0259 o da &ccedil;ox m&uuml;r\u0259kk\u0259b, &ccedil;\u0259tin bir \u0259razid\u0259n ke&ccedil;ir, orada tunell\u0259r qaz\u0131lmal\u0131d\u0131r. Art\u0131q ilkin raz\u0131la\u015fmalar \u0259ld\u0259 edilib. Bu, art\u0131q d&uuml;nya &uuml;&ccedil;&uuml;n sirr deyil. T&uuml;rkiy\u0259 istehsal\u0131 olan m&uuml;dafi\u0259 sisteml\u0259rind\u0259n Az\u0259rbaycan m\u0259har\u0259tl\u0259 istifad\u0259 edib v\u0259 m&uuml;harib\u0259d\u0259 bu, b&ouml;y&uuml;k &uuml;st&uuml;nl&uuml;k t\u0259min etmi\u015fdir. Iki &ouml;lk\u0259 aras\u0131ndak\u0131 h\u0259rbi \u0259m\u0259kda\u015fl\u0131q g&uuml;nd\u0259n-g&uuml;n\u0259 m&ouml;hk\u0259ml\u0259nir.<\/span><\/p>\n<p style=\"text-align: justify; text-indent: 1cm;\"><span style=\"font-size: 12pt; color: #000000;\">2019-cu ild\u0259 10 d\u0259f\u0259d\u0259n &ccedil;ox h\u0259rbi t\u0259lim ke&ccedil;irilmi\u015fdir. T&uuml;rkiy\u0259-Az\u0259rbaycan birg\u0259 h\u0259rbi t\u0259liml\u0259ri m&uuml;nt\u0259z\u0259m olaraq ke&ccedil;irilm\u0259si ordumuzun daha da g&uuml;cl\u0259nm\u0259sini t\u0259min edir.<\/span><\/p>\n<p style=\"text-align: justify; text-indent: 1cm;\"><span style=\"font-size: 12pt; color: #000000;\">T&uuml;rkiy\u0259 il\u0259 Az\u0259rbaycan\u0131n qarda\u015fl\u0131\u011f\u0131n\u0131n t\u0259m\u0259li o q\u0259d\u0259r m&ouml;hk\u0259mdir ki, bunu he&ccedil; kim sars\u0131da bilm\u0259z. Buna misal olaraq T&uuml;rkiy\u0259nin Erm\u0259nistan il\u0259 s\u0259rh\u0259dl\u0259rinin ba\u011fl\u0131 olmas\u0131, \u0259lb\u0259tt\u0259 ki, qarda\u015fl\u0131q r\u0259mzi idi, qarda\u015fl\u0131q add\u0131m\u0131 idi. T&uuml;rkiy\u0259 Erm\u0259nistanla s\u0259rh\u0259dl\u0259rini 1993-c&uuml; ild\u0259 K\u0259lb\u0259c\u0259r i\u015f\u011fal edildikd\u0259n sonra ba\u011flam\u0131\u015fd\u0131r. S\u0259rh\u0259dl\u0259rin ba\u011flanmas\u0131 o vaxt Az\u0259rbaycana g&ouml;st\u0259ril\u0259n h\u0259mr\u0259ylik akt\u0131 idi. \u0130ndi m&uuml;naqi\u015f\u0259 ba\u015fa &ccedil;atd\u0131. Az\u0259rbaycan &ouml;z \u0259razi b&uuml;t&ouml;vl&uuml;y&uuml;n&uuml; b\u0259rpa edib, b&ouml;lg\u0259d\u0259 yeni v\u0259ziyy\u0259t yaranm\u0131\u015fd\u0131r. D&uuml;\u015fm\u0259n d&ouml;vl\u0259t y\u0259qin ki, anlayacaqd\u0131r ki, onlar i\u015f\u011fal&ccedil;\u0131l\u0131q ed\u0259r\u0259k &ouml;zg\u0259 torpaqlar\u0131n\u0131 z\u0259bt etmi\u015fdil\u0259r.<\/span><\/p>\n<p style=\"text-align: justify; text-indent: 1cm;\"><span style=\"font-size: 12pt; color: #000000;\">Bu g&uuml;n Erm\u0259nistanda ba\u015flanan xalq h\u0259r\u0259kat\u0131n\u0131n i\u015ftirak&ccedil;\u0131lar\u0131, erm\u0259nil\u0259r bilm\u0259lidirl\u0259r ki, bu m&uuml;harib\u0259 \u0259dal\u0259tin b\u0259rpa olunmas\u0131 il\u0259 ba\u015fa &ccedil;at\u0131b. Az\u0259rbaycan &ouml;z torpaqlar\u0131n\u0131 geri al\u0131b. Onlar is\u0259 bizim torpaqlar\u0131 t\u0259rk edibl\u0259r. Bizim xalq\u0131n he&ccedil; bir d&ouml;vl\u0259tl\u0259, mill\u0259tl\u0259 d&uuml;\u015fm\u0259n&ccedil;iliyi yoxdur. &Ccedil;al\u0131\u015f\u0131r\u0131q ki, s&uuml;lh v\u0259 \u0259min amanl\u0131q \u015f\u0259raitind\u0259 h\u0259yat davam etsin, yurdumuz inki\u015faf etsin. Xalq\u0131m\u0131z dir daha m&uuml;harib\u0259, od alov il\u0259 &uuml;zl\u0259\u015fm\u0259sin. \u0130nan\u0131r\u0131q ki, &ouml;lk\u0259miz bundan sonra da d&ouml;vl\u0259timizin ba\u015f&ccedil;\u0131s\u0131n\u0131n r\u0259hb\u0259rliyi il\u0259 daha b&ouml;y&uuml;k u\u011furlara nail olacaq.<\/span><\/p>\n<p style=\"text-align: justify; text-indent: 1cm;\"><span style=\"font-size: 12pt; color: #000000;\"><b>&nbsp;<\/b><\/span><\/p>\n<p style=\"text-align: justify; text-indent: 1cm;\"><span style=\"font-size: 12pt; color: #000000;\"><b>Mirs\u0259di Da\u015fd\u0259mirov<\/b><\/span><\/p>\n<p style=\"text-align: justify; text-indent: 1cm;\"><span style=\"font-size: 12pt; color: #000000;\"><\/span><span style=\"font-size: 12pt; color: #000000;\"><b>\u018fm\u0259kdar jurnalist<\/b><\/span><\/p>","protected":false},"excerpt":{"rendered":"<p>&Ouml;lk\u0259miz bundan sonra da d&ouml;vl\u0259timizin ba\u015f&ccedil;\u0131s\u0131n\u0131n r\u0259hb\u0259rliyi il\u0259 daha b&ouml;y&uuml;k u\u011furlara nail olacaq. Az\u0259rbaycan Respublikas\u0131n\u0131n iqtisadi u\u011furlar\u0131, d&ouml;vl\u0259timizin d&uuml;nyan\u0131n bir &ccedil;ox &ouml;lk\u0259l\u0259ri il\u0259 iqtisadi \u0259m\u0259kda\u015fl\u0131\u011f\u0131 ilb\u0259il artmaqdad\u0131r. 2020-ci ilin sonlar\u0131nda Az\u0259rbaycan Ordusunun g&ouml;st\u0259rdiyi q\u0259hr\u0259manl\u0131q, 30 il\u0259 yax\u0131n d&uuml;\u015fm\u0259n i\u015f\u011fal\u0131 alt\u0131nda qalan torpaqlar\u0131m\u0131z\u0131n azad edilm\u0259si tariximizin \u015fanl\u0131 s\u0259hif\u0259sin\u0259 &ccedil;evrilib. D&ouml;vl\u0259timizin ba\u015f&ccedil;\u0131s\u0131, Ali Ba\u015f Komandan \u0130lham \u018fliyev [&hellip;]<\/p>\n","protected":false},"author":1,"featured_media":0,"comment_status":"open","ping_status":"open","sticky":false,"template":"","format":"standard","meta":{"_eb_attr":"","ocean_post_layout":"","ocean_both_sidebars_style":"","ocean_both_sidebars_content_width":0,"ocean_both_sidebars_sidebars_width":0,"ocean_sidebar":"","ocean_second_sidebar":"","ocean_disable_margins":"enable","ocean_add_body_class":"","ocean_shortcode_before_top_bar":"","ocean_shortcode_after_top_bar":"","ocean_shortcode_before_header":"","ocean_shortcode_after_header":"","ocean_has_shortcode":"","ocean_shortcode_after_title":"","ocean_shortcode_before_footer_widgets":"","ocean_shortcode_after_footer_widgets":"","ocean_shortcode_before_footer_bottom":"","ocean_shortcode_after_footer_bottom":"","ocean_display_top_bar":"default","ocean_display_header":"default","ocean_header_style":"","ocean_center_header_left_menu":"","ocean_custom_header_template":"","ocean_custom_logo":0,"ocean_custom_retina_logo":0,"ocean_custom_logo_max_width":0,"ocean_custom_logo_tablet_max_width":0,"ocean_custom_logo_mobile_max_width":0,"ocean_custom_logo_max_height":0,"ocean_custom_logo_tablet_max_height":0,"ocean_custom_logo_mobile_max_height":0,"ocean_header_custom_menu":"","ocean_menu_typo_font_family":"","ocean_menu_typo_font_subset":"","ocean_menu_typo_font_size":0,"ocean_menu_typo_font_size_tablet":0,"ocean_menu_typo_font_size_mobile":0,"ocean_menu_typo_font_size_unit":"px","ocean_menu_typo_font_weight":"","ocean_menu_typo_font_weight_tablet":"","ocean_menu_typo_font_weight_mobile":"","ocean_menu_typo_transform":"","ocean_menu_typo_transform_tablet":"","ocean_menu_typo_transform_mobile":"","ocean_menu_typo_line_height":0,"ocean_menu_typo_line_height_tablet":0,"ocean_menu_typo_line_height_mobile":0,"ocean_menu_typo_line_height_unit":"","ocean_menu_typo_spacing":0,"ocean_menu_typo_spacing_tablet":0,"ocean_menu_typo_spacing_mobile":0,"ocean_menu_typo_spacing_unit":"","ocean_menu_link_color":"","ocean_menu_link_color_hover":"","ocean_menu_link_color_active":"","ocean_menu_link_background":"","ocean_menu_link_hover_background":"","ocean_menu_link_active_background":"","ocean_menu_social_links_bg":"","ocean_menu_social_hover_links_bg":"","ocean_menu_social_links_color":"","ocean_menu_social_hover_links_color":"","ocean_disable_title":"default","ocean_disable_heading":"default","ocean_post_title":"","ocean_post_subheading":"","ocean_post_title_style":"","ocean_post_title_background_color":"","ocean_post_title_background":0,"ocean_post_title_bg_image_position":"","ocean_post_title_bg_image_attachment":"","ocean_post_title_bg_image_repeat":"","ocean_post_title_bg_image_size":"","ocean_post_title_height":0,"ocean_post_title_bg_overlay":0.5,"ocean_post_title_bg_overlay_color":"","ocean_disable_breadcrumbs":"default","ocean_breadcrumbs_color":"","ocean_breadcrumbs_separator_color":"","ocean_breadcrumbs_links_color":"","ocean_breadcrumbs_links_hover_color":"","ocean_display_footer_widgets":"default","ocean_display_footer_bottom":"default","ocean_custom_footer_template":"","ocean_post_oembed":"","ocean_post_self_hosted_media":"","ocean_post_video_embed":"","ocean_link_format":"","ocean_link_format_target":"self","ocean_quote_format":"","ocean_quote_format_link":"post","ocean_gallery_link_images":"on","ocean_gallery_id":[],"footnotes":""},"categories":[63],"tags":[],"class_list":["post-15769","post","type-post","status-publish","format-standard","hentry","category-khaebaerlaer-az","entry"],"_links":{"self":[{"href":"https:\/\/mdu.edu.az\/en\/wp-json\/wp\/v2\/posts\/15769","targetHints":{"allow":["GET"]}}],"collection":[{"href":"https:\/\/mdu.edu.az\/en\/wp-json\/wp\/v2\/posts"}],"about":[{"href":"https:\/\/mdu.edu.az\/en\/wp-json\/wp\/v2\/types\/post"}],"author":[{"embeddable":true,"href":"https:\/\/mdu.edu.az\/en\/wp-json\/wp\/v2\/users\/1"}],"replies":[{"embeddable":true,"href":"https:\/\/mdu.edu.az\/en\/wp-json\/wp\/v2\/comments?post=15769"}],"version-history":[{"count":0,"href":"https:\/\/mdu.edu.az\/en\/wp-json\/wp\/v2\/posts\/15769\/revisions"}],"wp:attachment":[{"href":"https:\/\/mdu.edu.az\/en\/wp-json\/wp\/v2\/media?parent=15769"}],"wp:term":[{"taxonomy":"category","embeddable":true,"href":"https:\/\/mdu.edu.az\/en\/wp-json\/wp\/v2\/categories?post=15769"},{"taxonomy":"post_tag","embeddable":true,"href":"https:\/\/mdu.edu.az\/en\/wp-json\/wp\/v2\/tags?post=15769"}],"curies":[{"name":"wp","href":"https:\/\/api.w.org\/{rel}","templated":true}]}}