{"id":15770,"date":"2021-03-03T17:41:44","date_gmt":"2021-03-03T14:41:44","guid":{"rendered":"https:\/\/mdu.edu.az\/minzh-evir-d-vl-t-universitetind-nizami-zh-ndz-vinin-880-illik-yubileyin-h-sr-olunmu-elmi-konfrans-ke-irilib\/"},"modified":"2021-03-03T17:41:44","modified_gmt":"2021-03-03T14:41:44","slug":"minzh-evir-d-vl-t-universitetind-nizami-zh-ndz-vinin-880-illik-yubileyin-h-sr-olunmu-elmi-konfrans-ke-irilib","status":"publish","type":"post","link":"https:\/\/mdu.edu.az\/en\/minzh-evir-d-vl-t-universitetind-nizami-zh-ndz-vinin-880-illik-yubileyin-h-sr-olunmu-elmi-konfrans-ke-irilib\/","title":{"rendered":"Ming\u0259\u00e7evir D\u00f6vl\u0259t Universitetind\u0259 Nizami G\u0259nc\u0259vinin 880 illik yubileyin\u0259 h\u0259sr olunmu\u015f elmi konfrans ke\u00e7irilib"},"content":{"rendered":"<p style=\"margin-bottom: 0.0001pt; text-align: center; line-height: 150%;\"><b><span style=\"font-size: 14pt; line-height: 150%; font-family: 'Arial', sans-serif; color: #002060;\">Ming\u0259&ccedil;evir D&ouml;vl\u0259t Universitetind\u0259 Nizami G\u0259nc\u0259vinin 880 illik yubileyin\u0259 h\u0259sr olunmu\u015f elmi konfrans ke&ccedil;irilib<\/span><\/b><\/p>\n<p>&nbsp;<\/p>\n<p style=\"margin-bottom: 0.0001pt; text-align: justify; text-indent: 1cm; line-height: 150%;\"><span style=\"font-size: 12pt; line-height: 150%; font-family: 'Arial', sans-serif; color: #000000;\">2021-ci ilin 3 mart tarixind\u0259 Ming\u0259&ccedil;evir D&ouml;vl\u0259t Universitetind\u0259 (MDU) dahi \u015fair Nizami G\u0259nc\u0259vinin 880 illik yubileyin\u0259 h\u0259sr olunmu\u015f &ldquo;Nizami G\u0259nc\u0259vi Az\u0259rbaycan\u0131n d&uuml;nya \u0259d\u0259biyyat\u0131 x\u0259zin\u0259sin\u0259 t&ouml;hf\u0259sidir&rdquo; m&ouml;vzusunda elmi konfrans ke&ccedil;irilib.<\/span><\/p>\n<p style=\"margin-bottom: 0.0001pt; text-align: justify; text-indent: 1cm; line-height: 150%;\"><span style=\"font-size: 12pt; line-height: 150%; font-family: 'Arial', sans-serif; color: #000000;\">&ldquo;Microsoft Teams&rdquo; platformas\u0131 &uuml;z\u0259rind\u0259n onlayn formatda t\u0259\u015fkil edil\u0259n konfrans\u0131 a&ccedil;an MDU-nun rektoru \u015eahin Bayramov, ilk n&ouml;vb\u0259d\u0259, Az\u0259rbaycan Respublikas\u0131 Prezidentinin m&uuml;vafiq S\u0259r\u0259ncam\u0131 il\u0259 2021-ci ilin &ouml;lk\u0259mizd\u0259 &ldquo;Nizami G\u0259nc\u0259vi ili&rdquo; elan edildiyini diqq\u0259t\u0259 &ccedil;atd\u0131r\u0131b. &Uuml;mmmilli lider Heyd\u0259r \u018fliyevin Az\u0259rbaycan\u0131n b&ouml;y&uuml;k \u015fairi v\u0259 m&uuml;t\u0259f\u0259kkiri Nizami G\u0259nc\u0259vinin z\u0259ngin irsinin t\u0259dqiqi v\u0259 t\u0259bli\u011fin\u0259 x&uuml;susi diqq\u0259t yetirdiyini vur\u011fulayan rektor bu istiqam\u0259td\u0259 haz\u0131rda &ouml;lk\u0259mizd\u0259 h\u0259yata ke&ccedil;iril\u0259n m\u0259qs\u0259dy&ouml;nl&uuml; t\u0259dbirl\u0259r bar\u0259d\u0259 dan\u0131\u015f\u0131b.<\/span><\/p>\n<p style=\"margin-bottom: 0.0001pt; text-align: justify; text-indent: 1cm; line-height: 150%;\"><span style=\"font-size: 12pt; line-height: 150%; font-family: 'Arial', sans-serif; color: #000000;\">D&uuml;nya \u0259d\u0259biyyat\u0131 x\u0259zin\u0259sin\u0259 b&ouml;y&uuml;k t&ouml;hf\u0259l\u0259r vermi\u015f dahi \u015fairin \u0259b\u0259diya\u015far \u0259s\u0259rl\u0259rind\u0259 yer alan y&uuml;ks\u0259k m\u0259n\u0259vi fikirl\u0259rin t\u0259l\u0259b\u0259 g\u0259ncl\u0259r aras\u0131nda t\u0259bli\u011finin &ouml;n\u0259mind\u0259n b\u0259hs ed\u0259n \u015e.Bayramov &ldquo;Nizami G\u0259nc\u0259vi ili&rdquo; &ccedil;\u0259r&ccedil;iv\u0259sind\u0259 MDU-da m&uuml;xt\u0259lif formatlarda v\u0259 m&ouml;vzularda &ccedil;oxsayl\u0131 t\u0259dbirl\u0259rin ke&ccedil;irilm\u0259sinin n\u0259z\u0259rd\u0259 tutuldu\u011funu bildirib.<\/span><\/p>\n<p style=\"margin-bottom: 0.0001pt; text-align: justify; text-indent: 1cm; line-height: 150%;\"><span style=\"font-size: 12pt; line-height: 150%; font-family: 'Arial', sans-serif; color: #000000;\">Az\u0259rbaycan Milli Elml\u0259r Akademiyas\u0131nda Nizami M\u0259rk\u0259zinin direktoru, g&ouml;rk\u0259mli nizami\u015f&uuml;nas alim, professor X\u0259lil Yusifli &ldquo;Dahi \u015fair Nizami G\u0259nc\u0259vinin h\u0259yat v\u0259 yarad\u0131c\u0131l\u0131\u011f\u0131&rdquo; m&ouml;vzusunda, MDU-nun Xarici dill\u0259r kafedras\u0131n\u0131n dosenti May\u0131l \u0130smay\u0131lov &ldquo;Nizami d&uuml;nya \u015f\u0259rq\u015f&uuml;nasl\u0131\u011f\u0131nda&rdquo; m&ouml;vzusunda, MDU-nun Humanitar f\u0259nl\u0259r kafedras\u0131n\u0131n m&uuml;diri, dosent Esmira C\u0259f\u0259rova &ldquo;Nizami G\u0259nc\u0259vi irsinin &ouml;yr\u0259nilm\u0259si v\u0259 t\u0259bli\u011find\u0259 &uuml;mummilli lider Heyd\u0259r \u018fliyevin rolu&rdquo;, MDU-nun Humanitar f\u0259nl\u0259r kafedras\u0131n\u0131n m&uuml;\u0259llimi S\u0259ad\u0259t A\u011faki\u015fiyeva &ldquo;Nizami G\u0259nc\u0259vi yarad\u0131c\u0131l\u0131\u011f\u0131nda folklor-mifoloji \u0259n\u0259n\u0259l\u0259r&rdquo; m&ouml;vzusunda v\u0259 MDU-nun Humanitar f\u0259nl\u0259r kafedras\u0131n\u0131n m&uuml;\u0259llimi Ayna Babazad\u0259 &ldquo;Nizami G\u0259nc\u0259vinin m\u0259h\u0259bb\u0259t f\u0259ls\u0259f\u0259si&rdquo; m&ouml;vzusunda m\u0259ruzl\u0259rl\u0259 &ccedil;\u0131x\u0131\u015f edibl\u0259r.<\/span><\/p>\n<p style=\"margin-bottom: 0.0001pt; text-align: justify; text-indent: 1cm; line-height: 150%;\"><span style=\"font-size: 12pt; line-height: 150%; font-family: 'Arial', sans-serif; color: #000000;\">M\u0259ruz\u0259l\u0259rd\u0259 d&uuml;nya \u0259d\u0259biyyat\u0131n\u0131n g&ouml;rk\u0259mli n&uuml;may\u0259nd\u0259si v\u0259 d&uuml;has\u0131 Nizami G\u0259nc\u0259vinin h\u0259yat\u0131, yarad\u0131c\u0131l\u0131\u011f\u0131, poetik-f\u0259ls\u0259fi fikirl\u0259ri, d&uuml;nyan\u0131n tan\u0131nm\u0131\u015f \u015f\u0259rq\u015f&uuml;nas aliml\u0259rinin Nizami haqq\u0131nda d&uuml;\u015f&uuml;nc\u0259l\u0259ri, dahi \u015fairin \u0259s\u0259rl\u0259rinin d&uuml;nyan\u0131n bir &ccedil;ox dill\u0259rin\u0259 t\u0259rc&uuml;m\u0259 edilm\u0259si, Nizami irsinin t\u0259bli\u011find\u0259 &uuml;mummilli liderin rolu v\u0259 milli t\u0259\u0259ss&uuml;bke\u015fliyi bar\u0259d\u0259 \u0259trafl\u0131 m\u0259lumatlar verilib.<\/span><\/p>\n<p style=\"margin-bottom: 0.0001pt; text-align: justify; text-indent: 1cm; line-height: 150%;\"><span style=\"font-size: 12pt; line-height: 150%; font-family: 'Arial', sans-serif; color: #000000;\">Maraqla qar\u015f\u0131lanan m\u0259ruz\u0259l\u0259r konfrans i\u015ftirak&ccedil;\u0131lar\u0131n\u0131n geni\u015f m&uuml;zakir\u0259sin\u0259 s\u0259b\u0259b olub.<\/span><\/p>\n<p style=\"margin-bottom: 0.0001pt; text-align: justify; text-indent: 1cm; line-height: 150%;\"><span style=\"font-size: 12pt; line-height: 150%; font-family: 'Arial', sans-serif; color: #000000;\">Qeyd ed\u0259k ki, MDU-da Az\u0259rbaycan\u0131n g&ouml;rk\u0259mli \u015f\u0259xsiyy\u0259tl\u0259ri v\u0259 m&uuml;t\u0259f\u0259kkirl\u0259rin\u0259 h\u0259sr olunmu\u015f t\u0259dbirl\u0259rin ke&ccedil;irilm\u0259sin\u0259 x&uuml;susi \u0259h\u0259miyy\u0259t verilir, onlar\u0131n z\u0259ngin irsinin &ouml;yr\u0259nilm\u0259si, n&uuml;mun\u0259vi h\u0259yat v\u0259 yarad\u0131c\u0131l\u0131q f\u0259aliyy\u0259tl\u0259rinin g\u0259nc n\u0259sil aras\u0131nda t\u0259bli\u011fi diqq\u0259t m\u0259rk\u0259zind\u0259 saxlan\u0131l\u0131r.<\/span><\/p>\n<p>{phocagallery view=category|categoryid=533|limitstart=0|limitcount=0}<\/p>","protected":false},"excerpt":{"rendered":"<p>Ming\u0259&ccedil;evir D&ouml;vl\u0259t Universitetind\u0259 Nizami G\u0259nc\u0259vinin 880 illik yubileyin\u0259 h\u0259sr olunmu\u015f elmi konfrans ke&ccedil;irilib &nbsp; 2021-ci ilin 3 mart tarixind\u0259 Ming\u0259&ccedil;evir D&ouml;vl\u0259t Universitetind\u0259 (MDU) dahi \u015fair Nizami G\u0259nc\u0259vinin 880 illik yubileyin\u0259 h\u0259sr olunmu\u015f &ldquo;Nizami G\u0259nc\u0259vi Az\u0259rbaycan\u0131n d&uuml;nya \u0259d\u0259biyyat\u0131 x\u0259zin\u0259sin\u0259 t&ouml;hf\u0259sidir&rdquo; m&ouml;vzusunda elmi konfrans ke&ccedil;irilib. &ldquo;Microsoft Teams&rdquo; platformas\u0131 &uuml;z\u0259rind\u0259n onlayn formatda t\u0259\u015fkil edil\u0259n konfrans\u0131 a&ccedil;an MDU-nun rektoru [&hellip;]<\/p>\n","protected":false},"author":1,"featured_media":0,"comment_status":"open","ping_status":"open","sticky":false,"template":"","format":"standard","meta":{"_eb_attr":"","ocean_post_layout":"","ocean_both_sidebars_style":"","ocean_both_sidebars_content_width":0,"ocean_both_sidebars_sidebars_width":0,"ocean_sidebar":"","ocean_second_sidebar":"","ocean_disable_margins":"enable","ocean_add_body_class":"","ocean_shortcode_before_top_bar":"","ocean_shortcode_after_top_bar":"","ocean_shortcode_before_header":"","ocean_shortcode_after_header":"","ocean_has_shortcode":"","ocean_shortcode_after_title":"","ocean_shortcode_before_footer_widgets":"","ocean_shortcode_after_footer_widgets":"","ocean_shortcode_before_footer_bottom":"","ocean_shortcode_after_footer_bottom":"","ocean_display_top_bar":"default","ocean_display_header":"default","ocean_header_style":"","ocean_center_header_left_menu":"","ocean_custom_header_template":"","ocean_custom_logo":0,"ocean_custom_retina_logo":0,"ocean_custom_logo_max_width":0,"ocean_custom_logo_tablet_max_width":0,"ocean_custom_logo_mobile_max_width":0,"ocean_custom_logo_max_height":0,"ocean_custom_logo_tablet_max_height":0,"ocean_custom_logo_mobile_max_height":0,"ocean_header_custom_menu":"","ocean_menu_typo_font_family":"","ocean_menu_typo_font_subset":"","ocean_menu_typo_font_size":0,"ocean_menu_typo_font_size_tablet":0,"ocean_menu_typo_font_size_mobile":0,"ocean_menu_typo_font_size_unit":"px","ocean_menu_typo_font_weight":"","ocean_menu_typo_font_weight_tablet":"","ocean_menu_typo_font_weight_mobile":"","ocean_menu_typo_transform":"","ocean_menu_typo_transform_tablet":"","ocean_menu_typo_transform_mobile":"","ocean_menu_typo_line_height":0,"ocean_menu_typo_line_height_tablet":0,"ocean_menu_typo_line_height_mobile":0,"ocean_menu_typo_line_height_unit":"","ocean_menu_typo_spacing":0,"ocean_menu_typo_spacing_tablet":0,"ocean_menu_typo_spacing_mobile":0,"ocean_menu_typo_spacing_unit":"","ocean_menu_link_color":"","ocean_menu_link_color_hover":"","ocean_menu_link_color_active":"","ocean_menu_link_background":"","ocean_menu_link_hover_background":"","ocean_menu_link_active_background":"","ocean_menu_social_links_bg":"","ocean_menu_social_hover_links_bg":"","ocean_menu_social_links_color":"","ocean_menu_social_hover_links_color":"","ocean_disable_title":"default","ocean_disable_heading":"default","ocean_post_title":"","ocean_post_subheading":"","ocean_post_title_style":"","ocean_post_title_background_color":"","ocean_post_title_background":0,"ocean_post_title_bg_image_position":"","ocean_post_title_bg_image_attachment":"","ocean_post_title_bg_image_repeat":"","ocean_post_title_bg_image_size":"","ocean_post_title_height":0,"ocean_post_title_bg_overlay":0.5,"ocean_post_title_bg_overlay_color":"","ocean_disable_breadcrumbs":"default","ocean_breadcrumbs_color":"","ocean_breadcrumbs_separator_color":"","ocean_breadcrumbs_links_color":"","ocean_breadcrumbs_links_hover_color":"","ocean_display_footer_widgets":"default","ocean_display_footer_bottom":"default","ocean_custom_footer_template":"","ocean_post_oembed":"","ocean_post_self_hosted_media":"","ocean_post_video_embed":"","ocean_link_format":"","ocean_link_format_target":"self","ocean_quote_format":"","ocean_quote_format_link":"post","ocean_gallery_link_images":"on","ocean_gallery_id":[],"footnotes":""},"categories":[63],"tags":[],"class_list":["post-15770","post","type-post","status-publish","format-standard","hentry","category-khaebaerlaer-az","entry"],"_links":{"self":[{"href":"https:\/\/mdu.edu.az\/en\/wp-json\/wp\/v2\/posts\/15770","targetHints":{"allow":["GET"]}}],"collection":[{"href":"https:\/\/mdu.edu.az\/en\/wp-json\/wp\/v2\/posts"}],"about":[{"href":"https:\/\/mdu.edu.az\/en\/wp-json\/wp\/v2\/types\/post"}],"author":[{"embeddable":true,"href":"https:\/\/mdu.edu.az\/en\/wp-json\/wp\/v2\/users\/1"}],"replies":[{"embeddable":true,"href":"https:\/\/mdu.edu.az\/en\/wp-json\/wp\/v2\/comments?post=15770"}],"version-history":[{"count":0,"href":"https:\/\/mdu.edu.az\/en\/wp-json\/wp\/v2\/posts\/15770\/revisions"}],"wp:attachment":[{"href":"https:\/\/mdu.edu.az\/en\/wp-json\/wp\/v2\/media?parent=15770"}],"wp:term":[{"taxonomy":"category","embeddable":true,"href":"https:\/\/mdu.edu.az\/en\/wp-json\/wp\/v2\/categories?post=15770"},{"taxonomy":"post_tag","embeddable":true,"href":"https:\/\/mdu.edu.az\/en\/wp-json\/wp\/v2\/tags?post=15770"}],"curies":[{"name":"wp","href":"https:\/\/api.w.org\/{rel}","templated":true}]}}