{"id":15809,"date":"2021-03-20T08:35:48","date_gmt":"2021-03-20T05:35:48","guid":{"rendered":"https:\/\/mdu.edu.az\/elmi-shura-19-03-2021\/"},"modified":"2021-03-20T08:35:48","modified_gmt":"2021-03-20T05:35:48","slug":"elmi-shura-19-03-2021","status":"publish","type":"post","link":"https:\/\/mdu.edu.az\/en\/elmi-shura-19-03-2021\/","title":{"rendered":"Ming\u0259\u00e7evir D\u00f6vl\u0259t Universiteti Elmi \u015euras\u0131n\u0131n n\u00f6vb\u0259ti iclas\u0131 ke\u00e7irilib"},"content":{"rendered":"<p style=\"margin-bottom: 0.0001pt; text-align: center; line-height: 150%; background: white none repeat scroll 0% 0%;\"><b><span style=\"font-size: 14pt; line-height: 150%; font-family: 'Arial', sans-serif; color: #002060;\">Ming\u0259&ccedil;evir D&ouml;vl\u0259t Universiteti Elmi \u015euras\u0131n\u0131n n&ouml;vb\u0259ti iclas\u0131 ke&ccedil;irilib<\/span><\/b><\/p>\n<p>&nbsp;<\/p>\n<p style=\"margin-bottom: 0.0001pt; text-align: justify; text-indent: 1cm; line-height: 150%; background: white none repeat scroll 0% 0%;\"><span style=\"font-size: 12pt; line-height: 150%; font-family: 'Arial', sans-serif; color: #000000;\">19 mart 2021-ci il tarixind\u0259 Ming\u0259&ccedil;evir D&ouml;vl\u0259t Universiteti (MDU) Elmi \u015euras\u0131n\u0131n n&ouml;vb\u0259ti iclas\u0131 ke&ccedil;irilib.<\/span><\/p>\n<p style=\"margin-bottom: 0.0001pt; text-align: justify; text-indent: 1cm; line-height: 150%; background: white none repeat scroll 0% 0%;\"><span style=\"font-size: 12pt; line-height: 150%; font-family: 'Arial', sans-serif; color: #000000;\">&ldquo;Microsoft Teams&rdquo; platformas\u0131 &uuml;z\u0259rind\u0259n online formatda ke&ccedil;iril\u0259n iclas\u0131 a&ccedil;an MDU-nun rektoru \u015eahin Bayramov, ilk &ouml;nc\u0259, MDU-nun professor-m&uuml;\u0259llim, inzibati v\u0259 texniki hey\u0259t &uuml;zvl\u0259rini, t\u0259l\u0259b\u0259, magistrant v\u0259 m\u0259zunlar\u0131n\u0131 Novruz bayram\u0131 m&uuml;nasib\u0259til\u0259 t\u0259brik edib. Sonra g&uuml;nd\u0259likd\u0259 dayanan m\u0259s\u0259l\u0259l\u0259r diqq\u0259t\u0259 &ccedil;atd\u0131r\u0131l\u0131b.<\/span><\/p>\n<p style=\"margin-bottom: 0.0001pt; text-align: justify; text-indent: 1cm; line-height: 150%; background: white none repeat scroll 0% 0%;\"><span style=\"font-size: 12pt; line-height: 150%; font-family: 'Arial', sans-serif; color: #000000;\">\u0130clas\u0131n g&uuml;nd\u0259liyin\u0259 uy\u011fun olaraq, &ldquo;2020-ci il &uuml;&ccedil;&uuml;n universitetin maliyy\u0259-t\u0259s\u0259rr&uuml;ffat f\u0259aliyy\u0259ti haqq\u0131nda&rdquo; hesabat dinl\u0259nilib. MDU-nun ba\u015f m&uuml;hasibi \u015e.Muradov t\u0259r\u0259find\u0259n t\u0259qdim olunan hesabatda &ouml;t\u0259n il \u0259rzind\u0259 universitet &uuml;zr\u0259 daxilolmalar v\u0259 x\u0259rcl\u0259r, t\u0259hsil haqlar\u0131n\u0131n &ouml;d\u0259nilm\u0259si v\u0259ziyy\u0259ti, \u0259m\u0259khaqq\u0131 art\u0131mlar\u0131 v\u0259 dig\u0259r m\u0259s\u0259l\u0259l\u0259r bar\u0259d\u0259 m\u0259lumatlar &ouml;z \u0259ksini tap\u0131b. M&uuml;zakir\u0259l\u0259rd\u0259n sonra, universitetin maliyy\u0259 dayan\u0131ql\u0131\u011f\u0131n\u0131n daha da m&ouml;hk\u0259ml\u0259ndirilm\u0259sinin z\u0259ruriliyini diqq\u0259t\u0259 &ccedil;atd\u0131ran \u015e.Bayramov t\u0259hsil haqq\u0131 &ouml;d\u0259ni\u015fl\u0259ri il\u0259 yana\u015f\u0131, qanunvericiliyin yol verdiyi dig\u0259r m\u0259nb\u0259l\u0259r hesab\u0131na da universitetin g\u0259lirl\u0259rinin art\u0131r\u0131lmas\u0131 istiqam\u0259tind\u0259 m&uuml;vafiq tap\u015f\u0131r\u0131q v\u0259 t&ouml;vsiy\u0259l\u0259rini verib. Hesabat Elmi \u015eura t\u0259r\u0259find\u0259n q\u0259bul edilib.<\/span><\/p>\n<p style=\"margin-bottom: 0.0001pt; text-align: justify; text-indent: 1cm; line-height: 150%; background: white none repeat scroll 0% 0%;\"><span style=\"font-size: 12pt; line-height: 150%; font-family: 'Arial', sans-serif; color: #000000;\">Sonra, MDU-nun T\u0259l\u0259b\u0259 Elmi C\u0259miyy\u0259tinin (TEC) s\u0259dri G&uuml;n\u0259\u015f \u015e\u0259faq\u0259tov v\u0259 T\u0259l\u0259b\u0259 G\u0259ncl\u0259r T\u0259\u015fkilat\u0131n\u0131n (TGT) s\u0259dr \u0259v\u0259zi Elmira H&uuml;seynli &ldquo;MDU-da t\u0259l\u0259b\u0259 t\u0259\u015fkilatlar\u0131n\u0131n f\u0259aliyy\u0259ti haqq\u0131nda&rdquo; hesabat t\u0259qdim edibl\u0259r. Hesabatda TEC v\u0259 TGT t\u0259r\u0259find\u0259n t\u0259\u015fkil edilmi\u015f t\u0259l\u0259b\u0259 konfranslar\u0131, vebinarlar, t\u0259liml\u0259r, intellektual oyunlar, pe\u015f\u0259karlarla m&uuml;xt\u0259lif formatda ke&ccedil;irilmi\u015f onlayn g&ouml;r&uuml;\u015fl\u0259r, m&uuml;sabiq\u0259l\u0259r haqq\u0131nda \u0259trafl\u0131 m\u0259lumat verilib v\u0259 n&ouml;vb\u0259ti d&ouml;vr &uuml;&ccedil;&uuml;n n\u0259z\u0259rd\u0259 tutulmu\u015f t\u0259dbirl\u0259r diqq\u0259t\u0259 &ccedil;atd\u0131r\u0131l\u0131b. M&uuml;zakir\u0259l\u0259rd\u0259n sonra, rektor t\u0259l\u0259b\u0259 t\u0259\u015fkilatlar\u0131n\u0131n f\u0259aliyy\u0259tind\u0259 m&uuml;asir d&ouml;vr&uuml;n t\u0259l\u0259bl\u0259rin\u0259 uy\u011fun f\u0259rqli v\u0259 &ccedil;evik yana\u015fmalara &uuml;st&uuml;nl&uuml;k verilm\u0259sinin \u0259h\u0259miyy\u0259tind\u0259n dan\u0131\u015f\u0131b, bununla ba\u011fl\u0131 m&uuml;vafiq t&ouml;vsiy\u0259l\u0259rini verib. Hesabat Elmi \u015eura t\u0259r\u0259find\u0259n q\u0259bul edilib.<\/span><\/p>\n<p style=\"margin-bottom: 0.0001pt; text-align: justify; text-indent: 1cm; line-height: 150%; background: white none repeat scroll 0% 0%;\"><span style=\"font-size: 12pt; line-height: 150%; font-family: 'Arial', sans-serif; color: #000000;\">Cari m\u0259s\u0259l\u0259l\u0259rin m&uuml;zakir\u0259si il\u0259 davam ed\u0259n iclasda MDU-nun strukturunda &ldquo;T\u0259l\u0259b\u0259 V\u0259t\u0259np\u0259rv\u0259rlik \u0130nki\u015faf\u0131 M\u0259rk\u0259zi&rdquo;nin yarad\u0131lmas\u0131na dair q\u0259rar q\u0259bul olunub. T\u0259l\u0259b\u0259l\u0259rin xalqa, v\u0259t\u0259n\u0259 v\u0259 d&ouml;vl\u0259t&ccedil;iliy\u0259 ba\u011fl\u0131 olan v\u0259t\u0259np\u0259rv\u0259r \u015f\u0259xsiyy\u0259t kimi yeti\u015fdirilm\u0259si bax\u0131m\u0131ndan m&uuml;h&uuml;m \u0259h\u0259miyy\u0259t k\u0259sb ed\u0259c\u0259k M\u0259rk\u0259zin f\u0259aliyy\u0259tind\u0259 MDU-nun \u015f\u0259hid m\u0259zunlar\u0131n\u0131n adlar\u0131n\u0131n \u0259b\u0259dil\u0259\u015fdirilm\u0259si v\u0259 qazi m\u0259zunlara diqq\u0259t g&ouml;st\u0259rilm\u0259si istiqam\u0259tind\u0259 t\u0259dbirl\u0259rin h\u0259yata ke&ccedil;irilm\u0259si \u0259sas yer tutacaqd\u0131r.<\/span><\/p>\n<p style=\"margin-bottom: 0.0001pt; text-align: justify; text-indent: 1cm; line-height: 150%; background: white none repeat scroll 0% 0%;\"><span style=\"font-size: 12pt; line-height: 150%; font-family: 'Arial', sans-serif; color: #000000;\">Daha sonra, Elmi \u015eura MDU-nun hesab\u0131ndan &ldquo;YA\u015eAT&rdquo; Fonduna 10 min manat v\u0259saitin k&ouml;&ccedil;&uuml;r&uuml;lm\u0259si haqq\u0131nda q\u0259rar q\u0259bul edib.<\/span><\/p>\n<p style=\"margin-bottom: 0.0001pt; text-align: justify; text-indent: 1cm; line-height: 150%; background: white none repeat scroll 0% 0%;\"><span style=\"font-size: 12pt; line-height: 150%; font-family: 'Arial', sans-serif; color: #000000;\">\u0130clasda MDU rektorunun T&uuml;rkiy\u0259y\u0259 s\u0259f\u0259ri &ccedil;\u0259r&ccedil;iv\u0259sind\u0259 qarda\u015f &ouml;lk\u0259nin qabaqc\u0131l universitetl\u0259rinin rektorlar\u0131 il\u0259 ke&ccedil;irilmi\u015f g&ouml;r&uuml;\u015fl\u0259r haqq\u0131nda \u0259trafl\u0131 m\u0259lumat verilib. MDU-nun tarixind\u0259 ilk d\u0259f\u0259 olaraq T&uuml;rkiy\u0259nin n&uuml;fuzlu ali t\u0259hsil m&uuml;\u0259ssis\u0259l\u0259ri il\u0259 \u0259m\u0259kda\u015fl\u0131q \u0259laq\u0259l\u0259rinin qurulmas\u0131n\u0131n MDU-nun yeni d&ouml;vr universitetin\u0259 &ccedil;evrilm\u0259si istiqam\u0259tind\u0259 yaradaca\u011f\u0131 geni\u015f imkanlar diqq\u0259t\u0259 &ccedil;atd\u0131r\u0131l\u0131b.<\/span><\/p>\n<p>{phocagallery view=category|categoryid=553|limitstart=0|limitcount=0}<\/p>","protected":false},"excerpt":{"rendered":"<p>Ming\u0259&ccedil;evir D&ouml;vl\u0259t Universiteti Elmi \u015euras\u0131n\u0131n n&ouml;vb\u0259ti iclas\u0131 ke&ccedil;irilib &nbsp; 19 mart 2021-ci il tarixind\u0259 Ming\u0259&ccedil;evir D&ouml;vl\u0259t Universiteti (MDU) Elmi \u015euras\u0131n\u0131n n&ouml;vb\u0259ti iclas\u0131 ke&ccedil;irilib. &ldquo;Microsoft Teams&rdquo; platformas\u0131 &uuml;z\u0259rind\u0259n online formatda ke&ccedil;iril\u0259n iclas\u0131 a&ccedil;an MDU-nun rektoru \u015eahin Bayramov, ilk &ouml;nc\u0259, MDU-nun professor-m&uuml;\u0259llim, inzibati v\u0259 texniki hey\u0259t &uuml;zvl\u0259rini, t\u0259l\u0259b\u0259, magistrant v\u0259 m\u0259zunlar\u0131n\u0131 Novruz bayram\u0131 m&uuml;nasib\u0259til\u0259 t\u0259brik edib. Sonra [&hellip;]<\/p>\n","protected":false},"author":1,"featured_media":0,"comment_status":"open","ping_status":"open","sticky":false,"template":"","format":"standard","meta":{"_eb_attr":"","ocean_post_layout":"","ocean_both_sidebars_style":"","ocean_both_sidebars_content_width":0,"ocean_both_sidebars_sidebars_width":0,"ocean_sidebar":"","ocean_second_sidebar":"","ocean_disable_margins":"enable","ocean_add_body_class":"","ocean_shortcode_before_top_bar":"","ocean_shortcode_after_top_bar":"","ocean_shortcode_before_header":"","ocean_shortcode_after_header":"","ocean_has_shortcode":"","ocean_shortcode_after_title":"","ocean_shortcode_before_footer_widgets":"","ocean_shortcode_after_footer_widgets":"","ocean_shortcode_before_footer_bottom":"","ocean_shortcode_after_footer_bottom":"","ocean_display_top_bar":"default","ocean_display_header":"default","ocean_header_style":"","ocean_center_header_left_menu":"","ocean_custom_header_template":"","ocean_custom_logo":0,"ocean_custom_retina_logo":0,"ocean_custom_logo_max_width":0,"ocean_custom_logo_tablet_max_width":0,"ocean_custom_logo_mobile_max_width":0,"ocean_custom_logo_max_height":0,"ocean_custom_logo_tablet_max_height":0,"ocean_custom_logo_mobile_max_height":0,"ocean_header_custom_menu":"","ocean_menu_typo_font_family":"","ocean_menu_typo_font_subset":"","ocean_menu_typo_font_size":0,"ocean_menu_typo_font_size_tablet":0,"ocean_menu_typo_font_size_mobile":0,"ocean_menu_typo_font_size_unit":"px","ocean_menu_typo_font_weight":"","ocean_menu_typo_font_weight_tablet":"","ocean_menu_typo_font_weight_mobile":"","ocean_menu_typo_transform":"","ocean_menu_typo_transform_tablet":"","ocean_menu_typo_transform_mobile":"","ocean_menu_typo_line_height":0,"ocean_menu_typo_line_height_tablet":0,"ocean_menu_typo_line_height_mobile":0,"ocean_menu_typo_line_height_unit":"","ocean_menu_typo_spacing":0,"ocean_menu_typo_spacing_tablet":0,"ocean_menu_typo_spacing_mobile":0,"ocean_menu_typo_spacing_unit":"","ocean_menu_link_color":"","ocean_menu_link_color_hover":"","ocean_menu_link_color_active":"","ocean_menu_link_background":"","ocean_menu_link_hover_background":"","ocean_menu_link_active_background":"","ocean_menu_social_links_bg":"","ocean_menu_social_hover_links_bg":"","ocean_menu_social_links_color":"","ocean_menu_social_hover_links_color":"","ocean_disable_title":"default","ocean_disable_heading":"default","ocean_post_title":"","ocean_post_subheading":"","ocean_post_title_style":"","ocean_post_title_background_color":"","ocean_post_title_background":0,"ocean_post_title_bg_image_position":"","ocean_post_title_bg_image_attachment":"","ocean_post_title_bg_image_repeat":"","ocean_post_title_bg_image_size":"","ocean_post_title_height":0,"ocean_post_title_bg_overlay":0.5,"ocean_post_title_bg_overlay_color":"","ocean_disable_breadcrumbs":"default","ocean_breadcrumbs_color":"","ocean_breadcrumbs_separator_color":"","ocean_breadcrumbs_links_color":"","ocean_breadcrumbs_links_hover_color":"","ocean_display_footer_widgets":"default","ocean_display_footer_bottom":"default","ocean_custom_footer_template":"","ocean_post_oembed":"","ocean_post_self_hosted_media":"","ocean_post_video_embed":"","ocean_link_format":"","ocean_link_format_target":"self","ocean_quote_format":"","ocean_quote_format_link":"post","ocean_gallery_link_images":"on","ocean_gallery_id":[],"footnotes":""},"categories":[63],"tags":[],"class_list":["post-15809","post","type-post","status-publish","format-standard","hentry","category-khaebaerlaer-az","entry"],"_links":{"self":[{"href":"https:\/\/mdu.edu.az\/en\/wp-json\/wp\/v2\/posts\/15809","targetHints":{"allow":["GET"]}}],"collection":[{"href":"https:\/\/mdu.edu.az\/en\/wp-json\/wp\/v2\/posts"}],"about":[{"href":"https:\/\/mdu.edu.az\/en\/wp-json\/wp\/v2\/types\/post"}],"author":[{"embeddable":true,"href":"https:\/\/mdu.edu.az\/en\/wp-json\/wp\/v2\/users\/1"}],"replies":[{"embeddable":true,"href":"https:\/\/mdu.edu.az\/en\/wp-json\/wp\/v2\/comments?post=15809"}],"version-history":[{"count":0,"href":"https:\/\/mdu.edu.az\/en\/wp-json\/wp\/v2\/posts\/15809\/revisions"}],"wp:attachment":[{"href":"https:\/\/mdu.edu.az\/en\/wp-json\/wp\/v2\/media?parent=15809"}],"wp:term":[{"taxonomy":"category","embeddable":true,"href":"https:\/\/mdu.edu.az\/en\/wp-json\/wp\/v2\/categories?post=15809"},{"taxonomy":"post_tag","embeddable":true,"href":"https:\/\/mdu.edu.az\/en\/wp-json\/wp\/v2\/tags?post=15809"}],"curies":[{"name":"wp","href":"https:\/\/api.w.org\/{rel}","templated":true}]}}