{"id":15815,"date":"2021-03-25T12:27:49","date_gmt":"2021-03-25T09:27:49","guid":{"rendered":"https:\/\/mdu.edu.az\/azad-edilmi-torpaglar-erm-ni-v-h-iliyinin-ahididir\/"},"modified":"2021-03-25T12:27:49","modified_gmt":"2021-03-25T09:27:49","slug":"azad-edilmi-torpaglar-erm-ni-v-h-iliyinin-ahididir","status":"publish","type":"post","link":"https:\/\/mdu.edu.az\/en\/azad-edilmi-torpaglar-erm-ni-v-h-iliyinin-ahididir\/","title":{"rendered":"Azad edilmi\u015f torpaqlar erm\u0259ni v\u0259h\u015filiyinin \u015fahididir"},"content":{"rendered":"<p style=\"text-align: justify; text-indent: 1cm;\"><span style=\"font-size: 12pt; font-family: 'Arial', sans-serif;\"><\/span><\/p>\n<p style=\"text-align: center;\"><b><span style=\"font-size: 14pt; font-family: 'Arial', sans-serif; color: #002060;\">Azad edilmi\u015f torpaqlar erm\u0259ni v\u0259h\u015filiyinin \u015fahididir<\/span><\/b><\/p>\n<p>&nbsp;<\/p>\n<p style=\"text-align: justify; text-indent: 1cm;\"><span style=\"font-size: 12pt; font-family: 'Arial', sans-serif;\"><\/span><\/p>\n<p style=\"text-align: justify; text-indent: 1cm;\"><span style=\"font-size: 12pt; font-family: 'Arial', sans-serif; color: #000000;\">\u0130yirminci \u0259srin son onilliyind\u0259 erm\u0259ni vandallar\u0131n\u0131n torpaqlar\u0131m\u0131zda t&ouml;r\u0259tdikl\u0259ri v\u0259h\u015filikl\u0259ri, t&ouml;k&uuml;l\u0259n qanlar\u0131 Az\u0259rbaycan xalq\u0131 he&ccedil; bir zaman unutmayacaq. <\/span><\/p>\n<p style=\"text-align: justify; text-indent: 1cm;\"><span style=\"font-size: 12pt; font-family: 'Arial', sans-serif; color: #000000;\">2020-ci ilin pay\u0131z\u0131nda 44 g&uuml;nl&uuml;k V\u0259t\u0259n m&uuml;harib\u0259sind\u0259 azad edil\u0259n torpaqlar\u0131m\u0131z da \u015fahid olub d&uuml;\u015fm\u0259nin i\u015f\u011fal&ccedil;\u0131l\u0131q \u0259m\u0259liyyatlar\u0131na. Erm\u0259nil\u0259r n\u0259l\u0259r etm\u0259yibl\u0259r ki,? Bina v\u0259 m\u0259scidl\u0259rimiz da\u011f\u0131d\u0131l\u0131b, m\u0259scidl\u0259rd\u0259 heyvan saxlay\u0131blar, m&uuml;q\u0259dd\u0259s abid\u0259l\u0259rimizi t\u0259hqir edibl\u0259r. Su elektrik stansiyalar\u0131n\u0131 da\u011f\u0131d\u0131blar. Bu v\u0259h\u015filikl\u0259rin s\u0131ras\u0131 o q\u0259d\u0259r geni\u015fdir ki, sadalamaqla bitmir.<\/span><\/p>\n<p style=\"text-align: justify; text-indent: 1cm;\"><span style=\"font-size: 12pt; font-family: 'Arial', sans-serif; color: #000000;\">Az\u0259rbaycan Respublikas\u0131n\u0131n Prezidenti \u0130lham \u018fliyevin 2021-ci il 16 mart tarixind\u0259 \u015eu\u015fa \u015f\u0259h\u0259rin\u0259 s\u0259f\u0259ri tarixi hadis\u0259l\u0259rd\u0259ndir. Ona g&ouml;r\u0259 ki, milli v\u0259 sevimli bayram, Novruz bayram\u0131 g&uuml;nl\u0259rind\u0259 ba\u015f tutan bu s\u0259f\u0259r xalq\u0131m\u0131z\u0131n qan yadda\u015f\u0131nda iz salan \u0259n\u0259l\u0259rimizin bu g&ouml;z\u0259l torpaqda realla\u015fmas\u0131na imkan yaratd\u0131. <\/span><\/p>\n<p style=\"text-align: justify; text-indent: 1cm;\"><span style=\"color: #000000;\"><span style=\"font-size: 12pt; font-family: 'Arial', sans-serif;\">30 il\u0259 yax\u0131n bir d&ouml;vrd\u0259n sonra g&ouml;z\u0259l \u015eu\u015fam\u0131z Novruz sevincini ya\u015fad\u0131. Bayram tonqal\u0131n\u0131n \u015f&ouml;l\u0259si ucalara qalxd\u0131. D&ouml;vl\u0259timizin ba\u015f&ccedil;\u0131s\u0131n\u0131n q\u0259l\u0259b\u0259 sevincini bir\u0259 min art\u0131ran bayram \u0259hval ruhiyy\u0259si insanlar\u0131n ovqat\u0131n\u0131 da r&ouml;vn\u0259ql\u0259ndirdi. Az\u0259rbaycan\u0131n q\u0259dim ya\u015fay\u0131\u015f m\u0259sk\u0259nl\u0259rind\u0259m olan \u015eu\u015fadak\u0131 tarixi abid\u0259l\u0259r s&uuml;but edir ki, Az\u0259rbaycan xalq\u0131n\u0131n z\u0259ngin v\u0259 d\u0259y\u0259rli tarixi var. Buna misal olaraq<\/span><span style=\"font-size: 12pt; font-family: 'Arial', sans-serif;\"> \u015eu\u015fa \u015f\u0259h\u0259rinin tarixi m\u0259rk\u0259zind\u0259 yerl\u0259\u015f\u0259n Qaraba\u011f xanl\u0131\u011f\u0131n\u0131n banisi P\u0259nah\u0259li xan\u0131n iqam\u0259tgah\u0131 olmu\u015f tarixi saray\u0131 g&ouml;st\u0259rm\u0259k olar. Erm\u0259ni vandallar\u0131 i\u015f\u011fal zaman\u0131 bu tarixi binan\u0131 da da\u011f\u0131d\u0131blar. <\/span><\/span><\/p>\n<p style=\"text-align: justify; text-indent: 1cm;\"><span style=\"font-size: 12pt; font-family: 'Arial', sans-serif; color: #000000;\">D&uuml;\u015fm\u0259n torpaqlar\u0131m\u0131z\u0131 z\u0259bt edib, insanlar\u0131 qovub, tarixi abid\u0259l\u0259rimizi da\u011f\u0131d\u0131b, s&ouml;k&uuml;b, vandall\u0131q edib, barbarl\u0131q edib. D\u0259h\u015f\u0259tli buras\u0131d\u0131r ki, onlar i\u015f\u011fal zaman\u0131 \u015eu\u015fa \u015f\u0259h\u0259rinin m\u0259rk\u0259zi meydan\u0131nda yerl\u0259\u015f\u0259n, XIX \u0259sr\u0259 aid Karvansaray tarix-memarl\u0131q kompleksini d\u0259 da\u011f\u0131d\u0131blar. \u015eu\u015fa D&ouml;vl\u0259t R\u0259sm Qalereyas\u0131n\u0131n binas\u0131, Qaraba\u011f xal&ccedil;a&ccedil;\u0131l\u0131q s\u0259n\u0259ti \u0259n\u0259n\u0259l\u0259rinin &ouml;yr\u0259nilm\u0259si, qorunmas\u0131 v\u0259 ya\u015fad\u0131lmas\u0131 m\u0259qs\u0259dil\u0259 yarad\u0131lan \u015eu\u015fa Xal&ccedil;a Muzeyi d\u0259 ciddi ziyan g&ouml;r&uuml;b.<\/span><\/p>\n<p style=\"text-align: justify; text-indent: 1cm;\"><span style=\"font-size: 12pt; font-family: 'Arial', sans-serif; color: #000000;\">He&ccedil; bir tarixi ke&ccedil;mi\u015fi olmayan, lakin b&ouml;y&uuml;k x&uuml;lyalarla i\u015f\u011fal&ccedil;\u0131l\u0131q \u0259m\u0259liyyatlar\u0131 ed\u0259n, \u0259lb\u0259tt\u0259 ki, &ouml;z himay\u0259darlar\u0131n\u0131n k&ouml;m\u0259kliyi il\u0259, insanlar\u0131 &ouml;ld&uuml;r\u0259n, talan&ccedil;\u0131l\u0131q ed\u0259n v\u0259 bundan sonra ba\u015fqas\u0131n\u0131n torpaqlar\u0131n\u0131 da darmada\u011f\u0131n ed\u0259r\u0259k &ouml;z&uuml;n\u0259 &ldquo;tarixi ke&ccedil;mi\u015f&rdquo;, &ldquo;abid\u0259l\u0259r&rdquo; yaratma\u011fa &ccedil;al\u0131\u015fan m\u0259krli d&uuml;\u015fm\u0259nin ist\u0259yi ba\u015f tutmad\u0131. <\/span><\/p>\n<p style=\"text-align: justify; text-indent: 1cm;\"><span style=\"font-size: 12pt; font-family: 'Arial', sans-serif; color: #000000;\">30 il\u0259 yax\u0131n d&ouml;vrd\u0259n sonra Az\u0259rbaycan Ordusu, \u015f&uuml;ca\u0259tli \u0259sg\u0259rl\u0259rimiz d&uuml;\u015fm\u0259ni m\u0259hv ed\u0259r\u0259k torpaqlar\u0131m\u0131z\u0131 azad etdil\u0259r. \u0130ll\u0259r boyu haray &ccedil;\u0259k\u0259n torpaqlar\u0131m\u0131z d&uuml;\u015fm\u0259n \u0259sar\u0259tind\u0259n azad olunduqdan sonra, yurdumuzun \u0259razi b&uuml;t&ouml;vl&uuml;y&uuml; t\u0259min edildikd\u0259n sonra insanlar el\u0259 bil ki, d\u0259rind\u0259n n\u0259f\u0259s ala bildil\u0259r. <\/span><\/p>\n<p style=\"text-align: justify; text-indent: 1cm;\"><span style=\"color: #000000;\"><span style=\"font-size: 12pt; font-family: 'Arial', sans-serif;\">Uzun ill\u0259r h\u0259ms\u0259dr d&ouml;vl\u0259tl\u0259rin, &ouml;z&uuml; d\u0259 d&uuml;\u015fm\u0259nin himay\u0259darlar\u0131n\u0131n i\u015ftirak\u0131 il\u0259 apar\u0131lan dan\u0131\u015f\u0131qlar\u0131n b\u0259hr\u0259 verm\u0259diyini h\u0259rb yolu il\u0259 z\u0259f\u0259r qazanan igid Az\u0259rbaycan \u0259sg\u0259ri d&uuml;nyaya g&ouml;st\u0259rdi. G&ouml;st\u0259rdi ki, ba\u015fqas\u0131n\u0131n torpa\u011f\u0131n\u0131 z\u0259bt ed\u0259r\u0259k v\u0259h\u015filikl\u0259r t&ouml;r\u0259d\u0259nl\u0259rin aqib\u0259ti yaln\u0131z m\u0259\u011flubiyy\u0259t ola bil\u0259r. Art\u0131q <\/span><span style=\"font-size: 12pt; font-family: 'Arial', sans-serif;\">beyn\u0259lxalq t\u0259\u015fkilatlar onlar\u0131n etdikl\u0259rini q\u0259bul etm\u0259li v\u0259 m\u0259s\u0259l\u0259y\u0259 \u0259dal\u0259tin g&ouml;z&uuml; il\u0259 baxmal\u0131d\u0131rlar. Onsuz da biz qalib g\u0259lmi\u015fik. Torpaqlar\u0131m\u0131z xilas olub, z\u0259f\u0259r bayram\u0131ndan sonra d&ouml;vl\u0259timizin ba\u015f&ccedil;\u0131s\u0131n\u0131n tap\u015f\u0131r\u0131qlar\u0131na uy\u011fun olaraq \u0259razil\u0259rd\u0259 yollar\u0131n &ccedil;\u0259kili\u015fin\u0259 v\u0259 dig\u0259r quruculuq i\u015fl\u0259rin\u0259 ba\u015flan\u0131b v\u0259 daha da geni\u015fl\u0259n\u0259c\u0259kdir. Yurdumuzun bu g&ouml;z\u0259l b&ouml;lg\u0259l\u0259rind\u0259 h\u0259yat b\u0259rpa olunacaq, insanlar\u0131n do\u011fma ata yurdlar\u0131na qay\u0131d\u0131\u015f\u0131 &uuml;&ccedil;&uuml;n h\u0259r c&uuml;r \u015f\u0259rait yarad\u0131lacaqd\u0131r. <\/span><\/span><\/p>\n<p style=\"text-align: justify; text-indent: 1cm;\"><span style=\"font-size: 12pt; font-family: 'Arial', sans-serif; color: #000000;\">Prezident \u0130lham \u018fliyev deyib ki, \u015eu\u015fan\u0131n b\u0259rpa olunmas\u0131 il\u0259 ba\u011fl\u0131 b\u0259zi layih\u0259l\u0259r Heyd\u0259r \u018fliyev Fondu t\u0259r\u0259find\u0259n icra olunacaq. Vaqifin m\u0259qb\u0259r\u0259sind\u0259 tezlikl\u0259 b\u0259rpa i\u015fl\u0259ri ba\u015flanacaq. M\u0259qb\u0259r\u0259nin \u0259vv\u0259lki g&ouml;rk\u0259mi b\u0259rpa edil\u0259c\u0259k. Art\u0131q i\u015fl\u0259r\u0259 start verilib. Bunu, h\u0259m&ccedil;inin Molla P\u0259nah Vaqifin b&uuml;st&uuml;n&uuml;n b\u0259rpas\u0131 layih\u0259sini Heyd\u0259r \u018fliyev Fondu &ouml;z v\u0259saiti hesab\u0131na icra ed\u0259c\u0259k, Heyd\u0259r \u018fliyev Fonduna xas olan z&ouml;vql\u0259.<\/span><\/p>\n<p style=\"text-align: justify; text-indent: 1cm;\"><span style=\"font-size: 12pt; font-family: 'Arial', sans-serif; color: #000000;\">&nbsp; Apar\u0131lacaq yenid\u0259nqurma i\u015fl\u0259rind\u0259n sonra \u015eu\u015fa qonaqlar\u0131n\u0131 m&uuml;asir s\u0259viyy\u0259d\u0259 qar\u015f\u0131laya bil\u0259c\u0259k.&nbsp;&nbsp;&nbsp;&nbsp;&nbsp;&nbsp;&nbsp;&nbsp;&nbsp; T\u0259bii ki, \u015eu\u015fada da quruculuq i\u015fl\u0259ri m&uuml;asir s\u0259viyy\u0259d\u0259 apar\u0131lacaqd\u0131r. Burada ki&ccedil;ik otell\u0259rin yarad\u0131lmas\u0131 n\u0259z\u0259rd\u0259 tutulur. \u015eu\u015faya &ccedil;ox b&ouml;y&uuml;k turist ax\u0131n\u0131 olacaq, ona g&ouml;r\u0259 burada &ldquo;be\u015f&rdquo;, &ldquo;d&ouml;rd&rdquo; v\u0259 &ldquo;&uuml;&ccedil;&rdquo; ulduzlu otell\u0259r olmal\u0131d\u0131r;<\/span><\/p>\n<p style=\"text-align: justify; text-indent: 1cm;\"><span style=\"font-size: 12pt; font-family: 'Arial', sans-serif; color: #000000;\">&nbsp; \u018fz\u0259li Az\u0259rbaycan \u015f\u0259h\u0259ri \u015eu\u015fan\u0131 d&uuml;\u015fm\u0259n erm\u0259ni \u015f\u0259h\u0259ri kimi q\u0259l\u0259m\u0259 verm\u0259k ist\u0259s\u0259l\u0259r d\u0259 tarix unudulmay\u0131b. \u015eu\u015fan\u0131n t\u0259m\u0259lini qoyan P\u0259nah\u0259li xan olub v\u0259 h\u0259mi\u015f\u0259 burada az\u0259rbaycanl\u0131lar ya\u015fay\u0131b. \u015eu\u015fa kimi m\u0259nz\u0259r\u0259si, t\u0259bi\u0259ti olan \u015f\u0259h\u0259ri d\u0259 b\u0259rbad hala sal\u0131blar. Sevindiricidir ki, \u015eu\u015fan\u0131n enerji t\u0259minat\u0131 il\u0259 ba\u011fl\u0131 olan layih\u0259l\u0259rin bir hiss\u0259si art\u0131q icra olunub. Yeni in\u015fa olunmu\u015f \u015eu\u015fa yar\u0131mstansiyas\u0131 f\u0259aliyy\u0259t g&ouml;st\u0259rir. <\/span><\/p>\n<p style=\"text-align: justify; text-indent: 1cm;\"><span style=\"color: #000000;\"><span style=\"font-size: 12pt; font-family: 'Arial', sans-serif; color: black;\">Az\u0259rbaycan Respublikas\u0131n\u0131n Prezidenti Ali Ba\u015f Komandan \u0130lham \u018fliyev i\u015f\u011faldan azad edilmi\u015f \u0259razil\u0259r\u0259 s\u0259f\u0259rl\u0259ri v\u0259 orada s\u0259sl\u0259ndirdiyi fikirl\u0259r d&uuml;nya ictimaiyy\u0259tin\u0259 siyasi mesajd\u0131r.<\/span><span style=\"font-size: 12pt; font-family: 'Arial', sans-serif; color: black;\"> &ldquo;\u0130\u015f\u011fal vaxt\u0131 t&ouml;r\u0259dilmi\u015f v\u0259h\u015filiyin, da\u011f\u0131nt\u0131lar\u0131n miqyas\u0131 g&ouml;st\u0259rir ki, m\u0259nfur d&uuml;\u015fm\u0259n bizim b&uuml;t&uuml;n ya\u015fay\u0131\u015f m\u0259nt\u0259q\u0259l\u0259rimizi yerl\u0259-yeksan etmi\u015f, Az\u0259rbaycan\u0131n z\u0259ngin tarixi irsini silm\u0259k ist\u0259mi\u015fdir. Prezidentin s\u0259f\u0259rl\u0259ri zaman\u0131 veril\u0259n \u0259n m&uuml;h&uuml;m mesajlardan biri budur ki, d&uuml;\u015fm\u0259n buna nail ola bilm\u0259yib, Az\u0259rbaycan o torpaqlara q\u0259hr\u0259man xalq kimi, m&uuml;z\u0259ff\u0259r d&ouml;vl\u0259t kimi qay\u0131d\u0131b&rdquo;.<\/span><\/span><\/p>\n<p style=\"text-align: justify; text-indent: 1cm;\"><span style=\"font-size: 12pt; font-family: 'Arial', sans-serif; color: #000000;\">Az\u0259rbaycan Ordusunun \u0259ld\u0259 etdiyi q\u0259l\u0259b\u0259 \u0259srin q\u0259l\u0259b\u0259si oldu. Bu d&ouml;y&uuml;\u015fl\u0259rd\u0259 m&uuml;z\u0259ff\u0259r ordumuzun \u015f&uuml;ca\u0259tli \u0259sg\u0259rl\u0259ri, d&ouml;y&uuml;\u015f&ccedil;&uuml;l\u0259rimiz \u0259sl v\u0259t\u0259np\u0259rv\u0259rlik n&uuml;mun\u0259si g&ouml;st\u0259ribl\u0259r. Torpaqlar\u0131m\u0131z\u0131n azad olunmas\u0131 &uuml;&ccedil;&uuml;n canlar\u0131n\u0131 f\u0259da edibl\u0259r, &ouml;l&uuml;m&uuml;n g&ouml;z&uuml;n\u0259 dik bax\u0131blar. T\u0259ki v\u0259t\u0259n sa\u011f olsun, dey\u0259 d&ouml;y&uuml;\u015fl\u0259r\u0259 qat\u0131lan v\u0259 \u015f\u0259hidlik zirv\u0259sin\u0259 ucalan \u015e\u0259hidl\u0259rimizin xatir\u0259si xalq\u0131m\u0131z t\u0259r\u0259find\u0259n \u0259ziz tutulur. \u015e\u0259hidl\u0259rimizin ruhu sevinir, &ccedil;&uuml;nki u\u011frunda h\u0259lak olduqlar\u0131 torpaqlar\u0131m\u0131z art\u0131q d&uuml;\u015fm\u0259n i\u015f\u011fal\u0131ndan azad olunub. <\/span><\/p>\n<p style=\"text-align: justify; text-indent: 1cm;\"><span style=\"font-size: 12pt; font-family: 'Arial', sans-serif; color: #000000;\">&Uuml;&ccedil; aydan art\u0131qd\u0131r ki, bu torpaqlarda Az\u0259rbaycan v\u0259t\u0259nda\u015f\u0131 add\u0131mlay\u0131r, Az\u0259rbaycan dilind\u0259 dan\u0131\u015f\u0131l\u0131r. Az\u0259rbaycan\u0131n i\u015f&ccedil;i q&uuml;vv\u0259si tikinti-quruculuq i\u015fl\u0259rin\u0259 ba\u015flam\u0131\u015fd\u0131r. D&ouml;vl\u0259timizin ba\u015f&ccedil;\u0131s\u0131 \u015eu\u015faya v\u0259 dig\u0259r azad olunan b&ouml;lg\u0259l\u0259r\u0259 d\u0259f\u0259l\u0259rl\u0259 s\u0259f\u0259rl\u0259r edib, Az\u0259rbaycan\u0131n &uuml;&ccedil;r\u0259ngli bayra\u011f\u0131n\u0131 qald\u0131r\u0131b. Erm\u0259nil\u0259rin t&ouml;r-t&ouml;k&uuml;nt&uuml;l\u0259ri \u0259razil\u0259rd\u0259n t\u0259mizl\u0259nir. Y\u0259ni d&uuml;\u015fm\u0259nin basd\u0131rd\u0131\u011f\u0131 minalardan t\u0259mizl\u0259m\u0259 i\u015fl\u0259ri s&uuml;r\u0259tl\u0259 apar\u0131l\u0131r. Ming\u0259&ccedil;evirlil\u0259r d\u0259 bu q\u0259l\u0259b\u0259ni b&ouml;y&uuml;k sevinc hissi il\u0259 qar\u015f\u0131lay\u0131blar v\u0259 h\u0259yata ke&ccedil;iril\u0259c\u0259k quruculuq i\u015fl\u0259rind\u0259 i\u015ftirak ed\u0259c\u0259kl\u0259rini bildirirl\u0259r. <\/span><\/p>\n<p style=\"text-align: justify; text-indent: 1cm;\"><span style=\"font-size: 12pt; font-family: 'Arial', sans-serif; color: #000000;\">Prezident s\u0259f\u0259r vaxt\u0131 pe\u015f\u0259kar h\u0259rbi strateq kimi m&uuml;harib\u0259 zaman\u0131 apar\u0131lm\u0131\u015f b\u0259zi h\u0259rbi \u0259m\u0259liyyatlara ayd\u0131nl\u0131q g\u0259tirdi. D&ouml;vl\u0259t ba\u015f&ccedil;\u0131s\u0131 Da\u011fl\u0131q Qaraba\u011f v\u0259 Erm\u0259nistanla ba\u011fl\u0131 k\u0259\u015ffiyyat m\u0259lumatlar\u0131na malik oldu\u011funu a&ccedil;\u0131q \u015f\u0259kild\u0259 bildirib; Erm\u0259nistandan v\u0259 xarici &ouml;lk\u0259l\u0259rd\u0259n g\u0259tiril\u0259n erm\u0259nil\u0259rl\u0259 zorla m\u0259skunla\u015fd\u0131r\u0131lan q\u0259s\u0259b\u0259 azad edils\u0259 d\u0259, q\u0259s\u0259b\u0259 salamatd\u0131r, bir bina da da\u011f\u0131d\u0131lmay\u0131b, bir bina da yand\u0131r\u0131lmay\u0131b. <\/span><\/p>\n<p style=\"text-align: justify; text-indent: 1cm;\"><span style=\"font-size: 12pt; font-family: 'Arial', sans-serif; color: #000000;\">Az\u0259rbaycan Ordusu erm\u0259nil\u0259rd\u0259n f\u0259rqli olaraq ancaq h\u0259rbi birl\u0259\u015fm\u0259l\u0259r\u0259 qar\u015f\u0131 m&uuml;harib\u0259 apar\u0131b. Erm\u0259nistan\u0131n statistikas\u0131na g&ouml;r\u0259, m&uuml;harib\u0259 d&ouml;vr&uuml;nd\u0259 t\u0259qrib\u0259n 40-a yax\u0131n m&uuml;lki \u015f\u0259xs h\u0259lak olmu\u015fdur. Onlar\u0131n da b&ouml;y&uuml;k \u0259ks\u0259riyy\u0259ti m\u0259hz h\u0259rbi \u0259m\u0259liyyatlarda i\u015ftirak ed\u0259n m&uuml;lki \u015f\u0259xsl\u0259r idi. Halbuki d&ouml;y&uuml;\u015f b&ouml;lg\u0259sind\u0259n &ccedil;ox-&ccedil;ox uzaqda yerl\u0259\u015f\u0259n Az\u0259rbaycan ya\u015fay\u0131\u015f m\u0259nt\u0259q\u0259l\u0259rin\u0259 qada\u011fan edilmi\u015f silahlarla h&uuml;cum n\u0259tic\u0259sind\u0259 100-\u0259 q\u0259d\u0259r dinc az\u0259rbaycanl\u0131 sakin h\u0259lak olmu\u015fdur. \u0130ll\u0259r ke&ccedil;\u0259c\u0259k, tariximizin qanl\u0131-qadal\u0131, h\u0259m d\u0259 z\u0259f\u0259r qazand\u0131\u011f\u0131 ill\u0259ri, hadis\u0259l\u0259ri he&ccedil; bir zaman unudulmayacaq. T&ouml;r\u0259dil\u0259n h\u0259r bir cinayt\u0259, v\u0259h\u015filiy\u0259 g&ouml;r\u0259 d&uuml;\u015fm\u0259n tarix qar\u015f\u0131s\u0131nda cavab ver\u0259c\u0259k. <\/span><\/p>\n<p>&nbsp;<\/p>\n<p style=\"text-align: justify; text-indent: 1cm;\"><span style=\"font-size: 12pt; font-family: 'Arial', sans-serif; color: #000000;\"><\/span><\/p>\n<p style=\"text-align: justify; text-indent: 1cm;\"><span style=\"color: #000000;\"><b><span style=\"font-size: 12pt; font-family: 'Arial', sans-serif; color: black;\">M\u0259tan\u0259t M\u0259mm\u0259dova,<\/span><\/b><\/span><\/p>\n<p style=\"text-align: justify; text-indent: 1cm;\"><span style=\"color: #000000;\"><b><span style=\"font-size: 12pt; font-family: 'Arial', sans-serif; color: black;\">&ldquo;T\u0259r\u0259qqi &rdquo; m&uuml;dall\u0131 jurnalist<\/span><\/b><\/span><\/p>\n<p style=\"text-align: justify; text-indent: 1cm;\"><b><span style=\"font-size: 12pt; font-family: 'Arial', sans-serif; color: black;\"><\/span><\/b><\/p>","protected":false},"excerpt":{"rendered":"<p>Azad edilmi\u015f torpaqlar erm\u0259ni v\u0259h\u015filiyinin \u015fahididir &nbsp; \u0130yirminci \u0259srin son onilliyind\u0259 erm\u0259ni vandallar\u0131n\u0131n torpaqlar\u0131m\u0131zda t&ouml;r\u0259tdikl\u0259ri v\u0259h\u015filikl\u0259ri, t&ouml;k&uuml;l\u0259n qanlar\u0131 Az\u0259rbaycan xalq\u0131 he&ccedil; bir zaman unutmayacaq. 2020-ci ilin pay\u0131z\u0131nda 44 g&uuml;nl&uuml;k V\u0259t\u0259n m&uuml;harib\u0259sind\u0259 azad edil\u0259n torpaqlar\u0131m\u0131z da \u015fahid olub d&uuml;\u015fm\u0259nin i\u015f\u011fal&ccedil;\u0131l\u0131q \u0259m\u0259liyyatlar\u0131na. Erm\u0259nil\u0259r n\u0259l\u0259r etm\u0259yibl\u0259r ki,? Bina v\u0259 m\u0259scidl\u0259rimiz da\u011f\u0131d\u0131l\u0131b, m\u0259scidl\u0259rd\u0259 heyvan saxlay\u0131blar, m&uuml;q\u0259dd\u0259s abid\u0259l\u0259rimizi t\u0259hqir edibl\u0259r. [&hellip;]<\/p>\n","protected":false},"author":1,"featured_media":0,"comment_status":"open","ping_status":"open","sticky":false,"template":"","format":"standard","meta":{"_eb_attr":"","ocean_post_layout":"","ocean_both_sidebars_style":"","ocean_both_sidebars_content_width":0,"ocean_both_sidebars_sidebars_width":0,"ocean_sidebar":"","ocean_second_sidebar":"","ocean_disable_margins":"enable","ocean_add_body_class":"","ocean_shortcode_before_top_bar":"","ocean_shortcode_after_top_bar":"","ocean_shortcode_before_header":"","ocean_shortcode_after_header":"","ocean_has_shortcode":"","ocean_shortcode_after_title":"","ocean_shortcode_before_footer_widgets":"","ocean_shortcode_after_footer_widgets":"","ocean_shortcode_before_footer_bottom":"","ocean_shortcode_after_footer_bottom":"","ocean_display_top_bar":"default","ocean_display_header":"default","ocean_header_style":"","ocean_center_header_left_menu":"","ocean_custom_header_template":"","ocean_custom_logo":0,"ocean_custom_retina_logo":0,"ocean_custom_logo_max_width":0,"ocean_custom_logo_tablet_max_width":0,"ocean_custom_logo_mobile_max_width":0,"ocean_custom_logo_max_height":0,"ocean_custom_logo_tablet_max_height":0,"ocean_custom_logo_mobile_max_height":0,"ocean_header_custom_menu":"","ocean_menu_typo_font_family":"","ocean_menu_typo_font_subset":"","ocean_menu_typo_font_size":0,"ocean_menu_typo_font_size_tablet":0,"ocean_menu_typo_font_size_mobile":0,"ocean_menu_typo_font_size_unit":"px","ocean_menu_typo_font_weight":"","ocean_menu_typo_font_weight_tablet":"","ocean_menu_typo_font_weight_mobile":"","ocean_menu_typo_transform":"","ocean_menu_typo_transform_tablet":"","ocean_menu_typo_transform_mobile":"","ocean_menu_typo_line_height":0,"ocean_menu_typo_line_height_tablet":0,"ocean_menu_typo_line_height_mobile":0,"ocean_menu_typo_line_height_unit":"","ocean_menu_typo_spacing":0,"ocean_menu_typo_spacing_tablet":0,"ocean_menu_typo_spacing_mobile":0,"ocean_menu_typo_spacing_unit":"","ocean_menu_link_color":"","ocean_menu_link_color_hover":"","ocean_menu_link_color_active":"","ocean_menu_link_background":"","ocean_menu_link_hover_background":"","ocean_menu_link_active_background":"","ocean_menu_social_links_bg":"","ocean_menu_social_hover_links_bg":"","ocean_menu_social_links_color":"","ocean_menu_social_hover_links_color":"","ocean_disable_title":"default","ocean_disable_heading":"default","ocean_post_title":"","ocean_post_subheading":"","ocean_post_title_style":"","ocean_post_title_background_color":"","ocean_post_title_background":0,"ocean_post_title_bg_image_position":"","ocean_post_title_bg_image_attachment":"","ocean_post_title_bg_image_repeat":"","ocean_post_title_bg_image_size":"","ocean_post_title_height":0,"ocean_post_title_bg_overlay":0.5,"ocean_post_title_bg_overlay_color":"","ocean_disable_breadcrumbs":"default","ocean_breadcrumbs_color":"","ocean_breadcrumbs_separator_color":"","ocean_breadcrumbs_links_color":"","ocean_breadcrumbs_links_hover_color":"","ocean_display_footer_widgets":"default","ocean_display_footer_bottom":"default","ocean_custom_footer_template":"","ocean_post_oembed":"","ocean_post_self_hosted_media":"","ocean_post_video_embed":"","ocean_link_format":"","ocean_link_format_target":"self","ocean_quote_format":"","ocean_quote_format_link":"post","ocean_gallery_link_images":"on","ocean_gallery_id":[],"footnotes":""},"categories":[63],"tags":[],"class_list":["post-15815","post","type-post","status-publish","format-standard","hentry","category-khaebaerlaer-az","entry"],"_links":{"self":[{"href":"https:\/\/mdu.edu.az\/en\/wp-json\/wp\/v2\/posts\/15815","targetHints":{"allow":["GET"]}}],"collection":[{"href":"https:\/\/mdu.edu.az\/en\/wp-json\/wp\/v2\/posts"}],"about":[{"href":"https:\/\/mdu.edu.az\/en\/wp-json\/wp\/v2\/types\/post"}],"author":[{"embeddable":true,"href":"https:\/\/mdu.edu.az\/en\/wp-json\/wp\/v2\/users\/1"}],"replies":[{"embeddable":true,"href":"https:\/\/mdu.edu.az\/en\/wp-json\/wp\/v2\/comments?post=15815"}],"version-history":[{"count":0,"href":"https:\/\/mdu.edu.az\/en\/wp-json\/wp\/v2\/posts\/15815\/revisions"}],"wp:attachment":[{"href":"https:\/\/mdu.edu.az\/en\/wp-json\/wp\/v2\/media?parent=15815"}],"wp:term":[{"taxonomy":"category","embeddable":true,"href":"https:\/\/mdu.edu.az\/en\/wp-json\/wp\/v2\/categories?post=15815"},{"taxonomy":"post_tag","embeddable":true,"href":"https:\/\/mdu.edu.az\/en\/wp-json\/wp\/v2\/tags?post=15815"}],"curies":[{"name":"wp","href":"https:\/\/api.w.org\/{rel}","templated":true}]}}