{"id":15820,"date":"2021-03-31T17:39:21","date_gmt":"2021-03-31T14:39:21","guid":{"rendered":"https:\/\/mdu.edu.az\/minzh-evir-d-vl-t-universitetind-31-mart-az-rbaydzanl-lar-n-soyg-r-m-zh-n-n-h-sr-edilmi-konfrans-ke-irilib\/"},"modified":"2021-03-31T17:39:21","modified_gmt":"2021-03-31T14:39:21","slug":"minzh-evir-d-vl-t-universitetind-31-mart-az-rbaydzanl-lar-n-soyg-r-m-zh-n-n-h-sr-edilmi-konfrans-ke-irilib","status":"publish","type":"post","link":"https:\/\/mdu.edu.az\/en\/minzh-evir-d-vl-t-universitetind-31-mart-az-rbaydzanl-lar-n-soyg-r-m-zh-n-n-h-sr-edilmi-konfrans-ke-irilib\/","title":{"rendered":"Ming\u0259\u00e7evir D\u00f6vl\u0259t Universitetind\u0259 31 Mart \u2013 Az\u0259rbaycanl\u0131lar\u0131n soyq\u0131r\u0131m\u0131 g\u00fcn\u00fcn\u0259 h\u0259sr edilmi\u015f konfrans ke\u00e7irilib"},"content":{"rendered":"<p style=\"margin-bottom: 0.0001pt; text-align: center; line-height: 150%;\"><b><span style=\"font-size: 14pt; line-height: 150%; font-family: Arial, sans-serif; color: #002060;\">Ming\u0259&ccedil;evir D&ouml;vl\u0259t Universitetind\u0259 31 Mart &ndash; Az\u0259rbaycanl\u0131lar\u0131n soyq\u0131r\u0131m\u0131 g&uuml;n&uuml;n\u0259 h\u0259sr edilmi\u015f konfrans ke&ccedil;irilib<\/span><\/b><\/p>\n<p>&nbsp;<\/p>\n<p style=\"margin-bottom: 0.0001pt; text-align: justify; text-indent: 1cm; line-height: 150%;\"><span style=\"font-size: 12pt; line-height: 150%; font-family: Arial, sans-serif; color: #000000;\">31 mart 2021-ci il tarixind\u0259 Ming\u0259&ccedil;evir D&ouml;vl\u0259t Universitetind\u0259 (MDU) Az\u0259rbaycanl\u0131lar\u0131n soyq\u0131r\u0131m\u0131 g&uuml;n&uuml;n\u0259 h\u0259sr edilmi\u015f &ldquo;31 Mart faci\u0259si insanl\u0131\u011fa qar\u015f\u0131 soyq\u0131r\u0131m cinay\u0259tidir&rdquo; m&ouml;vzusunda konfrans ke&ccedil;irilib.<\/span><\/p>\n<p style=\"margin-bottom: 0.0001pt; text-align: justify; text-indent: 1cm; line-height: 150%;\"><span style=\"font-size: 12pt; line-height: 150%; font-family: Arial, sans-serif; color: #000000;\">&ldquo;Microsoft Teams&rdquo; platformas\u0131 &uuml;z\u0259rind\u0259n onlayn formatda t\u0259\u015fkil edil\u0259n konfrans\u0131 a&ccedil;an MDU-nun rektoru \u015eahin Bayramov 1918-ci ilin mart-aprel aylar\u0131nda erm\u0259ni t\u0259cav&uuml;zkarlar\u0131 t\u0259r\u0259find\u0259n xalq\u0131m\u0131za qar\u015f\u0131 t&ouml;r\u0259dilmi\u015f soyq\u0131r\u0131m aktlar\u0131ndan, Bak\u0131da, Qaraba\u011fda, \u015eamax\u0131da, Qubada v\u0259 dig\u0259r b&ouml;lg\u0259l\u0259rimizd\u0259 ba\u015f vermi\u015f erm\u0259ni terroru v\u0259 v\u0259h\u015filikl\u0259rind\u0259n dan\u0131\u015f\u0131b. &Ouml;lk\u0259mizd\u0259 soyq\u0131r\u0131m qurbanlar\u0131n\u0131n h\u0259r zaman d\u0259rin h&uuml;znl\u0259 v\u0259 ehtiramla yad edildiyini bildir\u0259n rektor Allahdan b&uuml;t&uuml;n \u015f\u0259hidl\u0259rimiz\u0259 r\u0259hm\u0259t dil\u0259yib.<\/span><\/p>\n<p style=\"margin-bottom: 0.0001pt; text-align: justify; text-indent: 1cm; line-height: 150%;\"><span style=\"font-size: 12pt; line-height: 150%; font-family: Arial, sans-serif; color: #000000;\">Sovet d&ouml;n\u0259mind\u0259 mart hadis\u0259l\u0259rinin uzun m&uuml;dd\u0259t gizli saxlan\u0131lma\u011fa &ccedil;al\u0131\u015f\u0131ld\u0131\u011f\u0131n\u0131 v\u0259 bu istiqam\u0259td\u0259 ara\u015fd\u0131rmalara m&uuml;\u0259yy\u0259n qada\u011falar\u0131n qoyuldu\u011funu diqq\u0259t\u0259 &ccedil;atd\u0131ran \u015e.Bayramov soyq\u0131r\u0131ma siyasi qiym\u0259tin verilm\u0259sinin xalq\u0131m\u0131z\u0131n &uuml;mummilli lideri Heyd\u0259r \u018fliyevin ad\u0131 il\u0259 ba\u011fl\u0131 oldu\u011funu bildirib. <\/span><\/p>\n<p style=\"margin-bottom: 0.0001pt; text-align: justify; text-indent: 1cm; line-height: 150%;\"><span style=\"font-size: 12pt; line-height: 150%; font-family: Arial, sans-serif; color: #000000;\">M\u0259hz Ulu &Ouml;nd\u0259rin m\u0259lum f\u0259rman\u0131 il\u0259 1998-ci ild\u0259n etibar\u0259n 31 Mart tarixinin Az\u0259rbaycanl\u0131lar\u0131n soyq\u0131r\u0131m\u0131 g&uuml;n&uuml; kimi qeyd edildiyini vur\u011fulayan rektor m&uuml;z\u0259ff\u0259r Ali Ba\u015f Komandan\u0131m\u0131z\u0131n v\u0259 yenilm\u0259z Az\u0259rbaycan \u0259sg\u0259rinin say\u0259sind\u0259 44 g&uuml;nl&uuml;k V\u0259t\u0259n m&uuml;harib\u0259sind\u0259 \u0259ld\u0259 edilmi\u015f m&ouml;ht\u0259\u015f\u0259m q\u0259l\u0259b\u0259nin m\u0259nfur v\u0259 t\u0259cav&uuml;zkar niyy\u0259tl\u0259rini realla\u015fd\u0131rmaq &uuml;&ccedil;&uuml;n zaman ke&ccedil;dikc\u0259 daha da az\u011f\u0131nla\u015fan erm\u0259ni terror&ccedil;ular\u0131na veril\u0259n \u0259n sars\u0131d\u0131c\u0131 cavab oldu\u011funu v\u0259 tarixi \u0259dal\u0259tin b\u0259rpa edildiyini diqq\u0259t\u0259 &ccedil;atd\u0131r\u0131b. <\/span><\/p>\n<p style=\"margin-bottom: 0.0001pt; text-align: justify; text-indent: 1cm; line-height: 150%;\"><span style=\"color: #000000;\"><span style=\"font-size: 12pt; line-height: 150%; font-family: Arial, sans-serif;\">Tariximizin qan yadda\u015f\u0131na yaz\u0131lm\u0131\u015f soyq\u0131r\u0131m cinay\u0259tl\u0259rinin he&ccedil; zaman unudulmayaca\u011f\u0131n\u0131 qeyd ed\u0259n rektor tarixi h\u0259qiq\u0259tl\u0259rin &ouml;yr\u0259nilm\u0259si, g\u0259nc n\u0259sill\u0259r aras\u0131nda t\u0259bli\u011f edilm\u0259si, d&uuml;nya ictimaiyy\u0259tin\u0259 &ccedil;atd\u0131r\u0131lmas\u0131n\u0131n<\/span><span style=\"font-family: Arial, sans-serif; color: black;\"> <\/span><span style=\"font-size: 12pt; line-height: 150%; font-family: Arial, sans-serif;\">vacibliyind\u0259n b\u0259hs edib v\u0259 bununla ba\u011fl\u0131, MDU-da f\u0259rqli formatlarda t\u0259dbirl\u0259rin h\u0259yata ke&ccedil;irilm\u0259sin\u0259 x&uuml;susi \u0259h\u0259miyy\u0259t verildiyini bildirib. <\/span><\/span><\/p>\n<p style=\"margin-bottom: 0.0001pt; text-align: justify; text-indent: 1cm; line-height: 150%;\"><span style=\"font-size: 12pt; line-height: 150%; font-family: Arial, sans-serif; color: #000000;\">Konfransda MDU-nun &ldquo;Humanitar f\u0259nl\u0259r&rdquo; kafedras\u0131ndan ba\u015f m&uuml;\u0259llim \u0130lham M\u0259mm\u0259dov &ldquo;1918-ci il 31 mart soyq\u0131r\u0131m\u0131n\u0131 do\u011furan tarixi \u015f\u0259rait&rdquo; m&ouml;vzusunda, ba\u015f m&uuml;\u0259llim M\u0259tan\u0259t Yusifova &ldquo;1918-ci il 31 mart faci\u0259sind\u0259 etnik v\u0259 siyasi amill\u0259r&rdquo; m&ouml;vzusunda, m&uuml;\u0259llim Mirz\u0259 Cavadov &ldquo;1918-ci il 31 mart faci\u0259si v\u0259 Az\u0259rbaycan milli ideyas\u0131n\u0131n intibah\u0131&rdquo; m&ouml;vzusunda, m&uuml;\u0259llim Ayg&uuml;n Q\u0259dirova &ldquo;1918-ci il Mart soyq\u0131r\u0131m\u0131n\u0131n siyasi h\u0259d\u0259fl\u0259ri&rdquo; m&ouml;vzusunda, m&uuml;\u0259llim G&uuml;l\u0259r \u018fjd\u0259rzad\u0259 &ldquo;1918-ci il 31 mart faci\u0259si v\u0259 &ccedil;a\u011fda\u015f Az\u0259rbaycan istiqlal\u0131&rdquo; m&ouml;vzusunda, m&uuml;\u0259llim Tahir\u0259 Quliyeva &ldquo;XX \u0259srin sonlar\u0131nda Erm\u0259nistan\u0131n Az\u0259rbaycana qar\u015f\u0131 \u0259razi iddialar\u0131 v\u0259 h\u0259rbi t\u0259cav&uuml;z&uuml;&rdquo; m&ouml;vzusunda, m&uuml;\u0259llim P\u0259rvin H&uuml;seynova &ldquo;31 Mart soyq\u0131r\u0131m\u0131 h\u0259qiq\u0259tl\u0259rinin b\u0259dii \u0259s\u0259rl\u0259rd\u0259 \u0259ksi&rdquo; m&ouml;vzusunda, m&uuml;\u0259llim V&uuml;sal\u0259 M&ouml;vlayeva &ldquo;31 mart soyq\u0131r\u0131m\u0131 hadis\u0259l\u0259rinin g\u0259nc n\u0259sl\u0259 &ccedil;atd\u0131r\u0131lmas\u0131 il\u0259 \u0259laq\u0259dar qar\u015f\u0131da duran v\u0259zif\u0259l\u0259r&rdquo; m&ouml;vzusunda &ccedil;\u0131x\u0131\u015f edibl\u0259r. <\/span><\/p>\n<p style=\"margin-bottom: 0.0001pt; text-align: justify; text-indent: 1cm; line-height: 150%; background: white;\"><span style=\"font-size: 12pt; line-height: 150%; font-family: Arial, sans-serif; color: #000000;\">Sonra konfrans i\u015ftirak&ccedil;\u0131lar\u0131 t\u0259r\u0259find\u0259n m\u0259ruz\u0259l\u0259r \u0259traf\u0131nda geni\u015f fikir m&uuml;badil\u0259si apar\u0131l\u0131b, tariximizin qanl\u0131 s\u0259hif\u0259sini t\u0259\u015fkil ed\u0259n soyq\u0131r\u0131m hadis\u0259sinin <span style=\"background: white;\">tarixi d\u0259rsl\u0259rind\u0259n b\u0259hs edilib.<\/span><\/span><\/p>\n<p style=\"margin-bottom: 0.0001pt; text-align: justify; text-indent: 1cm; line-height: 150%; background: white;\"><span style=\"font-size: 12pt; line-height: 150%; font-family: Arial, sans-serif; color: #000000; background: white;\">Qeyd ed\u0259k ki, MDU-da tarixi g&uuml;nl\u0259r\u0259 h\u0259sr edilmi\u015f t\u0259dbirl\u0259rin ke&ccedil;irilm\u0259sin\u0259 x&uuml;susi diqq\u0259t yetirilir, t\u0259l\u0259b\u0259 g\u0259ncl\u0259rin v\u0259t\u0259np\u0259rv\u0259rlik ruhunda yeti\u015fdirilm\u0259si m\u0259qs\u0259dil\u0259 onlar aras\u0131nda m&uuml;vafiq maarifl\u0259ndirm\u0259 v\u0259 t\u0259bli\u011fat i\u015fl\u0259rinin g&uuml;cl\u0259ndirilm\u0259sin\u0259 &ouml;n\u0259m verilir.<\/span><\/p>\n<p style=\"margin-bottom: 0.0001pt; text-align: justify; text-indent: 1cm; line-height: 150%; background: white;\"><span style=\"font-size: 12pt; line-height: 150%; font-family: Arial, sans-serif; color: #000000; background: white;\">{phocagallery view=category|categoryid=562|limitstart=0|limitcount=0} <\/span><\/p>\n<p style=\"margin-bottom: 0.0001pt; text-align: justify; text-indent: 1cm; line-height: 150%;\"><span style=\"font-size: 12pt; line-height: 150%; font-family: Arial, sans-serif; color: #000000;\"><\/span><\/p>","protected":false},"excerpt":{"rendered":"<p>Ming\u0259&ccedil;evir D&ouml;vl\u0259t Universitetind\u0259 31 Mart &ndash; Az\u0259rbaycanl\u0131lar\u0131n soyq\u0131r\u0131m\u0131 g&uuml;n&uuml;n\u0259 h\u0259sr edilmi\u015f konfrans ke&ccedil;irilib &nbsp; 31 mart 2021-ci il tarixind\u0259 Ming\u0259&ccedil;evir D&ouml;vl\u0259t Universitetind\u0259 (MDU) Az\u0259rbaycanl\u0131lar\u0131n soyq\u0131r\u0131m\u0131 g&uuml;n&uuml;n\u0259 h\u0259sr edilmi\u015f &ldquo;31 Mart faci\u0259si insanl\u0131\u011fa qar\u015f\u0131 soyq\u0131r\u0131m cinay\u0259tidir&rdquo; m&ouml;vzusunda konfrans ke&ccedil;irilib. &ldquo;Microsoft Teams&rdquo; platformas\u0131 &uuml;z\u0259rind\u0259n onlayn formatda t\u0259\u015fkil edil\u0259n konfrans\u0131 a&ccedil;an MDU-nun rektoru \u015eahin Bayramov 1918-ci ilin mart-aprel [&hellip;]<\/p>\n","protected":false},"author":1,"featured_media":0,"comment_status":"open","ping_status":"open","sticky":false,"template":"","format":"standard","meta":{"_eb_attr":"","ocean_post_layout":"","ocean_both_sidebars_style":"","ocean_both_sidebars_content_width":0,"ocean_both_sidebars_sidebars_width":0,"ocean_sidebar":"","ocean_second_sidebar":"","ocean_disable_margins":"enable","ocean_add_body_class":"","ocean_shortcode_before_top_bar":"","ocean_shortcode_after_top_bar":"","ocean_shortcode_before_header":"","ocean_shortcode_after_header":"","ocean_has_shortcode":"","ocean_shortcode_after_title":"","ocean_shortcode_before_footer_widgets":"","ocean_shortcode_after_footer_widgets":"","ocean_shortcode_before_footer_bottom":"","ocean_shortcode_after_footer_bottom":"","ocean_display_top_bar":"default","ocean_display_header":"default","ocean_header_style":"","ocean_center_header_left_menu":"","ocean_custom_header_template":"","ocean_custom_logo":0,"ocean_custom_retina_logo":0,"ocean_custom_logo_max_width":0,"ocean_custom_logo_tablet_max_width":0,"ocean_custom_logo_mobile_max_width":0,"ocean_custom_logo_max_height":0,"ocean_custom_logo_tablet_max_height":0,"ocean_custom_logo_mobile_max_height":0,"ocean_header_custom_menu":"","ocean_menu_typo_font_family":"","ocean_menu_typo_font_subset":"","ocean_menu_typo_font_size":0,"ocean_menu_typo_font_size_tablet":0,"ocean_menu_typo_font_size_mobile":0,"ocean_menu_typo_font_size_unit":"px","ocean_menu_typo_font_weight":"","ocean_menu_typo_font_weight_tablet":"","ocean_menu_typo_font_weight_mobile":"","ocean_menu_typo_transform":"","ocean_menu_typo_transform_tablet":"","ocean_menu_typo_transform_mobile":"","ocean_menu_typo_line_height":0,"ocean_menu_typo_line_height_tablet":0,"ocean_menu_typo_line_height_mobile":0,"ocean_menu_typo_line_height_unit":"","ocean_menu_typo_spacing":0,"ocean_menu_typo_spacing_tablet":0,"ocean_menu_typo_spacing_mobile":0,"ocean_menu_typo_spacing_unit":"","ocean_menu_link_color":"","ocean_menu_link_color_hover":"","ocean_menu_link_color_active":"","ocean_menu_link_background":"","ocean_menu_link_hover_background":"","ocean_menu_link_active_background":"","ocean_menu_social_links_bg":"","ocean_menu_social_hover_links_bg":"","ocean_menu_social_links_color":"","ocean_menu_social_hover_links_color":"","ocean_disable_title":"default","ocean_disable_heading":"default","ocean_post_title":"","ocean_post_subheading":"","ocean_post_title_style":"","ocean_post_title_background_color":"","ocean_post_title_background":0,"ocean_post_title_bg_image_position":"","ocean_post_title_bg_image_attachment":"","ocean_post_title_bg_image_repeat":"","ocean_post_title_bg_image_size":"","ocean_post_title_height":0,"ocean_post_title_bg_overlay":0.5,"ocean_post_title_bg_overlay_color":"","ocean_disable_breadcrumbs":"default","ocean_breadcrumbs_color":"","ocean_breadcrumbs_separator_color":"","ocean_breadcrumbs_links_color":"","ocean_breadcrumbs_links_hover_color":"","ocean_display_footer_widgets":"default","ocean_display_footer_bottom":"default","ocean_custom_footer_template":"","ocean_post_oembed":"","ocean_post_self_hosted_media":"","ocean_post_video_embed":"","ocean_link_format":"","ocean_link_format_target":"self","ocean_quote_format":"","ocean_quote_format_link":"post","ocean_gallery_link_images":"on","ocean_gallery_id":[],"footnotes":""},"categories":[63],"tags":[],"class_list":["post-15820","post","type-post","status-publish","format-standard","hentry","category-khaebaerlaer-az","entry"],"_links":{"self":[{"href":"https:\/\/mdu.edu.az\/en\/wp-json\/wp\/v2\/posts\/15820","targetHints":{"allow":["GET"]}}],"collection":[{"href":"https:\/\/mdu.edu.az\/en\/wp-json\/wp\/v2\/posts"}],"about":[{"href":"https:\/\/mdu.edu.az\/en\/wp-json\/wp\/v2\/types\/post"}],"author":[{"embeddable":true,"href":"https:\/\/mdu.edu.az\/en\/wp-json\/wp\/v2\/users\/1"}],"replies":[{"embeddable":true,"href":"https:\/\/mdu.edu.az\/en\/wp-json\/wp\/v2\/comments?post=15820"}],"version-history":[{"count":0,"href":"https:\/\/mdu.edu.az\/en\/wp-json\/wp\/v2\/posts\/15820\/revisions"}],"wp:attachment":[{"href":"https:\/\/mdu.edu.az\/en\/wp-json\/wp\/v2\/media?parent=15820"}],"wp:term":[{"taxonomy":"category","embeddable":true,"href":"https:\/\/mdu.edu.az\/en\/wp-json\/wp\/v2\/categories?post=15820"},{"taxonomy":"post_tag","embeddable":true,"href":"https:\/\/mdu.edu.az\/en\/wp-json\/wp\/v2\/tags?post=15820"}],"curies":[{"name":"wp","href":"https:\/\/api.w.org\/{rel}","templated":true}]}}