{"id":15823,"date":"2021-04-02T15:29:27","date_gmt":"2021-04-02T12:29:27","guid":{"rendered":"https:\/\/mdu.edu.az\/rektor-ahin-bayramov-aprel-d-y-l-ri-il-ba-l-az-rtadz-a-a-zhlama-verib\/"},"modified":"2021-04-02T15:29:27","modified_gmt":"2021-04-02T12:29:27","slug":"rektor-ahin-bayramov-aprel-d-y-l-ri-il-ba-l-az-rtadz-a-a-zhlama-verib","status":"publish","type":"post","link":"https:\/\/mdu.edu.az\/en\/rektor-ahin-bayramov-aprel-d-y-l-ri-il-ba-l-az-rtadz-a-a-zhlama-verib\/","title":{"rendered":"Rektor \u015eahin Bayramov Aprel d\u00f6y\u00fc\u015fl\u0259ri il\u0259 ba\u011fl\u0131 AZ\u018fRTAC-a a\u00e7\u0131qlama verib"},"content":{"rendered":"<p style=\"text-align: center;\"><b><span style=\"font-size: 14pt; font-family: Arial; color: navy;\">Aprel d&ouml;y&uuml;\u015fl\u0259ri &#8211; tarixi z\u0259f\u0259r\u0259 ged\u0259n yolda b&ouml;y&uuml;k q\u0259l\u0259b\u0259<\/span><\/b><\/p>\n<p>&nbsp;<\/p>\n<p style=\"text-align: center;\"><img decoding=\"async\" src=\"images\/photo\/REKTOR.jpg\" alt=\"\" \/><\/p>\n<p style=\"text-align: justify; text-indent: 27pt;\"><span style=\"font-family: Arial;\"><\/span><\/p>\n<p style=\"text-align: justify; text-indent: 27pt;\"><span style=\"font-family: Arial; color: #000000;\">Bak\u0131, 2 aprel, <\/span><span style=\"font-family: Arial;\"><a href=\"https:\/\/azertag.az\/xeber\/Aprel_doyusleri___tarixi_zefere_geden_yolda_boyuk_qelebe-1746439\" target=\"_blank\" rel=\"noopener\">AZ\u018fRTAC<\/a><\/span><\/p>\n<p style=\"text-align: justify; text-indent: 27pt;\"><span style=\"font-family: Arial;\"><\/span><\/p>\n<p style=\"text-align: justify; text-indent: 27pt;\"><span style=\"color: #000000;\"><span style=\"font-family: Arial;\">Az\u0259rbaycan tarixin\u0259 Aprel d&ouml;y&uuml;\u015fl\u0259ri kimi daxil olan d&ouml;rdg&uuml;nl&uuml;k m&uuml;harib\u0259 xalq\u0131m\u0131z\u0131 b&ouml;y&uuml;k z\u0259f\u0259r\u0259 aparan yolda \u0259ld\u0259 olunmu\u015f &ccedil;ox \u0259h\u0259miyy\u0259tli qalibiyy\u0259t kimi xarakteriz\u0259 edil\u0259 bil\u0259r. <\/span><span style=\"font-family: Arial;\">\u018fminlikl\u0259 s&ouml;yl\u0259m\u0259k olar ki, Aprel d&ouml;y&uuml;\u015fl\u0259rind\u0259 xain d&uuml;\u015fm\u0259n &uuml;z\u0259rind\u0259 qazan\u0131lan \u015fanl\u0131 q\u0259l\u0259b\u0259 vaxtil\u0259 i\u015f\u011fal alt\u0131nda olan tarixi torpaqlar\u0131m\u0131z\u0131n azad olunmas\u0131 istiqam\u0259tind\u0259 at\u0131lan h\u0259lledici add\u0131m olub.<\/span><\/span><\/p>\n<p style=\"text-align: justify; text-indent: 27pt;\"><span style=\"font-family: Arial;\"><span style=\"color: #000000;\">Bu s&ouml;zl\u0259ri<\/span> <a href=\"https:\/\/azertag.az\/xeber\/Aprel_doyusleri___tarixi_zefere_geden_yolda_boyuk_qelebe-1746439\" target=\"_blank\" rel=\"noopener\">AZ\u018fRTAC<\/a><span style=\"color: #000000;\">-a a&ccedil;\u0131qlamas\u0131nda Ming\u0259&ccedil;evir D&ouml;vl\u0259t Universitetinin rektoru \u015eahin Bayramov deyib.<\/span><\/span><\/p>\n<p style=\"text-align: justify; text-indent: 27pt;\"><span style=\"font-family: Arial; color: #000000;\">O qeyd edib ki, M&uuml;z\u0259ff\u0259r Ali Ba\u015f Komandan\u0131m\u0131z\u0131n r\u0259hb\u0259rliyi il\u0259 Az\u0259rbaycan Silahl\u0131 Q&uuml;vv\u0259l\u0259rinin n&ouml;vb\u0259ti erm\u0259ni t\u0259xribat\u0131na verdiyi layiqli cavab haqq m&uuml;bariz\u0259mizd\u0259ki q\u0259l\u0259b\u0259y\u0259 inam\u0131m\u0131z\u0131 daha da art\u0131rm\u0131\u015f oldu. Bel\u0259 ki, q\u0131sa m&uuml;dd\u0259t \u0259rzind\u0259 d&uuml;\u015fm\u0259nin y&uuml;zl\u0259rl\u0259 canl\u0131 q&uuml;vv\u0259sinin, xeyli sayda silah v\u0259 h\u0259rbi texnikas\u0131n\u0131n m\u0259hv edilm\u0259si, minl\u0259rl\u0259 hektar \u0259razinin i\u015f\u011fal&ccedil;\u0131 q&uuml;vv\u0259l\u0259rd\u0259n t\u0259mizl\u0259nm\u0259si ordumuzun g&uuml;c&uuml;n&uuml;n bariz g&ouml;st\u0259ricisidir.<\/span><\/p>\n<p style=\"text-align: justify; text-indent: 27pt;\"><span style=\"font-family: Arial; color: #000000;\">&ldquo;\u0130ll\u0259rl\u0259 do\u011fma yurdlar\u0131ndan did\u0259rgin d&uuml;\u015fm&uuml;\u015f insanlar\u0131m\u0131z\u0131n \u0259z\u0259li torpaqlar\u0131m\u0131za ilk qay\u0131d\u0131\u015f\u0131 m\u0259hz Aprel d&ouml;y&uuml;\u015fl\u0259rind\u0259 Az\u0259rbaycan \u0259sg\u0259rinin n&uuml;mayi\u015f etdirdiyi q\u0259hr\u0259manl\u0131q say\u0259sind\u0259 m&uuml;mk&uuml;n oldu&rdquo;, &#8211; dey\u0259n rektor bildirib ki, d&ouml;rdg&uuml;nl&uuml;k m&uuml;harib\u0259 F&uuml;zuli, C\u0259bray\u0131l v\u0259 T\u0259rt\u0259r rayonlar\u0131n\u0131n bir s\u0131ra \u0259razil\u0259rinin v\u0259 strateji y&uuml;ks\u0259klikl\u0259rinin i\u015f\u011faldan azad olunmas\u0131 il\u0259 n\u0259tic\u0259l\u0259ndi. \u018fld\u0259 edilmi\u015f \u015fanl\u0131 q\u0259l\u0259b\u0259d\u0259n sonra \u0259n q\u0131sa zamanda C\u0259bray\u0131l rayonunun Cocuq M\u0259rcanl\u0131 k\u0259ndind\u0259 yeni q\u0259s\u0259b\u0259 sal\u0131nd\u0131 v\u0259 B&ouml;y&uuml;k Qay\u0131d\u0131\u015fa start verildi.<\/span><\/p>\n<p style=\"text-align: justify; text-indent: 27pt;\"><span style=\"font-family: Arial; color: #000000;\">\u015eahin Bayramov deyib: &ldquo;Prezident \u0130lham \u018fliyevin Aprel d&ouml;y&uuml;\u015fl\u0259ri haqq\u0131nda s&ouml;yl\u0259diyi fikirl\u0259ri bir daha xat\u0131rlamaq laz\u0131md\u0131r: &ldquo;Bu d&ouml;y&uuml;\u015fl\u0259r onu g&ouml;st\u0259rir ki, Az\u0259rbaycan xalq\u0131 v\u0259 d&ouml;vl\u0259ti he&ccedil; vaxt i\u015f\u011falla bar\u0131\u015fmayacaq, &ouml;z \u0259razi b&uuml;t&ouml;vl&uuml;y&uuml;n&uuml; n\u0259yin bahas\u0131na olursa-olsun b\u0259rpa ed\u0259c\u0259kdir&rdquo;. Do\u011frudan da, &ccedil;ox ke&ccedil;m\u0259di ki, Aprel d&ouml;y&uuml;\u015fl\u0259rind\u0259 ba\u015flan\u0131lan q\u0259l\u0259b\u0259 marafonu V\u0259t\u0259n m&uuml;harib\u0259sind\u0259 b&ouml;y&uuml;k qalibiyy\u0259tl\u0259 ba\u015fa &ccedil;atd\u0131r\u0131lm\u0131\u015f oldu. F\u0259r\u0259hli hald\u0131r ki, Aprel d&ouml;y&uuml;\u015fl\u0259rinin be\u015finci ild&ouml;n&uuml;m&uuml;n&uuml; 44 g&uuml;nl&uuml;k V\u0259t\u0259n m&uuml;harib\u0259sind\u0259 \u0259ld\u0259 etdiyimiz tarixi Z\u0259f\u0259rin q&uuml;rurunu ya\u015fad\u0131\u011f\u0131m\u0131z d&ouml;vrd\u0259 qeyd edirik. \u018frazi b&uuml;t&ouml;vl&uuml;y&uuml;m&uuml;z&uuml;n t\u0259min edilm\u0259si yolunda can\u0131ndan ke&ccedil;\u0259n b&uuml;t&uuml;n \u015f\u0259hidl\u0259rimizin \u0259ziz xatir\u0259sini b&ouml;y&uuml;k ehtiramla an\u0131r\u0131q&rdquo;.<\/span><\/p>\n<p style=\"text-align: justify; text-indent: 27pt;\"><span style=\"font-family: Arial; color: #000000;\">Rektor onu da bildirib ki, tariximizin \u015fanl\u0131 s\u0259hif\u0259l\u0259rind\u0259n biri olan Aprel d&ouml;y&uuml;\u015fl\u0259rinin \u0259h\u0259miyy\u0259ti, d&ouml;rdg&uuml;nl&uuml;k h\u0259rbi \u0259m\u0259liyyatlarda \u015f\u0259hidlik zirv\u0259sin\u0259 y&uuml;ks\u0259l\u0259n q\u0259hr\u0259manlar\u0131m\u0131z\u0131n, el\u0259c\u0259 d\u0259 qazil\u0259rimizin g&ouml;st\u0259rdikl\u0259ri \u015f&uuml;ca\u0259tl\u0259r bar\u0259d\u0259 g\u0259nc n\u0259slin maarifl\u0259ndirilm\u0259si istiqam\u0259tind\u0259 f\u0259aliyy\u0259t bundan sonra da davam etdirilm\u0259lidir.<\/span><\/p>\n<p style=\"text-align: justify; text-indent: 27pt;\"><span style=\"font-family: Arial;\"><\/span><\/p>","protected":false},"excerpt":{"rendered":"<p>Aprel d&ouml;y&uuml;\u015fl\u0259ri &#8211; tarixi z\u0259f\u0259r\u0259 ged\u0259n yolda b&ouml;y&uuml;k q\u0259l\u0259b\u0259 &nbsp; Bak\u0131, 2 aprel, AZ\u018fRTAC Az\u0259rbaycan tarixin\u0259 Aprel d&ouml;y&uuml;\u015fl\u0259ri kimi daxil olan d&ouml;rdg&uuml;nl&uuml;k m&uuml;harib\u0259 xalq\u0131m\u0131z\u0131 b&ouml;y&uuml;k z\u0259f\u0259r\u0259 aparan yolda \u0259ld\u0259 olunmu\u015f &ccedil;ox \u0259h\u0259miyy\u0259tli qalibiyy\u0259t kimi xarakteriz\u0259 edil\u0259 bil\u0259r. \u018fminlikl\u0259 s&ouml;yl\u0259m\u0259k olar ki, Aprel d&ouml;y&uuml;\u015fl\u0259rind\u0259 xain d&uuml;\u015fm\u0259n &uuml;z\u0259rind\u0259 qazan\u0131lan \u015fanl\u0131 q\u0259l\u0259b\u0259 vaxtil\u0259 i\u015f\u011fal alt\u0131nda olan tarixi torpaqlar\u0131m\u0131z\u0131n [&hellip;]<\/p>\n","protected":false},"author":1,"featured_media":0,"comment_status":"open","ping_status":"open","sticky":false,"template":"","format":"standard","meta":{"_eb_attr":"","ocean_post_layout":"","ocean_both_sidebars_style":"","ocean_both_sidebars_content_width":0,"ocean_both_sidebars_sidebars_width":0,"ocean_sidebar":"","ocean_second_sidebar":"","ocean_disable_margins":"enable","ocean_add_body_class":"","ocean_shortcode_before_top_bar":"","ocean_shortcode_after_top_bar":"","ocean_shortcode_before_header":"","ocean_shortcode_after_header":"","ocean_has_shortcode":"","ocean_shortcode_after_title":"","ocean_shortcode_before_footer_widgets":"","ocean_shortcode_after_footer_widgets":"","ocean_shortcode_before_footer_bottom":"","ocean_shortcode_after_footer_bottom":"","ocean_display_top_bar":"default","ocean_display_header":"default","ocean_header_style":"","ocean_center_header_left_menu":"","ocean_custom_header_template":"","ocean_custom_logo":0,"ocean_custom_retina_logo":0,"ocean_custom_logo_max_width":0,"ocean_custom_logo_tablet_max_width":0,"ocean_custom_logo_mobile_max_width":0,"ocean_custom_logo_max_height":0,"ocean_custom_logo_tablet_max_height":0,"ocean_custom_logo_mobile_max_height":0,"ocean_header_custom_menu":"","ocean_menu_typo_font_family":"","ocean_menu_typo_font_subset":"","ocean_menu_typo_font_size":0,"ocean_menu_typo_font_size_tablet":0,"ocean_menu_typo_font_size_mobile":0,"ocean_menu_typo_font_size_unit":"px","ocean_menu_typo_font_weight":"","ocean_menu_typo_font_weight_tablet":"","ocean_menu_typo_font_weight_mobile":"","ocean_menu_typo_transform":"","ocean_menu_typo_transform_tablet":"","ocean_menu_typo_transform_mobile":"","ocean_menu_typo_line_height":0,"ocean_menu_typo_line_height_tablet":0,"ocean_menu_typo_line_height_mobile":0,"ocean_menu_typo_line_height_unit":"","ocean_menu_typo_spacing":0,"ocean_menu_typo_spacing_tablet":0,"ocean_menu_typo_spacing_mobile":0,"ocean_menu_typo_spacing_unit":"","ocean_menu_link_color":"","ocean_menu_link_color_hover":"","ocean_menu_link_color_active":"","ocean_menu_link_background":"","ocean_menu_link_hover_background":"","ocean_menu_link_active_background":"","ocean_menu_social_links_bg":"","ocean_menu_social_hover_links_bg":"","ocean_menu_social_links_color":"","ocean_menu_social_hover_links_color":"","ocean_disable_title":"default","ocean_disable_heading":"default","ocean_post_title":"","ocean_post_subheading":"","ocean_post_title_style":"","ocean_post_title_background_color":"","ocean_post_title_background":0,"ocean_post_title_bg_image_position":"","ocean_post_title_bg_image_attachment":"","ocean_post_title_bg_image_repeat":"","ocean_post_title_bg_image_size":"","ocean_post_title_height":0,"ocean_post_title_bg_overlay":0.5,"ocean_post_title_bg_overlay_color":"","ocean_disable_breadcrumbs":"default","ocean_breadcrumbs_color":"","ocean_breadcrumbs_separator_color":"","ocean_breadcrumbs_links_color":"","ocean_breadcrumbs_links_hover_color":"","ocean_display_footer_widgets":"default","ocean_display_footer_bottom":"default","ocean_custom_footer_template":"","ocean_post_oembed":"","ocean_post_self_hosted_media":"","ocean_post_video_embed":"","ocean_link_format":"","ocean_link_format_target":"self","ocean_quote_format":"","ocean_quote_format_link":"post","ocean_gallery_link_images":"on","ocean_gallery_id":[],"footnotes":""},"categories":[63],"tags":[],"class_list":["post-15823","post","type-post","status-publish","format-standard","hentry","category-khaebaerlaer-az","entry"],"_links":{"self":[{"href":"https:\/\/mdu.edu.az\/en\/wp-json\/wp\/v2\/posts\/15823","targetHints":{"allow":["GET"]}}],"collection":[{"href":"https:\/\/mdu.edu.az\/en\/wp-json\/wp\/v2\/posts"}],"about":[{"href":"https:\/\/mdu.edu.az\/en\/wp-json\/wp\/v2\/types\/post"}],"author":[{"embeddable":true,"href":"https:\/\/mdu.edu.az\/en\/wp-json\/wp\/v2\/users\/1"}],"replies":[{"embeddable":true,"href":"https:\/\/mdu.edu.az\/en\/wp-json\/wp\/v2\/comments?post=15823"}],"version-history":[{"count":0,"href":"https:\/\/mdu.edu.az\/en\/wp-json\/wp\/v2\/posts\/15823\/revisions"}],"wp:attachment":[{"href":"https:\/\/mdu.edu.az\/en\/wp-json\/wp\/v2\/media?parent=15823"}],"wp:term":[{"taxonomy":"category","embeddable":true,"href":"https:\/\/mdu.edu.az\/en\/wp-json\/wp\/v2\/categories?post=15823"},{"taxonomy":"post_tag","embeddable":true,"href":"https:\/\/mdu.edu.az\/en\/wp-json\/wp\/v2\/tags?post=15823"}],"curies":[{"name":"wp","href":"https:\/\/api.w.org\/{rel}","templated":true}]}}