{"id":15830,"date":"2021-04-07T10:30:37","date_gmt":"2021-04-07T07:30:37","guid":{"rendered":"https:\/\/mdu.edu.az\/ispaniya-krall-n-n-valladolid-h-rind-yerl-n-valladolid-universiteti-s-n-d-zh-bulu-elan-edir\/"},"modified":"2021-04-07T10:30:37","modified_gmt":"2021-04-07T07:30:37","slug":"ispaniya-krall-n-n-valladolid-h-rind-yerl-n-valladolid-universiteti-s-n-d-zh-bulu-elan-edir","status":"publish","type":"post","link":"https:\/\/mdu.edu.az\/en\/ispaniya-krall-n-n-valladolid-h-rind-yerl-n-valladolid-universiteti-s-n-d-zh-bulu-elan-edir\/","title":{"rendered":"\u0130spaniya Krall\u0131\u011f\u0131n\u0131n Valladolid Universiteti s\u0259n\u0259d q\u0259bulu elan edir"},"content":{"rendered":"<p style=\"margin-top: 0cm; margin-right: 0cm; margin-bottom: 0.0001pt; text-align: center;\"><b><span style=\"font-size: 14pt; font-family: Arial; color: navy;\">\u0130spaniya Krall\u0131\u011f\u0131n\u0131n Valladolid \u015f\u0259h\u0259rind\u0259 yerl\u0259\u015f\u0259n Valladolid Universiteti s\u0259n\u0259d q\u0259bulu elan edir<\/span><\/b><\/p>\n<p style=\"margin-top: 0cm; margin-right: 0cm; margin-bottom: 0.0001pt; text-align: center;\"><b><span style=\"font-size: 14pt; font-family: Arial; color: navy;\">(t\u0259l\u0259b\u0259 v\u0259 magistrantlar &uuml;&ccedil;&uuml;n)<\/span><\/b><\/p>\n<p style=\"text-align: center;\"><img decoding=\"async\" src=\"images\/photo\/ERASMUS.jpg\" alt=\"\" \/><\/p>\n<p style=\"margin-top: 0cm; margin-right: 0cm; margin-bottom: 0.0001pt;\"><b><span style=\"font-size: 14pt; font-family: Arial; color: navy;\"><\/span><\/b><\/p>\n<p style=\"margin-top: 0cm; margin-right: 0cm; margin-bottom: 0.0001pt; text-align: justify; text-indent: 27pt;\"><span style=\"color: #000000;\"><span style=\"font-size: 12pt; font-family: Arial;\">Avropa \u0130ttifaq\u0131n\u0131n maliyy\u0259l\u0259\u015fdirdiyi &ldquo;Erasmus+&rdquo; proqram\u0131 &ccedil;\u0259r&ccedil;iv\u0259sind\u0259 \u0130spaniya Krall\u0131\u011f\u0131n\u0131n Valladolid universiteti t\u0259l\u0259b\u0259-m&uuml;\u0259llim m&uuml;badil\u0259sininin h\u0259yata ke&ccedil;irilm\u0259si &uuml;&ccedil;&uuml;n s\u0259n\u0259d q\u0259buluna ba\u015flad\u0131. <\/span><span style=\"font-size: 12pt; font-family: Arial;\">Qeyd etm\u0259k laz\u0131md\u0131r ki, Ming\u0259&ccedil;evir D&ouml;vl\u0259t Universiteti \u0130spaniya Krall\u0131\u011f\u0131n\u0131n Valladolid universiteti il\u0259 Erasmus+ proqram\u0131 &ccedil;\u0259r&ccedil;iv\u0259sind\u0259 m&uuml;\u0259llim-t\u0259l\u0259b\u0259 m&uuml;badil\u0259sinin h\u0259yata ke&ccedil;irilm\u0259si &uuml;zr\u0259 ikili sazi\u015f ba\u011flam\u0131\u015fd\u0131r. Proqram &ccedil;\u0259r&ccedil;iv\u0259sind\u0259 2021\/2022-ci t\u0259dris ili &uuml;&ccedil;&uuml;n b&uuml;t&uuml;n t\u0259hsil pill\u0259l\u0259ri &uuml;zr\u0259 (bakalavr, magistratura v\u0259 doktorantura) t\u0259l\u0259b\u0259 m&uuml;badil\u0259si h\u0259yata ke&ccedil;iril\u0259c\u0259kdir. T\u0259l\u0259b\u0259l\u0259r proqram &ccedil;\u0259r&ccedil;iv\u0259sind\u0259 bir v\u0259 ya iki semestr \u0259rzind\u0259 Valladolid universitetind\u0259 t\u0259hsil ala bil\u0259rl\u0259r. Universitetd\u0259 t\u0259dris ispan v\u0259 ingilis dilind\u0259 apar\u0131l\u0131r. M&uuml;badil\u0259 il\u0259 ba\u011fl\u0131 b&uuml;t&uuml;n x\u0259rcl\u0259r Erasmus+ t\u0259qa&uuml;d&uuml; hesab\u0131na &ouml;d\u0259nil\u0259c\u0259kdir. Proqramda i\u015ftirak etm\u0259k ist\u0259y\u0259n t\u0259l\u0259b\u0259l\u0259r a\u015fa\u011f\u0131dak\u0131 t\u0259l\u0259bl\u0259r\u0259 cavab verm\u0259lidir:<\/span><\/span><\/p>\n<p style=\"margin-top: 0cm; margin-right: 0cm; margin-bottom: 0.0001pt; text-align: justify; text-indent: 27pt;\"><span style=\"font-size: 12pt; font-family: Arial; color: #000000;\">I, II, III kurs t\u0259l\u0259b\u0259si olmaqla&ndash; minimum orta qiym\u0259t 75 olmal\u0131, (magistrl\u0259r &uuml;&ccedil;&uuml;n 80); \u0130ngilis v\u0259 ya ispan dill\u0259rini B2 s\u0259viyy\u0259sind\u0259 bilm\u0259si t\u0259l\u0259b olunur.<\/span><\/p>\n<p style=\"margin-top: 0cm; margin-right: 0cm; margin-bottom: 0.0001pt; text-align: justify; text-indent: 27pt;\"><span style=\"font-size: 12pt; font-family: Arial; color: #000000;\">T\u0259qa&uuml;d &uuml;&ccedil;&uuml;n a\u015fa\u011f\u0131da verilmi\u015f link\u0259 daxil olaraq qeydiyyatdan ke&ccedil;m\u0259k lazimd\u0131r.<\/span><\/p>\n<p style=\"margin-top: 0cm; margin-right: 0cm; margin-bottom: 0.0001pt; text-align: justify; text-indent: 27pt;\"><span style=\"font-size: 12pt; font-family: Arial;\"><a href=\"https:\/\/uvamobplus.uva.es\/publico\/inicio\" target=\"_blank\" rel=\"noopener\">https:\/\/uvamobplus.uva.es\/publico\/inicio<\/a><\/span><\/p>\n<p style=\"margin-top: 0cm; margin-right: 0cm; margin-bottom: 0.0001pt; text-align: justify; text-indent: 27pt;\"><span style=\"font-size: 12pt; font-family: Arial; color: #000000;\">T\u0259l\u0259b olunan s\u0259n\u0259dl\u0259r: <\/span><\/p>\n<p style=\"margin-top: 0cm; margin-right: 0cm; margin-bottom: 0.0001pt; text-align: justify; text-indent: 27pt;\"><span style=\"font-size: 12pt; font-family: Arial;\"><a href=\"https:\/\/uvamobplus.uva.es\/files\/61356\/31\/CALL_2_EN.pdf\" target=\"_blank\" rel=\"noopener\">https:\/\/uvamobplus.uva.es\/files\/61356\/31\/CALL_2_EN.pdf&#8221;<\/a> <\/span><\/p>\n<p style=\"margin-top: 0cm; margin-right: 0cm; margin-bottom: 0.0001pt; text-align: justify; text-indent: 27pt;\"><span style=\"font-size: 12pt; font-family: Arial; color: #000000;\"> Proqramla ba\u011fl\u0131 daha \u0259trafl\u0131 m\u0259lumat almaq ist\u0259y\u0259nl\u0259r Beyn\u0259lxalq \u018fm\u0259kda\u015fl\u0131q ofisinin\u0259 m&uuml;raci\u0259t ed\u0259 bil\u0259rl\u0259r. Proqrama m&uuml;raci\u0259t &uuml;zr\u0259 son tarix 16 aprel 2021-ci ildir.<\/span><\/p>\n<p style=\"margin-top: 0cm; margin-right: 0cm; margin-bottom: 0.0001pt; text-align: justify; text-indent: 27pt;\"><span style=\"font-size: 12pt; font-family: Arial;\"><\/span><\/p>\n<p style=\"margin-top: 0cm; margin-right: 0cm; margin-bottom: 0.0001pt; text-align: center;\"><b><span style=\"font-size: 14pt; font-family: Arial; color: navy;\"><\/span><\/b><\/p>\n<p>&nbsp;<\/p>\n<p style=\"margin-top: 0cm; margin-right: 0cm; margin-bottom: 0.0001pt; text-align: center;\"><b><span style=\"font-size: 14pt; font-family: Arial; color: navy;\">\u0130spaniya Krall\u0131\u011f\u0131n\u0131n Valladolid \u015f\u0259h\u0259rind\u0259 yerl\u0259\u015f\u0259n Valladolid Universiteti s\u0259n\u0259d q\u0259bulu elan edir<\/span><\/b><\/p>\n<p style=\"margin-top: 0cm; margin-right: 0cm; margin-bottom: 0.0001pt; text-align: center;\"><b><span style=\"font-size: 14pt; font-family: Arial; color: navy;\">(\u0259m\u0259kda\u015flar &uuml;&ccedil;&uuml;n)<\/span><\/b><\/p>\n<p style=\"margin-top: 0cm; margin-right: 0cm; margin-bottom: 0.0001pt;\"><b><span style=\"font-size: 14pt; font-family: Arial; color: navy;\"><\/span><\/b><\/p>\n<p style=\"margin-top: 0cm; margin-right: 0cm; margin-bottom: 0.0001pt; text-align: justify; text-indent: 27pt;\"><span style=\"color: #000000;\"><span style=\"font-size: 12pt; font-family: Arial;\">Avropa \u0130ttifaq\u0131n\u0131n maliyy\u0259l\u0259\u015fdirdiyi Erasmus+ proqram\u0131 &ccedil;\u0259r&ccedil;iv\u0259sind\u0259 \u0130spaniya Krall\u0131\u011f\u0131n\u0131n Valladolid universiteti t\u0259l\u0259b\u0259-m&uuml;\u0259llim m&uuml;badil\u0259sininin h\u0259yata ke&ccedil;irilm\u0259si &uuml;&ccedil;&uuml;n s\u0259n\u0259d q\u0259buluna ba\u015flad\u0131. <\/span><span style=\"font-size: 12pt; font-family: Arial;\">Qeyd etm\u0259k laz\u0131md\u0131r ki, Ming\u0259&ccedil;evir D&ouml;vl\u0259t Universiteti \u0130spaniya Krall\u0131\u011f\u0131n\u0131n Valladolid universiteti il\u0259 Erasmus+ proqram\u0131 &ccedil;\u0259r&ccedil;iv\u0259sind\u0259 m&uuml;\u0259llim-t\u0259l\u0259b\u0259 m&uuml;badil\u0259sinin h\u0259yata ke&ccedil;irilm\u0259si &uuml;zr\u0259 ikili sazi\u015f ba\u011flam\u0131\u015fd\u0131r. Proqram &ccedil;\u0259r&ccedil;iv\u0259sind\u0259 2021\/2022-ci t\u0259dris ili &uuml;&ccedil;&uuml;n \u0259m\u0259kda\u015f m&uuml;badil\u0259si h\u0259yata ke&ccedil;iril\u0259c\u0259kdir. Proqram &ccedil;\u0259r&ccedil;iv\u0259sind\u0259 akademik v\u0259 inzibati hey\u0259t 5 g&uuml;n m&uuml;dd\u0259tind\u0259 Valladolid Universitetind\u0259 t\u0259liml\u0259rd\u0259 v\u0259 pedoqoji f\u0259aliyy\u0259tl\u0259rd\u0259 i\u015ftirak ed\u0259 bil\u0259rl\u0259r. Universitetd\u0259 t\u0259dris ispan v\u0259 ingilis dilind\u0259 apar\u0131l\u0131r. M&uuml;badil\u0259 il\u0259 ba\u011fl\u0131 b&uuml;t&uuml;n x\u0259rcl\u0259r Erasmus+ t\u0259qa&uuml;d&uuml; hesab\u0131na &ouml;d\u0259nil\u0259c\u0259kdir. Proqramda i\u015ftirak etm\u0259k ist\u0259y\u0259n \u0259m\u0259kda\u015flardan ingilis v\u0259 ya ispan dill\u0259rini C1 s\u0259viyy\u0259sind\u0259 bilm\u0259si t\u0259l\u0259b olunur. <\/span><\/span><\/p>\n<p style=\"margin-top: 0cm; margin-right: 0cm; margin-bottom: 0.0001pt; text-align: justify; text-indent: 27pt;\"><span style=\"font-size: 12pt; font-family: Arial; color: #000000;\">T\u0259qa&uuml;d &uuml;&ccedil;&uuml;n a\u015fa\u011f\u0131da verilmi\u015f link\u0259 daxil olaraq qeydiyyatdan ke&ccedil;m\u0259k lazimd\u0131r.<\/span><\/p>\n<p style=\"margin-top: 0cm; margin-right: 0cm; margin-bottom: 0.0001pt; text-align: justify; text-indent: 27pt;\"><span style=\"font-size: 12pt; font-family: Arial;\"><a href=\"https:\/\/uvamobplus.uva.es\/\" target=\"_blank\" rel=\"noopener\">https:\/\/uvamobplus.uva.es\/<\/a><\/span><\/p>\n<p style=\"margin-top: 0cm; margin-right: 0cm; margin-bottom: 0.0001pt; text-align: justify; text-indent: 27pt;\"><span style=\"font-size: 12pt; font-family: Arial; color: #000000;\">T\u0259l\u0259b olunan s\u0259n\u0259dl\u0259r:<\/span><\/p>\n<p style=\"margin-top: 0cm; margin-right: 0cm; margin-bottom: 0.0001pt; text-align: justify; text-indent: 27pt;\"><span style=\"font-size: 12pt; font-family: Arial;\"><a href=\"https:\/\/uvamobplus.uva.es\/files\/61356\/CALL_INCOMING_2021_EN.pdf\" target=\"_blank\" rel=\"noopener\">https:\/\/uvamobplus.uva.es\/files\/61356\/CALL_INCOMING_2021_EN.pdf<\/a><\/span><\/p>\n<p style=\"margin-top: 0cm; margin-right: 0cm; margin-bottom: 0.0001pt; text-align: justify; text-indent: 27pt;\"><span style=\"font-size: 12pt; font-family: Arial;\"><a href=\"https:\/\/uvamobplus.uva.es\/files\/61356\/Sellado_Correccin_Errores_1.pdf\" target=\"_blank\" rel=\"noopener\">https:\/\/uvamobplus.uva.es\/files\/61356\/Sellado_Correccin_Errores_1.pdf<\/a><\/span><\/p>\n<p style=\"margin-top: 0cm; margin-right: 0cm; margin-bottom: 0.0001pt; text-align: justify; text-indent: 27pt;\"><span style=\"font-size: 12pt; font-family: Arial; color: #000000;\">Proqramla ba\u011fl\u0131 daha \u0259trafl\u0131 m\u0259lumat almaq ist\u0259y\u0259nl\u0259r Beyn\u0259lxalq \u018fm\u0259kda\u015fl\u0131q ofisinin\u0259 m&uuml;raci\u0259t ed\u0259 bil\u0259rl\u0259r. Proqrama m&uuml;raci\u0259t &uuml;zr\u0259 son tarix 16 aprel 2021-ci ildir.<\/span><\/p>\n<p style=\"margin-top: 0cm; margin-right: 0cm; margin-bottom: 0.0001pt; text-align: justify; text-indent: 27pt;\"><span style=\"font-size: 12pt; font-family: Arial;\"><\/span><\/p>\n<p style=\"margin-top: 0cm; margin-right: 0cm; margin-bottom: 0.0001pt; text-align: justify; text-indent: 27pt;\"><span style=\"font-size: 12pt; font-family: Arial;\"><\/span><\/p>\n<p style=\"margin-top: 0cm; margin-right: 0cm; margin-bottom: 0.0001pt; text-align: justify; text-indent: 27pt;\"><span style=\"font-size: 12pt; font-family: Arial;\">&nbsp;<span style=\"font-size: 12pt; font-family: Arial;\">&nbsp;\u018ftrafl\u0131 m\u0259lumat &uuml;&ccedil;&uuml;n \u0259laq\u0259: <a href=\"mailto:iro@mdu.edu.az\">iro@mdu.edu.az<\/a><\/span><\/span><\/p>\n<p style=\"margin-top: 0cm; margin-right: 0cm; margin-bottom: 0.0001pt; text-align: justify; text-indent: 27pt;\"><span style=\"font-size: 12pt; font-family: Arial;\"><\/span><\/p>\n<p style=\"margin-top: 0cm; margin-right: 0cm; margin-bottom: 0.0001pt; text-align: justify; text-indent: 27pt;\"><span style=\"font-size: 12pt; font-family: Arial;\"><\/span><\/p>\n<p style=\"margin-top: 0cm; margin-right: 0cm; margin-bottom: 0.0001pt; text-align: justify; text-indent: 27pt;\"><span style=\"font-size: 12pt; font-family: Arial;\"><\/span><\/p>","protected":false},"excerpt":{"rendered":"<p>\u0130spaniya Krall\u0131\u011f\u0131n\u0131n Valladolid \u015f\u0259h\u0259rind\u0259 yerl\u0259\u015f\u0259n Valladolid Universiteti s\u0259n\u0259d q\u0259bulu elan edir (t\u0259l\u0259b\u0259 v\u0259 magistrantlar &uuml;&ccedil;&uuml;n) Avropa \u0130ttifaq\u0131n\u0131n maliyy\u0259l\u0259\u015fdirdiyi &ldquo;Erasmus+&rdquo; proqram\u0131 &ccedil;\u0259r&ccedil;iv\u0259sind\u0259 \u0130spaniya Krall\u0131\u011f\u0131n\u0131n Valladolid universiteti t\u0259l\u0259b\u0259-m&uuml;\u0259llim m&uuml;badil\u0259sininin h\u0259yata ke&ccedil;irilm\u0259si &uuml;&ccedil;&uuml;n s\u0259n\u0259d q\u0259buluna ba\u015flad\u0131. Qeyd etm\u0259k laz\u0131md\u0131r ki, Ming\u0259&ccedil;evir D&ouml;vl\u0259t Universiteti \u0130spaniya Krall\u0131\u011f\u0131n\u0131n Valladolid universiteti il\u0259 Erasmus+ proqram\u0131 &ccedil;\u0259r&ccedil;iv\u0259sind\u0259 m&uuml;\u0259llim-t\u0259l\u0259b\u0259 m&uuml;badil\u0259sinin h\u0259yata ke&ccedil;irilm\u0259si &uuml;zr\u0259 ikili sazi\u015f [&hellip;]<\/p>\n","protected":false},"author":1,"featured_media":0,"comment_status":"open","ping_status":"open","sticky":false,"template":"","format":"standard","meta":{"_eb_attr":"","ocean_post_layout":"","ocean_both_sidebars_style":"","ocean_both_sidebars_content_width":0,"ocean_both_sidebars_sidebars_width":0,"ocean_sidebar":"","ocean_second_sidebar":"","ocean_disable_margins":"enable","ocean_add_body_class":"","ocean_shortcode_before_top_bar":"","ocean_shortcode_after_top_bar":"","ocean_shortcode_before_header":"","ocean_shortcode_after_header":"","ocean_has_shortcode":"","ocean_shortcode_after_title":"","ocean_shortcode_before_footer_widgets":"","ocean_shortcode_after_footer_widgets":"","ocean_shortcode_before_footer_bottom":"","ocean_shortcode_after_footer_bottom":"","ocean_display_top_bar":"default","ocean_display_header":"default","ocean_header_style":"","ocean_center_header_left_menu":"","ocean_custom_header_template":"","ocean_custom_logo":0,"ocean_custom_retina_logo":0,"ocean_custom_logo_max_width":0,"ocean_custom_logo_tablet_max_width":0,"ocean_custom_logo_mobile_max_width":0,"ocean_custom_logo_max_height":0,"ocean_custom_logo_tablet_max_height":0,"ocean_custom_logo_mobile_max_height":0,"ocean_header_custom_menu":"","ocean_menu_typo_font_family":"","ocean_menu_typo_font_subset":"","ocean_menu_typo_font_size":0,"ocean_menu_typo_font_size_tablet":0,"ocean_menu_typo_font_size_mobile":0,"ocean_menu_typo_font_size_unit":"px","ocean_menu_typo_font_weight":"","ocean_menu_typo_font_weight_tablet":"","ocean_menu_typo_font_weight_mobile":"","ocean_menu_typo_transform":"","ocean_menu_typo_transform_tablet":"","ocean_menu_typo_transform_mobile":"","ocean_menu_typo_line_height":0,"ocean_menu_typo_line_height_tablet":0,"ocean_menu_typo_line_height_mobile":0,"ocean_menu_typo_line_height_unit":"","ocean_menu_typo_spacing":0,"ocean_menu_typo_spacing_tablet":0,"ocean_menu_typo_spacing_mobile":0,"ocean_menu_typo_spacing_unit":"","ocean_menu_link_color":"","ocean_menu_link_color_hover":"","ocean_menu_link_color_active":"","ocean_menu_link_background":"","ocean_menu_link_hover_background":"","ocean_menu_link_active_background":"","ocean_menu_social_links_bg":"","ocean_menu_social_hover_links_bg":"","ocean_menu_social_links_color":"","ocean_menu_social_hover_links_color":"","ocean_disable_title":"default","ocean_disable_heading":"default","ocean_post_title":"","ocean_post_subheading":"","ocean_post_title_style":"","ocean_post_title_background_color":"","ocean_post_title_background":0,"ocean_post_title_bg_image_position":"","ocean_post_title_bg_image_attachment":"","ocean_post_title_bg_image_repeat":"","ocean_post_title_bg_image_size":"","ocean_post_title_height":0,"ocean_post_title_bg_overlay":0.5,"ocean_post_title_bg_overlay_color":"","ocean_disable_breadcrumbs":"default","ocean_breadcrumbs_color":"","ocean_breadcrumbs_separator_color":"","ocean_breadcrumbs_links_color":"","ocean_breadcrumbs_links_hover_color":"","ocean_display_footer_widgets":"default","ocean_display_footer_bottom":"default","ocean_custom_footer_template":"","ocean_post_oembed":"","ocean_post_self_hosted_media":"","ocean_post_video_embed":"","ocean_link_format":"","ocean_link_format_target":"self","ocean_quote_format":"","ocean_quote_format_link":"post","ocean_gallery_link_images":"on","ocean_gallery_id":[],"footnotes":""},"categories":[63],"tags":[],"class_list":["post-15830","post","type-post","status-publish","format-standard","hentry","category-khaebaerlaer-az","entry"],"_links":{"self":[{"href":"https:\/\/mdu.edu.az\/en\/wp-json\/wp\/v2\/posts\/15830","targetHints":{"allow":["GET"]}}],"collection":[{"href":"https:\/\/mdu.edu.az\/en\/wp-json\/wp\/v2\/posts"}],"about":[{"href":"https:\/\/mdu.edu.az\/en\/wp-json\/wp\/v2\/types\/post"}],"author":[{"embeddable":true,"href":"https:\/\/mdu.edu.az\/en\/wp-json\/wp\/v2\/users\/1"}],"replies":[{"embeddable":true,"href":"https:\/\/mdu.edu.az\/en\/wp-json\/wp\/v2\/comments?post=15830"}],"version-history":[{"count":0,"href":"https:\/\/mdu.edu.az\/en\/wp-json\/wp\/v2\/posts\/15830\/revisions"}],"wp:attachment":[{"href":"https:\/\/mdu.edu.az\/en\/wp-json\/wp\/v2\/media?parent=15830"}],"wp:term":[{"taxonomy":"category","embeddable":true,"href":"https:\/\/mdu.edu.az\/en\/wp-json\/wp\/v2\/categories?post=15830"},{"taxonomy":"post_tag","embeddable":true,"href":"https:\/\/mdu.edu.az\/en\/wp-json\/wp\/v2\/tags?post=15830"}],"curies":[{"name":"wp","href":"https:\/\/api.w.org\/{rel}","templated":true}]}}