{"id":15833,"date":"2021-04-10T21:56:09","date_gmt":"2021-04-10T18:56:09","guid":{"rendered":"https:\/\/mdu.edu.az\/minzh-evir-d-vl-t-universitetind-t-l-b-v-t-np-rv-rlik-inki-af-m-rk-zi-yarad-l-b\/"},"modified":"2021-04-10T21:56:09","modified_gmt":"2021-04-10T18:56:09","slug":"minzh-evir-d-vl-t-universitetind-t-l-b-v-t-np-rv-rlik-inki-af-m-rk-zi-yarad-l-b","status":"publish","type":"post","link":"https:\/\/mdu.edu.az\/en\/minzh-evir-d-vl-t-universitetind-t-l-b-v-t-np-rv-rlik-inki-af-m-rk-zi-yarad-l-b\/","title":{"rendered":"Ming\u0259\u00e7evir D\u00f6vl\u0259t Universitetind\u0259 \u201cT\u0259l\u0259b\u0259 V\u0259t\u0259np\u0259rv\u0259rlik \u0130nki\u015faf\u0131 M\u0259rk\u0259zi\u201d yarad\u0131l\u0131b"},"content":{"rendered":"<p style=\"margin-bottom: 0.0001pt; text-align: center; line-height: 150%;\"><b><span style=\"font-size: 14pt; line-height: 150%; font-family: 'Arial', sans-serif; color: #002060;\">Ming\u0259&ccedil;evir D&ouml;vl\u0259t Universitetind\u0259 &ldquo;T\u0259l\u0259b\u0259 V\u0259t\u0259np\u0259rv\u0259rlik \u0130nki\u015faf\u0131 M\u0259rk\u0259zi&rdquo; yarad\u0131l\u0131b<\/span><\/b><\/p>\n<p>&nbsp;<\/p>\n<p style=\"text-align: center;\"><img decoding=\"async\" src=\"images\/photo\/MDU_bayraq.jpeg\" alt=\"\" \/><\/p>\n<p style=\"margin-bottom: 0.0001pt; text-align: justify; text-indent: 1cm; line-height: 150%;\"><span style=\"font-size: 12pt; line-height: 150%; font-family: 'Arial', sans-serif; color: #000000;\">Ming\u0259&ccedil;evir D&ouml;vl\u0259t Universitetinin (MDU) Elmi \u015euras\u0131n\u0131n 19 mart 2021-ci il tarixli iclas\u0131nda <span style=\"color: black; background: white none repeat scroll 0% 0%;\">t\u0259hsilin m\u0259zmununda v\u0259t\u0259np\u0259rv\u0259rlik t\u0259rbiy\u0259sinin &ouml;n\u0259minin daha da y&uuml;ks\u0259ldilm\u0259si m\u0259qs\u0259dil\u0259 <\/span>universitetin strukturunda &ldquo;T\u0259l\u0259b\u0259 V\u0259t\u0259np\u0259rv\u0259rlik \u0130nki\u015faf\u0131 M\u0259rk\u0259zi&rdquo;nin (TV\u0130M) yarad\u0131lmas\u0131na dair q\u0259rar q\u0259bul edilib. H\u0259min q\u0259rara \u0259sas\u0259n <span style=\"color: black; background: white none repeat scroll 0% 0%;\">MDU rektorunun 6 aprel 2021-ci il tarixli m&uuml;vafiq \u0259mri il\u0259 s&ouml;z&uuml;ged\u0259n M\u0259rk\u0259z t\u0259sis edilib. <\/span><\/span><\/p>\n<p style=\"margin-bottom: 0.0001pt; text-align: justify; text-indent: 1cm; line-height: 150%;\"><span style=\"font-size: 12pt; line-height: 150%; font-family: 'Arial', sans-serif; color: #000000; background: white none repeat scroll 0% 0%;\">T\u0259l\u0259b\u0259 g\u0259ncl\u0259rin xalq\u0131na, v\u0259t\u0259nin\u0259 v\u0259 d&ouml;vl\u0259tin\u0259 ba\u011fl\u0131 layiqli, v\u0259t\u0259np\u0259rv\u0259r v\u0259t\u0259nda\u015f kimi yeti\u015fdirilm\u0259si i\u015fin\u0259 davaml\u0131 sur\u0259td\u0259 t&ouml;hf\u0259 verm\u0259yi h\u0259d\u0259fl\u0259y\u0259n TV\u0130M-in ba\u015fl\u0131ca v\u0259zif\u0259l\u0259ri q\u0259hr\u0259man \u015f\u0259hid v\u0259 qazil\u0259rimizin g\u0259nc n\u0259sil\u0259 tan\u0131d\u0131lmas\u0131, onlar\u0131n g&ouml;st\u0259rdikl\u0259ri \u015f&uuml;ca\u0259tl\u0259rin t\u0259bli\u011f edilm\u0259sidir. Eyni zamanda, M\u0259rk\u0259z \u015f\u0259hidl\u0259rin adlar\u0131n\u0131n \u0259b\u0259dil\u0259\u015fdirilm\u0259si, qazil\u0259r\u0259 x&uuml;susi diqq\u0259tin g&ouml;st\u0259rilm\u0259si, tarixi g&uuml;nl\u0259r\u0259 h\u0259sr olunmu\u015f m&uuml;xt\u0259lif formatl\u0131 t\u0259dbirl\u0259rin t\u0259\u015fkili v\u0259 dig\u0259r m&uuml;vafiq istiqam\u0259tl\u0259r &uuml;zr\u0259 f\u0259aliyy\u0259tl\u0259rin icras\u0131 v\u0259 \u0259laq\u0259l\u0259ndirilm\u0259sini h\u0259yata ke&ccedil;ir\u0259c\u0259kdir. <\/span><\/p>\n<p style=\"margin-bottom: 0.0001pt; text-align: justify; text-indent: 35.4pt; line-height: 150%;\"><span style=\"font-size: 12pt; line-height: 150%; font-family: 'Arial', sans-serif; color: #000000;\">MDU-nun m\u0259zunu Minay\u0259 H&uuml;seynova TV\u0130M-in koordinatoru v\u0259zif\u0259sin\u0259 i\u015f\u0259 q\u0259bul edilib. M.H&uuml;seynova 2011-2015-ci ill\u0259rd\u0259 MDU-da &ldquo;Ekologiya m&uuml;h\u0259ndisliyi&rdquo; ixtisas\u0131 &uuml;zr\u0259 bakalavriat t\u0259hsili al\u0131b.<\/span><\/p>\n<p style=\"margin-bottom: 0.0001pt; text-align: justify; text-indent: 35.4pt; line-height: 150%;\"><span style=\"font-size: 12pt; line-height: 150%; font-family: 'Arial', sans-serif; color: #000000;\">M.H&uuml;seynova V\u0259t\u0259n M&uuml;harib\u0259sind\u0259 Suqovu\u015fan istiqam\u0259tind\u0259 ged\u0259n d&ouml;y&uuml;\u015fl\u0259rd\u0259 q\u0259hr\u0259mancas\u0131na \u015f\u0259hid olan MDU-nun m\u0259zunu \u018fz\u0259mi H&uuml;seynovun h\u0259yat yolda\u015f\u0131d\u0131r. \u015e\u0259hid \u018fz\u0259mi H&uuml;seynov Az\u0259rbaycan Respublikas\u0131 Prezidentinin m&uuml;vafiq S\u0259r\u0259ncamlar\u0131 il\u0259 &ldquo;V\u0259t\u0259n u\u011frunda&rdquo;, &ldquo;<span style=\"color: black; background: white none repeat scroll 0% 0%;\">Suqovu\u015fan\u0131n azad olunmas\u0131na g&ouml;r\u0259&rdquo; medallar\u0131 il\u0259 t\u0259ltif olunub. <\/span><\/span><\/p>\n<p style=\"margin-bottom: 0.0001pt; text-align: justify; text-indent: 35.4pt; line-height: 150%;\"><span style=\"font-size: 12pt; line-height: 150%; font-family: 'Arial', sans-serif; color: #000000; background: white none repeat scroll 0% 0%;\">Qeyd ed\u0259k ki, 44 g&uuml;nl&uuml;k V\u0259t\u0259n M&uuml;harib\u0259sind\u0259 torpaqlar\u0131m\u0131z\u0131n azad edilm\u0259si u\u011frunda ged\u0259n d&ouml;y&uuml;\u015fl\u0259rd\u0259 MDU-nun 4 \u0259m\u0259kda\u015f\u0131, 120-d\u0259n &ccedil;ox t\u0259l\u0259b\u0259 v\u0259 m\u0259zunu i\u015ftirak edib, 5 m\u0259zunu \u015f\u0259hdilik zirv\u0259sin\u0259 ucal\u0131b. <\/span><\/p>\n<p style=\"margin-bottom: 0.0001pt; text-align: justify; text-indent: 35.4pt; line-height: 150%;\"><span style=\"color: #000000;\"><span style=\"font-size: 12pt; line-height: 150%; font-family: 'Arial', sans-serif; color: black; background: white none repeat scroll 0% 0%;\">Q\u0259hr\u0259man \u015f\u0259hidl\u0259rimizin \u0259ziz xatir\u0259sinin ehtiramla an\u0131lmas\u0131 v\u0259 onlar\u0131n adlar\u0131n\u0131n uca tutulmas\u0131, <\/span><span style=\"font-size: 12pt; line-height: 150%; font-family: 'Arial', sans-serif;\">\u015f\u0259hid ail\u0259l\u0259rin\u0259 v\u0259 m&uuml;harib\u0259 i\u015ftirak&ccedil;\u0131lar\u0131na diqq\u0259t<span style=\"color: black; background: white none repeat scroll 0% 0%;\"> g&ouml;st\u0259rilm\u0259si, c\u0259sur \u0259sg\u0259r v\u0259 zabitl\u0259rimizin ke&ccedil;dikl\u0259ri \u015f\u0259r\u0259fli d&ouml;y&uuml;\u015f yollar\u0131, g&ouml;st\u0259rdikl\u0259&shy;ri \u015f&uuml;ca\u0259t v\u0259 v\u0259t\u0259np\u0259rv\u0259rlik n&uuml;mun\u0259l\u0259rinin t\u0259l\u0259b\u0259 g\u0259ncl\u0259r aras\u0131nda t\u0259bli\u011f edilm\u0259si MDU-da daim diqq\u0259t m\u0259rk\u0259zind\u0259 saxlan\u0131l\u0131r.<\/span><\/span><\/span><\/p>","protected":false},"excerpt":{"rendered":"<p>Ming\u0259&ccedil;evir D&ouml;vl\u0259t Universitetind\u0259 &ldquo;T\u0259l\u0259b\u0259 V\u0259t\u0259np\u0259rv\u0259rlik \u0130nki\u015faf\u0131 M\u0259rk\u0259zi&rdquo; yarad\u0131l\u0131b &nbsp; Ming\u0259&ccedil;evir D&ouml;vl\u0259t Universitetinin (MDU) Elmi \u015euras\u0131n\u0131n 19 mart 2021-ci il tarixli iclas\u0131nda t\u0259hsilin m\u0259zmununda v\u0259t\u0259np\u0259rv\u0259rlik t\u0259rbiy\u0259sinin &ouml;n\u0259minin daha da y&uuml;ks\u0259ldilm\u0259si m\u0259qs\u0259dil\u0259 universitetin strukturunda &ldquo;T\u0259l\u0259b\u0259 V\u0259t\u0259np\u0259rv\u0259rlik \u0130nki\u015faf\u0131 M\u0259rk\u0259zi&rdquo;nin (TV\u0130M) yarad\u0131lmas\u0131na dair q\u0259rar q\u0259bul edilib. H\u0259min q\u0259rara \u0259sas\u0259n MDU rektorunun 6 aprel 2021-ci il tarixli m&uuml;vafiq \u0259mri il\u0259 [&hellip;]<\/p>\n","protected":false},"author":1,"featured_media":0,"comment_status":"open","ping_status":"open","sticky":false,"template":"","format":"standard","meta":{"_eb_attr":"","ocean_post_layout":"","ocean_both_sidebars_style":"","ocean_both_sidebars_content_width":0,"ocean_both_sidebars_sidebars_width":0,"ocean_sidebar":"","ocean_second_sidebar":"","ocean_disable_margins":"enable","ocean_add_body_class":"","ocean_shortcode_before_top_bar":"","ocean_shortcode_after_top_bar":"","ocean_shortcode_before_header":"","ocean_shortcode_after_header":"","ocean_has_shortcode":"","ocean_shortcode_after_title":"","ocean_shortcode_before_footer_widgets":"","ocean_shortcode_after_footer_widgets":"","ocean_shortcode_before_footer_bottom":"","ocean_shortcode_after_footer_bottom":"","ocean_display_top_bar":"default","ocean_display_header":"default","ocean_header_style":"","ocean_center_header_left_menu":"","ocean_custom_header_template":"","ocean_custom_logo":0,"ocean_custom_retina_logo":0,"ocean_custom_logo_max_width":0,"ocean_custom_logo_tablet_max_width":0,"ocean_custom_logo_mobile_max_width":0,"ocean_custom_logo_max_height":0,"ocean_custom_logo_tablet_max_height":0,"ocean_custom_logo_mobile_max_height":0,"ocean_header_custom_menu":"","ocean_menu_typo_font_family":"","ocean_menu_typo_font_subset":"","ocean_menu_typo_font_size":0,"ocean_menu_typo_font_size_tablet":0,"ocean_menu_typo_font_size_mobile":0,"ocean_menu_typo_font_size_unit":"px","ocean_menu_typo_font_weight":"","ocean_menu_typo_font_weight_tablet":"","ocean_menu_typo_font_weight_mobile":"","ocean_menu_typo_transform":"","ocean_menu_typo_transform_tablet":"","ocean_menu_typo_transform_mobile":"","ocean_menu_typo_line_height":0,"ocean_menu_typo_line_height_tablet":0,"ocean_menu_typo_line_height_mobile":0,"ocean_menu_typo_line_height_unit":"","ocean_menu_typo_spacing":0,"ocean_menu_typo_spacing_tablet":0,"ocean_menu_typo_spacing_mobile":0,"ocean_menu_typo_spacing_unit":"","ocean_menu_link_color":"","ocean_menu_link_color_hover":"","ocean_menu_link_color_active":"","ocean_menu_link_background":"","ocean_menu_link_hover_background":"","ocean_menu_link_active_background":"","ocean_menu_social_links_bg":"","ocean_menu_social_hover_links_bg":"","ocean_menu_social_links_color":"","ocean_menu_social_hover_links_color":"","ocean_disable_title":"default","ocean_disable_heading":"default","ocean_post_title":"","ocean_post_subheading":"","ocean_post_title_style":"","ocean_post_title_background_color":"","ocean_post_title_background":0,"ocean_post_title_bg_image_position":"","ocean_post_title_bg_image_attachment":"","ocean_post_title_bg_image_repeat":"","ocean_post_title_bg_image_size":"","ocean_post_title_height":0,"ocean_post_title_bg_overlay":0.5,"ocean_post_title_bg_overlay_color":"","ocean_disable_breadcrumbs":"default","ocean_breadcrumbs_color":"","ocean_breadcrumbs_separator_color":"","ocean_breadcrumbs_links_color":"","ocean_breadcrumbs_links_hover_color":"","ocean_display_footer_widgets":"default","ocean_display_footer_bottom":"default","ocean_custom_footer_template":"","ocean_post_oembed":"","ocean_post_self_hosted_media":"","ocean_post_video_embed":"","ocean_link_format":"","ocean_link_format_target":"self","ocean_quote_format":"","ocean_quote_format_link":"post","ocean_gallery_link_images":"on","ocean_gallery_id":[],"footnotes":""},"categories":[63],"tags":[],"class_list":["post-15833","post","type-post","status-publish","format-standard","hentry","category-khaebaerlaer-az","entry"],"_links":{"self":[{"href":"https:\/\/mdu.edu.az\/en\/wp-json\/wp\/v2\/posts\/15833","targetHints":{"allow":["GET"]}}],"collection":[{"href":"https:\/\/mdu.edu.az\/en\/wp-json\/wp\/v2\/posts"}],"about":[{"href":"https:\/\/mdu.edu.az\/en\/wp-json\/wp\/v2\/types\/post"}],"author":[{"embeddable":true,"href":"https:\/\/mdu.edu.az\/en\/wp-json\/wp\/v2\/users\/1"}],"replies":[{"embeddable":true,"href":"https:\/\/mdu.edu.az\/en\/wp-json\/wp\/v2\/comments?post=15833"}],"version-history":[{"count":0,"href":"https:\/\/mdu.edu.az\/en\/wp-json\/wp\/v2\/posts\/15833\/revisions"}],"wp:attachment":[{"href":"https:\/\/mdu.edu.az\/en\/wp-json\/wp\/v2\/media?parent=15833"}],"wp:term":[{"taxonomy":"category","embeddable":true,"href":"https:\/\/mdu.edu.az\/en\/wp-json\/wp\/v2\/categories?post=15833"},{"taxonomy":"post_tag","embeddable":true,"href":"https:\/\/mdu.edu.az\/en\/wp-json\/wp\/v2\/tags?post=15833"}],"curies":[{"name":"wp","href":"https:\/\/api.w.org\/{rel}","templated":true}]}}