{"id":15835,"date":"2021-04-13T11:26:19","date_gmt":"2021-04-13T08:26:19","guid":{"rendered":"https:\/\/mdu.edu.az\/v-t-n-m-harib-sinin-h-r-bir-i-tirak-s-d-vl-tin-dizhzh-t-v-zhay-s-il-hat-olunur\/"},"modified":"2021-04-13T11:26:19","modified_gmt":"2021-04-13T08:26:19","slug":"v-t-n-m-harib-sinin-h-r-bir-i-tirak-s-d-vl-tin-dizhzh-t-v-zhay-s-il-hat-olunur","status":"publish","type":"post","link":"https:\/\/mdu.edu.az\/en\/v-t-n-m-harib-sinin-h-r-bir-i-tirak-s-d-vl-tin-dizhzh-t-v-zhay-s-il-hat-olunur\/","title":{"rendered":"V\u0259t\u0259n m\u00fcharib\u0259sinin h\u0259r bir i\u015ftirak\u00e7\u0131s\u0131 d\u00f6vl\u0259tin  diqq\u0259t v\u0259 qay\u011f\u0131s\u0131 il\u0259 \u0259hat\u0259 olunur"},"content":{"rendered":"<p style=\"text-align: center;\"><b><span style=\"font-size: 14pt; font-family: 'Arial', sans-serif; color: #002060;\">V\u0259t\u0259n m&uuml;harib\u0259sinin h\u0259r bir i\u015ftirak&ccedil;\u0131s\u0131 d&ouml;vl\u0259tin <\/span><\/b><\/p>\n<p style=\"text-align: center;\"><b><span style=\"font-size: 14pt; font-family: 'Arial', sans-serif; color: #002060;\">diqq\u0259t v\u0259 qay\u011f\u0131s\u0131 il\u0259 \u0259hat\u0259 olunur<\/span><\/b><\/p>\n<p>&nbsp;<\/p>\n<p style=\"text-align: justify; text-indent: 35.4pt;\"><span style=\"font-size: 12pt; font-family: 'Arial', sans-serif;\"><\/span><\/p>\n<p style=\"text-align: justify; text-indent: 35.4pt;\"><span style=\"color: #000000;\"><span style=\"font-size: 12pt; font-family: 'Arial', sans-serif;\">Az\u0259rbaycan Respublikas\u0131 Prezidentinin 2020-ci il 8 dekabr tarixli F\u0259rman\u0131 il\u0259 yarad\u0131lan &ldquo;YA\u015eAT&rdquo; Fondunun \u0259sas m\u0259qs\u0259di \u015f\u0259hid ail\u0259l\u0259rinin v\u0259 h\u0259rbi \u0259m\u0259liyyatlar n\u0259tic\u0259sind\u0259 \u0259lilliyi m&uuml;\u0259yy\u0259n olunmu\u015f \u015f\u0259xsl\u0259rin sosial m&uuml;dafi\u0259si sah\u0259sind\u0259 d&ouml;vl\u0259t t\u0259r\u0259find\u0259n h\u0259yata ke&ccedil;iril\u0259n t\u0259dbirl\u0259r\u0259 \u0259lav\u0259 d\u0259st\u0259k verilm\u0259si istiqam\u0259tind\u0259 v\u0259t\u0259nda\u015f c\u0259miyy\u0259ti t\u0259\u015f\u0259bb&uuml;sl\u0259rinin realla\u015fd\u0131r\u0131lmas\u0131 &uuml;&ccedil;&uuml;n m&uuml;vafiq platforman\u0131n yarad\u0131lmas\u0131, bu sah\u0259d\u0259 \u015f\u0259ffafl\u0131\u011f\u0131n, hesabatl\u0131l\u0131\u011f\u0131n v\u0259 ictimai n\u0259zar\u0259tin t\u0259min edilm\u0259sidir. 2020-ci ilin 27 sentyabr\u0131nda ba\u015flanan V\u0259t\u0259n m&uuml;harib\u0259si 44 davam ed\u0259r\u0259k Az\u0259rbaycan Ordusunun parlaq q\u0259l\u0259b\u0259si il\u0259 ba\u015fa &ccedil;at\u0131b. Noyabr\u0131n 10-da imzalanan &uuml;&ccedil;t\u0259r\u0259fli b\u0259yanatla Az\u0259rbaycan\u0131n qalib, Erm\u0259nistan\u0131n is\u0259 m\u0259\u011flub oldu\u011fu b\u0259yan edilib. Bu m&uuml;harib\u0259d\u0259 Az\u0259rbaycan\u0131n minl\u0259rl\u0259 q\u0259hr\u0259man &ouml;vlad\u0131 \u015f&uuml;ca\u0259tl\u0259 d&uuml;\u015fm\u0259n\u0259 qar\u015f\u0131 d&ouml;y&uuml;\u015fm&uuml;\u015f, bir qismi \u015f\u0259hidlik zirv\u0259sin\u0259 y&uuml;ks\u0259lmi\u015f, b\u0259zil\u0259ri yaralanaraq fiziki sa\u011flaml\u0131\u011f\u0131n\u0131 itirmi\u015fdir. Bu f\u0259dakar v\u0259t\u0259n &ouml;vladlar\u0131a d&ouml;vl\u0259timiz t\u0259r\u0259find\u0259n davaml\u0131 olaraq diqq\u0259t v\u0259 qay\u011f\u0131 g&ouml;st\u0259rilir. <\/span><span style=\"font-size: 12pt; font-family: 'Arial', sans-serif;\">Fond Az\u0259rbaycan Respublikas\u0131n\u0131n \u0259razi b&uuml;t&ouml;vl&uuml;y&uuml;n&uuml;n m&uuml;dafi\u0259si il\u0259 \u0259laq\u0259dar \u0259lilliyi m&uuml;\u0259yy\u0259n olunmu\u015f h\u0259rbi qulluq&ccedil;ulara v\u0259 \u015f\u0259hid olmu\u015f \u015f\u0259xsl\u0259rin ail\u0259l\u0259rinin &uuml;zvl\u0259rin\u0259 i\u015f\u011faldan azad edilmi\u015f \u0259razil\u0259rd\u0259 xidm\u0259ti v\u0259zif\u0259l\u0259rini yerin\u0259 yetir\u0259rk\u0259n, habel\u0259 h\u0259rbi \u0259m\u0259liyyatlar bitdikd\u0259n sonra onun n\u0259tic\u0259l\u0259rinin aradan qald\u0131r\u0131lmas\u0131nda i\u015ftirak etm\u0259si n\u0259tic\u0259sind\u0259 \u0259lilliyi m&uuml;\u0259yy\u0259n olunmu\u015f d&ouml;vl\u0259t orqanlar\u0131n\u0131n \u0259m\u0259kda\u015flar\u0131na v\u0259 ya h\u0259lak olmu\u015f \u0259m\u0259kda\u015flar\u0131n ail\u0259 &uuml;zvl\u0259rin\u0259, h\u0259m&ccedil;inin sosial m&uuml;dafi\u0259sah\u0259sind\u0259 d&ouml;vl\u0259t t\u0259r\u0259find\u0259n h\u0259yata ke&ccedil;iril\u0259n t\u0259dbirl\u0259r\u0259 \u0259lav\u0259 d\u0259st\u0259k verilm\u0259si &uuml;&ccedil;&uuml;n yarad\u0131l\u0131b.<\/span><\/span><\/p>\n<p style=\"text-align: justify; text-indent: 35.4pt;\"><span style=\"font-size: 12pt; font-family: 'Arial', sans-serif; color: #000000;\">V\u0259t\u0259n m&uuml;harib\u0259sind\u0259 \u015f\u0259hid olmu\u015f v\u0259 yaralanm\u0131\u015f \u015f\u0259xsl\u0259rin ail\u0259l\u0259l\u0259rin\u0259 ba\u015f &ccedil;\u0259km\u0259k &uuml;&ccedil;&uuml;n &ldquo;ASAN xidm\u0259t&rdquo; \u0259m\u0259kda\u015flar\u0131ndan v\u0259 k&ouml;n&uuml;ll&uuml;l\u0259rind\u0259n ibar\u0259t b&uuml;t&uuml;n rayonlar\u0131 \u0259hat\u0259 ed\u0259n 69 qrupun formala\u015fd\u0131r\u0131lmas\u0131 bizim q\u0259hr\u0259man &ouml;vladlar\u0131m\u0131m\u0131z\u0131n ail\u0259l\u0259rinin probleml\u0259rinin &uuml;z\u0259 &ccedil;\u0131xar\u0131lmaslna imkan yaradacaq. Bu layih\u0259 &ccedil;\u0259r&ccedil;iv\u0259sind\u0259 Ming\u0259&ccedil;evirin 50 \u015f\u0259hid ail\u0259sin\u0259 v\u0259 qazil\u0259rin ail\u0259l\u0259ri il\u0259 g&ouml;r&uuml;\u015fl\u0259r ke&ccedil;irilmi\u015f, maddi v\u0259 m\u0259n\u0259vi yard\u0131mlar g&ouml;st\u0259rilmi\u015fdir. B&ouml;y&uuml;k humanitar missiyan\u0131 &ouml;z&uuml;nd\u0259 ehtiva ed\u0259n &ldquo;YA\u015eAT&rdquo; Fonduna k&ouml;n&uuml;ll&uuml; &ouml;d\u0259m\u0259l\u0259r dayanmadan davam edir. Qeyd etm\u0259k yerin\u0259 d&uuml;\u015f\u0259r ki, V\u0259t\u0259n m&uuml;harib\u0259si zaman\u0131 xalq\u0131m\u0131z birlik v\u0259 v\u0259hd\u0259t n&uuml;mayi\u015f etdir\u0259r\u0131k yaln\u0131z bir d&uuml;\u015fm\u0259n\u0259 qar\u015f\u0131 m&uuml;bariz\u0259 aparmaqla b&ouml;y&uuml;k z\u0259f\u0259ri qazand\u0131. Fondun v\u0259saiti &ouml;lk\u0259 v\u0259t\u0259nda\u015flar\u0131n\u0131n, xarici &ouml;lk\u0259l\u0259rd\u0259 ya\u015fayan soyda\u015flar\u0131m\u0131z\u0131n, dig\u0259r fiziki v\u0259 h&uuml;quqi \u015f\u0259xsl\u0259rin k&ouml;n&uuml;ll&uuml; olaraq maliyy\u0259 v\u0259saiti \u015f\u0259klind\u0259 verdiyi yard\u0131mlar, habel\u0259 qanunla qada\u011fan olunmayan dig\u0259r m\u0259nb\u0259l\u0259r hesab\u0131na formala\u015fd\u0131r\u0131l\u0131r.<\/span><\/p>\n<p style=\"text-align: justify; text-indent: 35.4pt;\"><span style=\"font-size: 12pt; font-family: 'Arial', sans-serif; color: #000000;\">Q\u0131sa m&uuml;dd\u0259t \u0259rzind\u0259 2795 \u015f\u0259hidin 14 min ail\u0259 &uuml;zv&uuml; v\u0259 10 min\u0259d\u0259k yaralanan \u015f\u0259xsl\u0259 g&ouml;r&uuml;\u015fl\u0259r ke&ccedil;irilib, onlar\u0131n birinci d\u0259r\u0259c\u0259li ehtiyaclar\u0131 m&uuml;\u0259yy\u0259nl\u0259\u015fdirilib. &Ouml;hd\u0259liy\u0259 g&ouml;t&uuml;r&uuml;lm&uuml;\u015f \u015f\u0259xsl\u0259rin say\u0131 5275 n\u0259f\u0259rdir. Realla\u015fd\u0131r\u0131lm\u0131\u015f &ouml;d\u0259ni\u015fl\u0259rin say\u0131 4141-dir. Fond t\u0259r\u0259find\u0259n h\u0259yata ke&ccedil;irilmi\u015f &ouml;d\u0259ni\u015fl\u0259r \u0259sas\u0259n m\u0259i\u015f\u0259t \u015f\u0259raitinin yax\u015f\u0131la\u015fd\u0131r\u0131lmas\u0131, tibbi x\u0259rcl\u0259rin &ouml;d\u0259nilm\u0259si, borc &ouml;hd\u0259likl\u0259rinin qar\u015f\u0131lanmas\u0131, t\u0259hsil x\u0259rcl\u0259rinin &ouml;d\u0259nilm\u0259si y&ouml;n\u0259ldilib.<\/span><\/p>\n<p style=\"text-align: justify; text-indent: 35.4pt;\"><span style=\"color: #000000;\"><span style=\"font-size: 12pt; font-family: 'Arial', sans-serif;\">Fonda daxil olan v\u0259sait il\u0259 \u0259laq\u0259dar m&uuml;t\u0259madi m\u0259lumatlar\u0131n ictimaiyy\u0259t\u0259 t\u0259qdim olunmas\u0131 \u015f\u0259ffafl\u0131\u011f\u0131n bariz n&uuml;mun\u0259sidir. \u0130ndiy\u0259d\u0259k fondda 24 804 936 manat toplan\u0131b. H\u0259min v\u0259saitd\u0259n 15 036 831,70 manat fiziki \u015f\u0259xsl\u0259r, 9 768 105,16 manat is\u0259 h&uuml;quqi \u015f\u0259xsl\u0259r t\u0259r\u0259find\u0259n &ouml;d\u0259nilib. <\/span><span style=\"font-size: 12pt; font-family: 'Arial', sans-serif;\">&ldquo;YA\u015eAT&rdquo; Fondunun i\u015finin t\u0259\u015fkili &ldquo;ASAN xidm\u0259t&rdquo;d\u0259 &ccedil;al\u0131\u015fan \u015f\u0259hid ail\u0259l\u0259rinin &uuml;zvl\u0259ri v\u0259 qazil\u0259r\u0259 h\u0259val\u0259 olunmas\u0131 da t\u0259qdir\u0259layiq hallardand\u0131r. <\/span><\/span><\/p>\n<p style=\"text-align: justify; text-indent: 35.4pt;\"><span style=\"color: #000000;\"><span style=\"font-size: 12pt; font-family: 'Arial', sans-serif;\">Az\u0259rbaycan\u0131n m&uuml;z\u0259ff\u0259r ordusunun q\u0259hr\u0259man \u0259sg\u0259rl\u0259ri Ali Ba\u015f Kiomandan \u0130lham \u018filiyevin r\u0259hb\u0259rliyi il\u0259 30 il\u0259 yax\u0131n d&uuml;\u015fm\u0259n \u0259sar\u0259tind\u0259 qalan \u0259razil\u0259rini azad ed\u0259r\u0259k b&ouml;y&uuml;k Z\u0259f\u0259rl qazanm\u0131\u015f, tarixinin \u0259n yaddaqalan v\u0259 \u015fanl\u0131 d&ouml;vr&uuml;n\u0259 q\u0259d\u0259m qoydu. <\/span><span style=\"font-size: 12pt; font-family: 'Arial', sans-serif;\">Az\u0259rbaycan Respublikas\u0131 Prezidentinin 2021-ci il 4 yanvar tarixli F\u0259rman\u0131 il\u0259 Qaraba\u011f Dir&ccedil;\u0259li\u015f Fondu yarad\u0131lm\u0131\u015fd\u0131r. <\/span><span style=\"font-size: 12pt; font-family: 'Arial', sans-serif;\">&Ouml;lk\u0259nin \u0259razi b&uuml;t&ouml;vl&uuml;y&uuml;n&uuml;n b\u0259rpas\u0131 d&ouml;vl\u0259timiz &uuml;&ccedil;&uuml;n beyn\u0259lxalq h&uuml;ququn v\u0259 milli-m\u0259n\u0259vi d\u0259y\u0259rl\u0259rin aliliyinin n&uuml;mayi\u015fidir. Otuz il\u0259 yax\u0131n bir m&uuml;dd\u0259t \u0259rzind\u0259 erm\u0259ni q\u0259sbkarlar\u0131 t\u0259r\u0259find\u0259n maddi v\u0259 m\u0259d\u0259ni s\u0259rv\u0259tl\u0259ri talan edilmi\u015f \u0259razil\u0259rimizin yenid\u0259n h\u0259yata qaytar\u0131lmas\u0131 &ouml;lk\u0259nin siyasi-iqtisadi suverenliyinin g&uuml;cl\u0259nm\u0259sinin m&uuml;h&uuml;m dayaqlar\u0131ndan biri olacaqd\u0131r.<\/span><\/span><\/p>\n<p style=\"text-align: justify; text-indent: 35.4pt;\"><span style=\"font-size: 12pt; font-family: 'Arial', sans-serif; color: #000000;\">&nbsp;H\u0259mv\u0259t\u0259nl\u0259rimizin h\u0259min Fonda b&ouml;y&uuml;k h\u0259v\u0259sl\u0259 m&uuml;\u0259yy\u0259n m\u0259bl\u0259\u011fd\u0259 v\u0259saitl\u0259r k&ouml;&ccedil;&uuml;rm\u0259l\u0259ri milli-m\u0259n\u0259vi birliyimizi m&ouml;hk\u0259ml\u0259ndirm\u0259kd\u0259dir. V\u0259t\u0259n, torpaq, yurd sevgisini daha da art\u0131racaqd\u0131r. Bildiyimiz kimi i\u015f\u011fal zaman\u0131 d&uuml;\u015fm\u0259n \u0259razil\u0259rimizd\u0259 da\u011f\u0131nt\u0131lar t&ouml;r\u0259tm\u0259kl\u0259 b&uuml;t&uuml;n m\u0259kt\u0259b, u\u015faq ba\u011f&ccedil;as\u0131, x\u0259st\u0259xana binalar\u0131n\u0131, evl\u0259ri, \u0259kin sah\u0259l\u0259rini darmada\u011f\u0131n etmi\u015fdir. <\/span><\/p>\n<p style=\"text-align: justify; text-indent: 35.3pt;\"><span style=\"font-size: 12pt; font-family: 'Arial', sans-serif; color: #000000;\">B&ouml;y&uuml;k q\u0259l\u0259b\u0259d\u0259n az sonra d&ouml;vl\u0259timizin ba\u015f&ccedil;\u0131s\u0131 ayr\u0131-ayr\u0131 zamanlarda azad olunan \u0259razil\u0259rd\u0259 olmu\u015f, &uuml;&ccedil;r\u0259ngli bayra\u011f\u0131m\u0131z\u0131 qald\u0131rm\u0131\u015f, d&uuml;nya d&ouml;vl\u0259tl\u0259rin\u0259 d&uuml;\u015fm\u0259nin yaratd\u0131\u011f\u0131 pislikl\u0259r bar\u0259d\u0259 m\u0259lumatlar\u0131 b\u0259yan etmi\u015fdir. Bu da azm\u0131\u015f kimi torpaqlar\u0131m\u0131za milyonlarla mina basd\u0131r\u0131lm\u0131\u015fd\u0131r ki, onlar\u0131n axtar\u0131\u015f\u0131 zaman\u0131 da g&uuml;nahs\u0131z insanlar h\u0259lak olmu\u015flar. Fondun x\u0259tti il\u0259 m\u0259rk\u0259zl\u0259\u015fdirilmi\u015f qaydada g&ouml;r&uuml;l\u0259c\u0259k i\u015fl\u0259r n\u0259tic\u0259sind\u0259 \u0259razil\u0259rimiz tamamil\u0259 yenid\u0259n qurulacaq, orada infrastruktur yarad\u0131lacaq, m&uuml;asir \u015f\u0259h\u0259r, q\u0259s\u0259b\u0259 v\u0259 k\u0259ndl\u0259r tikil\u0259c\u0259k, b&ouml;lg\u0259y\u0259 dinc, t\u0259hl&uuml;k\u0259siz, rahat h\u0259yat g\u0259l\u0259c\u0259k, m\u0259cburi k&ouml;&ccedil;k&uuml;nl\u0259rimiz daimi ya\u015fay\u0131\u015f yerl\u0259rin\u0259 qay\u0131dacaqlar. Dir&ccedil;\u0259li\u015f prosesind\u0259 yeni i\u015f yerl\u0259ri a&ccedil;\u0131lacaq, &ouml;lk\u0259 h\u0259yat\u0131n\u0131n b&uuml;t&uuml;n dig\u0259r sah\u0259l\u0259rind\u0259 d\u0259 s&uuml;r\u0259tli inki\u015fafa nail olunacaq. Bu torpaqlarda h\u0259yat yenid\u0259n b\u0259rpa olunacaq. <\/span><\/p>\n<p style=\"text-align: justify; text-indent: 35.3pt;\"><span style=\"font-size: 12pt; font-family: 'Arial', sans-serif; color: #000000;\">M&uuml;lki \u0259haliy\u0259 d\u0259ymi\u015f ziyan\u0131n &ouml;d\u0259nilm\u0259si prosesinin d&ouml;vl\u0259tin n\u0259zar\u0259tind\u0259 olmas\u0131 v\u0259t\u0259nda\u015flara g&ouml;st\u0259ril\u0259n d&ouml;vl\u0259t qay\u011f\u0131s\u0131d\u0131r. Erm\u0259nistan silahl\u0131 q&uuml;vv\u0259l\u0259rinin Az\u0259rbaycan \u0259razisin\u0259 t\u0259cav&uuml;z&uuml; n\u0259tic\u0259sind\u0259 m&uuml;lki \u0259haliy\u0259, d&ouml;vl\u0259t \u0259mlak\u0131na, o c&uuml;ml\u0259d\u0259n infrastruktur obyektl\u0259rin\u0259, habel\u0259 sahibkarl\u0131q f\u0259aliyy\u0259ti subyektl\u0259rin\u0259 d\u0259y\u0259n ziyan\u0131n qiym\u0259tl\u0259ndirilm\u0259si v\u0259 aradan qald\u0131r\u0131lmas\u0131 il\u0259 ba\u011fl\u0131 t\u0259r\u0259find\u0259n D&ouml;vl\u0259t Komissiyas\u0131 yarad\u0131l\u0131b. H\u0259min g&uuml;nl\u0259rd\u0259 d&uuml;\u015fm\u0259n m&uuml;harib\u0259 b&ouml;lg\u0259sind\u0259n &ccedil;ox uzaqda yerl\u0259\u015f\u0259n, Az\u0259rbaycan &uuml;&ccedil;&uuml;n streteji \u0259h\u0259miyy\u0259ti olan Ming\u0259&ccedil;evir \u015f\u0259h\u0259rin\u0259, \u0130ES v\u0259 SES yax\u0131nl\u0131\u011f\u0131na raketl\u0259r atmaqla &ouml;z v\u0259h\u015filiyini bir daha g&ouml;st\u0259rmi\u015fdir. Yaln\u0131z m\u0259krli niyy\u0259tini h\u0259yata ke&ccedil;irm\u0259y\u0259 maraql\u0131 olan d&uuml;\u015fm\u0259n bizim torpaqlar\u0131m\u0131z\u0131 \u0259sar\u0259td\u0259 saxlamaq &uuml;&ccedil;&uuml;n h\u0259r c&uuml;r pisliy\u0259 \u0259l at\u0131r, xalq\u0131m\u0131z\u0131 qorxudaraq m&uuml;harib\u0259d\u0259n &ccedil;\u0259kindirm\u0259y\u0259 &ccedil;al\u0131\u015f\u0131rd\u0131. Lakin Az\u0259rbaycan\u0131n q\u0259hr\u0259man \u0259sg\u0259rl\u0259ri geri durmad\u0131lar. Erm\u0259nistan torpa\u011f\u0131na bir add\u0131m bel\u0259 qoymadan, dinc insanlara h&uuml;cum etm\u0259d\u0259n yaln\u0131z &ouml;z torpaqlar\u0131m\u0131zda d&ouml;y&uuml;\u015fm&uuml;\u015f, d&uuml;\u015fm\u0259ni silah sursat\u0131n\u0131 qoyaraq qa&ccedil;ma\u011fa m\u0259cbur etmi\u015fdir. 44 g&uuml;nl&uuml;k m&uuml;harib\u0259, 200 ild\u0259n sonra m&uuml;z\u0259ff\u0259r ordumuzun z\u0259f\u0259r qazanmas\u0131 xalq\u0131m\u0131z\u0131n ruh y&uuml;ks\u0259kliyini art\u0131rm\u0131\u015f, d&uuml;nya \u0259srin q\u0259l\u0259b\u0259sinin \u015fahidi olmu\u015fdur. Bu q\u0259l\u0259b\u0259 xalq\u0131m\u0131z\u0131n milli birliyinin t\u0259nt\u0259n\u0259sidir. <\/span><\/p>\n<p style=\"text-align: justify;\"><span style=\"font-size: 12pt; font-family: 'Arial', sans-serif; color: #000000;\">&nbsp;&nbsp;&nbsp;&nbsp;&nbsp;&nbsp;&nbsp;&nbsp;&nbsp;&nbsp;&nbsp; D&ouml;vl\u0259tin qay\u011f\u0131s\u0131 z\u0259r\u0259r &ccedil;\u0259kmi\u015f b&uuml;t&uuml;n m&uuml;lki \u0259halini \u0259hat\u0259 ed\u0259c\u0259kdir. Z\u0259r\u0259r&ccedil;\u0259kmi\u015f m&uuml;lki \u0259halinin z\u0259ruri sosial ehtiyaclar\u0131n\u0131n t\u0259min edilm\u0259si v\u0259 onlar\u0131n m\u0259i\u015f\u0259t v\u0259 \u015f\u0259xsi \u0259\u015fyalar\u0131na d\u0259ymi\u015f ziyan\u0131n aradan qald\u0131r\u0131lmas\u0131 m\u0259qs\u0259dil\u0259&nbsp;d&ouml;vl\u0259t maliyy\u0259 yard\u0131mlar\u0131 g&ouml;st\u0259r\u0259c\u0259kdir. Qeyd olunur ki, da\u011f\u0131d\u0131lm\u0131\u015f v\u0259 ya q\u0259zal\u0131 v\u0259ziyy\u0259t\u0259 d&uuml;\u015fm&uuml;\u015f ya\u015fay\u0131\u015f evl\u0259ri &uuml;zr\u0259 m\u0259i\u015f\u0259t \u0259\u015fyalar\u0131na d\u0259ymi\u015f ziyanla ba\u011fl\u0131 h\u0259r bir ail\u0259y\u0259 6000 (alt\u0131 min) manat, \u015f\u0259xsi \u0259\u015fyalara d\u0259ymi\u015f ziyanla ba\u011fl\u0131 h\u0259r bir ail\u0259 &uuml;zv&uuml;n\u0259 1500 (min be\u015f y&uuml;z) manat dig\u0259r ziyan d\u0259ymi\u015f ya\u015fay\u0131\u015f evl\u0259ri &uuml;zr\u0259 h\u0259r bir ail\u0259y\u0259 is\u0259 1000 (bir min) manat m\u0259bl\u0259\u011find\u0259 yard\u0131m g&ouml;st\u0259ril\u0259c\u0259kdir.<\/span><\/p>\n<p style=\"text-align: justify; text-indent: 35.3pt;\"><span style=\"color: #000000;\"><span style=\"font-size: 12pt; font-family: 'Arial', sans-serif;\">\u015e\u0259hid ail\u0259l\u0259rin\u0259 v\u0259 V\u0259t\u0259n m&uuml;harib\u0259si i\u015ftirak&ccedil;\u0131lar\u0131na d&ouml;vl\u0259t <\/span><span style=\"font-size: 12pt; font-family: 'Arial', sans-serif;\">qay\u011f\u0131s\u0131 &uuml;zr\u0259 t\u0259\u015f\u0259bb&uuml;sl\u0259r yerli icra hakimiyy\u0259ti orqanlar\u0131n\u0131 da \u0259hat\u0259 edir. Ming\u0259&ccedil;evir \u015f\u0259h\u0259rind\u0259 d\u0259 qazil\u0259rimiz\u0259, q\u0259hr\u0259manlar\u0131m\u0131za qay\u011f\u0131 g&ouml;st\u0259rilir. <span style=\"background: white none repeat scroll 0% 0%;\">Az\u0259rbaycan Respublikas\u0131 Prezidentinin 2021-ci il 7 yanvar tarixli F\u0259rman\u0131 il\u0259 <\/span><\/span><span style=\"font-size: 12pt; font-family: 'Arial', sans-serif;\">yerli i<\/span><span style=\"font-size: 12pt; font-family: 'Arial', sans-serif; background: white none repeat scroll 0% 0%;\">cra hakimiyy\u0259ti orqanlar\u0131n\u0131n strukturunda V\u0259t\u0259n m&uuml;harib\u0259si i\u015ftirak&ccedil;\u0131lar\u0131 v\u0259 \u015f\u0259hid ail\u0259l\u0259ri il\u0259 i\u015fin t\u0259\u015fkili \u015f&ouml;b\u0259sinin n\u0259z\u0259rd\u0259 tutulmas\u0131 &ouml;lk\u0259mizd\u0259 sosial siyas\u0259tin \u015fax\u0259l\u0259nm\u0259si v\u0259 institutla\u015fd\u0131r\u0131lmas\u0131 istiqam\u0259tind\u0259 at\u0131lan &ouml;n\u0259mli add\u0131md\u0131r. Bu, d&ouml;vl\u0259tin m&uuml;vafiq xidm\u0259tl\u0259rind\u0259n faydalanmaq imkanlar\u0131n\u0131 art\u0131r\u0131r. Bel\u0259 ki, d&ouml;vl\u0259t xidm\u0259tl\u0259rinin \u0259l&ccedil;atanl\u0131\u011f\u0131 V\u0259t\u0259n m&uuml;harib\u0259si i\u015ftirak&ccedil;\u0131lar\u0131 v\u0259 \u015f\u0259hid ail\u0259l\u0259rinin sosial probleml\u0259rinin q\u0131sa m&uuml;dd\u0259t \u0259rzind\u0259 h\u0259llin\u0259 xidm\u0259t edir.<\/span><\/span><\/p>\n<p style=\"text-align: justify; text-indent: 35.3pt;\"><span style=\"color: #000000;\"><span style=\"font-size: 12pt; font-family: 'Arial', sans-serif;\">V\u0259t\u0259n M&uuml;harib\u0259sind\u0259 i\u015ftirak etmi\u015f h\u0259r bir h\u0259rb&ccedil;inin m&uuml;raci\u0259tin\u0259 d&ouml;vl\u0259t h\u0259ssasl\u0131qla yana\u015f\u0131r. <\/span><span style=\"font-size: 12pt; font-family: 'Arial', sans-serif;\">M&uuml;dafi\u0259 Nazirliyind\u0259 s\u0259f\u0259rb\u0259rlikd\u0259n t\u0259rxis olunan \u015f\u0259xsl\u0259rin m&uuml;raci\u0259tl\u0259rin\u0259 bax\u0131lmas\u0131 &uuml;zr\u0259 x&uuml;susi komissiya yarad\u0131l\u0131b. <\/span><span style=\"font-size: 12pt; font-family: 'Arial', sans-serif;\">Silahl\u0131 Q&uuml;vv\u0259l\u0259rin T\u0259lim v\u0259 T\u0259dris M\u0259rk\u0259zind\u0259 f\u0259aliyy\u0259t g&ouml;st\u0259r\u0259n komissiya t\u0259r\u0259find\u0259n c\u0259mi bir ne&ccedil;\u0259 g&uuml;n \u0259rzind\u0259 800-\u0259 yax\u0131n m&uuml;raci\u0259t\u0259 bax\u0131l\u0131b v\u0259 h\u0259lli \u0131 &uuml;zr\u0259 m&uuml;vafiq t\u0259dbirl\u0259r g&ouml;r&uuml;lm&uuml;\u015fd&uuml;r.<\/span><\/span><\/p>\n<p style=\"text-align: justify; text-indent: 35.4pt;\"><span style=\"color: #000000;\"><span style=\"font-size: 12pt; font-family: 'Arial', sans-serif;\">V\u0259t\u0259n m&uuml;harib\u0259sinin h\u0259r bir i\u015ftirak&ccedil;\u0131s\u0131 d&ouml;vl\u0259tin diqq\u0259t v\u0259 qay\u011f\u0131s\u0131 il\u0259 \u0259hat\u0259 olunacaq. Bu bar\u0259d\u0259 d&ouml;vl\u0259timizin ba\u015f&ccedil;\u0131s\u0131 deyib v\u0259 tap\u015f\u0131r\u0131qlar\u0131n\u0131 verib<b>. <\/b> Nazirl\u0259r Kabinetinin 2021-ci il 30 yanvar tarixli 24 n&ouml;mr\u0259li Q\u0259rar\u0131na \u0259sas\u0259n V\u0259t\u0259n m&uuml;harib\u0259si i\u015ftirak&ccedil;\u0131lar\u0131na &ldquo;M&uuml;harib\u0259 veteran\u0131&rdquo; ad\u0131n\u0131n verilm\u0259si i\u015finin t\u0259\u015fkili &uuml;zr\u0259 x&uuml;susi Komissiya yarad\u0131lm\u0131\u015fd\u0131r. &Ccedil;a\u015fq\u0131nl\u0131q yaratmaq, b&ouml;y&uuml;k q\u0259l\u0259b\u0259miz\u0259 k&ouml;lg\u0259 salmaq ist\u0259y\u0259nl\u0259r bu niyy\u0259tl\u0259rind\u0259n &ccedil;\u0259kinm\u0259lidirl\u0259r. Torpaqlar\u0131m\u0131zln azad olunmas\u0131 u\u011frundak\u0131 b&ouml;y&uuml;k sava\u015fda soyuq s\u0259ng\u0259rl\u0259rd\u0259 gec\u0259 g&uuml;nd&uuml;z d&ouml;y&uuml;\u015f\u0259n, d&uuml;\u015fm\u0259n\u0259 sip\u0259r olan v\u0259t\u0259n &ouml;vladlar\u0131na h\u0259r c&uuml;r qay\u011f\u0131 g&ouml;st\u0259rilm\u0259lidir. Bu d&ouml;vl\u0259timizin siyas\u0259tinin bir hiss\u0259sidir.<\/span><span style=\"font-size: 12pt; font-family: 'Arial', sans-serif;\"> Az\u0259rbaycan Respublikas\u0131n\u0131n \u0259razi b&uuml;t&ouml;vl&uuml;y&uuml; u\u011frunda apar\u0131lan h\u0259rbi \u0259m\u0259liyyatlar zaman\u0131 x\u0259sar\u0259t alm\u0131\u015f h\u0259rbi qulluq&ccedil;ular\u0131n tibbi-sosial ekspertizas\u0131 il\u0259 ba\u011fl\u0131 m\u0259s\u0259l\u0259l\u0259rin operativ h\u0259lli m\u0259qs\u0259dil\u0259 x&uuml;susi komissiya yarad\u0131l\u0131b. <\/span><\/span><\/p>\n<p style=\"text-align: justify; text-indent: 35.4pt;\"><span style=\"color: #000000;\"><span style=\"font-size: 12pt; font-family: 'Arial', sans-serif; background: white none repeat scroll 0% 0%;\">T<\/span><span style=\"font-size: 12pt; font-family: 'Arial', sans-serif;\">arixi q\u0259l\u0259b\u0259 unudulmaz \u015f\u0259hidl\u0259rimizin, qazil\u0259rimizin qan\u0131, can\u0131, m\u0259rdliyi il\u0259 sava\u015f meydan\u0131nda qazan\u0131lm\u0131\u015fd\u0131r. Az\u0259rbaycan d&ouml;vl\u0259ti h\u0259r zamank\u0131 kimi v\u0259t\u0259nda\u015f\u0131n\u0131n, h\u0259rb&ccedil;il\u0259rimizin yan\u0131ndad\u0131r. D&ouml;vl\u0259timiz V\u0259t\u0259n m&uuml;harib\u0259sind\u0259 \u015f\u0259hid olmu\u015f d&ouml;y&uuml;\u015f&ccedil;&uuml;l\u0259rimizin ail\u0259 &uuml;zvl\u0259rin\u0259, qazi v\u0259 h\u0259rb&ccedil;il\u0259rimiz\u0259 d\u0259rin ehtiramla diqq\u0259t v\u0259 qay\u011f\u0131 g&ouml;st\u0259rir. Az\u0259rbaycan Respublikas\u0131 Prezidentinin tap\u015f\u0131r\u0131\u011f\u0131na uy\u011fun olaraq M\u0259rk\u0259zi Bank v\u0259 Az\u0259rbaycan Banklar Assosiasiyas\u0131 banklar t\u0259r\u0259find\u0259n M&uuml;dafi\u0259 Nazirliyinin r\u0259smi siyah\u0131s\u0131nda yer alm\u0131\u015f \u015f\u0259hidl\u0259rd\u0259n banklar qar\u015f\u0131s\u0131nda kredit &ouml;hd\u0259liyi olan 830 \u015f\u0259hid\u0259 aid 1 503 kredit &uuml;zr\u0259 h\u0259m \u0259sas borcun, h\u0259m d\u0259 faizl\u0259rin silinm\u0259sini t\u0259min etmi\u015fl\u0259r. \u015e\u0259hidl\u0259rimizin ail\u0259 &uuml;zvl\u0259rin\u0259 aid olan 286 sayda, x\u0259sar\u0259t alm\u0131\u015f h\u0259rb&ccedil;il\u0259r &uuml;zr\u0259 1 323 sayda kreditin, \u015f\u0259hid olmu\u015f 15 n\u0259f\u0259r v\u0259 ciddi z\u0259r\u0259r &ccedil;\u0259kmi\u015f 9 n\u0259f\u0259r m&uuml;lki \u015f\u0259xsin borc &ouml;hd\u0259likl\u0259rinin tamamil\u0259 silinm\u0259si t\u0259min olunmu\u015fdur. \u015e\u0259hid, \u0259lillik, dig\u0259r a\u011f\u0131r v\u0259 y&uuml;ng&uuml;l x\u0259sar\u0259tl\u0259r\u0259 g&ouml;r\u0259 s\u0131\u011forta &ouml;d\u0259ni\u015fl\u0259rinin al\u0131nmas\u0131 &uuml;&ccedil;&uuml;n h\u0259rbi qulluq&ccedil;ular\u0131n v\u0259 onlar\u0131n v\u0259r\u0259s\u0259l\u0259rinin m&uuml;raci\u0259tl\u0259rinin xeyli artaca\u011f\u0131 n\u0259z\u0259r\u0259 al\u0131naraq AzS\u0131\u011forta \u015firk\u0259tinin daxili idar\u0259etm\u0259 potensial\u0131 art\u0131r\u0131lm\u0131\u015fd\u0131r. \u015eirk\u0259tin daxili prosesl\u0259ri m&uuml;raci\u0259tl\u0259rin yeni miqyas\u0131na uy\u011funla\u015fd\u0131r\u0131lm\u0131\u015f, insan resurslar\u0131 art\u0131r\u0131lm\u0131\u015f, t\u0259krarlanan \u0259m\u0259liyyatlar avtomatla\u015fd\u0131r\u0131lm\u0131\u015fd\u0131r. V\u0259t\u0259nda\u015flar\u0131n fiziki q\u0259bulu &uuml;&ccedil;&uuml;n m&uuml;asir standardlara uy\u011fun xidm\u0259tl\u0259r t\u0259\u015fkil edilmi\u015f, z\u0259ngl\u0259rin q\u0259bulu &uuml;&ccedil;&uuml;n telefoniya sistemi qurulmu\u015fdur. <\/span><\/span><\/p>\n<p style=\"text-align: justify; text-indent: 35.4pt;\"><span style=\"font-size: 12pt; font-family: 'Arial', sans-serif; color: #000000;\">Az\u0259rbaycan\u0131n 30 ild\u0259n sonra torpaqlar\u0131na qovu\u015fmas\u0131, \u0259razi b&uuml;t&ouml;vl&uuml;y&uuml;nu&uuml;n b\u0259rpa edilm\u0259si xalq\u0131m\u0131z\u0131n sabaha iolan &uuml;midl\u0259rini art\u0131r\u0131r. Art\u0131q \u0259razil\u0259rd\u0259 ilkin quruculuq i\u015fl\u0259rin\u0259 ba\u015flan\u0131l\u0131b, yollar &ccedil;\u0259kilir, stansiyalar in\u015fa edilir. Bu quruculuq i\u015fl\u0259rin\u0259 maraql\u0131 olan Az\u0259rbaycana dost olan &ouml;lk\u0259l\u0259rin d\u0259 quruculuq i\u015fl\u0259rind\u0259 i\u015ftirak etm\u0259si d&ouml;vl\u0259timizin xarici siyas\u0259tinin daha bir u\u011furu hesab edil\u0259 bil\u0259r. &Ccedil;&uuml;nki Az\u0259rbaycan inki\u015faf yolunda u\u011furla ir\u0259lil\u0259yir. <\/span><\/p>\n<p>&nbsp;<\/p>\n<p style=\"text-align: right; text-indent: 35.4pt;\"><span style=\"font-size: 12pt; font-family: 'Arial', sans-serif; color: #000000;\"><\/span><\/p>\n<p style=\"text-align: right; text-indent: 35.4pt;\"><span style=\"font-size: 12pt; font-family: 'Arial', sans-serif; color: #000000;\"><\/span><\/p>\n<p style=\"text-align: right; text-indent: 35.4pt;\"><span style=\"font-size: 12pt; font-family: 'Arial', sans-serif; color: #000000;\"><\/span><\/p>\n<p style=\"text-align: right; text-indent: 35.4pt;\"><span style=\"color: #000000;\"><b><span style=\"font-size: 12pt; font-family: 'Arial', sans-serif;\">M\u0259tan\u0259t M\u018fMM\u018fDOVA, <\/span><\/b><\/span><\/p>\n<p style=\"text-align: right; text-indent: 35.4pt;\"><span style=\"color: #000000;\"><b><span style=\"font-size: 12pt; font-family: 'Arial', sans-serif;\">&ldquo;T\u0259r\u0259qqi&rdquo; medall\u0131 jurnalist<\/span><\/b><\/span><\/p>\n<p style=\"text-align: right;\"><span style=\"font-size: 12pt; font-family: 'Arial', sans-serif;\"><\/span><\/p>","protected":false},"excerpt":{"rendered":"<p>V\u0259t\u0259n m&uuml;harib\u0259sinin h\u0259r bir i\u015ftirak&ccedil;\u0131s\u0131 d&ouml;vl\u0259tin diqq\u0259t v\u0259 qay\u011f\u0131s\u0131 il\u0259 \u0259hat\u0259 olunur &nbsp; Az\u0259rbaycan Respublikas\u0131 Prezidentinin 2020-ci il 8 dekabr tarixli F\u0259rman\u0131 il\u0259 yarad\u0131lan &ldquo;YA\u015eAT&rdquo; Fondunun \u0259sas m\u0259qs\u0259di \u015f\u0259hid ail\u0259l\u0259rinin v\u0259 h\u0259rbi \u0259m\u0259liyyatlar n\u0259tic\u0259sind\u0259 \u0259lilliyi m&uuml;\u0259yy\u0259n olunmu\u015f \u015f\u0259xsl\u0259rin sosial m&uuml;dafi\u0259si sah\u0259sind\u0259 d&ouml;vl\u0259t t\u0259r\u0259find\u0259n h\u0259yata ke&ccedil;iril\u0259n t\u0259dbirl\u0259r\u0259 \u0259lav\u0259 d\u0259st\u0259k verilm\u0259si istiqam\u0259tind\u0259 v\u0259t\u0259nda\u015f c\u0259miyy\u0259ti t\u0259\u015f\u0259bb&uuml;sl\u0259rinin realla\u015fd\u0131r\u0131lmas\u0131 &uuml;&ccedil;&uuml;n [&hellip;]<\/p>\n","protected":false},"author":1,"featured_media":0,"comment_status":"open","ping_status":"open","sticky":false,"template":"","format":"standard","meta":{"_eb_attr":"","ocean_post_layout":"","ocean_both_sidebars_style":"","ocean_both_sidebars_content_width":0,"ocean_both_sidebars_sidebars_width":0,"ocean_sidebar":"","ocean_second_sidebar":"","ocean_disable_margins":"enable","ocean_add_body_class":"","ocean_shortcode_before_top_bar":"","ocean_shortcode_after_top_bar":"","ocean_shortcode_before_header":"","ocean_shortcode_after_header":"","ocean_has_shortcode":"","ocean_shortcode_after_title":"","ocean_shortcode_before_footer_widgets":"","ocean_shortcode_after_footer_widgets":"","ocean_shortcode_before_footer_bottom":"","ocean_shortcode_after_footer_bottom":"","ocean_display_top_bar":"default","ocean_display_header":"default","ocean_header_style":"","ocean_center_header_left_menu":"","ocean_custom_header_template":"","ocean_custom_logo":0,"ocean_custom_retina_logo":0,"ocean_custom_logo_max_width":0,"ocean_custom_logo_tablet_max_width":0,"ocean_custom_logo_mobile_max_width":0,"ocean_custom_logo_max_height":0,"ocean_custom_logo_tablet_max_height":0,"ocean_custom_logo_mobile_max_height":0,"ocean_header_custom_menu":"","ocean_menu_typo_font_family":"","ocean_menu_typo_font_subset":"","ocean_menu_typo_font_size":0,"ocean_menu_typo_font_size_tablet":0,"ocean_menu_typo_font_size_mobile":0,"ocean_menu_typo_font_size_unit":"px","ocean_menu_typo_font_weight":"","ocean_menu_typo_font_weight_tablet":"","ocean_menu_typo_font_weight_mobile":"","ocean_menu_typo_transform":"","ocean_menu_typo_transform_tablet":"","ocean_menu_typo_transform_mobile":"","ocean_menu_typo_line_height":0,"ocean_menu_typo_line_height_tablet":0,"ocean_menu_typo_line_height_mobile":0,"ocean_menu_typo_line_height_unit":"","ocean_menu_typo_spacing":0,"ocean_menu_typo_spacing_tablet":0,"ocean_menu_typo_spacing_mobile":0,"ocean_menu_typo_spacing_unit":"","ocean_menu_link_color":"","ocean_menu_link_color_hover":"","ocean_menu_link_color_active":"","ocean_menu_link_background":"","ocean_menu_link_hover_background":"","ocean_menu_link_active_background":"","ocean_menu_social_links_bg":"","ocean_menu_social_hover_links_bg":"","ocean_menu_social_links_color":"","ocean_menu_social_hover_links_color":"","ocean_disable_title":"default","ocean_disable_heading":"default","ocean_post_title":"","ocean_post_subheading":"","ocean_post_title_style":"","ocean_post_title_background_color":"","ocean_post_title_background":0,"ocean_post_title_bg_image_position":"","ocean_post_title_bg_image_attachment":"","ocean_post_title_bg_image_repeat":"","ocean_post_title_bg_image_size":"","ocean_post_title_height":0,"ocean_post_title_bg_overlay":0.5,"ocean_post_title_bg_overlay_color":"","ocean_disable_breadcrumbs":"default","ocean_breadcrumbs_color":"","ocean_breadcrumbs_separator_color":"","ocean_breadcrumbs_links_color":"","ocean_breadcrumbs_links_hover_color":"","ocean_display_footer_widgets":"default","ocean_display_footer_bottom":"default","ocean_custom_footer_template":"","ocean_post_oembed":"","ocean_post_self_hosted_media":"","ocean_post_video_embed":"","ocean_link_format":"","ocean_link_format_target":"self","ocean_quote_format":"","ocean_quote_format_link":"post","ocean_gallery_link_images":"on","ocean_gallery_id":[],"footnotes":""},"categories":[63],"tags":[],"class_list":["post-15835","post","type-post","status-publish","format-standard","hentry","category-khaebaerlaer-az","entry"],"_links":{"self":[{"href":"https:\/\/mdu.edu.az\/en\/wp-json\/wp\/v2\/posts\/15835","targetHints":{"allow":["GET"]}}],"collection":[{"href":"https:\/\/mdu.edu.az\/en\/wp-json\/wp\/v2\/posts"}],"about":[{"href":"https:\/\/mdu.edu.az\/en\/wp-json\/wp\/v2\/types\/post"}],"author":[{"embeddable":true,"href":"https:\/\/mdu.edu.az\/en\/wp-json\/wp\/v2\/users\/1"}],"replies":[{"embeddable":true,"href":"https:\/\/mdu.edu.az\/en\/wp-json\/wp\/v2\/comments?post=15835"}],"version-history":[{"count":0,"href":"https:\/\/mdu.edu.az\/en\/wp-json\/wp\/v2\/posts\/15835\/revisions"}],"wp:attachment":[{"href":"https:\/\/mdu.edu.az\/en\/wp-json\/wp\/v2\/media?parent=15835"}],"wp:term":[{"taxonomy":"category","embeddable":true,"href":"https:\/\/mdu.edu.az\/en\/wp-json\/wp\/v2\/categories?post=15835"},{"taxonomy":"post_tag","embeddable":true,"href":"https:\/\/mdu.edu.az\/en\/wp-json\/wp\/v2\/tags?post=15835"}],"curies":[{"name":"wp","href":"https:\/\/api.w.org\/{rel}","templated":true}]}}