{"id":15857,"date":"2021-04-28T16:49:03","date_gmt":"2021-04-28T13:49:03","guid":{"rendered":"https:\/\/mdu.edu.az\/az-rbaydzan-n-inki-af-b-t-n-rezhionun-inki-af-n-sasl-z-min-yarad-r\/"},"modified":"2021-04-28T16:49:03","modified_gmt":"2021-04-28T13:49:03","slug":"az-rbaydzan-n-inki-af-b-t-n-rezhionun-inki-af-n-sasl-z-min-yarad-r","status":"publish","type":"post","link":"https:\/\/mdu.edu.az\/en\/az-rbaydzan-n-inki-af-b-t-n-rezhionun-inki-af-n-sasl-z-min-yarad-r\/","title":{"rendered":"Az\u0259rbaycan\u0131n inki\u015faf\u0131 b\u00fct\u00fcn regionun  inki\u015faf\u0131 \u00fc\u00e7\u00fcn \u0259sasl\u0131 z\u0259min yarad\u0131r"},"content":{"rendered":"<p style=\"margin-bottom: 0.0001pt; text-align: center; line-height: normal;\"><b><span style=\"font-size: 14pt; font-family: Arial; color: navy;\">Az\u0259rbaycan\u0131n inki\u015faf\u0131 b&uuml;t&uuml;n regionun inki\u015faf\u0131 &uuml;&ccedil;&uuml;n \u0259sasl\u0131 z\u0259min yarad\u0131r<\/span><\/b><\/p>\n<p>&nbsp;<\/p>\n<p style=\"margin-bottom: 0.0001pt; text-align: justify; text-indent: 27pt; line-height: normal;\"><span style=\"font-size: 12pt; font-family: Arial;\"><\/span><\/p>\n<p style=\"margin-bottom: 0.0001pt; text-align: justify; text-indent: 27pt; line-height: normal;\"><span style=\"font-size: 12pt; font-family: Arial; color: #000000;\">Art\u0131q ikinci ildir ki, d&uuml;nya &ouml;lk\u0259l\u0259ri pandemiyaya qar\u015f\u0131 m&uuml;bariz\u0259 apar\u0131r. Virusun yay\u0131lmas\u0131 d&uuml;nyan\u0131n b&uuml;t&uuml;n &ouml;lk\u0259l\u0259rind\u0259 minl\u0259rl\u0259 insan\u0131n &ouml;l&uuml;m&uuml;n\u0259 s\u0259b\u0259b olub. Virusla m&uuml;bariz\u0259 m\u0259qs\u0259di il\u0259 2020-ci ilin mart ay\u0131ndan ba\u015flayaraq d&ouml;vl\u0259timizin ba\u015f&ccedil;\u0131s\u0131 \u0130lham \u018fliyevin tap\u015f\u0131r\u0131\u011f\u0131na uy\u011fun olaraq ard\u0131c\u0131l t\u0259dbirl\u0259r h\u0259yata ke&ccedil;irilmi\u015fdir ki, bunun say\u0259sind\u0259 Az\u0259rbaycanda yoluxma v\u0259 &ouml;l&uuml;m hallar\u0131 ba\u015fqa d&ouml;vl\u0259tl\u0259rl\u0259 m&uuml;qayis\u0259d\u0259 a\u015fa\u011f\u0131 s\u0259viyy\u0259d\u0259dir. &Ouml;lk\u0259mizd\u0259 koronavirusun iqtisadiyyata t\u0259sirinin azald\u0131lmas\u0131, &ouml;z\u0259l sektorun d\u0259st\u0259kl\u0259nm\u0259si, makroiqtisadi v\u0259 maliyy\u0259 dayan\u0131ql\u0131\u011f\u0131n\u0131n t\u0259min olunmas\u0131 m\u0259qs\u0259dil\u0259 geni\u015f sosial-iqtisadi paket t\u0259qdim edilmi\u015fdir. 2021-ci il aprelin 26-da Prezident \u0130lham \u018fliyevin BMT-nin Asiya v\u0259 Sakit okean &uuml;&ccedil;&uuml;n \u0130qtisadi v\u0259 Sosial Komissiyas\u0131n\u0131n 77-ci sessiyas\u0131nda &ccedil;\u0131x\u0131\u015f\u0131 zaman\u0131 &ouml;lk\u0259mizd\u0259ki m&ouml;vcud durumdan b\u0259hs etmi\u015fdir. <\/span><\/p>\n<p style=\"margin-bottom: 0.0001pt; text-align: justify; text-indent: 27pt; line-height: normal;\"><span style=\"font-size: 12pt; font-family: Arial; color: #000000;\">Az\u0259rbaycanda vaksinasiya yanvar ay\u0131ndan etibar\u0259n ba\u015flan\u0131b. Bu g&uuml;n\u0259d\u0259k 1,4 milyon vaksin istifad\u0259 olunmu\u015fdur ki, bu da \u0259halinin 14 faizini t\u0259\u015fkil edir.<\/span><\/p>\n<p style=\"margin-bottom: 0.0001pt; text-align: justify; text-indent: 27pt; line-height: normal;\"><span style=\"font-size: 12pt; font-family: Arial; color: #000000;\">Qeyd edim ki, Az\u0259rbaycan Qo\u015fulmama H\u0259r\u0259kat\u0131n\u0131n s\u0259dri qismind\u0259 2020-ci ilin may ay\u0131nda Qo\u015fulmama H\u0259r\u0259kat\u0131n\u0131n koronavirusla m&uuml;bariz\u0259y\u0259 h\u0259sr edilmi\u015f Zirv\u0259 toplant\u0131s\u0131n\u0131n t\u0259\u015f\u0259bb&uuml;skar\u0131 olmu\u015f v\u0259 onu u\u011furla ke&ccedil;irmi\u015fdir. M\u0259hz prezidentimizin t\u0259\u015f\u0259bb&uuml;s&uuml; il\u0259 &ouml;t\u0259n ilin dekabr ay\u0131nda BMT Ba\u015f Assambleyas\u0131n\u0131n d&ouml;vl\u0259t v\u0259 h&ouml;kum\u0259t ba\u015f&ccedil;\u0131lar\u0131 s\u0259viyy\u0259sind\u0259 x&uuml;susi sessiyas\u0131 ke&ccedil;irilmi\u015fdir.<\/span><\/p>\n<p style=\"margin-bottom: 0.0001pt; text-align: justify; text-indent: 27pt; line-height: normal;\"><span style=\"font-size: 12pt; font-family: Arial; color: #000000;\">Vaksinl\u0259rin &ouml;lk\u0259l\u0259r aras\u0131nda \u0259dal\u0259tsiz b&ouml;lg&uuml;s&uuml; qlobal t\u0259hdid yaradan tendensiyad\u0131r v\u0259 Az\u0259rbaycan buna etiraz edir. \u0130nsanlar\u0131n sa\u011flaml\u0131\u011f\u0131na bigan\u0259 yana\u015fmaq olmaz. Koronavirus ya\u015f\u0131ndan as\u0131l\u0131 olmayaraq b&uuml;t&uuml;n insanlar &uuml;&ccedil;&uuml;n b&ouml;y&uuml;k t\u0259hl&uuml;k\u0259dir. Bunun &uuml;&ccedil;&uuml;n &ouml;lk\u0259mizd\u0259 insanlar t\u0259l\u0259b olunan b&uuml;t&uuml;n qaydalara \u0259m\u0259l edir, maska taxmaq v\u0259 m\u0259saf\u0259 saxlamaqla h\u0259yat\u0131 davam etdirirl\u0259r. Art\u0131q bir ild\u0259n art\u0131qd\u0131r ki, &ouml;lk\u0259mizd\u0259 toy v\u0259 yas m\u0259rasiml\u0259ri \u0259vv\u0259lki kimi ke&ccedil;irilmir, k&uuml;tl\u0259vi y\u0131\u011f\u0131ncaqlar, t\u0259dbirl\u0259r olmur. G&ouml;r&uuml;\u015fl\u0259r, toplant\u0131lar onlayn \u015f\u0259raitd\u0131 apar\u0131l\u0131r ki, bu da insanlar\u0131n sa\u011flaml\u0131\u011f\u0131 &uuml;&ccedil;&uuml;n &ccedil;ox &ouml;n\u0259mlidir. <\/span><\/p>\n<p style=\"margin-bottom: 0.0001pt; text-align: justify; text-indent: 27pt; line-height: normal;\"><span style=\"font-size: 12pt; font-family: Arial; color: #000000;\">Prezidentimiz bildirib ki, &ldquo;Yaln\u0131z milli s\u0259viyy\u0259d\u0259 h\u0259yata ke&ccedil;iril\u0259n s\u0259yl\u0259r d&uuml;nyada pandemiyan\u0131n aradan qald\u0131r\u0131lmas\u0131 &uuml;&ccedil;&uuml;n kifay\u0259t etmir.Az\u0259rbaycan h\u0259m Qo\u015fulmama H\u0259r\u0259kat\u0131n\u0131n s\u0259dri kimi, h\u0259m d\u0259 milli s\u0259viyy\u0259d\u0259 d&uuml;nyada vaksinl\u0259rin \u0259dal\u0259tli b&ouml;lg&uuml;s&uuml; v\u0259 vaksinl\u0259rin inki\u015faf etm\u0259kd\u0259 olan v\u0259 \u0259n az inki\u015faf etmi\u015f &ouml;lk\u0259l\u0259r &uuml;&ccedil;&uuml;n \u0259l&ccedil;atanl\u0131\u011f\u0131n\u0131n t\u0259min edilm\u0259si istiqam\u0259tind\u0259 m&uuml;bariz\u0259sini davam etdir\u0259c\u0259kdir. Az\u0259rbaycan koronavirusla ba\u011fl\u0131 \u0259ks\u0259riyy\u0259tinin \u0259n az inki\u015faf etmi\u015f oldu\u011fu 30-dan art\u0131q &ouml;lk\u0259y\u0259 humanitar v\u0259 maliyy\u0259 yard\u0131m\u0131 g&ouml;st\u0259rmi\u015fdir&rdquo;.<\/span><\/p>\n<p style=\"margin-bottom: 0.0001pt; text-align: justify; text-indent: 27pt; line-height: normal;\"><span style=\"font-size: 12pt; font-family: Arial; color: #000000;\"><\/span><\/p>\n<p style=\"margin-bottom: 0.0001pt; text-align: justify; text-indent: 27pt; line-height: normal;\"><span style=\"font-size: 12pt; font-family: Arial; color: #000000;\">2020-ci ild\u0259 Az\u0259rbaycan xalq\u0131 iki d&uuml;\u015fm\u0259n\u0259 qar\u015f\u0131 m&uuml;bariz\u0259 apard\u0131. M\u0259lum pandemiya il\u0259 m&uuml;bariz\u0259 yenilik idi. Daha d\u0259h\u015f\u0259tlisi is\u0259 30 il\u0259 yax\u0131n torpaqlar\u0131m\u0131z\u0131 i\u015f\u011fal alt\u0131nda saxlayan, d\u0259f\u0259l\u0259rl\u0259 Az\u0259rbaycan xalq\u0131na qar\u015f\u0131 terror v\u0259 soyq\u0131r\u0131mlar t&ouml;r\u0259tm\u0259kl\u0259 m\u0259krli niyy\u0259tl\u0259r h\u0259yata ke&ccedil;ir\u0259n erm\u0259nil\u0259r\u0259 qar\u015f\u0131 m&uuml;bariz\u0259 idi. Sentyabr\u0131n 27-d\u0259 Erm\u0259nistan Silahl\u0131 Q&uuml;vv\u0259l\u0259rimizi v\u0259 dinc sakinl\u0259rimizi a\u011f\u0131r artilleriya at\u0259\u015fin\u0259 tutaraq Az\u0259rbaycana qar\u015f\u0131 irimiqyasl\u0131 h\u0259rbi t\u0259cav&uuml;z\u0259 ba\u015flam\u0131\u015fd\u0131r. Az\u0259rbaycan &ouml;z v\u0259t\u0259nda\u015flar\u0131n\u0131 qorumaq &uuml;&ccedil;&uuml;n \u0259ks-h&uuml;cum \u0259m\u0259liyyat\u0131na ba\u015flamaq m\u0259cburiyy\u0259tind\u0259 qald\u0131 v\u0259 tarixi \u0259dal\u0259ti v\u0259 \u0259razi b&uuml;t&ouml;vl&uuml;y&uuml;n&uuml; b\u0259rpa etdi. 44 g&uuml;nl&uuml;k V\u0259t\u0259n m&uuml;harib\u0259si zaman\u0131 Erm\u0259nistan silahl\u0131 q&uuml;vv\u0259l\u0259ri tamamil\u0259 darmada\u011f\u0131n olunmu\u015fdur. Erm\u0259nistan 2020-ci il noyabr\u0131n 10-da kapitulyasiya akt\u0131n\u0131 imzalama\u011fa m\u0259cbur edilmi\u015fdir. Bel\u0259likl\u0259, Erm\u0259nistan-Az\u0259rbaycan m&uuml;naqi\u015f\u0259si sona &ccedil;atm\u0131\u015fd\u0131r. M&uuml;naqi\u015f\u0259 tarixd\u0259 qalm\u0131\u015fd\u0131r.<\/span><\/p>\n<p style=\"margin-bottom: 0.0001pt; text-align: justify; text-indent: 27pt; line-height: normal;\"><span style=\"font-size: 12pt; font-family: Arial; color: #000000;\">\u0130\u015f\u011fal d&ouml;vr&uuml;nd\u0259 erm\u0259nil\u0259r b&uuml;t&uuml;n \u0259razil\u0259ri, \u015f\u0259h\u0259r v\u0259 k\u0259ndl\u0259ri yerl\u0259-yeksan etmi\u015fl\u0259r. Onlar\u0131n xisl\u0259ti b&uuml;d&uuml;r. M&uuml;harib\u0259d\u0259n sonra azad olunan \u0259razil\u0131r\u0259 ged\u0259n, d&uuml;\u015fm\u0259nin t&ouml;r\u0259tdiyi b&uuml;t&uuml;n vandall\u0131qlar\u0131 &ouml;z g&ouml;zl\u0259ri il\u0259 g&ouml;r\u0259n xarici &ouml;lk\u0259l\u0259rin r\u0259smil\u0259ri d\u0259h\u015f\u0259t\u0259 g\u0259libl\u0259r. Erm\u0259nil\u0259rin t&ouml;r\u0259tdikl\u0259ri insanl\u0131\u011fa s\u0131\u011fmayan hadis\u0259l\u0259r h\u0259qiq\u0259t\u0259n d\u0259 ac\u0131nacaql\u0131d\u0131r. Bir vaxtlar insanlar\u0131 q\u0259tl\u0259 yetir\u0259n, yand\u0131ran v\u0259 t&ouml;r\u0259tdikl\u0259rind\u0259n z&ouml;vq alan erm\u0259ni separat&ccedil;\u0131lar\u0131 el\u0259 bil ki, torpaqlardan da qisas al\u0131blar. Az\u0259rbaycan Ordusunun c\u0259sur \u0259sg\u0259r v\u0259 zabitl\u0259ri d\u0259 44 g&uuml;n \u0259rzind\u0259 xalq\u0131m\u0131z\u0131n, \u015f\u0259hidl\u0259rimizin, torpaqlar\u0131m\u0131z\u0131n qisas\u0131n\u0131 ald\u0131. D&uuml;zd&uuml;, ba\u015f ver\u0259n d\u0259h\u015f\u0259tl\u0259ri unutmaq olmaz. Lakin d&uuml;\u015fm\u0259nin n\u0259y\u0259 qadir oldu\u011funu, qorxaql\u0131\u011f\u0131n\u0131, bir d\u0259 torpaqlar\u0131n h\u0259qiq\u0259t\u0259n d\u0259 Az\u0259rbaycan\u0131n \u0259z\u0259li \u0259razisi oldu\u011funu b&uuml;t&uuml;n d&uuml;nya d&ouml;vl\u0259tl\u0259ri g&ouml;rd&uuml;. D&uuml;nya d&ouml;vl\u0259tl\u0259ri , b\u0259zi erm\u0259nip\u0259r\u0259st d&ouml;vl\u0259tl\u0259r ist\u0259m\u0259s\u0259l\u0259r d\u0259 Az\u0259rbaycan\u0131n q&uuml;dr\u0259tin\u0259 \u015fahid oldu. Q\u0131sa bir m&uuml;dd\u0259t \u0259rzind\u0259 \u0259srin q\u0259l\u0259b\u0259sini qazanan Az\u0259rbaycan ordusu h\u0259qiq\u0259t\u0259n d\u0259 b&ouml;y&uuml;k dastan yaratd\u0131. Xarici m&uuml;t\u0259x\u0259ssisl\u0259r A\u011fdam \u015f\u0259h\u0259rini &ldquo;Qafqaz\u0131n Hirosimas\u0131&rdquo; adland\u0131r\u0131rlar. Erm\u0259nistan q\u0259sd\u0259n m\u0259d\u0259ni v\u0259 dini abid\u0259l\u0259rimzi vandalizm\u0259 m\u0259ruz qoymu\u015f, t\u0259hqir v\u0259 qar\u0259t etmi\u015fdir. 60-dan art\u0131q m\u0259scid Erm\u0259nistan t\u0259r\u0259find\u0259n da\u011f\u0131d\u0131lm\u0131\u015fd\u0131r. M\u0259scidl\u0259r in\u0259k v\u0259 donuzlar\u0131n saxlan\u0131lmas\u0131 yerl\u0259rin\u0259 &ccedil;evrilmi\u015fdir.<\/span><\/p>\n<p style=\"margin-bottom: 0.0001pt; text-align: justify; text-indent: 27pt; line-height: normal;\"><span style=\"font-size: 12pt; font-family: Arial; color: #000000;\">Az\u0259rbaycan \u015e\u0259rq-Q\u0259rb, \u015eimal-C\u0259nub, \u015eimal-Q\u0259rb n\u0259qliyyat d\u0259hlizl\u0259ri kimi regional ba\u011flant\u0131 layih\u0259l\u0259rinin icras\u0131na m&uuml;h&uuml;m t&ouml;hf\u0259 vermi\u015fdir. Haz\u0131rda biz Az\u0259rbaycan \u0259razisind\u0259n Asiyan\u0131 Avropa il\u0259 birl\u0259\u015fdir\u0259n \u015e\u0259rq-Q\u0259rb d\u0259hlizinin t\u0259rkib hiss\u0259si olacaq &ldquo;Z\u0259ng\u0259zur n\u0259qliyyat d\u0259hlizi&rdquo; &uuml;z\u0259rind\u0259 &ccedil;al\u0131\u015f\u0131r\u0131q. Bu d\u0259hliz Az\u0259rbaycana Avrasiyan\u0131n n\u0259qliyyat v\u0259 logistika m\u0259rk\u0259zi kimi m&ouml;vqeyini g&uuml;cl\u0259ndirm\u0259y\u0259 imkan ver\u0259c\u0259k. Haz\u0131rda qar\u015f\u0131m\u0131zda i\u015f\u011faldan azad olunmu\u015f \u0259razil\u0259rd\u0259 tamamil\u0259 da\u011f\u0131d\u0131lm\u0131\u015f \u015f\u0259h\u0259r v\u0259 k\u0259ndl\u0259rin, b&uuml;t&uuml;n m\u0259d\u0259ni v\u0259 dini abid\u0259l\u0259rin b\u0259rpas\u0131 kimi n\u0259h\u0259ng v\u0259zif\u0259 dayan\u0131r. Yenid\u0259nqurma prosesi &ccedil;\u0259r&ccedil;iv\u0259sind\u0259 &ldquo;a\u011f\u0131ll\u0131 \u015f\u0259h\u0259r&rdquo;, &ldquo;a\u011f\u0131ll\u0131 k\u0259nd&rdquo; v\u0259 &ldquo;ya\u015f\u0131l enerji&rdquo; konsepsiyalar\u0131ndan istifad\u0259 olunacaq. D&ouml;vl\u0259timizin ba\u015f&ccedil;\u0131s\u0131n\u0131n r\u0259hb\u0259rliyi il\u0259 azad olunan \u0259razil\u0259rd\u0259 quruculuq i\u015fl\u0259ri \u0259n y&uuml;ks\u0259k s\u0259viyy\u0259d\u0259 apar\u0131lacaq. &Ccedil;&uuml;nki, 17 ild\u0259n art\u0131qd\u0131r ki, Az\u0259rbaycan\u0131n b&uuml;t&uuml;n regionlar\u0131nda geni\u015f quruculuq i\u015fl\u0259ri apar\u0131l\u0131r v\u0259 davam edir. Azad olunan torpaqlar\u0131m\u0131zda minalardan t\u0131mizl\u0259nm\u0259 i\u015fl\u0259ri d\u0259 b&ouml;y&uuml;k problemdir. D&uuml;\u015fm\u0259nin yaratd\u0131\u011f\u0131 v\u0259 b&ouml;y&uuml;k t\u0259l\u0259fatlara s\u0259b\u0259b olan bir b\u0259la. Az\u0259rbaycan xalq\u0131 bunun da qar\u015f\u0131s\u0131n\u0131 alacaq. 30 il d&uuml;\u015fm\u0259n tapda\u011f\u0131 alt\u0131nda qalan torpaqlar\u0131m\u0131zda h\u0259yat yenid\u0259n b\u0259rpa olunacaq, insanlar &ouml;z ata baba yurdlar\u0131na d&ouml;n\u0259c\u0259k , firavan &ouml;m&uuml;r s&uuml;r\u0259c\u0259kl\u0259r. <\/span><\/p>\n<p>&nbsp; <\/p>\n<p style=\"margin-bottom: 0.0001pt; text-align: justify; text-indent: 27pt; line-height: normal;\"><span style=\"color: #000000;\"><strong><span style=\"font-size: 12pt; font-family: Arial;\">Nurcamal \u018fsg\u0259rova, <\/span><\/strong><\/span><\/p>\n<p style=\"margin-bottom: 0.0001pt; text-align: justify; text-indent: 27pt; line-height: normal;\"><span style=\"color: #000000;\"><strong><span style=\"font-size: 12pt; font-family: Arial;\">YAP Ming\u0259&ccedil;evir \u015f\u0259h\u0259r T\u0259\u015fkilat\u0131n\u0131n Qad\u0131nlar \u015euras\u0131n\u0131n s\u0259dri<\/span><\/strong><\/span><\/p>\n<p style=\"margin-bottom: 0.0001pt; text-align: justify; text-indent: 27pt; line-height: normal;\"><strong><span style=\"font-size: 12pt; font-family: Arial;\"><\/span><\/strong><\/p>","protected":false},"excerpt":{"rendered":"<p>Az\u0259rbaycan\u0131n inki\u015faf\u0131 b&uuml;t&uuml;n regionun inki\u015faf\u0131 &uuml;&ccedil;&uuml;n \u0259sasl\u0131 z\u0259min yarad\u0131r &nbsp; Art\u0131q ikinci ildir ki, d&uuml;nya &ouml;lk\u0259l\u0259ri pandemiyaya qar\u015f\u0131 m&uuml;bariz\u0259 apar\u0131r. Virusun yay\u0131lmas\u0131 d&uuml;nyan\u0131n b&uuml;t&uuml;n &ouml;lk\u0259l\u0259rind\u0259 minl\u0259rl\u0259 insan\u0131n &ouml;l&uuml;m&uuml;n\u0259 s\u0259b\u0259b olub. Virusla m&uuml;bariz\u0259 m\u0259qs\u0259di il\u0259 2020-ci ilin mart ay\u0131ndan ba\u015flayaraq d&ouml;vl\u0259timizin ba\u015f&ccedil;\u0131s\u0131 \u0130lham \u018fliyevin tap\u015f\u0131r\u0131\u011f\u0131na uy\u011fun olaraq ard\u0131c\u0131l t\u0259dbirl\u0259r h\u0259yata ke&ccedil;irilmi\u015fdir ki, bunun say\u0259sind\u0259 Az\u0259rbaycanda yoluxma [&hellip;]<\/p>\n","protected":false},"author":1,"featured_media":0,"comment_status":"open","ping_status":"open","sticky":false,"template":"","format":"standard","meta":{"_eb_attr":"","ocean_post_layout":"","ocean_both_sidebars_style":"","ocean_both_sidebars_content_width":0,"ocean_both_sidebars_sidebars_width":0,"ocean_sidebar":"","ocean_second_sidebar":"","ocean_disable_margins":"enable","ocean_add_body_class":"","ocean_shortcode_before_top_bar":"","ocean_shortcode_after_top_bar":"","ocean_shortcode_before_header":"","ocean_shortcode_after_header":"","ocean_has_shortcode":"","ocean_shortcode_after_title":"","ocean_shortcode_before_footer_widgets":"","ocean_shortcode_after_footer_widgets":"","ocean_shortcode_before_footer_bottom":"","ocean_shortcode_after_footer_bottom":"","ocean_display_top_bar":"default","ocean_display_header":"default","ocean_header_style":"","ocean_center_header_left_menu":"","ocean_custom_header_template":"","ocean_custom_logo":0,"ocean_custom_retina_logo":0,"ocean_custom_logo_max_width":0,"ocean_custom_logo_tablet_max_width":0,"ocean_custom_logo_mobile_max_width":0,"ocean_custom_logo_max_height":0,"ocean_custom_logo_tablet_max_height":0,"ocean_custom_logo_mobile_max_height":0,"ocean_header_custom_menu":"","ocean_menu_typo_font_family":"","ocean_menu_typo_font_subset":"","ocean_menu_typo_font_size":0,"ocean_menu_typo_font_size_tablet":0,"ocean_menu_typo_font_size_mobile":0,"ocean_menu_typo_font_size_unit":"px","ocean_menu_typo_font_weight":"","ocean_menu_typo_font_weight_tablet":"","ocean_menu_typo_font_weight_mobile":"","ocean_menu_typo_transform":"","ocean_menu_typo_transform_tablet":"","ocean_menu_typo_transform_mobile":"","ocean_menu_typo_line_height":0,"ocean_menu_typo_line_height_tablet":0,"ocean_menu_typo_line_height_mobile":0,"ocean_menu_typo_line_height_unit":"","ocean_menu_typo_spacing":0,"ocean_menu_typo_spacing_tablet":0,"ocean_menu_typo_spacing_mobile":0,"ocean_menu_typo_spacing_unit":"","ocean_menu_link_color":"","ocean_menu_link_color_hover":"","ocean_menu_link_color_active":"","ocean_menu_link_background":"","ocean_menu_link_hover_background":"","ocean_menu_link_active_background":"","ocean_menu_social_links_bg":"","ocean_menu_social_hover_links_bg":"","ocean_menu_social_links_color":"","ocean_menu_social_hover_links_color":"","ocean_disable_title":"default","ocean_disable_heading":"default","ocean_post_title":"","ocean_post_subheading":"","ocean_post_title_style":"","ocean_post_title_background_color":"","ocean_post_title_background":0,"ocean_post_title_bg_image_position":"","ocean_post_title_bg_image_attachment":"","ocean_post_title_bg_image_repeat":"","ocean_post_title_bg_image_size":"","ocean_post_title_height":0,"ocean_post_title_bg_overlay":0.5,"ocean_post_title_bg_overlay_color":"","ocean_disable_breadcrumbs":"default","ocean_breadcrumbs_color":"","ocean_breadcrumbs_separator_color":"","ocean_breadcrumbs_links_color":"","ocean_breadcrumbs_links_hover_color":"","ocean_display_footer_widgets":"default","ocean_display_footer_bottom":"default","ocean_custom_footer_template":"","ocean_post_oembed":"","ocean_post_self_hosted_media":"","ocean_post_video_embed":"","ocean_link_format":"","ocean_link_format_target":"self","ocean_quote_format":"","ocean_quote_format_link":"post","ocean_gallery_link_images":"on","ocean_gallery_id":[],"footnotes":""},"categories":[63],"tags":[],"class_list":["post-15857","post","type-post","status-publish","format-standard","hentry","category-khaebaerlaer-az","entry"],"_links":{"self":[{"href":"https:\/\/mdu.edu.az\/en\/wp-json\/wp\/v2\/posts\/15857","targetHints":{"allow":["GET"]}}],"collection":[{"href":"https:\/\/mdu.edu.az\/en\/wp-json\/wp\/v2\/posts"}],"about":[{"href":"https:\/\/mdu.edu.az\/en\/wp-json\/wp\/v2\/types\/post"}],"author":[{"embeddable":true,"href":"https:\/\/mdu.edu.az\/en\/wp-json\/wp\/v2\/users\/1"}],"replies":[{"embeddable":true,"href":"https:\/\/mdu.edu.az\/en\/wp-json\/wp\/v2\/comments?post=15857"}],"version-history":[{"count":0,"href":"https:\/\/mdu.edu.az\/en\/wp-json\/wp\/v2\/posts\/15857\/revisions"}],"wp:attachment":[{"href":"https:\/\/mdu.edu.az\/en\/wp-json\/wp\/v2\/media?parent=15857"}],"wp:term":[{"taxonomy":"category","embeddable":true,"href":"https:\/\/mdu.edu.az\/en\/wp-json\/wp\/v2\/categories?post=15857"},{"taxonomy":"post_tag","embeddable":true,"href":"https:\/\/mdu.edu.az\/en\/wp-json\/wp\/v2\/tags?post=15857"}],"curies":[{"name":"wp","href":"https:\/\/api.w.org\/{rel}","templated":true}]}}