{"id":15858,"date":"2021-04-28T19:19:34","date_gmt":"2021-04-28T16:19:34","guid":{"rendered":"https:\/\/mdu.edu.az\/minzh-evir-d-vl-t-universitetind-akademik-z-rif-liyevan-n-anadan-olmas-n-n-98-dzi-ild-n-m-n-h-sr-edilmi-t-dbir-ke-irilib\/"},"modified":"2021-04-28T19:19:34","modified_gmt":"2021-04-28T16:19:34","slug":"minzh-evir-d-vl-t-universitetind-akademik-z-rif-liyevan-n-anadan-olmas-n-n-98-dzi-ild-n-m-n-h-sr-edilmi-t-dbir-ke-irilib","status":"publish","type":"post","link":"https:\/\/mdu.edu.az\/en\/minzh-evir-d-vl-t-universitetind-akademik-z-rif-liyevan-n-anadan-olmas-n-n-98-dzi-ild-n-m-n-h-sr-edilmi-t-dbir-ke-irilib\/","title":{"rendered":"Ming\u0259\u00e7evir D\u00f6vl\u0259t Universitetind\u0259 akademik Z\u0259rif\u0259 \u018fliyevan\u0131n anadan olmas\u0131n\u0131n 98-ci ild\u00f6n\u00fcm\u00fcn\u0259 h\u0259sr edilmi\u015f t\u0259dbir ke\u00e7irilib"},"content":{"rendered":"<p style=\"margin-top: 0cm; margin-right: 0cm; margin-bottom: 0.0001pt; text-align: center; line-height: 150%; background: white none repeat scroll 0% 0%;\"><b><span style=\"font-size: 14pt; line-height: 150%; font-family: 'Arial', sans-serif; color: #002060;\">Ming\u0259&ccedil;evir D&ouml;vl\u0259t Universitetind\u0259 akademik Z\u0259rif\u0259 \u018fliyevan\u0131n anadan olmas\u0131n\u0131n 98-ci ild&ouml;n&uuml;m&uuml;n\u0259 h\u0259sr edilmi\u015f t\u0259dbir ke&ccedil;irilib<\/span><\/b><\/p>\n<p>&nbsp;<\/p>\n<p style=\"margin-top: 0cm; margin-right: 0cm; margin-bottom: 0.0001pt; text-align: justify; text-indent: 1cm; line-height: 150%; background: white none repeat scroll 0% 0%;\"><span style=\"font-family: 'Arial', sans-serif; color: #000000;\">28 aprel 2021-ci il tarixind\u0259 Ming\u0259&ccedil;evir D&ouml;vl\u0259t Universitetind\u0259 (MDU) g&ouml;rk\u0259mli oftalmoloq-alim, akademik Z\u0259rif\u0259 \u018fliyevan\u0131n anadan olmas\u0131n\u0131n 98-ci ild&ouml;n&uuml;m&uuml;n\u0259 h\u0259sr edilmi\u015f &ldquo;Z\u0259rif\u0259 \u018fliyeva &ouml;mr&uuml;n&uuml;n i\u015f\u0131\u011f\u0131&rdquo; m&ouml;vzusunda t\u0259dbir ke&ccedil;irilib.<\/span><\/p>\n<p style=\"margin-top: 0cm; margin-right: 0cm; margin-bottom: 0.0001pt; text-align: justify; text-indent: 1cm; line-height: 150%; background: white none repeat scroll 0% 0%;\"><span style=\"font-family: 'Arial', sans-serif; color: #000000;\">&ldquo;Microsoft Teams&rdquo; platformas\u0131 &uuml;z\u0259rind\u0259n onlayn formatda ke&ccedil;iril\u0259n t\u0259dbiri giri\u015f s&ouml;z&uuml; il\u0259 a&ccedil;an universitetin rektoru \u015eahin Bayramov Az\u0259rbaycan tibb elmind\u0259 &ouml;z&uuml;n\u0259m\u0259xsus yeri olan akademik Z\u0259rif\u0259 \u018fliyevan\u0131n ke&ccedil;diyi z\u0259ngin v\u0259 \u015f\u0259r\u0259fli &ouml;m&uuml;r yolundan b\u0259hs edib. Z.\u018fliyevan\u0131n g&ouml;st\u0259rdiyi misilsiz xidm\u0259tl\u0259ri vur\u011fulayan rektor xalq\u0131m\u0131z\u0131n yadda\u015f\u0131nda \u0259b\u0259di iz qoyma\u011f\u0131 bacaran g&ouml;rk\u0259mli alimi v\u0259fal\u0131 &ouml;m&uuml;r-g&uuml;n yolda\u015f\u0131, f\u0259dakar ana, y&uuml;ks\u0259k intellekt v\u0259 m\u0259d\u0259niyy\u0259t\u0259 sahib ziyal\u0131, qay\u011f\u0131ke\u015f h\u0259kim, n\u0259cib v\u0259 insanp\u0259rv\u0259r Az\u0259rbaycan qad\u0131n\u0131 kimi t\u0259svir edib.<\/span><\/p>\n<p style=\"margin-top: 0cm; margin-right: 0cm; margin-bottom: 0.0001pt; text-align: justify; text-indent: 27pt; line-height: 150%; background: white none repeat scroll 0% 0%;\"><span style=\"font-family: 'Arial', sans-serif; color: #000000;\">&Ccedil;ox\u015fax\u0259li elmi-pedaqoji f\u0259aliyy\u0259ti v\u0259 yarad\u0131c\u0131l\u0131\u011f\u0131 il\u0259 Z.\u018fliyevan\u0131n Az\u0259rbaycan\u0131n tibb elmind\u0259 parlaq s\u0259hif\u0259l\u0259r a&ccedil;d\u0131\u011f\u0131n\u0131 diqq\u0259t\u0259 &ccedil;atd\u0131ran \u015e.Bayramov onun \u0259ziz xatir\u0259sinin h\u0259r zaman d\u0259rin ehtiramla yad edildiyini bildirib. Z.\u018fliyevan\u0131n n&uuml;mun\u0259vi h\u0259yat yolu v\u0259 pe\u015f\u0259kar f\u0259aliyy\u0259tinin g\u0259nc n\u0259sil aras\u0131nda t\u0259bli\u011finin &ouml;n\u0259mind\u0259n b\u0259hs ed\u0259n rektor v\u0259t\u0259nin\u0259, d&ouml;vl\u0259tin\u0259 v\u0259 xalq\u0131na layiq v\u0259t\u0259nda\u015f yeti\u015fdirm\u0259yi \u0259sas v\u0259zif\u0259l\u0259rind\u0259n biri kimi m&uuml;\u0259yy\u0259nl\u0259\u015fdir\u0259n universitetd\u0259 bu formatda t\u0259dbirl\u0259rin ke&ccedil;irilm\u0259sinin faydas\u0131ndan dan\u0131\u015f\u0131b.<\/span><\/p>\n<p style=\"margin-top: 0cm; margin-right: 0cm; margin-bottom: 0.0001pt; text-align: justify; text-indent: 1cm; line-height: 150%; background: white none repeat scroll 0% 0%;\"><span style=\"font-family: 'Arial', sans-serif; color: #000000;\">YAP Ming\u0259&ccedil;evir \u015f\u0259h\u0259r Qad\u0131nlar \u015euras\u0131n\u0131n s\u0259dr m&uuml;avini, MDU-nun \u0130ctimai N\u0259zar\u0259t \u015euras\u0131n\u0131n &uuml;zv&uuml; \u018fdal\u0259t Quliyeva &ldquo;Z\u0259rif\u0259 \u018fliyeva &ndash; XX \u0259sr Az\u0259rbaycan tarixinin g&ouml;rk\u0259mli simalar\u0131ndan biri kimi&rdquo; m&ouml;vzusunda, Sumqay\u0131t D&ouml;vl\u0259t Universitetinin Xarici dill\u0259r kafedras\u0131n\u0131n ba\u015f m&uuml;\u0259llimi K&ouml;n&uuml;l \u0130sg\u0259nd\u0259rova &ldquo;\u015e\u0259fq\u0259tli xan\u0131m &ndash; z\u0259rifl\u0259r z\u0259rifi Z\u0259rif\u0259miz&rdquo; m&ouml;vzusunda, Az\u0259rbaycan D&ouml;vl\u0259t Pedaqoji Universitetinin \u015e\u0259ki filial\u0131n\u0131n Dill\u0259r kafedras\u0131n\u0131n ba\u015f m&uuml;\u0259llimi \u018fdal\u0259t Musayeva &ldquo;Z\u0259rif\u0259 \u018fliyevan\u0131n z\u0259ngin h\u0259yat yolu g\u0259nc n\u0259sil &uuml;&ccedil;&uuml;n &ouml;rn\u0259k v\u0259 ya\u015fam etalonudur&rdquo; m&ouml;vzusunda, MDU-nun Xarici dill\u0259r kafedras\u0131n\u0131n m&uuml;\u0259llimi X\u0259dic\u0259 \u018fliyeva &ldquo;Z\u0259rif\u0259 \u018fliyeva &ouml;mr&uuml;n&uuml;n i\u015f\u0131q m&uuml;c\u0259ssim\u0259si&rdquo; m&ouml;vzusunda m\u0259ruz\u0259l\u0259r il\u0259 &ccedil;\u0131x\u0131\u015f edibl\u0259r.<\/span><\/p>\n<p style=\"margin-top: 0cm; margin-right: 0cm; margin-bottom: 0.0001pt; text-align: justify; text-indent: 1cm; line-height: 150%; background: white none repeat scroll 0% 0%;\"><span style=\"font-family: 'Arial', sans-serif; color: #000000;\">M\u0259ruz\u0259l\u0259rd\u0259 Z.\u018fliyevan\u0131n alim, m&uuml;\u0259llim, h\u0259kim kimi &ccedil;ox\u015fax\u0259li, m\u0259hsuldar elmi v\u0259 pedaqoji f\u0259aliyy\u0259tind\u0259n, tibb sah\u0259sind\u0259 \u0259ld\u0259 etdiyi nailiyy\u0259tl\u0259rd\u0259n, yeni n\u0259slin yeti\u015fdirilm\u0259sind\u0259ki rolundan, v\u0259fal\u0131 h\u0259yat yolda\u015f\u0131, f\u0259dakar v\u0259 qay\u011f\u0131ke\u015f ana kimi ail\u0259sin\u0259 s\u0259daq\u0259tind\u0259n, milli d\u0259y\u0259rl\u0259rimiz\u0259 ba\u011fl\u0131l\u0131\u011f\u0131ndan v\u0259 ail\u0259 &uuml;zvl\u0259rinin onunla ba\u011fl\u0131 b&ouml;l&uuml;\u015fd&uuml;kl\u0259ri maraql\u0131 xatir\u0259l\u0259rd\u0259n b\u0259hs edilib.<\/span><\/p>\n<p style=\"margin-top: 0cm; margin-right: 0cm; margin-bottom: 0.0001pt; text-align: justify; text-indent: 27pt; line-height: 150%; background: white none repeat scroll 0% 0%;\"><span style=\"font-family: 'Arial', sans-serif; color: #000000;\">&Uuml;&ccedil; ali t\u0259hsil m&uuml;\u0259ssis\u0259sinin professor-m&uuml;\u0259llim v\u0259 t\u0259l\u0259b\u0259 hey\u0259tinin i\u015ftirak etdiyi t\u0259dbir b&ouml;y&uuml;k maraqla qar\u015f\u0131lan\u0131b.<\/span><\/p>\n<p style=\"margin-top: 0cm; margin-right: 0cm; margin-bottom: 0.0001pt; text-align: justify; text-indent: 1cm; line-height: 150%; background: white none repeat scroll 0% 0%;\"><span style=\"font-family: 'Arial', sans-serif; color: #000000; background: white none repeat scroll 0% 0%;\">Qeyd ed\u0259k ki, MDU-da Az\u0259rbaycan\u0131n g&ouml;rk\u0259mli \u015f\u0259xsiyy\u0259tl\u0259ri v\u0259 elm xadiml\u0259rinin yubileyin\u0259 h\u0259sr olunmu\u015f t\u0259dbirl\u0259rin ke&ccedil;irilm\u0259sin\u0259 x&uuml;susi \u0259h\u0259miyy\u0259t verilir, onlar\u0131n z\u0259ngin irsinin &ouml;yr\u0259nilm\u0259si, n&uuml;mun\u0259vi h\u0259yat v\u0259 yarad\u0131c\u0131l\u0131q f\u0259aliyy\u0259tl\u0259rinin g\u0259nc n\u0259sil aras\u0131nda t\u0259bli\u011f edilm\u0259si diqq\u0259t m\u0259rk\u0259zind\u0259 saxlan\u0131l\u0131r.<\/span><\/p>\n<p>{phocagallery view=category|categoryid=580|limitstart=0|limitcount=0}<\/p>","protected":false},"excerpt":{"rendered":"<p>Ming\u0259&ccedil;evir D&ouml;vl\u0259t Universitetind\u0259 akademik Z\u0259rif\u0259 \u018fliyevan\u0131n anadan olmas\u0131n\u0131n 98-ci ild&ouml;n&uuml;m&uuml;n\u0259 h\u0259sr edilmi\u015f t\u0259dbir ke&ccedil;irilib &nbsp; 28 aprel 2021-ci il tarixind\u0259 Ming\u0259&ccedil;evir D&ouml;vl\u0259t Universitetind\u0259 (MDU) g&ouml;rk\u0259mli oftalmoloq-alim, akademik Z\u0259rif\u0259 \u018fliyevan\u0131n anadan olmas\u0131n\u0131n 98-ci ild&ouml;n&uuml;m&uuml;n\u0259 h\u0259sr edilmi\u015f &ldquo;Z\u0259rif\u0259 \u018fliyeva &ouml;mr&uuml;n&uuml;n i\u015f\u0131\u011f\u0131&rdquo; m&ouml;vzusunda t\u0259dbir ke&ccedil;irilib. &ldquo;Microsoft Teams&rdquo; platformas\u0131 &uuml;z\u0259rind\u0259n onlayn formatda ke&ccedil;iril\u0259n t\u0259dbiri giri\u015f s&ouml;z&uuml; il\u0259 a&ccedil;an universitetin [&hellip;]<\/p>\n","protected":false},"author":1,"featured_media":0,"comment_status":"open","ping_status":"open","sticky":false,"template":"","format":"standard","meta":{"_eb_attr":"","ocean_post_layout":"","ocean_both_sidebars_style":"","ocean_both_sidebars_content_width":0,"ocean_both_sidebars_sidebars_width":0,"ocean_sidebar":"","ocean_second_sidebar":"","ocean_disable_margins":"enable","ocean_add_body_class":"","ocean_shortcode_before_top_bar":"","ocean_shortcode_after_top_bar":"","ocean_shortcode_before_header":"","ocean_shortcode_after_header":"","ocean_has_shortcode":"","ocean_shortcode_after_title":"","ocean_shortcode_before_footer_widgets":"","ocean_shortcode_after_footer_widgets":"","ocean_shortcode_before_footer_bottom":"","ocean_shortcode_after_footer_bottom":"","ocean_display_top_bar":"default","ocean_display_header":"default","ocean_header_style":"","ocean_center_header_left_menu":"","ocean_custom_header_template":"","ocean_custom_logo":0,"ocean_custom_retina_logo":0,"ocean_custom_logo_max_width":0,"ocean_custom_logo_tablet_max_width":0,"ocean_custom_logo_mobile_max_width":0,"ocean_custom_logo_max_height":0,"ocean_custom_logo_tablet_max_height":0,"ocean_custom_logo_mobile_max_height":0,"ocean_header_custom_menu":"","ocean_menu_typo_font_family":"","ocean_menu_typo_font_subset":"","ocean_menu_typo_font_size":0,"ocean_menu_typo_font_size_tablet":0,"ocean_menu_typo_font_size_mobile":0,"ocean_menu_typo_font_size_unit":"px","ocean_menu_typo_font_weight":"","ocean_menu_typo_font_weight_tablet":"","ocean_menu_typo_font_weight_mobile":"","ocean_menu_typo_transform":"","ocean_menu_typo_transform_tablet":"","ocean_menu_typo_transform_mobile":"","ocean_menu_typo_line_height":0,"ocean_menu_typo_line_height_tablet":0,"ocean_menu_typo_line_height_mobile":0,"ocean_menu_typo_line_height_unit":"","ocean_menu_typo_spacing":0,"ocean_menu_typo_spacing_tablet":0,"ocean_menu_typo_spacing_mobile":0,"ocean_menu_typo_spacing_unit":"","ocean_menu_link_color":"","ocean_menu_link_color_hover":"","ocean_menu_link_color_active":"","ocean_menu_link_background":"","ocean_menu_link_hover_background":"","ocean_menu_link_active_background":"","ocean_menu_social_links_bg":"","ocean_menu_social_hover_links_bg":"","ocean_menu_social_links_color":"","ocean_menu_social_hover_links_color":"","ocean_disable_title":"default","ocean_disable_heading":"default","ocean_post_title":"","ocean_post_subheading":"","ocean_post_title_style":"","ocean_post_title_background_color":"","ocean_post_title_background":0,"ocean_post_title_bg_image_position":"","ocean_post_title_bg_image_attachment":"","ocean_post_title_bg_image_repeat":"","ocean_post_title_bg_image_size":"","ocean_post_title_height":0,"ocean_post_title_bg_overlay":0.5,"ocean_post_title_bg_overlay_color":"","ocean_disable_breadcrumbs":"default","ocean_breadcrumbs_color":"","ocean_breadcrumbs_separator_color":"","ocean_breadcrumbs_links_color":"","ocean_breadcrumbs_links_hover_color":"","ocean_display_footer_widgets":"default","ocean_display_footer_bottom":"default","ocean_custom_footer_template":"","ocean_post_oembed":"","ocean_post_self_hosted_media":"","ocean_post_video_embed":"","ocean_link_format":"","ocean_link_format_target":"self","ocean_quote_format":"","ocean_quote_format_link":"post","ocean_gallery_link_images":"on","ocean_gallery_id":[],"footnotes":""},"categories":[63],"tags":[],"class_list":["post-15858","post","type-post","status-publish","format-standard","hentry","category-khaebaerlaer-az","entry"],"_links":{"self":[{"href":"https:\/\/mdu.edu.az\/en\/wp-json\/wp\/v2\/posts\/15858","targetHints":{"allow":["GET"]}}],"collection":[{"href":"https:\/\/mdu.edu.az\/en\/wp-json\/wp\/v2\/posts"}],"about":[{"href":"https:\/\/mdu.edu.az\/en\/wp-json\/wp\/v2\/types\/post"}],"author":[{"embeddable":true,"href":"https:\/\/mdu.edu.az\/en\/wp-json\/wp\/v2\/users\/1"}],"replies":[{"embeddable":true,"href":"https:\/\/mdu.edu.az\/en\/wp-json\/wp\/v2\/comments?post=15858"}],"version-history":[{"count":0,"href":"https:\/\/mdu.edu.az\/en\/wp-json\/wp\/v2\/posts\/15858\/revisions"}],"wp:attachment":[{"href":"https:\/\/mdu.edu.az\/en\/wp-json\/wp\/v2\/media?parent=15858"}],"wp:term":[{"taxonomy":"category","embeddable":true,"href":"https:\/\/mdu.edu.az\/en\/wp-json\/wp\/v2\/categories?post=15858"},{"taxonomy":"post_tag","embeddable":true,"href":"https:\/\/mdu.edu.az\/en\/wp-json\/wp\/v2\/tags?post=15858"}],"curies":[{"name":"wp","href":"https:\/\/api.w.org\/{rel}","templated":true}]}}