{"id":15862,"date":"2021-05-04T19:40:36","date_gmt":"2021-05-04T16:40:36","guid":{"rendered":"https:\/\/mdu.edu.az\/minzh-evir-d-vl-t-universitetind-mummilli-lider-heyd-r-liyevin-anadan-olmas-n-n-98-dzi-ild-n-m-n-h-sr-olunmu-konfrans-ke-irilib\/"},"modified":"2021-05-04T19:40:36","modified_gmt":"2021-05-04T16:40:36","slug":"minzh-evir-d-vl-t-universitetind-mummilli-lider-heyd-r-liyevin-anadan-olmas-n-n-98-dzi-ild-n-m-n-h-sr-olunmu-konfrans-ke-irilib","status":"publish","type":"post","link":"https:\/\/mdu.edu.az\/en\/minzh-evir-d-vl-t-universitetind-mummilli-lider-heyd-r-liyevin-anadan-olmas-n-n-98-dzi-ild-n-m-n-h-sr-olunmu-konfrans-ke-irilib\/","title":{"rendered":"Ming\u0259\u00e7evir D\u00f6vl\u0259t Universitetind\u0259 \u00fcmummilli lider Heyd\u0259r \u018fliyevin anadan olmas\u0131n\u0131n 98-ci ild\u00f6n\u00fcm\u00fcn\u0259 h\u0259sr olunmu\u015f konfrans ke\u00e7irilib"},"content":{"rendered":"<p style=\"margin-top: 0cm; margin-right: 0cm; margin-bottom: 0.0001pt; text-align: center; line-height: 150%; background: white none repeat scroll 0% 0%;\"><b><span style=\"font-size: 14pt; line-height: 150%; font-family: 'Arial', sans-serif; color: #002060; background: white none repeat scroll 0% 0%;\">Ming\u0259&ccedil;evir D&ouml;vl\u0259t Universiteti<\/span><\/b><b><span style=\"font-size: 14pt; line-height: 150%; font-family: 'Arial', sans-serif; color: #002060; background: white none repeat scroll 0% 0%;\">nd\u0259<\/span><\/b><span style=\"font-size: 14pt; line-height: 150%; font-family: 'Arial', sans-serif; color: #002060; background: white none repeat scroll 0% 0%;\"> <\/span><b><span style=\"font-size: 14pt; line-height: 150%; font-family: 'Arial', sans-serif; color: #002060; background: white none repeat scroll 0% 0%;\">&uuml;mummilli lider Heyd\u0259r \u018fliyevin<\/span><\/b><span style=\"font-size: 14pt; line-height: 150%; font-family: 'Arial', sans-serif; color: #002060; background: white none repeat scroll 0% 0%;\"> <\/span><b><span style=\"font-size: 14pt; line-height: 150%; font-family: 'Arial', sans-serif; color: #002060; background: white none repeat scroll 0% 0%;\">anadan olmas\u0131n\u0131n 98-ci ild&ouml;n&uuml;m&uuml;n\u0259 <\/span><\/b><b><span style=\"font-size: 14pt; line-height: 150%; font-family: 'Arial', sans-serif; color: #002060; background: white none repeat scroll 0% 0%;\">h\u0259sr olunmu\u015f konfrans ke&ccedil;irilib<\/span><\/b><\/p>\n<p>&nbsp;<\/p>\n<p style=\"text-align: justify; text-indent: 1cm;\"><span style=\"color: #000000;\"><span style=\"font-size: 12pt; font-family: 'Arial', sans-serif;\">2021-<\/span><span style=\"font-size: 12pt; font-family: 'Arial', sans-serif;\">ci<\/span><span style=\"font-size: 12pt; font-family: 'Arial', sans-serif;\"> <\/span><span style=\"font-size: 12pt; font-family: 'Arial', sans-serif;\">ilin<\/span><span style=\"font-size: 12pt; font-family: 'Arial', sans-serif;\"> <\/span><span style=\"font-size: 12pt; font-family: 'Arial', sans-serif;\">4<\/span><span style=\"font-size: 12pt; font-family: 'Arial', sans-serif;\"> <\/span><span style=\"font-size: 12pt; font-family: 'Arial', sans-serif;\">may<\/span><span style=\"font-size: 12pt; font-family: 'Arial', sans-serif;\"> <\/span><span style=\"font-size: 12pt; font-family: 'Arial', sans-serif;\">tarixind<\/span><span style=\"font-size: 12pt; font-family: 'Arial', sans-serif;\">\u0259 <\/span><span style=\"font-size: 12pt; font-family: 'Arial', sans-serif;\">Ming<\/span><span style=\"font-size: 12pt; font-family: 'Arial', sans-serif;\">\u0259&ccedil;<\/span><span style=\"font-size: 12pt; font-family: 'Arial', sans-serif;\">evir<\/span><span style=\"font-size: 12pt; font-family: 'Arial', sans-serif;\"> <\/span><span style=\"font-size: 12pt; font-family: 'Arial', sans-serif;\">D<\/span><span style=\"font-size: 12pt; font-family: 'Arial', sans-serif;\">&ouml;<\/span><span style=\"font-size: 12pt; font-family: 'Arial', sans-serif;\">vl<\/span><span style=\"font-size: 12pt; font-family: 'Arial', sans-serif;\">\u0259<\/span><span style=\"font-size: 12pt; font-family: 'Arial', sans-serif;\">t<\/span><span style=\"font-size: 12pt; font-family: 'Arial', sans-serif;\"> <\/span><span style=\"font-size: 12pt; font-family: 'Arial', sans-serif;\">Universiteti<\/span><span style=\"font-size: 12pt; font-family: 'Arial', sans-serif;\">nd\u0259 (MDU) &uuml;mummilli lider Heyd\u0259r \u018fliyevin anadan olmas\u0131n\u0131n 98-ci ild&ouml;n&uuml;m&uuml;n\u0259 h\u0259sr olunmu\u015f &ldquo;V\u0259t\u0259n M&uuml;harib\u0259sind\u0259 qazand\u0131\u011f\u0131m\u0131z tarixi z\u0259f\u0259r Heyd\u0259r \u018fliyev siyas\u0259tinin t\u0259nt\u0259n\u0259sidir&rdquo; m&ouml;vzusunda elmi-n\u0259z\u0259ri konfrans ke&ccedil;irilib.<\/span><\/span><\/p>\n<p style=\"text-align: justify; text-indent: 1cm;\"><span style=\"font-size: 12pt; font-family: 'Arial', sans-serif; color: #000000;\">&ldquo;Microsoft Teams&rdquo; platformas\u0131 &uuml;z\u0259rind\u0259n onlayn formatda t\u0259\u015fkil edil\u0259n konfrans\u0131 giri\u015f s&ouml;z&uuml; il\u0259 a&ccedil;an MDU-nun rektoru \u015eahin Bayramov m&uuml;asir Az\u0259rbaycan\u0131n qurucusu olan Ulu &Ouml;nd\u0259rimizin \u0259ziz xatir\u0259sinin q\u0259dirbil\u0259n xalq\u0131m\u0131z t\u0259r\u0259find\u0259n h\u0259r zaman d\u0259rin ehtiramla yad edildiyini bildirib v\u0259 Allahdan ona r\u0259hm\u0259t dil\u0259yib. \u018fb\u0259diya\u015far liderimizin anadan olmas\u0131n\u0131n n&ouml;vb\u0259ti ild&ouml;n&uuml;m&uuml;n&uuml;n \u0259razi b&uuml;t&ouml;vl&uuml;y&uuml;m&uuml;z&uuml;n t\u0259min olundu\u011fu d&ouml;vrd\u0259 qeyd edildiyini vur\u011fulayan rektor Ulu &Ouml;nd\u0259rimizin ruhunun \u015fad olmas\u0131na \u0259minliyini ifad\u0259 edib.<\/span><\/p>\n<p style=\"text-align: justify; text-indent: 1cm;\"><span style=\"font-size: 12pt; font-family: 'Arial', sans-serif; color: #000000;\">Heyd\u0259r \u018fliyevin tarixi torpaqlar\u0131m\u0131z\u0131n d&uuml;\u015fm\u0259n i\u015f\u011fal\u0131ndan azad olunmas\u0131 istiqam\u0259tind\u0259 apard\u0131\u011f\u0131 haqq m&uuml;bariz\u0259sinin onun layiqli siyasi varisi, m&ouml;ht\u0259r\u0259m Prezidentimiz \u0130lham \u018fliyev t\u0259r\u0259find\u0259n qalibiyy\u0259tl\u0259 ba\u015fa &ccedil;atd\u0131r\u0131lmas\u0131ndan b\u0259hs ed\u0259n \u015e.Bayramov qazan\u0131lan tarixi z\u0259f\u0259rin m\u0259hz Heyd\u0259r \u018fliyev siyas\u0259tinin t\u0259nt\u0259n\u0259si kimi qiym\u0259tl\u0259ndirildiyini diqq\u0259t\u0259 &ccedil;atd\u0131r\u0131b.<\/span><\/p>\n<p style=\"text-align: justify; text-indent: 1cm;\"><span style=\"font-size: 12pt; font-family: 'Arial', sans-serif; color: #000000;\">Dahi \u015f\u0259xsiyy\u0259tin misilsiz xidm\u0259tl\u0259rinin v\u0259 z\u0259ngin irsinin &ouml;yr\u0259nilm\u0259si, t\u0259bli\u011fi v\u0259 g\u0259nc n\u0259sl\u0259 &ccedil;atd\u0131r\u0131lmas\u0131n\u0131n ali t\u0259hsil m&uuml;\u0259ssis\u0259l\u0259ri qar\u015f\u0131s\u0131nda m&uuml;h&uuml;m v\u0259zif\u0259l\u0259r qoydu\u011funu bildir\u0259n rektor elmi-n\u0259z\u0259ri konfrans\u0131n \u0259h\u0259miyy\u0259tind\u0259n dan\u0131\u015f\u0131b. Konfransa b&ouml;y&uuml;k maraq g&ouml;st\u0259rilm\u0259sind\u0259n s&ouml;z a&ccedil;an \u015e.Bayramov 10 ali t\u0259hsil m&uuml;\u0259ssis\u0259sind\u0259n v\u0259 AMEA-n\u0131n 4 elmi-t\u0259dqiqat institutundan &Uuml;mummilli Liderimizin z\u0259ngin v\u0259 &ccedil;ox\u015fax\u0259li f\u0259aliyy\u0259tinin m&uuml;xt\u0259lif aspektl\u0259rin\u0259 h\u0259sr olunmu\u015f 100-\u0259 yax\u0131n m\u0259ruz\u0259 v\u0259 tezisin daxil olmas\u0131 bar\u0259d\u0259 m\u0259lumat verib.<\/span><\/p>\n<p style=\"text-align: justify; text-indent: 1cm;\"><span style=\"font-size: 12pt; font-family: 'Arial', sans-serif; color: #000000;\">&ldquo;Az\u0259rbaycan t\u0259hsilinin inki\u015faf\u0131nda Heyd\u0259r \u018fliyev fenomeninin \u0259v\u0259zsiz rolu&rdquo; m&ouml;vzusunda &ccedil;\u0131x\u0131\u015f ed\u0259n Az\u0259rbaycan Respublikas\u0131 T\u0259hsil nazirinin m&uuml;avini Firudin Qurbanov nadir idar\u0259&ccedil;ilik v\u0259 liderlik keyfiyy\u0259tl\u0259rin\u0259, fitri istedada, y&uuml;ks\u0259k v\u0259t\u0259np\u0259rv\u0259rlik hissin\u0259 malik olan Heyd\u0259r \u018fliyevin &ouml;lk\u0259mizin \u0259n yeni tarixind\u0259 m&uuml;st\u0259qil Az\u0259rbaycan d&ouml;vl\u0259tinin siyasi, iqtisadi, h&uuml;quqi \u0259saslar\u0131n\u0131 yaradan v\u0259 inki\u015faf\u0131n\u0131 t\u0259min ed\u0259n q&uuml;dr\u0259tli \u015f\u0259xsiyy\u0259t oldu\u011funu qeyd edib. Dahi r\u0259hb\u0259rin q\u0259bul etdiyi q\u0259rarlar\u0131n, uzaqg&ouml;r\u0259nlikl\u0259 ir\u0259li s&uuml;rd&uuml;y&uuml; konseptual fikirl\u0259rin v\u0259 tarixi t&ouml;vsiy\u0259l\u0259rin bu g&uuml;n d\u0259 &ouml;lk\u0259mizd\u0259 t\u0259hsil islahatlar\u0131n\u0131n \u0259sas istiqam\u0259tl\u0259rinin m&uuml;\u0259yy\u0259nl\u0259\u015fdirilm\u0259sin\u0259 t&ouml;hf\u0259 verdiyini vur\u011fulayan F.Qurbanov Az\u0259rbaycanda t\u0259hsilin d&uuml;nyan\u0131n inki\u015faf tendensiyalar\u0131na v\u0259 beyn\u0259lxalq standartlara cavab ver\u0259n haz\u0131rk\u0131 s\u0259viyy\u0259y\u0259 &ccedil;atmas\u0131 v\u0259 inki\u015faf\u0131 istiqam\u0259tind\u0259 &Uuml;mummilli Liderin m&uuml;st\u0259sna xidm\u0259tl\u0259rind\u0259n b\u0259hs edib. Ulu &Ouml;nd\u0259rin m&uuml;\u0259llim pe\u015f\u0259sin\u0259 v\u0259 g\u0259ncl\u0259rin xaricd\u0259 t\u0259hsilin\u0259 b&ouml;y&uuml;k d\u0259y\u0259r verdiyini bildir\u0259n F.Qurbanov bu diqq\u0259tin say\u0259sind\u0259 yeti\u015f\u0259n y&uuml;ks\u0259k ixtisasl\u0131 kadrlar\u0131n m&uuml;asir Az\u0259rbaycan\u0131n h\u0259rt\u0259r\u0259fli inki\u015faf\u0131nda yax\u0131ndan i\u015ftirak etdikl\u0259rini qeyd edib.<\/span><\/p>\n<p style=\"text-align: justify; text-indent: 1cm;\"><span style=\"font-size: 12pt; font-family: 'Arial', sans-serif; color: #000000;\">&ldquo;V\u0259t\u0259n M&uuml;harib\u0259si Heyd\u0259r \u018fliyev siyas\u0259tinin tarixi q\u0259l\u0259b\u0259sidir&rdquo; m&ouml;vzusunda &ccedil;\u0131x\u0131\u015f ed\u0259n Ming\u0259&ccedil;evir \u015f\u0259h\u0259r \u0130cra Hakimiyy\u0259tinin ba\u015f&ccedil;\u0131s\u0131 \u0130lham \u0130smay\u0131lov &Uuml;mummilli Liderimizin m&ouml;ht\u0259\u015f\u0259m xilaskarl\u0131q missiyas\u0131ndan v\u0259 tarixi q\u0259l\u0259b\u0259y\u0259 aparan yolda misilsiz xidm\u0259tl\u0259rind\u0259n s&ouml;hb\u0259t a&ccedil;\u0131b. Bu g&uuml;n Heyd\u0259r \u018fliyev ideyalar\u0131ndan g&uuml;c alaraq inki\u015faf ed\u0259n yeni n\u0259silin \u015fanl\u0131 bir tarix yazd\u0131\u011f\u0131n\u0131 qeyd ed\u0259n \u0130.\u0130smay\u0131lov Ulu &Ouml;nd\u0259rin xalq\u0131m\u0131z\u0131 xo\u015fb\u0259xt g\u0259l\u0259c\u0259y\u0259 v\u0259 davaml\u0131 q\u0259l\u0259b\u0259l\u0259r\u0259 aparan nur m\u0259nb\u0259yi kimi h\u0259r zaman b&ouml;y&uuml;k h&ouml;rm\u0259tl\u0259 v\u0259 sonsuz m\u0259h\u0259bb\u0259tl\u0259 yad edil\u0259c\u0259yini bildirib. O, 2020-ci ilin 10 dekabr tarixind\u0259 ke&ccedil;iril\u0259n Q\u0259l\u0259b\u0259 Parad\u0131ndak\u0131 h\u0259r bir m\u0259qamda &ndash; Prezidentl\u0259rin &ccedil;\u0131x\u0131\u015flar\u0131nda, m\u0259rasimin t\u0259\u015fkilati elementl\u0259rind\u0259, \u0259sg\u0259rl\u0259rin yeri\u015fl\u0259rind\u0259, s\u0259sl\u0259ndiril\u0259n h\u0259rbi mar\u015flarda, Azadl\u0131q meydan\u0131n\u0131n m&ouml;ht\u0259\u015f\u0259m auras\u0131nda, insanlar\u0131n sevinc dolu &ccedil;&ouml;hr\u0259l\u0259rind\u0259 Heyd\u0259r \u018fliyev d&uuml;has\u0131n\u0131n parlaq cizgil\u0259rinin g&ouml;r&uuml;nd&uuml;y&uuml;n&uuml; diqq\u0259t\u0259 &ccedil;atd\u0131r\u0131b.<\/span><\/p>\n<p style=\"text-align: justify; text-indent: 1cm;\"><span style=\"font-size: 12pt; font-family: 'Arial', sans-serif; color: #000000;\">&ldquo;\u0130lham \u018fliyev: Ulu &Ouml;nd\u0259rin v\u0259siyy\u0259tini realla\u015fd\u0131ran s\u0259rk\u0259rd\u0259&rdquo; m&ouml;vzusunda &ccedil;\u0131x\u0131\u015f ed\u0259n mill\u0259t v\u0259kili, Milli M\u0259clisin Elm v\u0259 t\u0259hsil komit\u0259sinin &uuml;zv&uuml; \u015eahin Seyidzad\u0259 &Uuml;mummilli Liderin do\u011fma Qaraba\u011f\u0131m\u0131z\u0131 azad g&ouml;rm\u0259k arzusundan, tarixi \u0259dal\u0259tin b\u0259rpa olunmas\u0131 istiqam\u0259tind\u0259 onun yorulmaz f\u0259aliyy\u0259tind\u0259n v\u0259 y&uuml;ks\u0259k \u0259zmkarl\u0131\u011f\u0131ndan b\u0259hs edib. Ulu &Ouml;nd\u0259rin m&uuml;asir Az\u0259rbaycan\u0131n nizami ordusunun yarad\u0131lmas\u0131ndak\u0131 misilsiz xidm\u0259tl\u0259rind\u0259n b\u0259hs ed\u0259n \u015e.Seyidzad\u0259 Ali Ba\u015f Komandan \u0130lham \u018fliyevin r\u0259hb\u0259rliyi il\u0259 daha da g&uuml;cl\u0259n\u0259n d&ouml;vl\u0259t, ordu v\u0259 xalq birliyi say\u0259sind\u0259 Heyd\u0259r \u018fliyevin arzusunun v\u0259 v\u0259siyy\u0259tinin yerin\u0259 yetirildiyini bildirib. Torpaqlar\u0131m\u0131z\u0131n i\u015f\u011faldan azad olunmas\u0131 il\u0259 Az\u0259rbaycanda yeni d&ouml;vr&uuml;n ba\u015fland\u0131\u011f\u0131n\u0131 vur\u011fulayan \u015e.Seyidzad\u0259 haz\u0131rda do\u011fma Qaraba\u011f\u0131m\u0131z\u0131n dir&ccedil;\u0259li\u015fi sah\u0259sind\u0259 h\u0259yata ke&ccedil;iril\u0259n irimiqyasl\u0131 v\u0259 sistemli t\u0259dbirl\u0259r bar\u0259d\u0259 dan\u0131\u015f\u0131b.<\/span><\/p>\n<p style=\"text-align: justify; text-indent: 1cm;\"><span style=\"font-size: 12pt; font-family: 'Arial', sans-serif; color: #000000;\">&ldquo;Heyd\u0259r \u018fliyev: dahi \u015f\u0259xsiyy\u0259t v\u0259 m&uuml;asir Az\u0259rbaycan\u0131n qurucusu&rdquo; m&ouml;vzusunda &ccedil;\u0131x\u0131\u015f ed\u0259n MDU-nun rektoru \u015e.Bayramov m&uuml;asir Az\u0259rbaycan\u0131n memar\u0131 olan Heyd\u0259r \u018fliyevin &ouml;z m&uuml;drikliyi v\u0259 uzaqg&ouml;r\u0259nliyi il\u0259 qlobal siyas\u0259tin apar\u0131c\u0131 simalar\u0131ndan biri oldu\u011funu vur\u011fulay\u0131b. Haz\u0131rda regional v\u0259 qlobal miqyasda s&ouml;z sahibin\u0259 &ccedil;evrilmi\u015f, geosiyas\u0259tin mahiyy\u0259tini milli maraqlara uy\u011fun \u015f\u0259kild\u0259 d\u0259yi\u015f\u0259n Az\u0259rbaycan\u0131n Heyd\u0259r \u018fliyevin \u015fah \u0259s\u0259ri oldu\u011funu qeyd ed\u0259n \u015e.Bayramov bu g&uuml;n dahi r\u0259hb\u0259rimizin qiym\u0259tli miras\u0131n\u0131n etibarl\u0131 \u0259ll\u0259rd\u0259 oldu\u011funu diqq\u0259t\u0259 &ccedil;atd\u0131r\u0131b. O, &Uuml;mummilli Liderin layiqli davam&ccedil;\u0131s\u0131 olan m&ouml;ht\u0259r\u0259m Prezidentimizin r\u0259hb\u0259rliyi il\u0259 haz\u0131rda qalibiliyy\u0259tl\u0259rl\u0259 dolu yeni d&ouml;vr&uuml;n \u015fanl\u0131 tarixinin yaz\u0131ld\u0131\u011f\u0131n\u0131 diqq\u0259t\u0259 &ccedil;atd\u0131r\u0131b<\/span><\/p>\n<p style=\"text-align: justify; text-indent: 1cm;\"><span style=\"font-size: 12pt; font-family: 'Arial', sans-serif; color: #000000;\">&ldquo;&Uuml;mummilli liderin siyasi portreti&rdquo; m&ouml;vzusunda &ccedil;\u0131x\u0131\u015f ed\u0259n YAP Ming\u0259&ccedil;evir \u015f\u0259h\u0259r t\u0259\u015fkilat\u0131n\u0131n s\u0259dri Cavan\u015fir Yusubov Heyd\u0259r \u018fliyevin yaln\u0131z Az\u0259rbaycan xalq\u0131n\u0131n deyil, b&uuml;t&ouml;vl&uuml;kd\u0259 m&uuml;s\u0259lman-t&uuml;rk d&uuml;nyas\u0131n\u0131n g&ouml;rk\u0259mli &ouml;nd\u0259rl\u0259rind\u0259n biri, tarixin gedi\u015fat\u0131n\u0131 d\u0259yi\u015f\u0259 bil\u0259n v\u0259 yeni tarix yaradan d&ouml;vl\u0259t xadimi oldu\u011funu deyib. Respublikam\u0131z\u0131n &ccedil;ox\u0259sirlik d&ouml;vl\u0259t&ccedil;ilik tarixind\u0259 Heyd\u0259r \u018fliyev d&ouml;vr&uuml;n&uuml;n misilsiz \u0259h\u0259miyy\u0259tind\u0259n dan\u0131\u015fan C.Yusubov h\u0259min d&ouml;vr&uuml; &ccedil;a\u011fda\u015f Az\u0259rbaycan tarixinin \u0259n \u015fanl\u0131 v\u0259 parlaq s\u0259hif\u0259l\u0259rind\u0259n biri kimi d\u0259y\u0259rl\u0259ndirib. Heyd\u0259r \u018fliyevin Yeni Az\u0259rbaycan Partiyas\u0131n\u0131n yarad\u0131lmas\u0131 sah\u0259sind\u0259 tarixi xidm\u0259tl\u0259rind\u0259n b\u0259hs ed\u0259n C.Yusubov &Uuml;mummilli Liderin m\u0259qs\u0259dy&ouml;nl&uuml; v\u0259 uzaqg&ouml;r\u0259n siyas\u0259tinin haz\u0131rda muasir d&ouml;vr&uuml;n t\u0259l\u0259bl\u0259rin\u0259, reall\u0131qlar\u0131na v\u0259 qanunauy\u011funlaqlar\u0131na uy\u011fun \u015f\u0259kild\u0259 u\u011furla davam etdirildiyini bildirib.<\/span><\/p>\n<p style=\"text-align: justify; text-indent: 1cm;\"><span style=\"font-size: 12pt; font-family: 'Arial', sans-serif; color: #000000;\">&ldquo;Heyd\u0259r \u018fliyev ideyalar\u0131na sadiq Az\u0259rbaycan g\u0259ncliyinin V\u0259t\u0259n M&uuml;harib\u0259sind\u0259 f\u0259al i\u015ftirak\u0131&rdquo; m&ouml;vzusunda &ccedil;\u0131x\u0131\u015f ed\u0259n MDU-nun g\u0259nc m&uuml;\u0259llimi, V\u0259t\u0259n M&uuml;harib\u0259si i\u015ftirak&ccedil;\u0131s\u0131 Qarag&ouml;z K\u0259rimov \u0259sas\u0131 Ulu &Ouml;nd\u0259r t\u0259r\u0259find\u0259n qoyulmu\u015f g\u0259ncl\u0259r siyas\u0259tinin u\u011furlar\u0131ndan dan\u0131\u015f\u0131b. Heyd\u0259r \u018fliyevin g\u0259ncl\u0259rin yax\u015f\u0131 t\u0259hsil almas\u0131 v\u0259 v\u0259t\u0259np\u0259rv\u0259rlik ruhunda t\u0259rbiy\u0259 olunmas\u0131 m\u0259s\u0259l\u0259sin\u0259 b&ouml;y&uuml;k \u0259h\u0259miyy\u0259t verdiyini vur\u011fulayan Q.K\u0259rimov g\u0259nc n\u0259slin m\u0259hz &Uuml;mummilli Liderin m&uuml;\u0259llifi oldu\u011fu Az\u0259rbaycan&ccedil;\u0131l\u0131q ideologiyas\u0131 il\u0259 yeti\u015fdiyini bildirib. M&uuml;asir Az\u0259rbaycan g\u0259ncl\u0259rinin V\u0259t\u0259n M&uuml;harib\u0259sind\u0259 g&ouml;st\u0259rdikl\u0259ri \u015f&uuml;ca\u0259tl\u0259rin \u015fahidi oldu\u011funu qeyd ed\u0259n Q.K\u0259rimov tarixi z\u0259f\u0259rin qazan\u0131lmas\u0131nda i\u015ftirak\u0131n b\u0259x\u015f etdiyi iftixar hissi il\u0259 ya\u015fad\u0131\u011f\u0131n\u0131 diqq\u0259t\u0259 &ccedil;atd\u0131r\u0131b.<\/span><\/p>\n<p style=\"text-align: justify; text-indent: 1cm;\"><span style=\"font-size: 12pt; font-family: 'Arial', sans-serif; color: #000000;\">Elmi konfrans &ouml;z i\u015fini b&ouml;lm\u0259 iclas\u0131 il\u0259 davam etdirib.<\/span><\/p>\n<p style=\"text-align: justify; text-indent: 1cm;\"><span style=\"font-size: 12pt; font-family: 'Arial', sans-serif; color: #000000;\">Qeyd ed\u0259k ki, MDU-da &uuml;mummilli lider Heyd\u0259r \u018fliyev\u0259 h\u0259sr olunan elmi t\u0259dbirl\u0259rin ke&ccedil;irilm\u0259sin\u0259 x&uuml;susi diqq\u0259t yetirilir. Dahi \u015f\u0259xsiyy\u0259tin irsinin ara\u015fd\u0131r\u0131lmas\u0131 v\u0259 t\u0259l\u0259b\u0259 g\u0259ncl\u0259r\u0259 &ouml;t&uuml;r&uuml;lm\u0259si universitetd\u0259 v\u0259t\u0259nin\u0259, d&ouml;vl\u0259tin\u0259 v\u0259 xalq\u0131na ba\u011fl\u0131, layiqli, v\u0259t\u0259np\u0259rv\u0259r m&uuml;t\u0259x\u0259ssisl\u0259rin yeti\u015fdirilm\u0259si i\u015fin\u0259 b&ouml;y&uuml;k t&ouml;hf\u0259 verir.&nbsp;<\/span><\/p>\n<p>{phocagallery view=category|categoryid=583|limitstart=0|limitcount=0}<\/p>","protected":false},"excerpt":{"rendered":"<p>Ming\u0259&ccedil;evir D&ouml;vl\u0259t Universitetind\u0259 &uuml;mummilli lider Heyd\u0259r \u018fliyevin anadan olmas\u0131n\u0131n 98-ci ild&ouml;n&uuml;m&uuml;n\u0259 h\u0259sr olunmu\u015f konfrans ke&ccedil;irilib &nbsp; 2021-ci ilin 4 may tarixind\u0259 Ming\u0259&ccedil;evir D&ouml;vl\u0259t Universitetind\u0259 (MDU) &uuml;mummilli lider Heyd\u0259r \u018fliyevin anadan olmas\u0131n\u0131n 98-ci ild&ouml;n&uuml;m&uuml;n\u0259 h\u0259sr olunmu\u015f &ldquo;V\u0259t\u0259n M&uuml;harib\u0259sind\u0259 qazand\u0131\u011f\u0131m\u0131z tarixi z\u0259f\u0259r Heyd\u0259r \u018fliyev siyas\u0259tinin t\u0259nt\u0259n\u0259sidir&rdquo; m&ouml;vzusunda elmi-n\u0259z\u0259ri konfrans ke&ccedil;irilib. &ldquo;Microsoft Teams&rdquo; platformas\u0131 &uuml;z\u0259rind\u0259n onlayn formatda t\u0259\u015fkil [&hellip;]<\/p>\n","protected":false},"author":1,"featured_media":0,"comment_status":"open","ping_status":"open","sticky":false,"template":"","format":"standard","meta":{"_eb_attr":"","ocean_post_layout":"","ocean_both_sidebars_style":"","ocean_both_sidebars_content_width":0,"ocean_both_sidebars_sidebars_width":0,"ocean_sidebar":"","ocean_second_sidebar":"","ocean_disable_margins":"enable","ocean_add_body_class":"","ocean_shortcode_before_top_bar":"","ocean_shortcode_after_top_bar":"","ocean_shortcode_before_header":"","ocean_shortcode_after_header":"","ocean_has_shortcode":"","ocean_shortcode_after_title":"","ocean_shortcode_before_footer_widgets":"","ocean_shortcode_after_footer_widgets":"","ocean_shortcode_before_footer_bottom":"","ocean_shortcode_after_footer_bottom":"","ocean_display_top_bar":"default","ocean_display_header":"default","ocean_header_style":"","ocean_center_header_left_menu":"","ocean_custom_header_template":"","ocean_custom_logo":0,"ocean_custom_retina_logo":0,"ocean_custom_logo_max_width":0,"ocean_custom_logo_tablet_max_width":0,"ocean_custom_logo_mobile_max_width":0,"ocean_custom_logo_max_height":0,"ocean_custom_logo_tablet_max_height":0,"ocean_custom_logo_mobile_max_height":0,"ocean_header_custom_menu":"","ocean_menu_typo_font_family":"","ocean_menu_typo_font_subset":"","ocean_menu_typo_font_size":0,"ocean_menu_typo_font_size_tablet":0,"ocean_menu_typo_font_size_mobile":0,"ocean_menu_typo_font_size_unit":"px","ocean_menu_typo_font_weight":"","ocean_menu_typo_font_weight_tablet":"","ocean_menu_typo_font_weight_mobile":"","ocean_menu_typo_transform":"","ocean_menu_typo_transform_tablet":"","ocean_menu_typo_transform_mobile":"","ocean_menu_typo_line_height":0,"ocean_menu_typo_line_height_tablet":0,"ocean_menu_typo_line_height_mobile":0,"ocean_menu_typo_line_height_unit":"","ocean_menu_typo_spacing":0,"ocean_menu_typo_spacing_tablet":0,"ocean_menu_typo_spacing_mobile":0,"ocean_menu_typo_spacing_unit":"","ocean_menu_link_color":"","ocean_menu_link_color_hover":"","ocean_menu_link_color_active":"","ocean_menu_link_background":"","ocean_menu_link_hover_background":"","ocean_menu_link_active_background":"","ocean_menu_social_links_bg":"","ocean_menu_social_hover_links_bg":"","ocean_menu_social_links_color":"","ocean_menu_social_hover_links_color":"","ocean_disable_title":"default","ocean_disable_heading":"default","ocean_post_title":"","ocean_post_subheading":"","ocean_post_title_style":"","ocean_post_title_background_color":"","ocean_post_title_background":0,"ocean_post_title_bg_image_position":"","ocean_post_title_bg_image_attachment":"","ocean_post_title_bg_image_repeat":"","ocean_post_title_bg_image_size":"","ocean_post_title_height":0,"ocean_post_title_bg_overlay":0.5,"ocean_post_title_bg_overlay_color":"","ocean_disable_breadcrumbs":"default","ocean_breadcrumbs_color":"","ocean_breadcrumbs_separator_color":"","ocean_breadcrumbs_links_color":"","ocean_breadcrumbs_links_hover_color":"","ocean_display_footer_widgets":"default","ocean_display_footer_bottom":"default","ocean_custom_footer_template":"","ocean_post_oembed":"","ocean_post_self_hosted_media":"","ocean_post_video_embed":"","ocean_link_format":"","ocean_link_format_target":"self","ocean_quote_format":"","ocean_quote_format_link":"post","ocean_gallery_link_images":"on","ocean_gallery_id":[],"footnotes":""},"categories":[63],"tags":[],"class_list":["post-15862","post","type-post","status-publish","format-standard","hentry","category-khaebaerlaer-az","entry"],"_links":{"self":[{"href":"https:\/\/mdu.edu.az\/en\/wp-json\/wp\/v2\/posts\/15862","targetHints":{"allow":["GET"]}}],"collection":[{"href":"https:\/\/mdu.edu.az\/en\/wp-json\/wp\/v2\/posts"}],"about":[{"href":"https:\/\/mdu.edu.az\/en\/wp-json\/wp\/v2\/types\/post"}],"author":[{"embeddable":true,"href":"https:\/\/mdu.edu.az\/en\/wp-json\/wp\/v2\/users\/1"}],"replies":[{"embeddable":true,"href":"https:\/\/mdu.edu.az\/en\/wp-json\/wp\/v2\/comments?post=15862"}],"version-history":[{"count":0,"href":"https:\/\/mdu.edu.az\/en\/wp-json\/wp\/v2\/posts\/15862\/revisions"}],"wp:attachment":[{"href":"https:\/\/mdu.edu.az\/en\/wp-json\/wp\/v2\/media?parent=15862"}],"wp:term":[{"taxonomy":"category","embeddable":true,"href":"https:\/\/mdu.edu.az\/en\/wp-json\/wp\/v2\/categories?post=15862"},{"taxonomy":"post_tag","embeddable":true,"href":"https:\/\/mdu.edu.az\/en\/wp-json\/wp\/v2\/tags?post=15862"}],"curies":[{"name":"wp","href":"https:\/\/api.w.org\/{rel}","templated":true}]}}