{"id":15887,"date":"2021-05-15T10:06:24","date_gmt":"2021-05-15T07:06:24","guid":{"rendered":"https:\/\/mdu.edu.az\/rektor-ahin-bayramovun-az-rtadz-a-m-sahib-si\/"},"modified":"2021-05-15T10:06:24","modified_gmt":"2021-05-15T07:06:24","slug":"rektor-ahin-bayramovun-az-rtadz-a-m-sahib-si","status":"publish","type":"post","link":"https:\/\/mdu.edu.az\/en\/rektor-ahin-bayramovun-az-rtadz-a-m-sahib-si\/","title":{"rendered":"Rektor \u015eahin Bayramovun AZ\u018fRTAC-a m\u00fcsahib\u0259si"},"content":{"rendered":"<p style=\"text-align: center;\"><b><span style=\"font-size: 14pt; font-family: Arial, sans-serif; color: #002060;\">Az\u0259rbaycan\u0131n m&uuml;asir tarixinin \u015fanl\u0131 s\u0259hif\u0259l\u0259ri yaz\u0131l\u0131r<\/span><\/b><\/p>\n<p style=\"text-align: center;\">&nbsp;<\/p>\n<p style=\"text-align: center;\"><img decoding=\"async\" src=\"images\/photo\/REKTOR.jpg\" alt=\"\" \/><\/p>\n<p style=\"text-align: justify; text-indent: 1cm;\"><span style=\"font-size: 12pt; font-family: Arial, sans-serif;\"><\/span><\/p>\n<p style=\"text-align: justify; text-indent: 1cm;\"><span style=\"color: #000000;\"><span style=\"font-size: 12pt; font-family: Arial, sans-serif;\"><span style=\"color: #000000;\">Bak\u0131, 15 may,<\/span>&nbsp;<\/span><span style=\"font-size: 12pt; font-family: Arial, sans-serif;\"><a href=\"https:\/\/azertag.az\/xeber\/Azerbaycanin_muasir_tarixinin_sanli_sehifeleri_yazilir-1780421\" target=\"_blank\" style=\"color: #000000;\" rel=\"noopener\"><span style=\"color: #990000;\">AZ\u018fRTAC<\/span><\/a><\/span><\/span><\/p>\n<p style=\"text-align: justify; text-indent: 1cm;\"><span style=\"font-size: 12pt; font-family: Arial, sans-serif; color: #000000;\"><\/span><\/p>\n<p style=\"text-align: justify; text-indent: 1cm; orphans: 2; widows: 2; word-spacing: 0px;\"><span style=\"font-size: 12pt; font-family: Arial, sans-serif; color: #000000;\">Dan\u0131lmaz h\u0259qiq\u0259tdir ki, tarixi Q\u0259l\u0259b\u0259nin qazan\u0131lmas\u0131ndan sonra d&ouml;vl\u0259timiz t\u0259r\u0259find\u0259n q\u0259bul edil\u0259n strateji q\u0259rarlar, h\u0259yata ke&ccedil;iril\u0259n d&uuml;\u015f&uuml;n&uuml;lm&uuml;\u015f, ard\u0131c\u0131l v\u0259 sistemli t\u0259dbirl\u0259r &ouml;lk\u0259mizin b&ouml;lg\u0259d\u0259 formala\u015fm\u0131\u015f yeni siyasi m\u0259nz\u0259r\u0259d\u0259ki m&ouml;vqeyini davaml\u0131 olaraq g&uuml;cl\u0259ndirir. M&uuml;z\u0259ff\u0259r Ali Ba\u015f Komandan\u0131m\u0131z\u0131n r\u0259hb\u0259rliyi v\u0259 r\u0259\u015fad\u0259tli Az\u0259rbaycan \u0259sg\u0259rinin q\u0259hr\u0259manl\u0131\u011f\u0131 say\u0259sind\u0259 \u0259z\u0259li torpaqlar\u0131 i\u015f\u011faldan azad olunan, \u0259razi b&uuml;t&ouml;vl&uuml;y&uuml; t\u0259min edil\u0259n Az\u0259rbaycan\u0131n m&uuml;asir tarixinin \u015fanl\u0131 s\u0259hif\u0259l\u0259ri yaz\u0131lmaqda davam edir.<\/span><\/p>\n<p style=\"text-align: justify; text-indent: 1cm; orphans: 2; widows: 2; word-spacing: 0px;\"><span style=\"font-size: 12pt; font-family: Arial, sans-serif;\"><span style=\"color: #000000;\">Bu s&ouml;zl\u0259ri<\/span>&nbsp;<\/span><span style=\"font-size: 12pt; font-family: Arial, sans-serif;\"><a href=\"https:\/\/azertag.az\/xeber\/Azerbaycanin_muasir_tarixinin_sanli_sehifeleri_yazilir-1780421\" target=\"_blank\" rel=\"noopener\"><span style=\"color: #990000;\">AZ\u018fRTAC<\/span><\/a><\/span><span style=\"font-size: 12pt; font-family: Arial, sans-serif;\">&#8211;<span style=\"color: #000000;\">a m&uuml;sahib\u0259sind\u0259 Ming\u0259&ccedil;evir D&ouml;vl\u0259t Universitetinin rektoru \u015eahin Bayramov deyib.<\/span><\/span><\/p>\n<p style=\"text-align: justify; text-indent: 1cm; orphans: 2; widows: 2; word-spacing: 0px;\"><span style=\"font-size: 12pt; font-family: Arial, sans-serif; color: #000000;\">O bildirib ki, otuz il \u0259rzind\u0259 erm\u0259ni vandalizmin\u0259 m\u0259ruz qalm\u0131\u015f \u0259razil\u0259rimizin dir&ccedil;\u0259ldilm\u0259si v\u0259 h\u0259rt\u0259r\u0259fli inki\u015faf etdirilm\u0259si istiqam\u0259tind\u0259 at\u0131lan add\u0131mlar n\u0259tic\u0259sind\u0259 do\u011fma Qaraba\u011f\u0131m\u0131z yax\u0131n g\u0259l\u0259c\u0259kd\u0259 d&uuml;nyan\u0131n \u0259n g&ouml;z\u0259l m\u0259kanlar\u0131ndan birin\u0259 &ccedil;evril\u0259c\u0259k.<\/span><\/p>\n<p style=\"text-align: justify; text-indent: 1cm; orphans: 2; widows: 2; word-spacing: 0px;\"><span style=\"font-size: 12pt; font-family: Arial, sans-serif; color: #000000;\">M&ouml;ht\u0259r\u0259m Prezidentimiz t\u0259r\u0259find\u0259n Qaraba\u011fa m&uuml;nt\u0259z\u0259m s\u0259f\u0259rl\u0259r edilm\u0259si, tarixi torpaqlar\u0131m\u0131za x&uuml;susi qay\u011f\u0131 v\u0259 h\u0259ssasl\u0131qla yana\u015f\u0131lmas\u0131, b&ouml;y&uuml;k qay\u0131d\u0131\u015f\u0131 &ouml;z&uuml;nd\u0259 ehtiva ed\u0259n milli prioritetl\u0259r &ccedil;\u0259r&ccedil;iv\u0259sind\u0259 irimiqyasl\u0131 b\u0259rpa, abadla\u015fd\u0131rma v\u0259 quruculuq i\u015fl\u0259rin\u0259 start verilm\u0259si h\u0259min b&ouml;lg\u0259nin \u0259sl sahibinin m\u0259hz Az\u0259rbaycan oldu\u011funu d&uuml;nya ictimaiyy\u0259tin\u0259 bir daha &ccedil;atd\u0131r\u0131r.<\/span><\/p>\n<p style=\"text-align: justify; text-indent: 1cm; orphans: 2; widows: 2; word-spacing: 0px;\"><span style=\"font-size: 12pt; font-family: Arial, sans-serif; color: #000000;\">&Ouml;z &ccedil;\u0131x\u0131\u015flar\u0131nda &ldquo;\u015eu\u015fa t\u0259kc\u0259 \u015fu\u015fal\u0131lar &uuml;&ccedil;&uuml;n yox, b&uuml;t&uuml;n az\u0259rbaycanl\u0131lar &uuml;&ccedil;&uuml;n, v\u0259t\u0259nini, mill\u0259tini sev\u0259n h\u0259r bir v\u0259t\u0259nda\u015f\u0131m\u0131z &uuml;&ccedil;&uuml;n \u0259ziz bir \u015f\u0259h\u0259rdir, \u0259ziz bir torpaqd\u0131r, \u0259ziz bir qalad\u0131r, \u0259ziz bir abid\u0259dir&rdquo;, el\u0259c\u0259 d\u0259 &ldquo;\u015eu\u015fas\u0131z Qaraba\u011f, Qaraba\u011fs\u0131z is\u0259, &uuml;mumiyy\u0259tl\u0259, Az\u0259rbaycan yoxdur&rdquo; fikirl\u0259rini s\u0259sl\u0259ndir\u0259n &uuml;mummilli lider Heyd\u0259r \u018fliyev Qaraba\u011f\u0131n, o c&uuml;ml\u0259d\u0259n \u015eu\u015fan\u0131n Az\u0259rbaycan &uuml;&ccedil;&uuml;n k\u0259sb etdiyi m&uuml;st\u0259sna \u0259h\u0259miyy\u0259ti y&uuml;ks\u0259k qiym\u0259tl\u0259ndirirdi.<\/span><\/p>\n<p style=\"text-align: justify; text-indent: 1cm; orphans: 2; widows: 2; word-spacing: 0px;\"><span style=\"font-size: 12pt; font-family: Arial, sans-serif; color: #000000;\">&ldquo;Bu g&uuml;n Ulu &Ouml;nd\u0259rin layiqli siyasi varisi, do\u011fma torpaqlar\u0131m\u0131z\u0131 i\u015f\u011faldan azad ed\u0259r\u0259k \u0259b\u0259diya\u015far liderin v\u0259siyy\u0259tini yerin\u0259 yetir\u0259n Prezident \u0130lham \u018fliyevin m&uuml;vafiq S\u0259r\u0259ncam\u0131 il\u0259 Qaraba\u011f\u0131n incisi olan \u015eu\u015fa \u015f\u0259h\u0259rinin Az\u0259rbaycan\u0131n m\u0259d\u0259niyy\u0259t paytaxt\u0131 elan edilm\u0259sini, \u015f\u0259h\u0259rin tarixi-m\u0259d\u0259ni irsin\u0259 v\u0259 t\u0259bi\u0259tin\u0259 vurulmu\u015f z\u0259r\u0259rin q\u0131sa m&uuml;dd\u0259td\u0259 aradan qald\u0131r\u0131lmas\u0131 v\u0259 tarix\u0259n m&ouml;vcud olmu\u015f m\u0259d\u0259ni \u0259n\u0259n\u0259l\u0259rin b\u0259rpa edilm\u0259si istiqam\u0259tind\u0259 z\u0259ruri t\u0259dbirl\u0259rin g&ouml;r&uuml;lm\u0259sini b&ouml;y&uuml;k qay\u0131d\u0131\u015f\u0131n r\u0259mzl\u0259ri kimi d\u0259y\u0259rl\u0259ndirm\u0259k olar.<\/span><\/p>\n<p style=\"text-align: justify; text-indent: 1cm; orphans: 2; widows: 2; word-spacing: 0px;\"><span style=\"font-size: 12pt; font-family: Arial, sans-serif; color: #000000;\">X&uuml;susi vur\u011fulamaq laz\u0131md\u0131r ki, 30 il\u0259 yax\u0131n davam ed\u0259n erm\u0259ni i\u015f\u011fal\u0131 s\u0259b\u0259bind\u0259n uzun fasil\u0259d\u0259n sonra Az\u0259rbaycan musiqisinin be\u015fiyi olan \u015eu\u015fa \u015f\u0259h\u0259rind\u0259 &ldquo;Xar\u0131b&uuml;lb&uuml;l&rdquo; musiqi festival\u0131n\u0131n ke&ccedil;irilm\u0259si, az\u0259rbaycanl\u0131 olaraq, h\u0259r birimizd\u0259 sonsuz f\u0259xar\u0259t v\u0259 b&ouml;y&uuml;k q&uuml;rur hissl\u0259ri yaratd\u0131. C\u0131d\u0131r d&uuml;z&uuml;nd\u0259 iki g&uuml;n davam ed\u0259n v\u0259 V\u0259t\u0259nimizin b&uuml;t&ouml;vl&uuml;y&uuml; u\u011frunda can\u0131ndan ke&ccedil;\u0259n \u015f\u0259hidl\u0259rimizin \u0259ziz xatir\u0259sin\u0259 h\u0259sr olunan m&ouml;ht\u0259\u015f\u0259m festival, s&ouml;z&uuml;n \u0259sl m\u0259nas\u0131nda, tarixi Z\u0259f\u0259rimizd\u0259 b&ouml;y&uuml;k pay sahibi olan milli birlik v\u0259 milli h\u0259mr\u0259yliyin bayram\u0131 kimi qeyd edildi.<\/span><\/p>\n<p style=\"text-align: justify; text-indent: 1cm; orphans: 2; widows: 2; word-spacing: 0px;\"><span style=\"font-size: 12pt; font-family: Arial, sans-serif; color: #000000;\">&ldquo;\u018fziz \u015eu\u015fa, s\u0259n azadsan! \u018fziz \u015eu\u015fa, biz qay\u0131tm\u0131\u015f\u0131q! \u018fziz \u015eu\u015fa, biz s\u0259ni dir&ccedil;\u0259ld\u0259c\u0259yik! \u015eu\u015fa bizimdir! Qaraba\u011f bizimdir! Qaraba\u011f Az\u0259rbaycand\u0131r!&rdquo; dey\u0259n v\u0259 bu istiqam\u0259td\u0259 q\u0259tiyy\u0259tli add\u0131mlar atmaqda davam ed\u0259n Prezidentimiz h\u0259r birimizd\u0259 \u015eu\u015fan\u0131n v\u0259 do\u011fma Qaraba\u011f\u0131m\u0131z\u0131n b&uuml;t&uuml;n dilb\u0259r gu\u015f\u0259l\u0259rinin dir&ccedil;\u0259ldil\u0259c\u0259yin\u0259, el\u0259c\u0259 d\u0259 h\u0259min torpaqlarda Az\u0259rbaycan xalq\u0131n\u0131n \u0259b\u0259di ya\u015fayaca\u011f\u0131na tam \u0259minlik yarad\u0131b&rdquo;, &#8211; dey\u0259 rektor bildirib.<\/span><\/p>\n<p style=\"text-align: justify; text-indent: 1cm;\"><span style=\"font-size: 12pt; font-family: Arial, sans-serif; color: #000000;\"><\/span><\/p>","protected":false},"excerpt":{"rendered":"<p>Az\u0259rbaycan\u0131n m&uuml;asir tarixinin \u015fanl\u0131 s\u0259hif\u0259l\u0259ri yaz\u0131l\u0131r &nbsp; Bak\u0131, 15 may,&nbsp;AZ\u018fRTAC Dan\u0131lmaz h\u0259qiq\u0259tdir ki, tarixi Q\u0259l\u0259b\u0259nin qazan\u0131lmas\u0131ndan sonra d&ouml;vl\u0259timiz t\u0259r\u0259find\u0259n q\u0259bul edil\u0259n strateji q\u0259rarlar, h\u0259yata ke&ccedil;iril\u0259n d&uuml;\u015f&uuml;n&uuml;lm&uuml;\u015f, ard\u0131c\u0131l v\u0259 sistemli t\u0259dbirl\u0259r &ouml;lk\u0259mizin b&ouml;lg\u0259d\u0259 formala\u015fm\u0131\u015f yeni siyasi m\u0259nz\u0259r\u0259d\u0259ki m&ouml;vqeyini davaml\u0131 olaraq g&uuml;cl\u0259ndirir. M&uuml;z\u0259ff\u0259r Ali Ba\u015f Komandan\u0131m\u0131z\u0131n r\u0259hb\u0259rliyi v\u0259 r\u0259\u015fad\u0259tli Az\u0259rbaycan \u0259sg\u0259rinin q\u0259hr\u0259manl\u0131\u011f\u0131 say\u0259sind\u0259 \u0259z\u0259li torpaqlar\u0131 i\u015f\u011faldan azad [&hellip;]<\/p>\n","protected":false},"author":1,"featured_media":0,"comment_status":"open","ping_status":"open","sticky":false,"template":"","format":"standard","meta":{"_eb_attr":"","ocean_post_layout":"","ocean_both_sidebars_style":"","ocean_both_sidebars_content_width":0,"ocean_both_sidebars_sidebars_width":0,"ocean_sidebar":"","ocean_second_sidebar":"","ocean_disable_margins":"enable","ocean_add_body_class":"","ocean_shortcode_before_top_bar":"","ocean_shortcode_after_top_bar":"","ocean_shortcode_before_header":"","ocean_shortcode_after_header":"","ocean_has_shortcode":"","ocean_shortcode_after_title":"","ocean_shortcode_before_footer_widgets":"","ocean_shortcode_after_footer_widgets":"","ocean_shortcode_before_footer_bottom":"","ocean_shortcode_after_footer_bottom":"","ocean_display_top_bar":"default","ocean_display_header":"default","ocean_header_style":"","ocean_center_header_left_menu":"","ocean_custom_header_template":"","ocean_custom_logo":0,"ocean_custom_retina_logo":0,"ocean_custom_logo_max_width":0,"ocean_custom_logo_tablet_max_width":0,"ocean_custom_logo_mobile_max_width":0,"ocean_custom_logo_max_height":0,"ocean_custom_logo_tablet_max_height":0,"ocean_custom_logo_mobile_max_height":0,"ocean_header_custom_menu":"","ocean_menu_typo_font_family":"","ocean_menu_typo_font_subset":"","ocean_menu_typo_font_size":0,"ocean_menu_typo_font_size_tablet":0,"ocean_menu_typo_font_size_mobile":0,"ocean_menu_typo_font_size_unit":"px","ocean_menu_typo_font_weight":"","ocean_menu_typo_font_weight_tablet":"","ocean_menu_typo_font_weight_mobile":"","ocean_menu_typo_transform":"","ocean_menu_typo_transform_tablet":"","ocean_menu_typo_transform_mobile":"","ocean_menu_typo_line_height":0,"ocean_menu_typo_line_height_tablet":0,"ocean_menu_typo_line_height_mobile":0,"ocean_menu_typo_line_height_unit":"","ocean_menu_typo_spacing":0,"ocean_menu_typo_spacing_tablet":0,"ocean_menu_typo_spacing_mobile":0,"ocean_menu_typo_spacing_unit":"","ocean_menu_link_color":"","ocean_menu_link_color_hover":"","ocean_menu_link_color_active":"","ocean_menu_link_background":"","ocean_menu_link_hover_background":"","ocean_menu_link_active_background":"","ocean_menu_social_links_bg":"","ocean_menu_social_hover_links_bg":"","ocean_menu_social_links_color":"","ocean_menu_social_hover_links_color":"","ocean_disable_title":"default","ocean_disable_heading":"default","ocean_post_title":"","ocean_post_subheading":"","ocean_post_title_style":"","ocean_post_title_background_color":"","ocean_post_title_background":0,"ocean_post_title_bg_image_position":"","ocean_post_title_bg_image_attachment":"","ocean_post_title_bg_image_repeat":"","ocean_post_title_bg_image_size":"","ocean_post_title_height":0,"ocean_post_title_bg_overlay":0.5,"ocean_post_title_bg_overlay_color":"","ocean_disable_breadcrumbs":"default","ocean_breadcrumbs_color":"","ocean_breadcrumbs_separator_color":"","ocean_breadcrumbs_links_color":"","ocean_breadcrumbs_links_hover_color":"","ocean_display_footer_widgets":"default","ocean_display_footer_bottom":"default","ocean_custom_footer_template":"","ocean_post_oembed":"","ocean_post_self_hosted_media":"","ocean_post_video_embed":"","ocean_link_format":"","ocean_link_format_target":"self","ocean_quote_format":"","ocean_quote_format_link":"post","ocean_gallery_link_images":"on","ocean_gallery_id":[],"footnotes":""},"categories":[63],"tags":[],"class_list":["post-15887","post","type-post","status-publish","format-standard","hentry","category-khaebaerlaer-az","entry"],"_links":{"self":[{"href":"https:\/\/mdu.edu.az\/en\/wp-json\/wp\/v2\/posts\/15887","targetHints":{"allow":["GET"]}}],"collection":[{"href":"https:\/\/mdu.edu.az\/en\/wp-json\/wp\/v2\/posts"}],"about":[{"href":"https:\/\/mdu.edu.az\/en\/wp-json\/wp\/v2\/types\/post"}],"author":[{"embeddable":true,"href":"https:\/\/mdu.edu.az\/en\/wp-json\/wp\/v2\/users\/1"}],"replies":[{"embeddable":true,"href":"https:\/\/mdu.edu.az\/en\/wp-json\/wp\/v2\/comments?post=15887"}],"version-history":[{"count":0,"href":"https:\/\/mdu.edu.az\/en\/wp-json\/wp\/v2\/posts\/15887\/revisions"}],"wp:attachment":[{"href":"https:\/\/mdu.edu.az\/en\/wp-json\/wp\/v2\/media?parent=15887"}],"wp:term":[{"taxonomy":"category","embeddable":true,"href":"https:\/\/mdu.edu.az\/en\/wp-json\/wp\/v2\/categories?post=15887"},{"taxonomy":"post_tag","embeddable":true,"href":"https:\/\/mdu.edu.az\/en\/wp-json\/wp\/v2\/tags?post=15887"}],"curies":[{"name":"wp","href":"https:\/\/api.w.org\/{rel}","templated":true}]}}