{"id":15945,"date":"2021-06-17T12:27:11","date_gmt":"2021-06-17T09:27:11","guid":{"rendered":"https:\/\/mdu.edu.az\/u-a-b-yannam-si-az-rbaydzanla-t-rkiy-nin-zharda-l-n-b-t-n-d-nyaya-bildir-n-tarikhi-s-n-ddir\/"},"modified":"2021-06-17T12:27:11","modified_gmt":"2021-06-17T09:27:11","slug":"u-a-b-yannam-si-az-rbaydzanla-t-rkiy-nin-zharda-l-n-b-t-n-d-nyaya-bildir-n-tarikhi-s-n-ddir","status":"publish","type":"post","link":"https:\/\/mdu.edu.az\/en\/u-a-b-yannam-si-az-rbaydzanla-t-rkiy-nin-zharda-l-n-b-t-n-d-nyaya-bildir-n-tarikhi-s-n-ddir\/","title":{"rendered":"\u015eu\u015fa B\u0259yannam\u0259si &#8211; Az\u0259rbaycanla T\u00fcrkiy\u0259nin qarda\u015fl\u0131\u011f\u0131n\u0131  b\u00fct\u00fcn d\u00fcnyaya bildir\u0259n tarixi s\u0259n\u0259ddir."},"content":{"rendered":"<p style=\"margin-bottom: 6pt; text-align: center; text-indent: 36pt;\"><b><span style=\"font-size: 14pt; font-family: 'Times New Roman', serif; color: blue;\">\u015eu\u015fa B\u0259yannam\u0259si &#8211; Az\u0259rbaycanla T&uuml;rkiy\u0259nin qarda\u015fl\u0131\u011f\u0131n\u0131<\/span><\/b><\/p>\n<p style=\"margin-bottom: 6pt; text-align: center; text-indent: 36pt;\"><b><span style=\"font-size: 14pt; font-family: 'Times New Roman', serif; color: blue;\">b&uuml;t&uuml;n d&uuml;nyaya bildir\u0259n tarixi s\u0259n\u0259ddir.<\/span><\/b><\/p>\n<p style=\"margin-bottom: 6pt; text-align: justify; text-indent: 36pt; line-height: 12pt;\"><span style=\"font-size: 12pt; font-family: 'Times New Roman', serif;\"><\/span><\/p>\n<p style=\"margin-bottom: 6pt; text-align: justify; text-indent: 36pt; line-height: 12pt;\"><span style=\"font-size: 12pt; font-family: 'Times New Roman', serif; color: #000000;\">&Ouml;lk\u0259l\u0259rimiz aras\u0131nda m&uuml;nasib\u0259tl\u0259rin g\u0259l\u0259c\u0259yini m&uuml;\u0259yy\u0259n ed\u0259n B\u0259yannam\u0259 \u0259laq\u0259l\u0259rimizi \u0259n y&uuml;ks\u0259k s\u0259viyy\u0259y\u0259 qald\u0131r\u0131r. B\u0259yannam\u0259d\u0259 g&ouml;st\u0259ril\u0259n b&uuml;t&uuml;n m&uuml;dd\u0259alar keyfiyy\u0259tc\u0259 daha y&uuml;ks\u0259k i\u015fbirliyinin t\u0259minat\u0131d\u0131r. <\/span><\/p>\n<p style=\"margin-bottom: 6pt; text-align: justify; text-indent: 36pt; line-height: 12pt;\"><span style=\"font-size: 12pt; font-family: 'Times New Roman', serif; color: #000000;\">Az\u0259rbaycan il\u0259 T&uuml;rkiy\u0259nin \u0259m\u0259kda\u015fl\u0131q \u0259laq\u0259l\u0259ri unikal m&uuml;tt\u0259fiqlik n&uuml;mun\u0259sidir. \u0130mzalanm\u0131\u015f B\u0259yannam\u0259 tarix\u0259 \u0259saslan\u0131r. B\u0259yannam\u0259d\u0259 xalqlar\u0131m\u0131z\u0131n b&ouml;y&uuml;k liderl\u0259ri, &ouml;nd\u0259rl\u0259ri Mustafa Kamal Atat&uuml;rk&uuml;n v\u0259 Heyd\u0259r \u018fliyevin k\u0259lamlar\u0131 &ouml;z \u0259ksini tap\u0131b. <\/span><\/p>\n<p style=\"margin-bottom: 6pt; text-align: justify; text-indent: 36pt; line-height: 12pt;\"><span style=\"font-size: 12pt; font-family: 'Times New Roman', serif; color: #000000;\">XX \u0259srin \u0259vv\u0259ll\u0259rind\u0259 Mustafa Kamal Atat&uuml;rk&uuml;n &ldquo;Az\u0259rbaycan\u0131n sevinci sevincimiz, k\u0259d\u0259ri k\u0259d\u0259rimizdir&rdquo;, XX \u0259srin sonlar\u0131nda is\u0259 Ulu &Ouml;nd\u0259r Heyd\u0259r \u018fliyevin &ldquo;T&uuml;rkiy\u0259 v\u0259 Az\u0259rbaycan bir mill\u0259t, iki d&ouml;vl\u0259tdir&rdquo; k\u0259lamlar\u0131 qarda\u015fl\u0131\u011f\u0131m\u0131z\u0131n \u0259b\u0259di olmas\u0131n\u0131n bariz n&uuml;mun\u0259sdir.<\/span><\/p>\n<p style=\"margin-bottom: 6pt; text-align: justify; text-indent: 36pt; line-height: 12pt;\"><span style=\"font-size: 12pt; font-family: 'Times New Roman', serif; color: #000000;\">XXI \u0259srd\u0259 azad edilmi\u015f \u015eu\u015fada m&uuml;tt\u0259fiqlik B\u0259yannam\u0259sinin imzalanmas\u0131 bu c&uuml;r yana\u015fma v\u0259 f\u0259ls\u0259f\u0259nin \u0259b\u0259dil\u0259\u015fdirilm\u0259sinin t\u0259c\u0259ss&uuml;m&uuml;d&uuml;r. <\/span><\/p>\n<p style=\"margin-bottom: 6pt; text-align: justify; text-indent: 36pt; line-height: 12pt;\"><span style=\"font-size: 12pt; font-family: 'Times New Roman', serif; color: #000000;\">Strateji \u0259h\u0259miyy\u0259t k\u0259sb ed\u0259n b&uuml;t&uuml;n \u0259m\u0259kda\u015fl\u0131q istiqam\u0259tl\u0259rini \u0259hat\u0259 ed\u0259n B\u0259yannam\u0259d\u0259 bir &ccedil;ox &ouml;n\u0259mli m\u0259s\u0259l\u0259l\u0259r &ouml;z \u0259ksini tapm\u0131\u015fd\u0131r. Bel\u0259 ki,B\u0259yannam\u0259d\u0259 beyn\u0259lxalq m&uuml;st\u0259vid\u0259 birg\u0259 \u0259m\u0259kda\u015fl\u0131q, siyasi m&uuml;nasib\u0259tl\u0259r, iqtisadi-ticar\u0259t \u0259laq\u0259l\u0259ri, m\u0259d\u0259niyy\u0259t, t\u0259hsil, idman, g\u0259ncl\u0259r siyas\u0259ti, enerji t\u0259hl&uuml;k\u0259sizliyi, C\u0259nub Qaz D\u0259hlizinin T&uuml;rkiy\u0259, Az\u0259rbaycan v\u0259 Avropa &uuml;&ccedil;&uuml;n &ouml;n\u0259mi g&ouml;st\u0259rilir. B\u0259yannam\u0259d\u0259 m&uuml;dafi\u0259 sah\u0259sind\u0259 \u0259m\u0259kda\u015fl\u0131q v\u0259 qar\u015f\u0131l\u0131ql\u0131 h\u0259rbi yard\u0131m m\u0259s\u0259l\u0259l\u0259ri &ouml;z \u0259ksini tapmas\u0131 &ccedil;ox m&uuml;h&uuml;m tarixi nailiyy\u0259tdir. Bu, bir daha g&ouml;st\u0259rir ki, biz bundan sonra da h\u0259r zaman bir yerd\u0259 olaca\u011f\u0131q. Bundan sonra da bir-birimizin t\u0259hl&uuml;k\u0259sizliyini t\u0259min ed\u0259c\u0259yik. Nec\u0259 ki, bu g&uuml;n\u0259 q\u0259d\u0259r T&uuml;rkiy\u0259 v\u0259 Az\u0259rbaycan b&uuml;t&uuml;n m\u0259s\u0259l\u0259l\u0259rd\u0259 bir yerd\u0259dir, bundan sonra da bu, bel\u0259 olacaq. B\u0259yannam\u0259d\u0259 Z\u0259ng\u0259zur d\u0259hlizinin a&ccedil;\u0131lmas\u0131 il\u0259 ba\u011fl\u0131 &ccedil;ox a&ccedil;\u0131q ifad\u0259l\u0259rin &ouml;z \u0259ksini tapmas\u0131 tarixi hadis\u0259dir v\u0259 \u0130kinci Qaraba\u011f sava\u015f\u0131ndan sonra yaranm\u0131\u015f yeni geosiyasi v\u0259ziyy\u0259tin m\u0259ntiqi n\u0259tic\u0259sidir. <\/span><\/p>\n<p style=\"margin-bottom: 6pt; text-align: justify; text-indent: 36pt; line-height: 12pt;\"><span style=\"font-size: 12pt; font-family: 'Times New Roman', serif; color: #000000;\">Bu g&uuml;n biz T&uuml;rkiy\u0259 il\u0259 Az\u0259rbaycan\u0131 d\u0259miryolu v\u0259 avtomobil yolu il\u0259 birl\u0259\u015fdir\u0259c\u0259k Z\u0259ng\u0259zur d\u0259hlizi haqq\u0131nda n\u0259inki dan\u0131\u015f\u0131r\u0131q, biz \u0259m\u0259li, praktiki i\u015fl\u0259rl\u0259 bu d\u0259hlizi yarad\u0131r\u0131q. M&uuml;tt\u0259fiqlik haqq\u0131nda imzalanm\u0131\u015f birg\u0259 B\u0259yannam\u0259d\u0259 bu m\u0259s\u0259l\u0259nin \u0259ks olunmas\u0131 b&ouml;y&uuml;k m\u0259na da\u015f\u0131maqdad\u0131r.<\/span><\/p>\n<p style=\"margin-bottom: 6pt; text-align: justify; text-indent: 36pt; line-height: 12pt;\"><span style=\"font-size: 12pt; font-family: 'Times New Roman', serif; color: #000000;\">M&uuml;dafi\u0259 s\u0259nayesi sah\u0259sind\u0259 \u0259laq\u0259l\u0259rin inki\u015faf\u0131 &ouml;lk\u0259l\u0259rin h\u0259rbi q&uuml;dr\u0259tini art\u0131racaqd\u0131r. Az\u0259rbaycan bu prosesd\u0259 istehsal m\u0259rk\u0259zi kimi inki\u015faf ed\u0259c\u0259kdir.<\/span><\/p>\n<p style=\"margin-bottom: 6pt; text-align: justify; text-indent: 36pt; line-height: 12pt;\"><span style=\"font-size: 12pt; font-family: 'Times New Roman', serif; color: #000000;\">\u015eu\u015fa B\u0259yannam\u0259si Az\u0259rbaycan v\u0259 T&uuml;rkiy\u0259 qarda\u015fl\u0131\u011f\u0131n\u0131 b&uuml;t&uuml;n d&uuml;nyaya bildir\u0259n bir mesajd\u0131r. Q\u0259dim \u015f\u0259h\u0259rimiz olan \u015eu\u015fadan veril\u0259n a&ccedil;\u0131qlamalar b&uuml;t&uuml;n d&uuml;nyaya s\u0259s salacaq, bunun b&ouml;y&uuml;k \u0259ks-s\u0259das\u0131 olacaq. Bu s\u0259f\u0259rin tarixi \u0259h\u0259miyy\u0259ti bundan sonra uzun ill\u0259r \u0259rzind\u0259 dill\u0259rd\u0259 olacaqd\u0131r. \u015eu\u015fada dal\u011falanan Az\u0259rbaycan v\u0259 T&uuml;rkiy\u0259 bayraqlar\u0131 &ouml;lk\u0259l\u0259rimizin birliyini n&uuml;mayi\u015f etdirmi\u015f oldu. \u0130kinci Qaraba\u011f m&uuml;harib\u0259si ba\u015flanan g&uuml;n&uuml;n ilk saatlardan T&uuml;rkiy\u0259 Prezidenti Az\u0259rbaycana birm\u0259nal\u0131, d\u0259qiq v\u0259 a&ccedil;\u0131q d\u0259st\u0259yini ifad\u0259 edib. M&uuml;harib\u0259nin ilk saatlar\u0131ndan T&uuml;rkiy\u0259 Prezidenti bildirdi ki, Az\u0259rbaycan t\u0259k deyil. Bu h\u0259m bizi ruhland\u0131rd\u0131, eyni zamanda, m&uuml;daxil\u0259 etm\u0259k fikrind\u0259 olan b&uuml;t&uuml;n q&uuml;vv\u0259l\u0259ri, dair\u0259l\u0259ri dayand\u0131rd\u0131. <\/span><\/p>\n<p style=\"margin-bottom: 6pt; text-align: justify; text-indent: 36pt; line-height: 12pt;\"><span style=\"font-size: 12pt; font-family: 'Times New Roman', serif; color: #000000;\">\u015eu\u015fa \u015f\u0259h\u0259rind\u0259 qarda\u015f T&uuml;rkiy\u0259nin ba\u015f konsullu\u011funun a&ccedil;\u0131lmas\u0131na dair q\u0259bul olunmu\u015f q\u0259rar iki &ouml;lk\u0259 aras\u0131nda m&uuml;nasib\u0259tl\u0259ri d\u0259rinl\u0259\u015fdirm\u0259kl\u0259 yana\u015f\u0131, T&uuml;rkiy\u0259nin i\u015f\u011faldan azad olunmu\u015f \u0259razil\u0259rd\u0259 apar\u0131lacaq b\u0259rpa-quruculuq i\u015fl\u0259rind\u0259 oynayaca\u011f\u0131 roldan x\u0259b\u0259r verir.<\/span><\/p>\n<p style=\"margin-bottom: 6pt; text-align: justify; text-indent: 36pt; line-height: 12pt;\"><span style=\"font-size: 12pt; font-family: 'Times New Roman', serif; color: #000000;\">B&uuml;t&uuml;n m&uuml;st\u0259vil\u0259rd\u0259 inki\u015faf ed\u0259n qarda\u015fl\u0131q \u0259laq\u0259l\u0259ri i\u015f\u011faldan azad olunmu\u015f \u0259razil\u0259rin b\u0259rpas\u0131 prosesini s&uuml;r\u0259tl\u0259ndir\u0259c\u0259kdir. V\u0259t\u0259n m&uuml;harib\u0259sind\u0259 oldu\u011fu kimi, i\u015f\u011faldan azad olunmu\u015f \u0259razil\u0259rd\u0259 apar\u0131lan yenid\u0259nqurma i\u015fl\u0259rind\u0259 d\u0259 Az\u0259rbaycan il\u0259 T&uuml;rkiy\u0259 aras\u0131nda s\u0131x \u0259m\u0259kda\u015fl\u0131q m&ouml;vcuddur. Bu \u0259m\u0259kda\u015fl\u0131q s&ouml;z&uuml;n \u0259sl m\u0259nas\u0131nda qarda\u015fl\u0131q,dostluq \u0259laqal\u0259rinin \u0259n y&uuml;ks\u0259k s\u0259viyy\u0259di olud\u011funu d&uuml;nyaya s&uuml;but edir. <\/span><\/p>\n<p style=\"margin-bottom: 6pt; text-align: justify; text-indent: 36pt; line-height: 12pt;\"><span style=\"font-size: 12pt; font-family: 'Times New Roman', serif; color: #000000;\">Ya\u015fas\u0131n \u0259b\u0259di olan Az\u0259rbaycan T&uuml;rkiy\u0259 qarda\u015fl\u0131\u011f\u0131.<\/span><\/p>\n<p style=\"margin-bottom: 6pt; text-align: justify; text-indent: 36pt; line-height: 12pt;\"><span style=\"font-size: 12pt; font-family: 'Times New Roman', serif; color: #000000;\"><\/span><\/p>\n<p style=\"margin-bottom: 6pt; text-align: justify; text-indent: 36pt; line-height: 12pt;\"><span style=\"font-size: 12pt; font-family: 'Times New Roman', serif; color: #000000;\"><\/span><\/p>\n<p style=\"margin-bottom: 6pt; text-align: justify; text-indent: 36pt; line-height: 12pt;\"><span style=\"color: #000000;\"><b><span style=\"font-size: 12pt; font-family: 'Times New Roman', serif;\">Esmira C\u0259f\u0259rova,<\/span><\/b><\/span><\/p>\n<p style=\"margin-bottom: 6pt; text-align: justify; text-indent: 36pt; line-height: 12pt;\"><span style=\"color: #000000;\"><b><span style=\"font-size: 12pt; font-family: 'Times New Roman', serif;\">Siyasi elml\u0259r &uuml;zr\u0259 f\u0259ls\u0259f\u0259 doktoru<\/span><\/b><\/span><\/p>","protected":false},"excerpt":{"rendered":"<p>\u015eu\u015fa B\u0259yannam\u0259si &#8211; Az\u0259rbaycanla T&uuml;rkiy\u0259nin qarda\u015fl\u0131\u011f\u0131n\u0131 b&uuml;t&uuml;n d&uuml;nyaya bildir\u0259n tarixi s\u0259n\u0259ddir. &Ouml;lk\u0259l\u0259rimiz aras\u0131nda m&uuml;nasib\u0259tl\u0259rin g\u0259l\u0259c\u0259yini m&uuml;\u0259yy\u0259n ed\u0259n B\u0259yannam\u0259 \u0259laq\u0259l\u0259rimizi \u0259n y&uuml;ks\u0259k s\u0259viyy\u0259y\u0259 qald\u0131r\u0131r. B\u0259yannam\u0259d\u0259 g&ouml;st\u0259ril\u0259n b&uuml;t&uuml;n m&uuml;dd\u0259alar keyfiyy\u0259tc\u0259 daha y&uuml;ks\u0259k i\u015fbirliyinin t\u0259minat\u0131d\u0131r. Az\u0259rbaycan il\u0259 T&uuml;rkiy\u0259nin \u0259m\u0259kda\u015fl\u0131q \u0259laq\u0259l\u0259ri unikal m&uuml;tt\u0259fiqlik n&uuml;mun\u0259sidir. \u0130mzalanm\u0131\u015f B\u0259yannam\u0259 tarix\u0259 \u0259saslan\u0131r. B\u0259yannam\u0259d\u0259 xalqlar\u0131m\u0131z\u0131n b&ouml;y&uuml;k liderl\u0259ri, &ouml;nd\u0259rl\u0259ri Mustafa Kamal Atat&uuml;rk&uuml;n v\u0259 Heyd\u0259r \u018fliyevin [&hellip;]<\/p>\n","protected":false},"author":1,"featured_media":0,"comment_status":"open","ping_status":"open","sticky":false,"template":"","format":"standard","meta":{"_eb_attr":"","ocean_post_layout":"","ocean_both_sidebars_style":"","ocean_both_sidebars_content_width":0,"ocean_both_sidebars_sidebars_width":0,"ocean_sidebar":"","ocean_second_sidebar":"","ocean_disable_margins":"enable","ocean_add_body_class":"","ocean_shortcode_before_top_bar":"","ocean_shortcode_after_top_bar":"","ocean_shortcode_before_header":"","ocean_shortcode_after_header":"","ocean_has_shortcode":"","ocean_shortcode_after_title":"","ocean_shortcode_before_footer_widgets":"","ocean_shortcode_after_footer_widgets":"","ocean_shortcode_before_footer_bottom":"","ocean_shortcode_after_footer_bottom":"","ocean_display_top_bar":"default","ocean_display_header":"default","ocean_header_style":"","ocean_center_header_left_menu":"","ocean_custom_header_template":"","ocean_custom_logo":0,"ocean_custom_retina_logo":0,"ocean_custom_logo_max_width":0,"ocean_custom_logo_tablet_max_width":0,"ocean_custom_logo_mobile_max_width":0,"ocean_custom_logo_max_height":0,"ocean_custom_logo_tablet_max_height":0,"ocean_custom_logo_mobile_max_height":0,"ocean_header_custom_menu":"","ocean_menu_typo_font_family":"","ocean_menu_typo_font_subset":"","ocean_menu_typo_font_size":0,"ocean_menu_typo_font_size_tablet":0,"ocean_menu_typo_font_size_mobile":0,"ocean_menu_typo_font_size_unit":"px","ocean_menu_typo_font_weight":"","ocean_menu_typo_font_weight_tablet":"","ocean_menu_typo_font_weight_mobile":"","ocean_menu_typo_transform":"","ocean_menu_typo_transform_tablet":"","ocean_menu_typo_transform_mobile":"","ocean_menu_typo_line_height":0,"ocean_menu_typo_line_height_tablet":0,"ocean_menu_typo_line_height_mobile":0,"ocean_menu_typo_line_height_unit":"","ocean_menu_typo_spacing":0,"ocean_menu_typo_spacing_tablet":0,"ocean_menu_typo_spacing_mobile":0,"ocean_menu_typo_spacing_unit":"","ocean_menu_link_color":"","ocean_menu_link_color_hover":"","ocean_menu_link_color_active":"","ocean_menu_link_background":"","ocean_menu_link_hover_background":"","ocean_menu_link_active_background":"","ocean_menu_social_links_bg":"","ocean_menu_social_hover_links_bg":"","ocean_menu_social_links_color":"","ocean_menu_social_hover_links_color":"","ocean_disable_title":"default","ocean_disable_heading":"default","ocean_post_title":"","ocean_post_subheading":"","ocean_post_title_style":"","ocean_post_title_background_color":"","ocean_post_title_background":0,"ocean_post_title_bg_image_position":"","ocean_post_title_bg_image_attachment":"","ocean_post_title_bg_image_repeat":"","ocean_post_title_bg_image_size":"","ocean_post_title_height":0,"ocean_post_title_bg_overlay":0.5,"ocean_post_title_bg_overlay_color":"","ocean_disable_breadcrumbs":"default","ocean_breadcrumbs_color":"","ocean_breadcrumbs_separator_color":"","ocean_breadcrumbs_links_color":"","ocean_breadcrumbs_links_hover_color":"","ocean_display_footer_widgets":"default","ocean_display_footer_bottom":"default","ocean_custom_footer_template":"","ocean_post_oembed":"","ocean_post_self_hosted_media":"","ocean_post_video_embed":"","ocean_link_format":"","ocean_link_format_target":"self","ocean_quote_format":"","ocean_quote_format_link":"post","ocean_gallery_link_images":"on","ocean_gallery_id":[],"footnotes":""},"categories":[63],"tags":[],"class_list":["post-15945","post","type-post","status-publish","format-standard","hentry","category-khaebaerlaer-az","entry"],"_links":{"self":[{"href":"https:\/\/mdu.edu.az\/en\/wp-json\/wp\/v2\/posts\/15945","targetHints":{"allow":["GET"]}}],"collection":[{"href":"https:\/\/mdu.edu.az\/en\/wp-json\/wp\/v2\/posts"}],"about":[{"href":"https:\/\/mdu.edu.az\/en\/wp-json\/wp\/v2\/types\/post"}],"author":[{"embeddable":true,"href":"https:\/\/mdu.edu.az\/en\/wp-json\/wp\/v2\/users\/1"}],"replies":[{"embeddable":true,"href":"https:\/\/mdu.edu.az\/en\/wp-json\/wp\/v2\/comments?post=15945"}],"version-history":[{"count":0,"href":"https:\/\/mdu.edu.az\/en\/wp-json\/wp\/v2\/posts\/15945\/revisions"}],"wp:attachment":[{"href":"https:\/\/mdu.edu.az\/en\/wp-json\/wp\/v2\/media?parent=15945"}],"wp:term":[{"taxonomy":"category","embeddable":true,"href":"https:\/\/mdu.edu.az\/en\/wp-json\/wp\/v2\/categories?post=15945"},{"taxonomy":"post_tag","embeddable":true,"href":"https:\/\/mdu.edu.az\/en\/wp-json\/wp\/v2\/tags?post=15945"}],"curies":[{"name":"wp","href":"https:\/\/api.w.org\/{rel}","templated":true}]}}