{"id":15947,"date":"2021-06-18T09:46:19","date_gmt":"2021-06-18T06:46:19","guid":{"rendered":"https:\/\/mdu.edu.az\/az-rbaydzanda-f-aliyy-t-zh-st-r-n-siyasi-partiyalar-u-a-b-yannam-sinin-imzalanmas-il-lag-dar-b-yanat-yay-blar-az-rtadz\/"},"modified":"2021-06-18T09:46:19","modified_gmt":"2021-06-18T06:46:19","slug":"az-rbaydzanda-f-aliyy-t-zh-st-r-n-siyasi-partiyalar-u-a-b-yannam-sinin-imzalanmas-il-lag-dar-b-yanat-yay-blar-az-rtadz","status":"publish","type":"post","link":"https:\/\/mdu.edu.az\/en\/az-rbaydzanda-f-aliyy-t-zh-st-r-n-siyasi-partiyalar-u-a-b-yannam-sinin-imzalanmas-il-lag-dar-b-yanat-yay-blar-az-rtadz\/","title":{"rendered":"Az\u0259rbaycanda f\u0259aliyy\u0259t g\u00f6st\u0259r\u0259n siyasi partiyalar \u015eu\u015fa B\u0259yannam\u0259sinin imzalanmas\u0131 il\u0259 \u0259laq\u0259dar b\u0259yanat yay\u0131blar (AZ\u018fRTAC)"},"content":{"rendered":"<p style=\"text-align: center;\"><b><span style=\"font-size: 14pt; font-family: Arial; color: navy;\">Az\u0259rbaycanda f\u0259aliyy\u0259t g&ouml;st\u0259r\u0259n siyasi partiyalar \u015eu\u015fa<\/span><\/b><span style=\"font-size: 14pt; font-family: Arial; color: navy;\"> <\/span><b><span style=\"font-size: 14pt; font-family: Arial; color: navy;\">B\u0259yannam\u0259sinin imzalanmas\u0131 il\u0259 \u0259laq\u0259dar b\u0259yanat yay\u0131blar<\/span><\/b><\/p>\n<p style=\"text-align: justify; text-indent: 27pt;\"><span style=\"font-family: Arial;\"><\/span><\/p>\n<p style=\"text-align: justify; text-indent: 27pt;\"><span style=\"font-family: Arial;\"><span style=\"color: #000000;\">Bak\u0131, 16 iyun,<\/span> <a href=\"https:\/\/azertag.az\/xeber\/Azerbaycanda_fealiyyet_gosteren_siyasi_partiyalar_Susa_Beyannamesinin_imzalanmasi_ile_elaqedar_beyanat_yayiblar-1808591#.YMw86y-ftus.whatsapp\" target=\"_blank\" rel=\"noopener\">AZ\u018fRTAC<\/a><\/span><\/p>\n<p style=\"text-align: justify; text-indent: 27pt;\"><span style=\"font-family: Arial;\"><\/span><\/p>\n<p style=\"text-align: justify; text-indent: 27pt;\"><span style=\"font-family: Arial; color: #000000;\">Az\u0259rbaycanda f\u0259aliyy\u0259t g&ouml;st\u0259r\u0259n siyasi partiyalar &ldquo;Az\u0259rbaycan Respublikas\u0131 il\u0259 T&uuml;rkiy\u0259 Respublikas\u0131 aras\u0131nda m&uuml;tt\u0259fiqlik m&uuml;nasib\u0259tl\u0259ri haqq\u0131nda \u015eu\u015fa B\u0259yannam\u0259si&rdquo;nin imzalanmas\u0131 il\u0259 \u0259laq\u0259dar b\u0259yanat yay\u0131blar.<\/span><\/p>\n<p style=\"text-align: justify; text-indent: 27pt;\"><span style=\"font-family: Arial;\"><a href=\"https:\/\/azertag.az\/xeber\/Azerbaycanda_fealiyyet_gosteren_siyasi_partiyalar_Susa_Beyannamesinin_imzalanmasi_ile_elaqedar_beyanat_yayiblar-1808591#.YMw86y-ftus.whatsapp\" target=\"_blank\" rel=\"noopener\">AZ\u018fRTAC<\/a><span style=\"color: #000000;\"> b\u0259yanat\u0131 t\u0259qdim edir. B\u0259yanatda deyilir: <\/span><\/span><\/p>\n<p style=\"text-align: justify; text-indent: 27pt;\"><span style=\"font-family: Arial; color: #000000;\">&ldquo;2021-ci il iyunun 15-d\u0259 &#8211; tarixi Qars m&uuml;qavil\u0259sind\u0259n y&uuml;z il sonra iki dost v\u0259 qarda\u015f &ouml;lk\u0259 aras\u0131nda imzalanan m&uuml;tt\u0259fiqlik m&uuml;nasib\u0259tl\u0259rin\u0259 dair \u015eu\u015fa B\u0259yannam\u0259si b&ouml;y&uuml;k tarixi v\u0259 strateji \u0259h\u0259miyy\u0259t\u0259 malikdir. T&uuml;rkiy\u0259 C&uuml;mhuriyy\u0259tinin qurucusu Mustafa Kamal Atat&uuml;rk&uuml;n v\u0259 Az\u0259rbaycan xalq\u0131n\u0131n &uuml;mummilli lideri Heyd\u0259r \u018fliyevin s&ouml;yl\u0259dikl\u0259ri &ldquo;Az\u0259rbaycan\u0131n sevinci bizim sevincimiz, k\u0259d\u0259ri bizim k\u0259d\u0259rimizdir&rdquo; v\u0259 &ldquo;Bir mill\u0259t, iki d&ouml;vl\u0259t&rdquo; ifad\u0259l\u0259rinin xalqlar\u0131m\u0131z\u0131n milli-m\u0259n\u0259vi s\u0259rv\u0259ti kimi d\u0259y\u0259rl\u0259ndirildiyi bu B\u0259yannam\u0259 iki qarda\u015f &ouml;lk\u0259 aras\u0131ndak\u0131 b&uuml;t&uuml;n strateji \u0259laq\u0259l\u0259ri \u0259n y&uuml;ks\u0259k s\u0259viyy\u0259y\u0259 qald\u0131r\u0131r. Az\u0259rbaycan-T&uuml;rkiy\u0259 m&uuml;nasib\u0259tl\u0259rinin bu \u015f\u0259kild\u0259 inki\u015faf\u0131 dostlar\u0131m\u0131z\u0131 sevindirir, &ouml;lk\u0259mizin g&uuml;cl\u0259nm\u0259sini, rifah\u0131n\u0131 v\u0259 t\u0259hl&uuml;k\u0259sizliyini ist\u0259m\u0259y\u0259nl\u0259ri is\u0259 m\u0259yus edir. <\/span><\/p>\n<p style=\"text-align: justify; text-indent: 27pt;\"><span style=\"font-family: Arial; color: #000000;\">Biz &ndash; Az\u0259rbaycanda f\u0259aliyy\u0259t g&ouml;st\u0259r\u0259n siyasi partiyalar m&uuml;st\u0259qillik, suverenlik, \u0259razi b&uuml;t&ouml;vl&uuml;y&uuml;, beyn\u0259lxalq s\u0259viyy\u0259d\u0259 tan\u0131nm\u0131\u015f s\u0259rh\u0259dl\u0259rin toxunulmazl\u0131\u011f\u0131, d&ouml;vl\u0259tl\u0259rin daxili i\u015fl\u0259rin\u0259 qar\u0131\u015fmamaq prinsipl\u0259rini r\u0259hb\u0259r tutan, milli maraq v\u0259 m\u0259nafel\u0259rini m&uuml;dafi\u0259 v\u0259 t\u0259min etm\u0259y\u0259 y&ouml;n\u0259lmi\u015f m&uuml;st\u0259qil xarici siyas\u0259t h\u0259yata ke&ccedil;ir\u0259n h\u0259r iki &ouml;lk\u0259 t\u0259r\u0259find\u0259n m&uuml;tt\u0259fiqlik m&uuml;nasib\u0259tl\u0259rinin qurulmas\u0131n\u0131n siyasi v\u0259 h&uuml;quqi mexanizml\u0259rini m&uuml;\u0259yy\u0259nl\u0259\u015fdir\u0259n \u015eu\u015fa B\u0259yannam\u0259sinin m&uuml;h&uuml;m tarixi v\u0259 strateji \u0259h\u0259miyy\u0259t k\u0259sb etdiyini bildiririk. <\/span><\/p>\n<p style=\"text-align: justify; text-indent: 27pt;\"><span style=\"font-family: Arial; color: #000000;\">B\u0259yannam\u0259d\u0259 milli m\u0259nafel\u0259r bax\u0131m\u0131ndan siyasi, h\u0259rbi v\u0259 t\u0259hl&uuml;k\u0259sizlik sah\u0259l\u0259rind\u0259 \u0259laq\u0259l\u0259ndirilmi\u015f v\u0259 birg\u0259 f\u0259aliyy\u0259tl\u0259rin t\u0259\u015fviq edilm\u0259si x&uuml;susi yer tutur. T\u0259r\u0259fl\u0259rd\u0259n h\u0259r hans\u0131 birinin m&uuml;st\u0259qilliyin\u0259, suverenliyin\u0259, \u0259razi b&uuml;t&ouml;vl&uuml;y&uuml;n\u0259, beyn\u0259lxalq s\u0259viyy\u0259d\u0259 tan\u0131nm\u0131\u015f s\u0259rh\u0259dl\u0259rinin toxunulmazl\u0131\u011f\u0131na v\u0259 ya t\u0259hl&uuml;k\u0259sizliyin\u0259 qar\u015f\u0131 &uuml;&ccedil;&uuml;nc&uuml; d&ouml;vl\u0259t v\u0259 ya d&ouml;vl\u0259tl\u0259r t\u0259r\u0259find\u0259n t\u0259hdid v\u0259 ya t\u0259cav&uuml;z edildiyi t\u0259qdird\u0259, birg\u0259 m\u0259sl\u0259h\u0259tl\u0259\u015fm\u0259l\u0259r apar\u0131lmas\u0131, beyn\u0259lxalq h&uuml;quq kontekstind\u0259 bu t\u0259hdid v\u0259 ya t\u0259cav&uuml;z&uuml;n aradan qald\u0131r\u0131lmas\u0131 istiqam\u0259tind\u0259 birg\u0259 f\u0259aliyy\u0259t g&ouml;st\u0259rilm\u0259sini d\u0259st\u0259kl\u0259yirik.<\/span><\/p>\n<p style=\"text-align: justify; text-indent: 27pt;\"><span style=\"font-family: Arial; color: #000000;\">\u015eu\u015fa B\u0259yannam\u0259sind\u0259 Silahl\u0131 Q&uuml;vv\u0259l\u0259rimizin m&uuml;asir t\u0259l\u0259bl\u0259r\u0259 uy\u011fun olaraq yenid\u0259n formala\u015fd\u0131r\u0131lmas\u0131 v\u0259 modernl\u0259\u015fdirilm\u0259si istiqam\u0259tind\u0259 birg\u0259 s\u0259yl\u0259rin g&ouml;st\u0259rilm\u0259si, iki &ouml;lk\u0259nin silahl\u0131 q&uuml;vv\u0259l\u0259rinin birlikd\u0259 f\u0259aliyy\u0259t qabiliyy\u0259tinin art\u0131r\u0131lmas\u0131, h\u0259r iki &ouml;lk\u0259nin T\u0259hl&uuml;k\u0259sizlik \u015furalar\u0131n\u0131n milli t\u0259hl&uuml;k\u0259sizlik m\u0259s\u0259l\u0259l\u0259ri &uuml;zr\u0259 m&uuml;nt\u0259z\u0259m olaraq birg\u0259 iclaslar\u0131n\u0131n ke&ccedil;irilm\u0259sini y&uuml;ks\u0259k d\u0259y\u0259rl\u0259ndiririk.<\/span><\/p>\n<p style=\"text-align: justify; text-indent: 27pt;\"><span style=\"font-family: Arial; color: #000000;\">Milli iqtisadiyyatlar\u0131n v\u0259 ixrac\u0131n \u015fax\u0259l\u0259ndirilm\u0259si &uuml;zr\u0259 s\u0259yl\u0259rin art\u0131r\u0131lmas\u0131, iqtisadi \u0259laq\u0259l\u0259r\u0259 b&ouml;y&uuml;k t&ouml;hf\u0259 ver\u0259c\u0259k, Az\u0259rbaycan il\u0259 T&uuml;rkiy\u0259ni birl\u0259\u015fdir\u0259c\u0259k Z\u0259ng\u0259zur d\u0259hlizinin a&ccedil;\u0131lmas\u0131, regionda n\u0259qliyyat-kommunikasiya \u0259laq\u0259l\u0259rinin b\u0259rpas\u0131, beyn\u0259lxalq n\u0259qliyyat d\u0259hlizl\u0259rinin inki\u015faf\u0131n\u0131n t\u0259\u015fviqi kimi aktual m\u0259s\u0259l\u0259l\u0259ri, h\u0259m&ccedil;inin Az\u0259rbaycan v\u0259 t&uuml;rk diasporlar\u0131 aras\u0131nda \u0259m\u0259kda\u015fl\u0131\u011f\u0131n daha da inki\u015faf etdirilm\u0259si, milli m\u0259nafel\u0259rin qorunmas\u0131na dair tarixi h\u0259qiq\u0259tl\u0259rin d&uuml;nya ictimaiyy\u0259tin\u0259 &ccedil;atd\u0131r\u0131lmas\u0131nda diaspor f\u0259aliyy\u0259tinin \u0259laq\u0259l\u0259ndirilm\u0259si t\u0259\u015f\u0259bb&uuml;sl\u0259rini alq\u0131\u015flay\u0131r\u0131q.<\/span><\/p>\n<p style=\"text-align: justify; text-indent: 27pt;\"><span style=\"font-family: Arial; color: #000000;\">Az\u0259rbaycan-T&uuml;rkiy\u0259 m&uuml;nasib\u0259tl\u0259ri haz\u0131rda &ouml;z&uuml;n&uuml;n \u0259n uca zirv\u0259sin\u0259 y&uuml;ks\u0259lib. Xalqlar\u0131m\u0131z\u0131n eyni soyk&ouml;k\u0259, dil\u0259, din\u0259, m\u0259d\u0259niyy\u0259t\u0259 v\u0259 bir &ccedil;ox dig\u0259r ortaq d\u0259y\u0259rl\u0259r\u0259, s\u0131x ba\u011flara malik olmas\u0131 &ouml;lk\u0259l\u0259rimizi h\u0259mi\u015f\u0259 bir-birin\u0259 yax\u0131n edib, xalqlar\u0131m\u0131z sevincli, k\u0259d\u0259rli g&uuml;nl\u0259rd\u0259 daim bir-birinin yan\u0131nda olub. Erm\u0259nistan\u0131n 30 illik t\u0259cav&uuml;z&uuml;n\u0259 son qoyulmas\u0131nda, i\u015f\u011fal alt\u0131ndak\u0131 torpaqlar\u0131n d&uuml;\u015fm\u0259nd\u0259n azad olunmas\u0131nda, Az\u0259rbaycan\u0131n \u0259razi b&uuml;t&ouml;vl&uuml;y&uuml;n&uuml;n b\u0259rpa edilm\u0259sind\u0259 T&uuml;rkiy\u0259nin m\u0259n\u0259vi-siyasi d\u0259st\u0259yi xalq\u0131m\u0131z\u0131n h\u0259r bir n&uuml;may\u0259nd\u0259si v\u0259 siyasi partiya &uuml;zvl\u0259ri t\u0259r\u0259find\u0259n y&uuml;ks\u0259k qiym\u0259tl\u0259ndirilir. Haz\u0131rda Qafqaz regionunda sabitliyin v\u0259 t\u0259hl&uuml;k\u0259sizliyin m&ouml;hk\u0259ml\u0259ndirilm\u0259si, b&uuml;t&uuml;n iqtisadi v\u0259 n\u0259qliyyat \u0259laq\u0259l\u0259rinin b\u0259rpas\u0131, el\u0259c\u0259 d\u0259 region &ouml;lk\u0259l\u0259ri aras\u0131nda m&uuml;nasib\u0259tl\u0259rin normalla\u015fd\u0131r\u0131lmas\u0131 v\u0259 uzunm&uuml;dd\u0259tli s&uuml;lh&uuml;n t\u0259min edilm\u0259si istiqam\u0259tind\u0259 &ouml;lk\u0259l\u0259rimizin birg\u0259 t\u0259\u015f\u0259bb&uuml;sl\u0259ri d&uuml;nya d&ouml;vl\u0259tl\u0259ri &uuml;&ccedil;&uuml;n \u0259n g&ouml;z\u0259l n&uuml;mun\u0259dir. <\/span><\/p>\n<p style=\"text-align: justify; text-indent: 27pt;\"><span style=\"font-family: Arial; color: #000000;\">Biz &ndash; Az\u0259rbaycanda f\u0259aliyy\u0259t g&ouml;st\u0259r\u0259n siyasi partiyalar Az\u0259rbaycan\u0131n v\u0259 b&uuml;t&ouml;vl&uuml;kd\u0259 T&uuml;rk d&uuml;nyas\u0131n\u0131n q\u0259dim m\u0259d\u0259niyy\u0259t be\u015fiyi olan \u015eu\u015fa \u015f\u0259h\u0259rind\u0259 Az\u0259rbaycan v\u0259 T&uuml;rkiy\u0259 aras\u0131nda imzalanm\u0131\u015f \u015eu\u015fa B\u0259yannam\u0259sini &ouml;lk\u0259l\u0259rimizin keyfiyy\u0259t bax\u0131m\u0131ndan yeni \u0259laq\u0259l\u0259rinin inki\u015faf\u0131 v\u0259 h\u0259r iki &ouml;lk\u0259nin g\u0259l\u0259c\u0259k birg\u0259 f\u0259aliyy\u0259tinin vacib \u0259sas\u0131 hesab edir v\u0259 bu y&uuml;ks\u0259k strateji m&uuml;tt\u0259fiqlikd\u0259 d&ouml;vl\u0259timizin yan\u0131nda oldu\u011fumuzu b\u0259yan edirik.<\/span><\/p>\n<p style=\"text-align: justify; text-indent: 27pt;\"><span style=\"font-family: Arial; color: #000000;\">Ya\u015fas\u0131n Az\u0259rbaycan-T&uuml;rkiy\u0259 dostlu\u011fu v\u0259 qarda\u015fl\u0131\u011f\u0131!<\/span><\/p>\n<p style=\"text-align: justify; text-indent: 27pt;\"><span style=\"font-family: Arial; color: #000000;\">1. Yeni Az\u0259rbaycan Partiyas\u0131n\u0131n s\u0259dr m&uuml;avini &ndash; M\u0259rk\u0259zi Aparat\u0131n r\u0259hb\u0259ri Tahir Budaqov<\/span><\/p>\n<p style=\"text-align: justify; text-indent: 27pt;\"><span style=\"font-family: Arial; color: #000000;\">2. V\u0259t\u0259nda\u015f H\u0259mr\u0259yliyi Partiyas\u0131n\u0131n s\u0259dri Sabir R&uuml;st\u0259mxanl\u0131<\/span><\/p>\n<p style=\"text-align: justify; text-indent: 27pt;\"><span style=\"font-family: Arial; color: #000000;\">3. &ldquo;Ana V\u0259t\u0259n&rdquo; Partiyas\u0131n\u0131n s\u0259dri F\u0259zail A\u011famal\u0131<\/span><\/p>\n<p style=\"text-align: justify; text-indent: 27pt;\"><span style=\"font-family: Arial; color: #000000;\">4. B&uuml;t&ouml;v Az\u0259rbaycan Xalq C\u0259bh\u0259si Partiyas\u0131n\u0131n s\u0259dri Q&uuml;dr\u0259t H\u0259s\u0259nquliyev<\/span><\/p>\n<p style=\"text-align: justify; text-indent: 27pt;\"><span style=\"font-family: Arial; color: #000000;\">5. B&ouml;y&uuml;k Qurulu\u015f Partiyas\u0131n\u0131n s\u0259dri Fazil Mustafa<\/span><\/p>\n<p style=\"text-align: justify; text-indent: 27pt;\"><span style=\"font-family: Arial; color: #000000;\">6. V\u0259hd\u0259t Partiyas\u0131n\u0131n s\u0259dri Tahir K\u0259rimli<\/span><\/p>\n<p style=\"text-align: justify; text-indent: 27pt;\"><span style=\"font-family: Arial; color: #000000;\">7. Az\u0259rbaycan Demokratik Maarif&ccedil;ilik Partiyas\u0131n\u0131n s\u0259dri El\u015f\u0259n Musayev<\/span><\/p>\n<p style=\"text-align: justify; text-indent: 27pt;\"><span style=\"font-family: Arial; color: #000000;\">8. Demokratik \u0130slahatlar Partiyas\u0131n\u0131n s\u0259dri Asim Mollazad\u0259<\/span><\/p>\n<p style=\"text-align: justify; text-indent: 27pt;\"><span style=\"font-family: Arial; color: #000000;\">9. V\u0259t\u0259nda\u015f Birliyi Partiyas\u0131n\u0131n s\u0259dri Sabir Hac\u0131yev<\/span><\/p>\n<p style=\"text-align: justify; text-indent: 27pt;\"><span style=\"font-family: Arial; color: #000000;\">10. Milli C\u0259bh\u0259 Partiyas\u0131n\u0131n s\u0259dri Razi Nurullayev<\/span><\/p>\n<p style=\"text-align: justify; text-indent: 27pt;\"><span style=\"font-family: Arial; color: #000000;\">11. REAL Partiyas\u0131n\u0131n s\u0259dri \u0130lqar M\u0259mm\u0259dov<\/span><\/p>\n<p style=\"text-align: justify; text-indent: 27pt;\"><span style=\"font-family: Arial; color: #000000;\">12. Az\u0259rbaycan &Uuml;mid Partiyas\u0131n\u0131n s\u0259dri \u0130qbal A\u011fa-zad\u0259<\/span><\/p>\n<p style=\"text-align: justify; text-indent: 27pt;\"><span style=\"font-family: Arial; color: #000000;\">13. Klassik Xalq C\u0259bh\u0259si Partiyas\u0131n\u0131n s\u0259dri Mirmahmud F\u0259ttayev<\/span><\/p>\n<p style=\"text-align: justify; text-indent: 27pt;\"><span style=\"font-family: Arial; color: #000000;\">14. Az\u0259rbaycan Xalq Partiyas\u0131n\u0131n s\u0259dri P\u0259nah H&uuml;seyn<\/span><\/p>\n<p style=\"text-align: justify; text-indent: 27pt;\"><span style=\"font-family: Arial; color: #000000;\">15. Az\u0259rbaycan Demokrat Partiyas\u0131n\u0131n s\u0259dri S\u0259rdar C\u0259lalo\u011flu<\/span><\/p>\n<p style=\"text-align: justify; text-indent: 27pt;\"><span style=\"font-family: Arial; color: #000000;\">16. B&ouml;y&uuml;k Az\u0259rbaycan Partiyas\u0131n\u0131n s\u0259dri El\u015fad Musayev<\/span><\/p>\n<p style=\"text-align: justify; text-indent: 27pt;\"><span style=\"font-family: Arial; color: #000000;\">17. V\u0259t\u0259nda\u015f v\u0259 \u0130nki\u015faf Partiyas\u0131n\u0131n s\u0259dri \u018fli \u018fliyev<\/span><\/p>\n<p style=\"text-align: justify; text-indent: 27pt;\"><span style=\"font-family: Arial; color: #000000;\">18. Az\u0259rbaycan Milli \u0130stiqlal Partiyas\u0131n\u0131n s\u0259dri Arzuxan \u018flizad\u0259<\/span><\/p>\n<p style=\"text-align: justify; text-indent: 27pt;\"><span style=\"font-family: Arial; color: #000000;\">19. A\u011f Partiyas\u0131n\u0131n s\u0259dri Tural Abbasl\u0131<\/span><\/p>\n<p style=\"text-align: justify; text-indent: 27pt;\"><span style=\"font-family: Arial; color: #000000;\">20. &ldquo;\u018fdal\u0259t&rdquo; Partiyas\u0131n\u0131n s\u0259dri \u0130lyas \u0130smay\u0131lov<\/span><\/p>\n<p style=\"text-align: justify; text-indent: 27pt;\"><span style=\"font-family: Arial; color: #000000;\">21. Vahid Az\u0259rbaycan Milli Birlik Partiyas\u0131n\u0131n s\u0259dri Hac\u0131baba \u018fzimov<\/span><\/p>\n<p style=\"text-align: justify; text-indent: 27pt;\"><span style=\"font-family: Arial; color: #000000;\">22. Milli Dir&ccedil;\u0259li\u015f H\u0259r\u0259kat\u0131 Partiyas\u0131n\u0131n s\u0259dri F\u0259r\u0259c Quliyev<\/span><\/p>\n<p style=\"text-align: justify; text-indent: 27pt;\"><span style=\"font-family: Arial; color: #000000;\">23. M&uuml;asir M&uuml;savat Partiyas\u0131n\u0131n s\u0259dri Hafiz Hac\u0131yev<\/span><\/p>\n<p style=\"text-align: justify; text-indent: 27pt;\"><span style=\"font-family: Arial; color: #000000;\">24. Azad Demokratlar Partiyas\u0131n\u0131n s\u0259dri S&uuml;lh\u0259ddin \u018fkb\u0259r<\/span><\/p>\n<p style=\"text-align: justify; text-indent: 27pt;\"><span style=\"font-family: Arial; color: #000000;\">25. Az\u0259rbaycan Liberal Demokrat Partiyas\u0131n\u0131n s\u0259dri Fuad \u018fliyev<\/span><\/p>\n<p style=\"text-align: justify; text-indent: 27pt;\"><span style=\"font-family: Arial; color: #000000;\">26. &ldquo;Milli V\u0259hd\u0259t&rdquo; Partiyas\u0131n\u0131n s\u0259dri Yunus O\u011fuz<\/span><\/p>\n<p style=\"text-align: justify; text-indent: 27pt;\"><span style=\"font-family: Arial; color: #000000;\">27. Ayd\u0131nlar Partiyas\u0131n\u0131n s\u0259dri Qulamh&uuml;seyn \u018flib\u0259yli<\/span><\/p>\n<p style=\"text-align: justify; text-indent: 27pt;\"><span style=\"font-family: Arial; color: #000000;\">28. Az\u0259rbaycan Namin\u0259 Alyans Partiyas\u0131n\u0131n s\u0259dri Abutal\u0131b S\u0259m\u0259dov<\/span><\/p>\n<p style=\"text-align: justify; text-indent: 27pt;\"><span style=\"font-family: Arial; color: #000000;\">29. Az\u0259rbaycan Sosial Demokrat Partiyas\u0131n\u0131n s\u0259dri Araz \u018flizad\u0259<\/span><\/p>\n<p style=\"text-align: justify; text-indent: 27pt;\"><span style=\"font-family: Arial; color: #000000;\">30. Yeni Zaman Partiyas\u0131n\u0131n s\u0259dri Musa A\u011fayev<\/span><\/p>\n<p style=\"text-align: justify; text-indent: 27pt;\"><span style=\"font-family: Arial; color: #000000;\">31. Az\u0259rbaycan Sosial Rifah Partiyas\u0131n\u0131n s\u0259dri \u018fsli Kaz\u0131mova<\/span><\/p>\n<p style=\"text-align: justify; text-indent: 27pt;\"><span style=\"font-family: Arial; color: #000000;\">32. C&uuml;mhuriyy\u0259t Xalq Partiyas\u0131n\u0131n s\u0259dri B\u0259dr\u0259ddin Quliyev<\/span><\/p>\n<p style=\"text-align: justify; text-indent: 27pt;\"><span style=\"font-family: Arial; color: #000000;\">33. M&uuml;st\u0259qil Xalq Partiyas\u0131n\u0131n s\u0259dri \u018fflan \u0130brahimov<\/span><\/p>\n<p style=\"text-align: justify; text-indent: 27pt;\"><span style=\"font-family: Arial; color: #000000;\">34. &ldquo;Birlik&rdquo; Partiyas\u0131n\u0131n s\u0259dri Xudadat Xudiyev<\/span><\/p>\n<p style=\"text-align: justify; text-indent: 27pt;\"><span style=\"font-family: Arial; color: #000000;\">35. Milli H\u0259mr\u0259ylik Partiyas\u0131n\u0131n s\u0259dri \u018flisahib H&uuml;seynov<\/span><\/p>\n<p style=\"text-align: justify; text-indent: 27pt;\"><span style=\"font-family: Arial; color: #000000;\">36. Az\u0259rbaycan Respublika&ccedil;\u0131lar Partiyas\u0131n\u0131n s\u0259dri S&uuml;but \u018fs\u0259dov<\/span><\/p>\n<p style=\"text-align: justify; text-indent: 27pt;\"><span style=\"font-family: Arial; color: #000000;\">37. Az\u0259rbaycan Azad Respublika&ccedil;\u0131lar Partiyas\u0131n\u0131n s\u0259dri Kamil Seyidov<\/span><\/p>\n<p style=\"text-align: justify; text-indent: 27pt;\"><span style=\"font-family: Arial; color: #000000;\">38. Azadl\u0131q Partiyas\u0131n\u0131n s\u0259dri \u018fhm\u0259d Orucov<\/span><\/p>\n<p style=\"text-align: justify; text-indent: 27pt;\"><span style=\"font-family: Arial; color: #000000;\">39. Az\u0259rbaycan T\u0259kam&uuml;l Partiyas\u0131n\u0131n s\u0259dri Teyyub Q\u0259nio\u011flu<\/span><\/p>\n<p style=\"text-align: justify; text-indent: 27pt;\"><span style=\"font-family: Arial; color: #000000;\">40. Az\u0259rbaycan Milli Demokrat Partiyas\u0131n\u0131n s\u0259dri Tufan K\u0259rimov<\/span><\/p>\n<p style=\"text-align: justify; text-indent: 27pt;\"><span style=\"font-family: Arial; color: #000000;\">41. Az\u0259rbaycan Liberal Partiyas\u0131n\u0131n s\u0259dri \u018fv\u0259z Temirxan<\/span><\/p>\n<p style=\"text-align: justify; text-indent: 27pt;\"><span style=\"font-family: Arial; color: #000000;\">42. &ldquo;Qorqud&rdquo; Partiyas\u0131n\u0131n s\u0259dri Firudin K\u0259rimov<\/span><\/p>\n<p style=\"text-align: justify; text-indent: 27pt;\"><span style=\"font-family: Arial; color: #000000;\">43. Milli Demokrat \u0130drak Partiyas\u0131n\u0131n s\u0259dri Osman \u018ff\u0259ndi<\/span><\/p>\n<p style=\"text-align: justify; text-indent: 27pt;\"><span style=\"font-family: Arial; color: #000000;\">44. Milli Konqres Partiyas\u0131n\u0131n s\u0259dri \u0130xtiyar \u015eirinov<\/span><\/p>\n<p style=\"text-align: justify; text-indent: 27pt;\"><span style=\"font-family: Arial; color: #000000;\">45. G\u0259l\u0259c\u0259k Az\u0259rbaycan Partiyas\u0131n\u0131n s\u0259dri A\u011fasif \u015eakiro\u011flu<\/span><\/p>\n<p style=\"text-align: justify; text-indent: 27pt;\"><span style=\"font-family: Arial; color: #000000;\">46. Sosial \u018fdal\u0259t Partiyas\u0131n\u0131n s\u0259dri M\u0259tl\u0259b M&uuml;t\u0259llimov<\/span><\/p>\n<p style=\"text-align: justify; text-indent: 27pt;\"><span style=\"font-family: Arial; color: #000000;\">47. Az\u0259rbaycan Kommunist Partiyas\u0131 &#8211; Hac\u0131 Hac\u0131yev, Rauf Qurbanov<\/span><\/p>\n<p style=\"text-align: justify; text-indent: 27pt;\"><span style=\"font-family: Arial; color: #000000;\">48. &ldquo;Az\u0259rbaycan M&uuml;barizl\u0259ri&rdquo; Partiyas\u0131n\u0131n s\u0259dr m&uuml;avini S\u0259ad\u0259t M&uuml;sl&uuml;mova&rdquo;.<\/span><\/p>\n<p style=\"text-align: justify; text-indent: 27pt;\"><span style=\"font-family: Arial; color: #000000;\"><\/span><\/p>","protected":false},"excerpt":{"rendered":"<p>Az\u0259rbaycanda f\u0259aliyy\u0259t g&ouml;st\u0259r\u0259n siyasi partiyalar \u015eu\u015fa B\u0259yannam\u0259sinin imzalanmas\u0131 il\u0259 \u0259laq\u0259dar b\u0259yanat yay\u0131blar Bak\u0131, 16 iyun, AZ\u018fRTAC Az\u0259rbaycanda f\u0259aliyy\u0259t g&ouml;st\u0259r\u0259n siyasi partiyalar &ldquo;Az\u0259rbaycan Respublikas\u0131 il\u0259 T&uuml;rkiy\u0259 Respublikas\u0131 aras\u0131nda m&uuml;tt\u0259fiqlik m&uuml;nasib\u0259tl\u0259ri haqq\u0131nda \u015eu\u015fa B\u0259yannam\u0259si&rdquo;nin imzalanmas\u0131 il\u0259 \u0259laq\u0259dar b\u0259yanat yay\u0131blar. AZ\u018fRTAC b\u0259yanat\u0131 t\u0259qdim edir. B\u0259yanatda deyilir: &ldquo;2021-ci il iyunun 15-d\u0259 &#8211; tarixi Qars m&uuml;qavil\u0259sind\u0259n y&uuml;z il sonra iki [&hellip;]<\/p>\n","protected":false},"author":1,"featured_media":0,"comment_status":"open","ping_status":"open","sticky":false,"template":"","format":"standard","meta":{"_eb_attr":"","ocean_post_layout":"","ocean_both_sidebars_style":"","ocean_both_sidebars_content_width":0,"ocean_both_sidebars_sidebars_width":0,"ocean_sidebar":"","ocean_second_sidebar":"","ocean_disable_margins":"enable","ocean_add_body_class":"","ocean_shortcode_before_top_bar":"","ocean_shortcode_after_top_bar":"","ocean_shortcode_before_header":"","ocean_shortcode_after_header":"","ocean_has_shortcode":"","ocean_shortcode_after_title":"","ocean_shortcode_before_footer_widgets":"","ocean_shortcode_after_footer_widgets":"","ocean_shortcode_before_footer_bottom":"","ocean_shortcode_after_footer_bottom":"","ocean_display_top_bar":"default","ocean_display_header":"default","ocean_header_style":"","ocean_center_header_left_menu":"","ocean_custom_header_template":"","ocean_custom_logo":0,"ocean_custom_retina_logo":0,"ocean_custom_logo_max_width":0,"ocean_custom_logo_tablet_max_width":0,"ocean_custom_logo_mobile_max_width":0,"ocean_custom_logo_max_height":0,"ocean_custom_logo_tablet_max_height":0,"ocean_custom_logo_mobile_max_height":0,"ocean_header_custom_menu":"","ocean_menu_typo_font_family":"","ocean_menu_typo_font_subset":"","ocean_menu_typo_font_size":0,"ocean_menu_typo_font_size_tablet":0,"ocean_menu_typo_font_size_mobile":0,"ocean_menu_typo_font_size_unit":"px","ocean_menu_typo_font_weight":"","ocean_menu_typo_font_weight_tablet":"","ocean_menu_typo_font_weight_mobile":"","ocean_menu_typo_transform":"","ocean_menu_typo_transform_tablet":"","ocean_menu_typo_transform_mobile":"","ocean_menu_typo_line_height":0,"ocean_menu_typo_line_height_tablet":0,"ocean_menu_typo_line_height_mobile":0,"ocean_menu_typo_line_height_unit":"","ocean_menu_typo_spacing":0,"ocean_menu_typo_spacing_tablet":0,"ocean_menu_typo_spacing_mobile":0,"ocean_menu_typo_spacing_unit":"","ocean_menu_link_color":"","ocean_menu_link_color_hover":"","ocean_menu_link_color_active":"","ocean_menu_link_background":"","ocean_menu_link_hover_background":"","ocean_menu_link_active_background":"","ocean_menu_social_links_bg":"","ocean_menu_social_hover_links_bg":"","ocean_menu_social_links_color":"","ocean_menu_social_hover_links_color":"","ocean_disable_title":"default","ocean_disable_heading":"default","ocean_post_title":"","ocean_post_subheading":"","ocean_post_title_style":"","ocean_post_title_background_color":"","ocean_post_title_background":0,"ocean_post_title_bg_image_position":"","ocean_post_title_bg_image_attachment":"","ocean_post_title_bg_image_repeat":"","ocean_post_title_bg_image_size":"","ocean_post_title_height":0,"ocean_post_title_bg_overlay":0.5,"ocean_post_title_bg_overlay_color":"","ocean_disable_breadcrumbs":"default","ocean_breadcrumbs_color":"","ocean_breadcrumbs_separator_color":"","ocean_breadcrumbs_links_color":"","ocean_breadcrumbs_links_hover_color":"","ocean_display_footer_widgets":"default","ocean_display_footer_bottom":"default","ocean_custom_footer_template":"","ocean_post_oembed":"","ocean_post_self_hosted_media":"","ocean_post_video_embed":"","ocean_link_format":"","ocean_link_format_target":"self","ocean_quote_format":"","ocean_quote_format_link":"post","ocean_gallery_link_images":"on","ocean_gallery_id":[],"footnotes":""},"categories":[63],"tags":[],"class_list":["post-15947","post","type-post","status-publish","format-standard","hentry","category-khaebaerlaer-az","entry"],"_links":{"self":[{"href":"https:\/\/mdu.edu.az\/en\/wp-json\/wp\/v2\/posts\/15947","targetHints":{"allow":["GET"]}}],"collection":[{"href":"https:\/\/mdu.edu.az\/en\/wp-json\/wp\/v2\/posts"}],"about":[{"href":"https:\/\/mdu.edu.az\/en\/wp-json\/wp\/v2\/types\/post"}],"author":[{"embeddable":true,"href":"https:\/\/mdu.edu.az\/en\/wp-json\/wp\/v2\/users\/1"}],"replies":[{"embeddable":true,"href":"https:\/\/mdu.edu.az\/en\/wp-json\/wp\/v2\/comments?post=15947"}],"version-history":[{"count":0,"href":"https:\/\/mdu.edu.az\/en\/wp-json\/wp\/v2\/posts\/15947\/revisions"}],"wp:attachment":[{"href":"https:\/\/mdu.edu.az\/en\/wp-json\/wp\/v2\/media?parent=15947"}],"wp:term":[{"taxonomy":"category","embeddable":true,"href":"https:\/\/mdu.edu.az\/en\/wp-json\/wp\/v2\/categories?post=15947"},{"taxonomy":"post_tag","embeddable":true,"href":"https:\/\/mdu.edu.az\/en\/wp-json\/wp\/v2\/tags?post=15947"}],"curies":[{"name":"wp","href":"https:\/\/api.w.org\/{rel}","templated":true}]}}