{"id":15955,"date":"2021-06-23T18:15:38","date_gmt":"2021-06-23T15:15:38","guid":{"rendered":"https:\/\/mdu.edu.az\/minzh-evir-d-vl-t-universitetind-mummilli-lider-heyd-r-liyevin-anadan-olmas-n-n-98-dzi-ild-n-m-n-h-sr-olunmu-konfrans-n-materiallar-d-rdz-olunub\/"},"modified":"2021-06-23T18:15:38","modified_gmt":"2021-06-23T15:15:38","slug":"minzh-evir-d-vl-t-universitetind-mummilli-lider-heyd-r-liyevin-anadan-olmas-n-n-98-dzi-ild-n-m-n-h-sr-olunmu-konfrans-n-materiallar-d-rdz-olunub","status":"publish","type":"post","link":"https:\/\/mdu.edu.az\/en\/minzh-evir-d-vl-t-universitetind-mummilli-lider-heyd-r-liyevin-anadan-olmas-n-n-98-dzi-ild-n-m-n-h-sr-olunmu-konfrans-n-materiallar-d-rdz-olunub\/","title":{"rendered":"Ming\u0259\u00e7evir D\u00f6vl\u0259t Universitetind\u0259 \u00fcmummilli lider Heyd\u0259r \u018fliyevin anadan olmas\u0131n\u0131n 98-ci ild\u00f6n\u00fcm\u00fcn\u0259 h\u0259sr olunmu\u015f konfrans\u0131n materiallar\u0131 d\u0259rc olunub"},"content":{"rendered":"<p style=\"margin-top: 0cm; margin-right: 0cm; margin-bottom: 0.0001pt; text-align: center; line-height: 150%; background: white none repeat scroll 0% 0%;\"><b><span style=\"font-size: 14pt; line-height: 150%; font-family: 'Arial', sans-serif; color: #002060; background: white none repeat scroll 0% 0%;\">Ming\u0259&ccedil;evir&nbsp;D&ouml;vl\u0259t Universitetind\u0259&nbsp;&uuml;mummilli lider Heyd\u0259r \u018fliyevin&nbsp;anadan olmas\u0131n\u0131n 98-ci ild&ouml;n&uuml;m&uuml;n\u0259&nbsp;h\u0259sr olunmu\u015f konfrans<\/span><\/b><b><span style=\"font-size: 14pt; line-height: 150%; font-family: 'Arial', sans-serif; color: #002060; background: white none repeat scroll 0% 0%;\">\u0131n materiallar\u0131 d\u0259rc olunub<\/span><\/b><span style=\"font-size: 14pt; line-height: 150%; font-family: 'Helvetica', sans-serif; color: #002060;\"><\/span><\/p>\n<p>&nbsp;<\/p>\n<p style=\"margin-top: 0cm; margin-right: 0cm; margin-bottom: 0.0001pt; text-align: justify; text-indent: 1cm; line-height: 150%; background: white;\"><span style=\"font-family: Arial, sans-serif; color: #000000; background: white;\">2021-ci&nbsp;ilin&nbsp;4&nbsp;may&nbsp;tarixind\u0259&nbsp;Ming\u0259&ccedil;evir&nbsp;D&ouml;vl\u0259t&nbsp;Universitetind\u0259 (MDU) &uuml;mummilli lider Heyd\u0259r \u018fliyevin anadan olmas\u0131n\u0131n 98-ci ild&ouml;n&uuml;m&uuml;n\u0259 h\u0259sr olunmu\u015f &ldquo;V\u0259t\u0259n M&uuml;harib\u0259sind\u0259 qazand\u0131\u011f\u0131m\u0131z tarixi z\u0259f\u0259r Heyd\u0259r \u018fliyev siyas\u0259tinin t\u0259nt\u0259n\u0259sidir&rdquo; m&ouml;vzusunda ke&ccedil;iril\u0259n elmi-n\u0259z\u0259ri konfrans\u0131n materiallar\u0131 kitab \u015f\u0259klind\u0259 d\u0259rc olunub.<\/span><\/p>\n<p style=\"margin-top: 0cm; margin-right: 0cm; margin-bottom: 0.0001pt; text-align: justify; text-indent: 1cm; line-height: 150%; background: white;\"><span style=\"font-family: Arial, sans-serif; color: #000000; background: white;\">&Ouml;lk\u0259mizin ali t\u0259hsil v\u0259 elmi ictimaiyy\u0259tinin b&ouml;y&uuml;k mara\u011f\u0131na s\u0259b\u0259b olan konfransa respublikam\u0131z\u0131n 10 ali t\u0259hsil m&uuml;\u0259ssis\u0259sini, AMEA-n\u0131n 4 sah\u0259 elmi-t\u0259dqiqat institutunu t\u0259msil ed\u0259n 107 n\u0259f\u0259r m&uuml;\u0259llifd\u0259n &Uuml;mummilli Liderimizin z\u0259ngin v\u0259 &ccedil;ox\u015fax\u0259li f\u0259aliyy\u0259tinin m&uuml;xt\u0259lif aspektl\u0259rin\u0259 h\u0259sr olunmu\u015f 102 m\u0259qal\u0259 v\u0259 tezis t\u0259qdim olunub.<\/span><\/p>\n<p style=\"margin-top: 0cm; margin-right: 0cm; margin-bottom: 0.0001pt; text-align: justify; text-indent: 1cm; line-height: 150%; background: white;\"><span style=\"font-family: Arial, sans-serif; color: #000000; background: white;\">Onlayn formatda ba\u015f tutan konfrans\u0131n plenar iclas\u0131nda&nbsp; Az\u0259rbaycan Respublikas\u0131 T\u0259hsil nazirinin m&uuml;avini Firudin Qurbanov, Ming\u0259&ccedil;evir \u015f\u0259h\u0259r \u0130cra Hakimiyy\u0259tinin ba\u015f&ccedil;\u0131s\u0131 \u0130lham \u0130smay\u0131lov, Milli M\u0259clisin Elm v\u0259 t\u0259hsil komit\u0259sinin &uuml;zv&uuml; \u015eahin Seyidzad\u0259, MDU-nun rektoru \u015eahin Bayramov, YAP Ming\u0259&ccedil;evir \u015f\u0259h\u0259r t\u0259\u015fkilat\u0131n\u0131n s\u0259dri Cavan\u015fir Yusubov m\u0259ruz\u0259l\u0259rl\u0259 &ccedil;\u0131x\u0131\u015f etmi\u015fl\u0259r.<\/span><\/p>\n<p style=\"margin-top: 0cm; margin-right: 0cm; margin-bottom: 0.0001pt; text-align: justify; text-indent: 1cm; line-height: 150%; background: white;\"><span style=\"font-family: Arial, sans-serif; color: #000000; background: white;\">Qeyd ed\u0259k ki, MDU-da &uuml;mummilli lider Heyd\u0259r \u018fliyev\u0259 h\u0259sr olunan elmi t\u0259dbirl\u0259rin ke&ccedil;irilm\u0259sin\u0259 x&uuml;susi diqq\u0259t yetirilir. Dahi \u015f\u0259xsiyy\u0259tin irsinin ara\u015fd\u0131r\u0131lmas\u0131 v\u0259 t\u0259l\u0259b\u0259 g\u0259ncl\u0259r\u0259 &ouml;t&uuml;r&uuml;lm\u0259si universitetd\u0259 v\u0259t\u0259nin\u0259, d&ouml;vl\u0259tin\u0259 v\u0259 xalq\u0131na ba\u011fl\u0131, layiqli, v\u0259t\u0259np\u0259rv\u0259r m&uuml;t\u0259x\u0259ssisl\u0259rin yeti\u015fdirilm\u0259si i\u015fin\u0259 b&ouml;y&uuml;k t&ouml;hf\u0259 verir.<\/span><\/p>\n<p style=\"margin-top: 0cm; margin-right: 0cm; margin-bottom: 0.0001pt; text-align: justify; text-indent: 1cm; line-height: 150%; background: white;\"><span style=\"font-family: Arial, sans-serif; color: #000000; background: white;\">Konfrans\u0131n materiallar\u0131 il\u0259 a\u015fa\u011f\u0131dak\u0131 internet linki vasit\u0259sil\u0259 tan\u0131\u015f olmaq olar:<\/span><\/p>\n<p><a href=\"\/en\/images\/pdf\/Konfrans23062021.pdf\/\" target=\"_blank\" rel=\"noopener\"> Konfrans materiallar\u0131<\/a><\/p>\n<p>{phocagallery view=category|categoryid=636|limitstart=0|limitcount=0}<\/p>\n<p style=\"margin-top: 0cm; margin-right: 0cm; margin-bottom: 0.0001pt; text-align: justify; text-indent: 1cm; line-height: 150%; background: white none repeat scroll 0% 0%;\"><span style=\"font-family: 'Arial', sans-serif; color: black;\"><\/span><\/p>","protected":false},"excerpt":{"rendered":"<p>Ming\u0259&ccedil;evir&nbsp;D&ouml;vl\u0259t Universitetind\u0259&nbsp;&uuml;mummilli lider Heyd\u0259r \u018fliyevin&nbsp;anadan olmas\u0131n\u0131n 98-ci ild&ouml;n&uuml;m&uuml;n\u0259&nbsp;h\u0259sr olunmu\u015f konfrans\u0131n materiallar\u0131 d\u0259rc olunub &nbsp; 2021-ci&nbsp;ilin&nbsp;4&nbsp;may&nbsp;tarixind\u0259&nbsp;Ming\u0259&ccedil;evir&nbsp;D&ouml;vl\u0259t&nbsp;Universitetind\u0259 (MDU) &uuml;mummilli lider Heyd\u0259r \u018fliyevin anadan olmas\u0131n\u0131n 98-ci ild&ouml;n&uuml;m&uuml;n\u0259 h\u0259sr olunmu\u015f &ldquo;V\u0259t\u0259n M&uuml;harib\u0259sind\u0259 qazand\u0131\u011f\u0131m\u0131z tarixi z\u0259f\u0259r Heyd\u0259r \u018fliyev siyas\u0259tinin t\u0259nt\u0259n\u0259sidir&rdquo; m&ouml;vzusunda ke&ccedil;iril\u0259n elmi-n\u0259z\u0259ri konfrans\u0131n materiallar\u0131 kitab \u015f\u0259klind\u0259 d\u0259rc olunub. &Ouml;lk\u0259mizin ali t\u0259hsil v\u0259 elmi ictimaiyy\u0259tinin b&ouml;y&uuml;k mara\u011f\u0131na s\u0259b\u0259b olan konfransa [&hellip;]<\/p>\n","protected":false},"author":1,"featured_media":0,"comment_status":"open","ping_status":"open","sticky":false,"template":"","format":"standard","meta":{"_eb_attr":"","ocean_post_layout":"","ocean_both_sidebars_style":"","ocean_both_sidebars_content_width":0,"ocean_both_sidebars_sidebars_width":0,"ocean_sidebar":"","ocean_second_sidebar":"","ocean_disable_margins":"enable","ocean_add_body_class":"","ocean_shortcode_before_top_bar":"","ocean_shortcode_after_top_bar":"","ocean_shortcode_before_header":"","ocean_shortcode_after_header":"","ocean_has_shortcode":"","ocean_shortcode_after_title":"","ocean_shortcode_before_footer_widgets":"","ocean_shortcode_after_footer_widgets":"","ocean_shortcode_before_footer_bottom":"","ocean_shortcode_after_footer_bottom":"","ocean_display_top_bar":"default","ocean_display_header":"default","ocean_header_style":"","ocean_center_header_left_menu":"","ocean_custom_header_template":"","ocean_custom_logo":0,"ocean_custom_retina_logo":0,"ocean_custom_logo_max_width":0,"ocean_custom_logo_tablet_max_width":0,"ocean_custom_logo_mobile_max_width":0,"ocean_custom_logo_max_height":0,"ocean_custom_logo_tablet_max_height":0,"ocean_custom_logo_mobile_max_height":0,"ocean_header_custom_menu":"","ocean_menu_typo_font_family":"","ocean_menu_typo_font_subset":"","ocean_menu_typo_font_size":0,"ocean_menu_typo_font_size_tablet":0,"ocean_menu_typo_font_size_mobile":0,"ocean_menu_typo_font_size_unit":"px","ocean_menu_typo_font_weight":"","ocean_menu_typo_font_weight_tablet":"","ocean_menu_typo_font_weight_mobile":"","ocean_menu_typo_transform":"","ocean_menu_typo_transform_tablet":"","ocean_menu_typo_transform_mobile":"","ocean_menu_typo_line_height":0,"ocean_menu_typo_line_height_tablet":0,"ocean_menu_typo_line_height_mobile":0,"ocean_menu_typo_line_height_unit":"","ocean_menu_typo_spacing":0,"ocean_menu_typo_spacing_tablet":0,"ocean_menu_typo_spacing_mobile":0,"ocean_menu_typo_spacing_unit":"","ocean_menu_link_color":"","ocean_menu_link_color_hover":"","ocean_menu_link_color_active":"","ocean_menu_link_background":"","ocean_menu_link_hover_background":"","ocean_menu_link_active_background":"","ocean_menu_social_links_bg":"","ocean_menu_social_hover_links_bg":"","ocean_menu_social_links_color":"","ocean_menu_social_hover_links_color":"","ocean_disable_title":"default","ocean_disable_heading":"default","ocean_post_title":"","ocean_post_subheading":"","ocean_post_title_style":"","ocean_post_title_background_color":"","ocean_post_title_background":0,"ocean_post_title_bg_image_position":"","ocean_post_title_bg_image_attachment":"","ocean_post_title_bg_image_repeat":"","ocean_post_title_bg_image_size":"","ocean_post_title_height":0,"ocean_post_title_bg_overlay":0.5,"ocean_post_title_bg_overlay_color":"","ocean_disable_breadcrumbs":"default","ocean_breadcrumbs_color":"","ocean_breadcrumbs_separator_color":"","ocean_breadcrumbs_links_color":"","ocean_breadcrumbs_links_hover_color":"","ocean_display_footer_widgets":"default","ocean_display_footer_bottom":"default","ocean_custom_footer_template":"","ocean_post_oembed":"","ocean_post_self_hosted_media":"","ocean_post_video_embed":"","ocean_link_format":"","ocean_link_format_target":"self","ocean_quote_format":"","ocean_quote_format_link":"post","ocean_gallery_link_images":"on","ocean_gallery_id":[],"footnotes":""},"categories":[63],"tags":[],"class_list":["post-15955","post","type-post","status-publish","format-standard","hentry","category-khaebaerlaer-az","entry"],"_links":{"self":[{"href":"https:\/\/mdu.edu.az\/en\/wp-json\/wp\/v2\/posts\/15955","targetHints":{"allow":["GET"]}}],"collection":[{"href":"https:\/\/mdu.edu.az\/en\/wp-json\/wp\/v2\/posts"}],"about":[{"href":"https:\/\/mdu.edu.az\/en\/wp-json\/wp\/v2\/types\/post"}],"author":[{"embeddable":true,"href":"https:\/\/mdu.edu.az\/en\/wp-json\/wp\/v2\/users\/1"}],"replies":[{"embeddable":true,"href":"https:\/\/mdu.edu.az\/en\/wp-json\/wp\/v2\/comments?post=15955"}],"version-history":[{"count":0,"href":"https:\/\/mdu.edu.az\/en\/wp-json\/wp\/v2\/posts\/15955\/revisions"}],"wp:attachment":[{"href":"https:\/\/mdu.edu.az\/en\/wp-json\/wp\/v2\/media?parent=15955"}],"wp:term":[{"taxonomy":"category","embeddable":true,"href":"https:\/\/mdu.edu.az\/en\/wp-json\/wp\/v2\/categories?post=15955"},{"taxonomy":"post_tag","embeddable":true,"href":"https:\/\/mdu.edu.az\/en\/wp-json\/wp\/v2\/tags?post=15955"}],"curies":[{"name":"wp","href":"https:\/\/api.w.org\/{rel}","templated":true}]}}