{"id":15957,"date":"2021-06-24T14:33:29","date_gmt":"2021-06-24T11:33:29","guid":{"rendered":"https:\/\/mdu.edu.az\/minzh-evir-d-vl-t-universitetinin-zhazi-m-zunu-abdulla-abdullayevl-zh-r-ke-irilib\/"},"modified":"2021-06-24T14:33:29","modified_gmt":"2021-06-24T11:33:29","slug":"minzh-evir-d-vl-t-universitetinin-zhazi-m-zunu-abdulla-abdullayevl-zh-r-ke-irilib","status":"publish","type":"post","link":"https:\/\/mdu.edu.az\/en\/minzh-evir-d-vl-t-universitetinin-zhazi-m-zunu-abdulla-abdullayevl-zh-r-ke-irilib\/","title":{"rendered":"Ming\u0259\u00e7evir D\u00f6vl\u0259t Universitetinin qazi m\u0259zunu Abdulla Abdullayevl\u0259 g\u00f6r\u00fc\u015f ke\u00e7irilib"},"content":{"rendered":"<p style=\"margin-top: 0cm; margin-right: 0cm; margin-bottom: 0.0001pt; text-align: center; line-height: 150%; background: white none repeat scroll 0% 0%;\"><b><span style=\"font-size: 14pt; line-height: 150%; font-family: 'Arial', sans-serif; color: #002060; background: white none repeat scroll 0% 0%;\">Ming\u0259&ccedil;evir D&ouml;vl\u0259t Universitetinin qazi m\u0259zunu Abdulla Abdullayevl\u0259 g&ouml;r&uuml;\u015f ke&ccedil;irilib<\/span><\/b><\/p>\n<p>&nbsp;<\/p>\n<p style=\"margin-top: 0cm; margin-right: 0cm; margin-bottom: 0.0001pt; text-align: justify; text-indent: 1cm; line-height: 150%; background: white none repeat scroll 0% 0%;\"><span style=\"font-family: 'Arial', sans-serif; background: white none repeat scroll 0% 0%; color: #000000;\">2021-ci ilin 23 iyun tarixind\u0259 Ming\u0259&ccedil;evir D&ouml;vl\u0259t Universitetinin (MDU) rektoru \u015eahin Bayramov universitetin m\u0259zunu, V\u0259t\u0259n m&uuml;harib\u0259si qazisi Abdulla Abdullayevl\u0259 g&ouml;r&uuml;\u015f&uuml;b.<\/span><\/p>\n<p style=\"margin-top: 0cm; margin-right: 0cm; margin-bottom: 0.0001pt; text-align: justify; text-indent: 1cm; line-height: 150%; background: white none repeat scroll 0% 0%;\"><span style=\"font-family: 'Arial', sans-serif; background: white none repeat scroll 0% 0%; color: #000000;\">44 g&uuml;nl&uuml;k V\u0259t\u0259n M&uuml;harib\u0259sind\u0259 m&uuml;z\u0259ff\u0259r Ali Ba\u015f Komandan\u0131m\u0131z\u0131n r\u0259hb\u0259rliyi v\u0259 r\u0259\u015fad\u0259tli Az\u0259rbaycan \u0259sg\u0259rinin q\u0259hr\u0259manl\u0131\u011f\u0131 say\u0259sind\u0259 tarixi Z\u0259f\u0259rin qazan\u0131lmas\u0131 v\u0259 Az\u0259rbaycan Respublikas\u0131 Prezidentinin m&uuml;vafiq S\u0259r\u0259ncam\u0131na \u0259sas\u0259n &ldquo;C\u0259sur d&ouml;y&uuml;\u015f&ccedil;&uuml;&rdquo; medal\u0131 il\u0259 t\u0259ltif olunmas\u0131 m&uuml;nasib\u0259til\u0259 A.Abdullayevi t\u0259brik ed\u0259n \u015e.Bayramov m&ouml;ht\u0259\u015f\u0259m qalibiyy\u0259td\u0259 pay sahibi oldu\u011fu &uuml;&ccedil;&uuml;n MDU ail\u0259sinin b&uuml;t&uuml;n &uuml;zvl\u0259rinin onunla q&uuml;rur duyduqlar\u0131n\u0131 bildirib.<\/span><\/p>\n<p style=\"margin-top: 0cm; margin-right: 0cm; margin-bottom: 0.0001pt; text-align: justify; text-indent: 1cm; line-height: 150%; background: white none repeat scroll 0% 0%;\"><span style=\"font-family: 'Arial', sans-serif; background: white none repeat scroll 0% 0%; color: #000000;\">D&ouml;vl\u0259t ba\u015f&ccedil;\u0131m\u0131z\u0131n \u015f\u0259hid ail\u0259l\u0259ri v\u0259 m&uuml;harib\u0259 i\u015ftirak&ccedil;\u0131lar\u0131na y&uuml;ks\u0259k diqq\u0259t v\u0259 qay\u011f\u0131s\u0131ndan b\u0259hs ed\u0259n rektor &ouml;lk\u0259mizin \u0259razi b&uuml;t&ouml;vl&uuml;y&uuml;n&uuml;n t\u0259min edilm\u0259si u\u011frunda can\u0131ndan v\u0259 qan\u0131ndan ke&ccedil;\u0259n b&uuml;t&uuml;n \u015f\u0259hidl\u0259rimiz\u0259 r\u0259hm\u0259t, qazil\u0259rimiz\u0259 is\u0259 \u015f\u0259fa dil\u0259yib. <\/span><\/p>\n<p style=\"margin-top: 0cm; margin-right: 0cm; margin-bottom: 0.0001pt; text-align: justify; text-indent: 1cm; line-height: 150%; background: white none repeat scroll 0% 0%;\"><span style=\"font-family: 'Arial', sans-serif; background: white none repeat scroll 0% 0%; color: #000000;\">V\u0259t\u0259n M&uuml;harib\u0259si zaman\u0131 fiziki imkanlar\u0131 m\u0259hdudla\u015fan qazi m\u0259zunun universitetl\u0259 s\u0131x \u0259m\u0259kda\u015fl\u0131q etm\u0259si &uuml;&ccedil;&uuml;n b&uuml;t&uuml;n m&uuml;vafiq imkanlar\u0131n yarad\u0131laca\u011f\u0131n\u0131 diqq\u0259t\u0259 &ccedil;atd\u0131ran \u015e.Bayramov n&uuml;mun\u0259vi v\u0259t\u0259np\u0259rv\u0259r bir g\u0259nc olaraq A.Abdullayevi MDU-nun t\u0259l\u0259b\u0259l\u0259ri il\u0259 davaml\u0131 g&ouml;r&uuml;\u015fl\u0259r\u0259, &ouml;z t\u0259cr&uuml;b\u0259 v\u0259 t\u0259\u0259ss&uuml;ratlar\u0131n\u0131 b&ouml;l&uuml;\u015fm\u0259y\u0259 d\u0259v\u0259t edib.<\/span><\/p>\n<p style=\"margin-top: 0cm; margin-right: 0cm; margin-bottom: 0.0001pt; text-align: justify; text-indent: 1cm; line-height: 150%; background: white none repeat scroll 0% 0%;\"><span style=\"font-family: 'Arial', sans-serif; background: white none repeat scroll 0% 0%; color: #000000;\">Yeddi ild\u0259n sonra m&uuml;z\u0259ff\u0259r Ordunun qalib \u0259sg\u0259ri kimi do\u011fma universitetind\u0259 olma\u011f\u0131n sevinc v\u0259 h\u0259y\u0259can\u0131n\u0131 ya\u015fad\u0131\u011f\u0131n\u0131 bildir\u0259n A.Abdulayev &ouml;lk\u0259mizd\u0259 \u015f\u0259hid ail\u0259l\u0259rin\u0259, qazil\u0259r\u0259 v\u0259 m&uuml;harib\u0259 i\u015ftirak&ccedil;\u0131lar\u0131na x&uuml;susi diqq\u0259t v\u0259 qay\u011f\u0131n\u0131n g&ouml;st\u0259rilm\u0259sin\u0259 g&ouml;r\u0259 d&ouml;vl\u0259t ba\u015f&ccedil;\u0131s\u0131na minn\u0259tdarl\u0131\u011f\u0131n\u0131 ifad\u0259 edib.<\/span><\/p>\n<p style=\"margin-top: 0cm; margin-right: 0cm; margin-bottom: 0.0001pt; text-align: justify; text-indent: 1cm; line-height: 150%; background: white none repeat scroll 0% 0%;\"><span style=\"font-family: 'Arial', sans-serif; background: white none repeat scroll 0% 0%; color: #000000;\">T\u0259l\u0259b\u0259l\u0259rin y&uuml;ks\u0259k v\u0259t\u0259np\u0259rv\u0259rlik ruhunda yeti\u015fdirilm\u0259si m\u0259qs\u0259dil\u0259 son d&ouml;vrd\u0259 universitetd\u0259 at\u0131lan add\u0131mlar\u0131 v\u0259 h\u0259yata ke&ccedil;iril\u0259n m&uuml;xt\u0259lif formatl\u0131 t\u0259dbirl\u0259ri, x&uuml;susil\u0259 MDU-nun \u015f\u0259hid m\u0259zunlar\u0131n\u0131n adlar\u0131n\u0131n \u0259b\u0259dil\u0259\u015fdirilm\u0259si istiqam\u0259tind\u0259 g&ouml;r&uuml;l\u0259n i\u015fl\u0259ri yax\u0131ndan izl\u0259diyini qeyd ed\u0259n A.Abdullayev bel\u0259 bir ali t\u0259hsil m&uuml;\u0259ssis\u0259sinin m\u0259zunu olmas\u0131 il\u0259 f\u0259xr etdiyini bildirib. <\/span><\/p>\n<p style=\"margin-top: 0cm; margin-right: 0cm; margin-bottom: 0.0001pt; text-align: justify; text-indent: 1cm; line-height: 150%; background: white none repeat scroll 0% 0%;\"><span style=\"font-family: 'Arial', sans-serif; background: white none repeat scroll 0% 0%; color: #000000;\">Universitetin m&uuml;\u0259llim v\u0259 t\u0259l\u0259b\u0259 kollektivi &uuml;zvl\u0259ri il\u0259 g&ouml;r&uuml;\u015fl\u0259r\u0259 daim haz\u0131r oldu\u011funu diqq\u0259t\u0259 &ccedil;atd\u0131ran qazi m\u0259zun sosial f\u0259aliyy\u0259tinin inki\u015faf\u0131 bax\u0131m\u0131ndan &ouml;n\u0259mli olan bu d\u0259v\u0259ti y&uuml;ks\u0259k qiym\u0259tl\u0259ndirib v\u0259 yarad\u0131lan \u015f\u0259rait\u0259 g&ouml;r\u0259 MDU r\u0259hb\u0259rliyin\u0259 t\u0259\u015f\u0259kk&uuml;r&uuml;n&uuml; &ccedil;atd\u0131r\u0131b.<\/span><\/p>\n<p style=\"margin-top: 0cm; margin-right: 0cm; margin-bottom: 0.0001pt; text-align: justify; text-indent: 1cm; line-height: 150%; background: white none repeat scroll 0% 0%;\"><span style=\"font-family: 'Arial', sans-serif; color: #000000; background: white none repeat scroll 0% 0%;\">Qeyd ed\u0259k ki, otuz illik yurd h\u0259sr\u0259tin\u0259 son qoyan 44 g&uuml;nl&uuml;k tarixi Z\u0259f\u0259r y&uuml;r&uuml;\u015f&uuml;nd\u0259 MDU-nun 4 \u0259m\u0259kda\u015f\u0131, 120-d\u0259n &ccedil;ox t\u0259l\u0259b\u0259 v\u0259 m\u0259zunu i\u015ftirak edib, 5 m\u0259zunu is\u0259 \u015f\u0259hidlik zirv\u0259sin\u0259 ucal\u0131b. T\u0259l\u0259b\u0259 g\u0259ncl\u0259rin v\u0259t\u0259np\u0259rv\u0259rlik ruhunda yeti\u015fdirilm\u0259sin\u0259 x&uuml;susi \u0259h\u0259miyy\u0259t ver\u0259n MDU-da q\u0259hr\u0259man m\u0259zunlar\u0131n g&ouml;st\u0259rdikl\u0259ri \u015f&uuml;ca\u0259tl\u0259rin g\u0259nc n\u0259sil aras\u0131nda t\u0259bli\u011f edilm\u0259si diqq\u0259t m\u0259rk\u0259zind\u0259 saxlan\u0131l\u0131r.<\/span><\/p>\n<p>&nbsp;{phocagallery view=category|categoryid=639|limitstart=0|limitcount=0}<\/p>\n<p>&nbsp;<\/p>\n<p style=\"margin-bottom: 0.0001pt; line-height: 150%;\"><span style=\"font-size: 12pt; line-height: 150%; font-family: 'Arial', sans-serif; letter-spacing: 0.3pt; color: #000000;\"><\/span><\/p>\n<p style=\"margin-top: 0cm; margin-right: 0cm; margin-bottom: 0.0001pt; text-align: justify; text-indent: 1cm; line-height: 150%; background: white none repeat scroll 0% 0%;\"><span style=\"font-family: 'Arial', sans-serif;\"><\/span><\/p>","protected":false},"excerpt":{"rendered":"<p>Ming\u0259&ccedil;evir D&ouml;vl\u0259t Universitetinin qazi m\u0259zunu Abdulla Abdullayevl\u0259 g&ouml;r&uuml;\u015f ke&ccedil;irilib &nbsp; 2021-ci ilin 23 iyun tarixind\u0259 Ming\u0259&ccedil;evir D&ouml;vl\u0259t Universitetinin (MDU) rektoru \u015eahin Bayramov universitetin m\u0259zunu, V\u0259t\u0259n m&uuml;harib\u0259si qazisi Abdulla Abdullayevl\u0259 g&ouml;r&uuml;\u015f&uuml;b. 44 g&uuml;nl&uuml;k V\u0259t\u0259n M&uuml;harib\u0259sind\u0259 m&uuml;z\u0259ff\u0259r Ali Ba\u015f Komandan\u0131m\u0131z\u0131n r\u0259hb\u0259rliyi v\u0259 r\u0259\u015fad\u0259tli Az\u0259rbaycan \u0259sg\u0259rinin q\u0259hr\u0259manl\u0131\u011f\u0131 say\u0259sind\u0259 tarixi Z\u0259f\u0259rin qazan\u0131lmas\u0131 v\u0259 Az\u0259rbaycan Respublikas\u0131 Prezidentinin m&uuml;vafiq S\u0259r\u0259ncam\u0131na \u0259sas\u0259n [&hellip;]<\/p>\n","protected":false},"author":1,"featured_media":0,"comment_status":"open","ping_status":"open","sticky":false,"template":"","format":"standard","meta":{"_eb_attr":"","ocean_post_layout":"","ocean_both_sidebars_style":"","ocean_both_sidebars_content_width":0,"ocean_both_sidebars_sidebars_width":0,"ocean_sidebar":"","ocean_second_sidebar":"","ocean_disable_margins":"enable","ocean_add_body_class":"","ocean_shortcode_before_top_bar":"","ocean_shortcode_after_top_bar":"","ocean_shortcode_before_header":"","ocean_shortcode_after_header":"","ocean_has_shortcode":"","ocean_shortcode_after_title":"","ocean_shortcode_before_footer_widgets":"","ocean_shortcode_after_footer_widgets":"","ocean_shortcode_before_footer_bottom":"","ocean_shortcode_after_footer_bottom":"","ocean_display_top_bar":"default","ocean_display_header":"default","ocean_header_style":"","ocean_center_header_left_menu":"","ocean_custom_header_template":"","ocean_custom_logo":0,"ocean_custom_retina_logo":0,"ocean_custom_logo_max_width":0,"ocean_custom_logo_tablet_max_width":0,"ocean_custom_logo_mobile_max_width":0,"ocean_custom_logo_max_height":0,"ocean_custom_logo_tablet_max_height":0,"ocean_custom_logo_mobile_max_height":0,"ocean_header_custom_menu":"","ocean_menu_typo_font_family":"","ocean_menu_typo_font_subset":"","ocean_menu_typo_font_size":0,"ocean_menu_typo_font_size_tablet":0,"ocean_menu_typo_font_size_mobile":0,"ocean_menu_typo_font_size_unit":"px","ocean_menu_typo_font_weight":"","ocean_menu_typo_font_weight_tablet":"","ocean_menu_typo_font_weight_mobile":"","ocean_menu_typo_transform":"","ocean_menu_typo_transform_tablet":"","ocean_menu_typo_transform_mobile":"","ocean_menu_typo_line_height":0,"ocean_menu_typo_line_height_tablet":0,"ocean_menu_typo_line_height_mobile":0,"ocean_menu_typo_line_height_unit":"","ocean_menu_typo_spacing":0,"ocean_menu_typo_spacing_tablet":0,"ocean_menu_typo_spacing_mobile":0,"ocean_menu_typo_spacing_unit":"","ocean_menu_link_color":"","ocean_menu_link_color_hover":"","ocean_menu_link_color_active":"","ocean_menu_link_background":"","ocean_menu_link_hover_background":"","ocean_menu_link_active_background":"","ocean_menu_social_links_bg":"","ocean_menu_social_hover_links_bg":"","ocean_menu_social_links_color":"","ocean_menu_social_hover_links_color":"","ocean_disable_title":"default","ocean_disable_heading":"default","ocean_post_title":"","ocean_post_subheading":"","ocean_post_title_style":"","ocean_post_title_background_color":"","ocean_post_title_background":0,"ocean_post_title_bg_image_position":"","ocean_post_title_bg_image_attachment":"","ocean_post_title_bg_image_repeat":"","ocean_post_title_bg_image_size":"","ocean_post_title_height":0,"ocean_post_title_bg_overlay":0.5,"ocean_post_title_bg_overlay_color":"","ocean_disable_breadcrumbs":"default","ocean_breadcrumbs_color":"","ocean_breadcrumbs_separator_color":"","ocean_breadcrumbs_links_color":"","ocean_breadcrumbs_links_hover_color":"","ocean_display_footer_widgets":"default","ocean_display_footer_bottom":"default","ocean_custom_footer_template":"","ocean_post_oembed":"","ocean_post_self_hosted_media":"","ocean_post_video_embed":"","ocean_link_format":"","ocean_link_format_target":"self","ocean_quote_format":"","ocean_quote_format_link":"post","ocean_gallery_link_images":"on","ocean_gallery_id":[],"footnotes":""},"categories":[63],"tags":[],"class_list":["post-15957","post","type-post","status-publish","format-standard","hentry","category-khaebaerlaer-az","entry"],"_links":{"self":[{"href":"https:\/\/mdu.edu.az\/en\/wp-json\/wp\/v2\/posts\/15957","targetHints":{"allow":["GET"]}}],"collection":[{"href":"https:\/\/mdu.edu.az\/en\/wp-json\/wp\/v2\/posts"}],"about":[{"href":"https:\/\/mdu.edu.az\/en\/wp-json\/wp\/v2\/types\/post"}],"author":[{"embeddable":true,"href":"https:\/\/mdu.edu.az\/en\/wp-json\/wp\/v2\/users\/1"}],"replies":[{"embeddable":true,"href":"https:\/\/mdu.edu.az\/en\/wp-json\/wp\/v2\/comments?post=15957"}],"version-history":[{"count":0,"href":"https:\/\/mdu.edu.az\/en\/wp-json\/wp\/v2\/posts\/15957\/revisions"}],"wp:attachment":[{"href":"https:\/\/mdu.edu.az\/en\/wp-json\/wp\/v2\/media?parent=15957"}],"wp:term":[{"taxonomy":"category","embeddable":true,"href":"https:\/\/mdu.edu.az\/en\/wp-json\/wp\/v2\/categories?post=15957"},{"taxonomy":"post_tag","embeddable":true,"href":"https:\/\/mdu.edu.az\/en\/wp-json\/wp\/v2\/tags?post=15957"}],"curies":[{"name":"wp","href":"https:\/\/api.w.org\/{rel}","templated":true}]}}