{"id":15970,"date":"2021-07-01T11:18:40","date_gmt":"2021-07-01T08:18:40","guid":{"rendered":"https:\/\/mdu.edu.az\/minzh-evir-d-vl-t-universitetind-m-zun-zh-n-zheyd-olunub\/"},"modified":"2021-07-01T11:18:40","modified_gmt":"2021-07-01T08:18:40","slug":"minzh-evir-d-vl-t-universitetind-m-zun-zh-n-zheyd-olunub","status":"publish","type":"post","link":"https:\/\/mdu.edu.az\/en\/minzh-evir-d-vl-t-universitetind-m-zun-zh-n-zheyd-olunub\/","title":{"rendered":"Ming\u0259\u00e7evir D\u00f6vl\u0259t Universitetind\u0259 \u201cM\u0259zun g\u00fcn\u00fc\u201d qeyd olunub"},"content":{"rendered":"<p style=\"margin-bottom: 0.0001pt; text-align: center; line-height: 150%;\"><span style=\"color: #0000ff; font-size: 14pt;\"><b><span style=\"line-height: 150%; font-family: Arial, sans-serif;\">Ming<\/span><\/b><b><span style=\"line-height: 150%; font-family: Arial, sans-serif;\">\u0259&ccedil;evir D&ouml;vl\u0259t Universitetind\u0259 &ldquo;M\u0259zun g&uuml;n&uuml;&rdquo; qeyd olunub<\/span><\/b><\/span><\/p>\n<p>&nbsp;<\/p>\n<p style=\"margin-bottom: 0.0001pt; text-align: justify; text-indent: 1cm; line-height: 150%;\"><span style=\"font-size: 12pt; line-height: 150%; font-family: Arial, sans-serif; color: #000000;\">30 iyun 2021-ci il tarixind\u0259 Ming\u0259&ccedil;evir D&ouml;vl\u0259t Universitetind\u0259 (MDU) &ldquo;M\u0259zun g&uuml;n&uuml;-2021&rdquo; t\u0259dbiri ke&ccedil;irilib. &ldquo;Zoom&rdquo; platformas\u0131 &uuml;z\u0259rind\u0259n onlayn formatda t\u0259\u015fkil edil\u0259n t\u0259dbird\u0259 cari t\u0259dris ilind\u0259 MDU-dan m\u0259zun olan t\u0259l\u0259b\u0259l\u0259r v\u0259 magistrantlar, el\u0259c\u0259 d\u0259 valideynl\u0259r v\u0259 universitetin \u0259m\u0259kda\u015flar\u0131 i\u015ftirak edibl\u0259r.<\/span><\/p>\n<p style=\"margin-bottom: 0.0001pt; text-align: justify; text-indent: 1cm; line-height: 150%;\"><span style=\"font-size: 12pt; line-height: 150%; font-family: Arial, sans-serif; color: #000000;\">T\u0259dbir i\u015ftirak&ccedil;\u0131lar\u0131n\u0131 salamlayan MDU-nun rektoru \u015eahin Bayramov 2020\/2021-ci t\u0259dris ilind\u0259 bakalavriat v\u0259 magistratura s\u0259viyy\u0259l\u0259ri &uuml;zr\u0259 &uuml;mumilikd\u0259 567 g\u0259ncin universitetd\u0259n m\u0259zun oldu\u011funu diqq\u0259t\u0259 &ccedil;atd\u0131r\u0131b, b&uuml;t&uuml;n m\u0259zunlar\u0131, onlar\u0131n m&uuml;\u0259lliml\u0259rini v\u0259 valideynl\u0259rini t\u0259brik edib. T\u0259hsil ald\u0131qlar\u0131 ali t\u0259hsil oca\u011f\u0131n\u0131n ad\u0131n\u0131 daim y&uuml;ks\u0259k tutacaqlar\u0131na \u0259minliyini ifad\u0259 ed\u0259n \u015e.Bayramov m\u0259zunlara g\u0259l\u0259c\u0259k f\u0259aliyy\u0259tl\u0259rind\u0259 u\u011furlar arzulay\u0131b.<\/span><\/p>\n<p style=\"margin-bottom: 0.0001pt; text-align: justify; text-indent: 1cm; line-height: 150%;\"><span style=\"font-size: 12pt; line-height: 150%; font-family: Arial, sans-serif; color: #000000;\">B&uuml;t&uuml;n d&uuml;nyan\u0131 b&uuml;r&uuml;y\u0259n pandemiya s\u0259b\u0259bind\u0259n universitet h\u0259yat\u0131nda &ouml;n\u0259mli hadis\u0259l\u0259rd\u0259n biri olan &ldquo;M\u0259zun G&uuml;n&uuml;&rdquo;n&uuml;n art\u0131q ikinci d\u0259f\u0259 onlayn formatda t\u0259\u015fkil edildiyini vur\u011fulayan rektor m&uuml;z\u0259ff\u0259r Ali Ba\u015f Komandan\u0131m\u0131z\u0131n r\u0259hb\u0259rliyi v\u0259 yenilm\u0259z Az\u0259rbaycan \u0259sg\u0259rinin r\u0259\u015fad\u0259ti say\u0259sind\u0259 44 g&uuml;nl&uuml;k V\u0259t\u0259n m&uuml;harib\u0259sind\u0259 qazan\u0131lan m&ouml;ht\u0259\u015f\u0259m qailibiyy\u0259tl\u0259 \u0259laq\u0259dar olaraq bel\u0259 bir t\u0259dbirin sonsuz sevinc v\u0259 f\u0259xar\u0259t hissl\u0259ri il\u0259 qeyd edilm\u0259sinin x&uuml;susi \u0259lam\u0259tdarl\u0131\u011f\u0131ndan dan\u0131\u015f\u0131b.<\/span><\/p>\n<p style=\"margin-bottom: 0.0001pt; text-align: justify; text-indent: 1cm; line-height: 150%;\"><span style=\"font-size: 12pt; line-height: 150%; font-family: Arial, sans-serif; color: #000000;\">Tarixi z\u0259f\u0259r y&uuml;r&uuml;\u015f&uuml;nd\u0259 universitetin 120-d\u0259n &ccedil;ox t\u0259l\u0259b\u0259 v\u0259 m\u0259zununun i\u015ftirak ediyini, 5 m\u0259zunun is\u0259 \u015f\u0259hidlik zirv\u0259sin\u0259 ucald\u0131\u011f\u0131n\u0131 qeyd ed\u0259n \u015e.Bayramov g&ouml;st\u0259rdikl\u0259ri v\u0259t\u0259np\u0259rv\u0259rlik, m\u0259rdlik, q\u0259hr\u0259manl\u0131q, f\u0259dakarl\u0131q v\u0259 dig\u0259r y&uuml;ks\u0259k m\u0259n\u0259vi-\u0259xlaqi d\u0259y\u0259r n&uuml;mun\u0259l\u0259ri il\u0259 MDU ail\u0259sini \u015f\u0259r\u0259fl\u0259ndir\u0259n bel\u0259 m\u0259zunlarla q&uuml;rur duyuldu\u011funu bildirib. <\/span><\/p>\n<p style=\"margin-bottom: 0.0001pt; text-align: justify; text-indent: 1cm; line-height: 150%;\"><span style=\"font-size: 12pt; line-height: 150%; font-family: Arial, sans-serif; color: #000000;\">Qloballa\u015fman\u0131n s&uuml;r\u0259tl\u0259nm\u0259si, r\u0259q\u0259msalla\u015fman\u0131n geni\u015f yay\u0131lmas\u0131, \u0259m\u0259k bazar\u0131n\u0131n t\u0259l\u0259bl\u0259rinin dinamik d\u0259yi\u015fm\u0259si il\u0259 \u0259laq\u0259dar olaraq yeni &ccedil;a\u011f\u0131r\u0131\u015flar\u0131n meydana &ccedil;\u0131xd\u0131\u011f\u0131 bir \u015f\u0259raitd\u0259 universitetd\u0259 t\u0259hsili ba\u015fa vurub i\u015f h\u0259yat\u0131na q\u0259d\u0259m qoyma\u011f\u0131n f&uuml;rs\u0259tl\u0259ri v\u0259 &ccedil;\u0259tinlikl\u0259rind\u0259n b\u0259hs ed\u0259n rektor m\u0259zunlara daim &ccedil;al\u0131\u015fma\u011f\u0131, \u0259ld\u0259 etdikl\u0259ri bilik v\u0259 bacar\u0131qlar\u0131 fasil\u0259siz olaraq m&uuml;asir d&ouml;vr&uuml;n t\u0259l\u0259bl\u0259rin\u0259 uy\u011fun yenil\u0259m\u0259yi, u\u011fura ged\u0259n yolda inamla add\u0131mlama\u011f\u0131 t&ouml;vsiy\u0259 edib.<\/span><\/p>\n<p style=\"margin-bottom: 0.0001pt; text-align: justify; text-indent: 1cm; line-height: 150%;\"><span style=\"font-size: 12pt; line-height: 150%; font-family: Arial, sans-serif; color: #000000;\">Sonra, MDU-nun fak&uuml;lt\u0259 r\u0259hb\u0259rl\u0259ri v\u0259 akademik hey\u0259t &uuml;zvl\u0259ri m\u0259zunlar\u0131 t\u0259brik edib, g\u0259l\u0259c\u0259k karyera inki\u015faf\u0131nda onlara u\u011furlar dil\u0259yibl\u0259r.<\/span><\/p>\n<p style=\"margin-bottom: 0.0001pt; text-align: justify; text-indent: 1cm; line-height: 150%;\"><span style=\"font-size: 12pt; line-height: 150%; font-family: Arial, sans-serif; color: #000000;\">T\u0259dbird\u0259 &ccedil;\u0131x\u0131\u015f ed\u0259n m\u0259zunlar v\u0259 valideynl\u0259r yarad\u0131lan \u0259lveri\u015fli t\u0259hsil m&uuml;hitin\u0259, g&ouml;st\u0259ril\u0259n diqq\u0259t v\u0259 qay\u011f\u0131ya g&ouml;r\u0259 MDU r\u0259hb\u0259rliyin\u0259 t\u0259\u015f\u0259kk&uuml;r&uuml;n&uuml; bildiribl\u0259r. M\u0259zunlar y&uuml;ks\u0259k ixtisasl\u0131 m&uuml;t\u0259x\u0259ssis, milli-m\u0259n\u0259vi d\u0259y\u0259rl\u0259r\u0259 ba\u011fl\u0131, v\u0259t\u0259np\u0259rv\u0259r v\u0259t\u0259nda\u015f kimi yeti\u015fm\u0259l\u0259rind\u0259 b&ouml;y&uuml;k \u0259m\u0259yi olan b&uuml;t&uuml;n m&uuml;\u0259lliml\u0259r\u0259 minn\u0259tdarl\u0131qlar\u0131n\u0131 &ccedil;atd\u0131r\u0131blar.<\/span><\/p>\n<p style=\"margin-bottom: 0.0001pt; text-align: justify; text-indent: 1cm; line-height: 150%;\"><span style=\"font-size: 12pt; line-height: 150%; font-family: Arial, sans-serif; color: #000000;\">Sonra, t\u0259hsil m&uuml;dd\u0259tind\u0259 y&uuml;ks\u0259k akademik g&ouml;st\u0259ricil\u0259r n&uuml;mayi\u015f etdir\u0259n v\u0259 universitetin ictimai h\u0259yat\u0131nda f\u0259al rol oynayan bir qrup m\u0259zun MDU-nun F\u0259xri F\u0259rman\u0131 il\u0259 t\u0259ltif olunub.<\/span><\/p>\n<p style=\"margin-bottom: 0.0001pt; text-align: justify; text-indent: 1cm; line-height: 150%;\"><span style=\"font-size: 12pt; line-height: 150%; font-family: Arial, sans-serif; color: #000000;\">Daha sonra Ming\u0259&ccedil;evir \u015f\u0259h\u0259r &Uuml;zeyir Hac\u0131b\u0259yli ad\u0131na 11 illik musiqi m\u0259kt\u0259binin direktoru V&uuml;sal M\u0259mm\u0259dov t\u0259dbir i\u015ftirak&ccedil;\u0131lar\u0131na xo\u015f dil\u0259kl\u0259rini &ccedil;atd\u0131r\u0131b. M\u0259kt\u0259bin g\u0259nc \u0259m\u0259kda\u015flar\u0131 maraql\u0131 ifalar\u0131 il\u0259 MDU m\u0259zunlar\u0131n\u0131 t\u0259brik edibl\u0259r.<\/span><\/p>\n<p style=\"margin-bottom: 0.0001pt; text-align: justify; text-indent: 1cm; line-height: 150%;\"><span style=\"font-size: 12pt; line-height: 150%; font-family: Arial, sans-serif; color: #000000;\">Sonda m&uuml;\u0259lliml\u0259rin v\u0259 m\u0259zunlar\u0131n MDU haqq\u0131nda t\u0259\u0259ss&uuml;ratlar\u0131n\u0131 \u0259ks etdir\u0259n video-&ccedil;arx n&uuml;mayi\u015f etdirilib.<\/span><\/p>\n<p>{phocagallery view=category|categoryid=647|limitstart=0|limitcount=0}<\/p>","protected":false},"excerpt":{"rendered":"<p>Ming\u0259&ccedil;evir D&ouml;vl\u0259t Universitetind\u0259 &ldquo;M\u0259zun g&uuml;n&uuml;&rdquo; qeyd olunub &nbsp; 30 iyun 2021-ci il tarixind\u0259 Ming\u0259&ccedil;evir D&ouml;vl\u0259t Universitetind\u0259 (MDU) &ldquo;M\u0259zun g&uuml;n&uuml;-2021&rdquo; t\u0259dbiri ke&ccedil;irilib. &ldquo;Zoom&rdquo; platformas\u0131 &uuml;z\u0259rind\u0259n onlayn formatda t\u0259\u015fkil edil\u0259n t\u0259dbird\u0259 cari t\u0259dris ilind\u0259 MDU-dan m\u0259zun olan t\u0259l\u0259b\u0259l\u0259r v\u0259 magistrantlar, el\u0259c\u0259 d\u0259 valideynl\u0259r v\u0259 universitetin \u0259m\u0259kda\u015flar\u0131 i\u015ftirak edibl\u0259r. T\u0259dbir i\u015ftirak&ccedil;\u0131lar\u0131n\u0131 salamlayan MDU-nun rektoru \u015eahin Bayramov 2020\/2021-ci t\u0259dris [&hellip;]<\/p>\n","protected":false},"author":1,"featured_media":0,"comment_status":"open","ping_status":"open","sticky":false,"template":"","format":"standard","meta":{"_eb_attr":"","ocean_post_layout":"","ocean_both_sidebars_style":"","ocean_both_sidebars_content_width":0,"ocean_both_sidebars_sidebars_width":0,"ocean_sidebar":"","ocean_second_sidebar":"","ocean_disable_margins":"enable","ocean_add_body_class":"","ocean_shortcode_before_top_bar":"","ocean_shortcode_after_top_bar":"","ocean_shortcode_before_header":"","ocean_shortcode_after_header":"","ocean_has_shortcode":"","ocean_shortcode_after_title":"","ocean_shortcode_before_footer_widgets":"","ocean_shortcode_after_footer_widgets":"","ocean_shortcode_before_footer_bottom":"","ocean_shortcode_after_footer_bottom":"","ocean_display_top_bar":"default","ocean_display_header":"default","ocean_header_style":"","ocean_center_header_left_menu":"","ocean_custom_header_template":"","ocean_custom_logo":0,"ocean_custom_retina_logo":0,"ocean_custom_logo_max_width":0,"ocean_custom_logo_tablet_max_width":0,"ocean_custom_logo_mobile_max_width":0,"ocean_custom_logo_max_height":0,"ocean_custom_logo_tablet_max_height":0,"ocean_custom_logo_mobile_max_height":0,"ocean_header_custom_menu":"","ocean_menu_typo_font_family":"","ocean_menu_typo_font_subset":"","ocean_menu_typo_font_size":0,"ocean_menu_typo_font_size_tablet":0,"ocean_menu_typo_font_size_mobile":0,"ocean_menu_typo_font_size_unit":"px","ocean_menu_typo_font_weight":"","ocean_menu_typo_font_weight_tablet":"","ocean_menu_typo_font_weight_mobile":"","ocean_menu_typo_transform":"","ocean_menu_typo_transform_tablet":"","ocean_menu_typo_transform_mobile":"","ocean_menu_typo_line_height":0,"ocean_menu_typo_line_height_tablet":0,"ocean_menu_typo_line_height_mobile":0,"ocean_menu_typo_line_height_unit":"","ocean_menu_typo_spacing":0,"ocean_menu_typo_spacing_tablet":0,"ocean_menu_typo_spacing_mobile":0,"ocean_menu_typo_spacing_unit":"","ocean_menu_link_color":"","ocean_menu_link_color_hover":"","ocean_menu_link_color_active":"","ocean_menu_link_background":"","ocean_menu_link_hover_background":"","ocean_menu_link_active_background":"","ocean_menu_social_links_bg":"","ocean_menu_social_hover_links_bg":"","ocean_menu_social_links_color":"","ocean_menu_social_hover_links_color":"","ocean_disable_title":"default","ocean_disable_heading":"default","ocean_post_title":"","ocean_post_subheading":"","ocean_post_title_style":"","ocean_post_title_background_color":"","ocean_post_title_background":0,"ocean_post_title_bg_image_position":"","ocean_post_title_bg_image_attachment":"","ocean_post_title_bg_image_repeat":"","ocean_post_title_bg_image_size":"","ocean_post_title_height":0,"ocean_post_title_bg_overlay":0.5,"ocean_post_title_bg_overlay_color":"","ocean_disable_breadcrumbs":"default","ocean_breadcrumbs_color":"","ocean_breadcrumbs_separator_color":"","ocean_breadcrumbs_links_color":"","ocean_breadcrumbs_links_hover_color":"","ocean_display_footer_widgets":"default","ocean_display_footer_bottom":"default","ocean_custom_footer_template":"","ocean_post_oembed":"","ocean_post_self_hosted_media":"","ocean_post_video_embed":"","ocean_link_format":"","ocean_link_format_target":"self","ocean_quote_format":"","ocean_quote_format_link":"post","ocean_gallery_link_images":"on","ocean_gallery_id":[],"footnotes":""},"categories":[63],"tags":[],"class_list":["post-15970","post","type-post","status-publish","format-standard","hentry","category-khaebaerlaer-az","entry"],"_links":{"self":[{"href":"https:\/\/mdu.edu.az\/en\/wp-json\/wp\/v2\/posts\/15970","targetHints":{"allow":["GET"]}}],"collection":[{"href":"https:\/\/mdu.edu.az\/en\/wp-json\/wp\/v2\/posts"}],"about":[{"href":"https:\/\/mdu.edu.az\/en\/wp-json\/wp\/v2\/types\/post"}],"author":[{"embeddable":true,"href":"https:\/\/mdu.edu.az\/en\/wp-json\/wp\/v2\/users\/1"}],"replies":[{"embeddable":true,"href":"https:\/\/mdu.edu.az\/en\/wp-json\/wp\/v2\/comments?post=15970"}],"version-history":[{"count":0,"href":"https:\/\/mdu.edu.az\/en\/wp-json\/wp\/v2\/posts\/15970\/revisions"}],"wp:attachment":[{"href":"https:\/\/mdu.edu.az\/en\/wp-json\/wp\/v2\/media?parent=15970"}],"wp:term":[{"taxonomy":"category","embeddable":true,"href":"https:\/\/mdu.edu.az\/en\/wp-json\/wp\/v2\/categories?post=15970"},{"taxonomy":"post_tag","embeddable":true,"href":"https:\/\/mdu.edu.az\/en\/wp-json\/wp\/v2\/tags?post=15970"}],"curies":[{"name":"wp","href":"https:\/\/api.w.org\/{rel}","templated":true}]}}