{"id":16054,"date":"2021-09-27T19:35:29","date_gmt":"2021-09-27T16:35:29","guid":{"rendered":"https:\/\/mdu.edu.az\/minzh-evir-d-vl-t-universitetind-an-m-zh-n-zheyd-olunub\/"},"modified":"2021-09-27T19:35:29","modified_gmt":"2021-09-27T16:35:29","slug":"minzh-evir-d-vl-t-universitetind-an-m-zh-n-zheyd-olunub","status":"publish","type":"post","link":"https:\/\/mdu.edu.az\/en\/minzh-evir-d-vl-t-universitetind-an-m-zh-n-zheyd-olunub\/","title":{"rendered":"Ming\u0259\u00e7evir D\u00f6vl\u0259t Universitetind\u0259 An\u0131m G\u00fcn\u00fc qeyd olunub"},"content":{"rendered":"<p style=\"text-align: center;\"><span style=\"color: #000000;\"><b><span style=\"font-size: 14pt; font-family: 'Arial', sans-serif;\">Ming\u0259&ccedil;evir D&ouml;vl\u0259t Universitetind\u0259 An\u0131m G&uuml;n&uuml; qeyd olunub<\/span><\/b><\/span><\/p>\n<p style=\"text-align: justify; text-indent: 1cm;\"><span style=\"font-size: 12pt; font-family: 'Arial', sans-serif; color: #000000;\"><\/span><\/p>\n<p style=\"text-align: justify; text-indent: 1cm;\"><span style=\"font-size: 12pt; font-family: 'Arial', sans-serif; color: #000000;\">27 sentyabr 2021-ci il tarixind\u0259 Ming\u0259&ccedil;evir D&ouml;vl\u0259t Universitetind\u0259 (MDU) An\u0131m G&uuml;n&uuml; qeyd edilib. An\u0131m G&uuml;n&uuml; &ccedil;\u0259r&ccedil;iv\u0259sind\u0259 MDU-da Ming\u0259&ccedil;evir \u015e\u0259hidl\u0259r Xiyaban\u0131na ziyar\u0259t, elmi-praktiki konfrans, onlayn m&uuml;hazir\u0259l\u0259r v\u0259 a\u011fac\u0259km\u0259 aksiyas\u0131 t\u0259\u015fkil edilib.<\/span><\/p>\n<p style=\"text-align: justify; text-indent: 1cm;\"><span style=\"font-size: 12pt; font-family: 'Arial', sans-serif; color: #000000;\">\u0130lk n&ouml;vb\u0259d\u0259, \u015e\u0259hidl\u0259r Xiyaban\u0131n\u0131 ziyar\u0259t ed\u0259n universitetin bir qrup t\u0259l\u0259b\u0259 v\u0259 m&uuml;\u0259llim kollektivi &uuml;zv&uuml; <span style=\"color: black; background: white none repeat scroll 0% 0%;\">&ouml;lk\u0259mizin \u0259razi b&uuml;t&ouml;vl&uuml;y&uuml;n&uuml;n t\u0259min edilm\u0259si u\u011frunda m&uuml;q\u0259dd\u0259s \u015f\u0259hidlik zirv\u0259sin\u0259 ucalan q\u0259hr\u0259manlar\u0131m\u0131z\u0131n m\u0259zarlar\u0131 &uuml;z\u0259rin\u0259 g&uuml;l d\u0259st\u0259l\u0259ri d&uuml;z&uuml;b, onlar\u0131n \u0259ziz xatir\u0259l\u0259rini d\u0259rin ehtiramla yad edib v\u0259 <\/span>yax\u0131nlar\u0131na s\u0259br dil\u0259yibl\u0259r.<\/span><\/p>\n<p style=\"text-align: justify; text-indent: 1cm;\"><span style=\"color: #000000;\"><span style=\"font-size: 12pt; font-family: 'Arial', sans-serif;\">Sonra, MDU-da 27 sentyabr An\u0131m G&uuml;n&uuml;n\u0259 h\u0259sr olunmu\u015f &ldquo;44 g&uuml;nl&uuml;k V\u0259t\u0259n <\/span><span style=\"font-size: 12pt; font-family: 'Arial', sans-serif; color: black; background: white none repeat scroll 0% 0%;\">m&uuml;harib\u0259si &#8211; tariximizi v\u0259 taleyimizi d\u0259yi\u015f\u0259n Z\u0259f\u0259r&rdquo; m&ouml;vzusunda elmi-praktik konfrans ke&ccedil;irilib. Konfransda universitetin \u015f\u0259hid m\u0259zunlar\u0131n\u0131n ail\u0259 &uuml;zvl\u0259ri, akademik v\u0259 inzibati hey\u0259t &uuml;zvl\u0259ri, t\u0259l\u0259b\u0259 v\u0259 magistrantlar i\u015ftirak edibl\u0259r. <\/span><\/span><\/p>\n<p style=\"text-align: justify; text-indent: 1cm;\"><span style=\"font-size: 12pt; font-family: 'Arial', sans-serif; color: #000000; background: white none repeat scroll 0% 0%;\">V\u0259t\u0259n u\u011frunda \u015f\u0259hid olan q\u0259hr\u0259manlar\u0131m\u0131z\u0131n \u0259ziz xatir\u0259sinin bir d\u0259qiq\u0259lik s&uuml;kutla yad edilm\u0259si il\u0259 ba\u015flayan konfrans\u0131n a&ccedil;\u0131l\u0131\u015f\u0131nda MDU-nun rektoru \u015eahin Bayramov giri\u015f s&ouml;z&uuml; il\u0259 &ccedil;\u0131x\u0131\u015f edib.<\/span><\/p>\n<p style=\"text-align: justify; text-indent: 1cm;\"><span style=\"font-size: 12pt; font-family: 'Arial', sans-serif; color: #000000;\">\u015e\u0259hid ail\u0259l\u0259rini v\u0259 dig\u0259r konfrans i\u015ftirak&ccedil;\u0131lar\u0131n\u0131 salamlayan rektor m&ouml;ht\u0259r\u0259m Prezidentimizin m&uuml;vafiq S\u0259r\u0259ncam\u0131 il\u0259 sentyabr\u0131n 27-nin Az\u0259rbaycanda An\u0131m G&uuml;n&uuml; kimi qeyd edilm\u0259sind\u0259n, xalq\u0131m\u0131z t\u0259r\u0259find\u0259n \u015f\u0259hidl\u0259rimizin b&ouml;y&uuml;k ehtiram v\u0259 q&uuml;rurla an\u0131lmas\u0131ndan b\u0259hs edib.<\/span><\/p>\n<p style=\"text-align: justify; text-indent: 1cm;\"><span style=\"color: #000000;\"><span style=\"font-size: 12pt; font-family: 'Arial', sans-serif;\">D&uuml;z bir il bundan \u0259vv\u0259l d&uuml;\u015fm\u0259nin h\u0259rbi t\u0259xribatlar\u0131na cavab olaraq ba\u015flayan <\/span><span style=\"font-size: 12pt; font-family: 'Arial', sans-serif;\">44 g&uuml;nl&uuml;k V\u0259t\u0259n m&uuml;harib\u0259sind\u0259n dan\u0131\u015fan \u015e.Bayramov m\u0259hz <\/span><span style=\"font-size: 12pt; font-family: 'Arial', sans-serif;\">m&uuml;z\u0259ff\u0259r Ali Ba\u015f Komandan\u0131m\u0131z\u0131n r\u0259hb\u0259rliyi, yenilm\u0259z Az\u0259rbaycan \u018fsg\u0259rinin r\u0259\u015fad\u0259ti v\u0259 xalq\u0131m\u0131z\u0131n sars\u0131lmaz birliyi say\u0259sind\u0259 bu <\/span><span style=\"font-size: 12pt; font-family: 'Arial', sans-serif;\">haqq sava\u015f\u0131n\u0131n \u0259razi b&uuml;t&ouml;vl&uuml;y&uuml;m&uuml;z&uuml;n t\u0259min edilm\u0259si v\u0259 tarixi \u0259dal\u0259tin b\u0259rpa olunmas\u0131 il\u0259 n\u0259tic\u0259l\u0259ndiyini bildirib. <\/span><\/span><\/p>\n<p style=\"text-align: justify; text-indent: 1cm;\"><span style=\"font-size: 12pt; font-family: 'Arial', sans-serif; color: #000000;\">Q\u0259l\u0259b\u0259mizin r\u0259mzin\u0259 &ccedil;evril\u0259n &ldquo;D\u0259mir yumruq&rdquo; il\u0259 erm\u0259ni fa\u015fizminin ba\u015f\u0131n\u0131 \u0259z\u0259n, d&uuml;\u015fm\u0259n ordusunun belini q\u0131ran v\u0259 yeni tariximizin q\u0259hr\u0259manl\u0131q salnam\u0259sini yazan igid \u0259sg\u0259rl\u0259rimiz v\u0259 zabitl\u0259rimizl\u0259 q&uuml;rur duydu\u011funu dey\u0259n rektor torpaqlar\u0131m\u0131z\u0131n h\u0259r qar\u0131\u015f\u0131n\u0131n azadl\u0131\u011f\u0131 namin\u0259 can\u0131ndan v\u0259 qan\u0131ndan ke&ccedil;\u0259n \u015f\u0259hidl\u0259rimiz\u0259 r\u0259hm\u0259t, qazil\u0259rimiz\u0259 is\u0259 \u015f\u0259fa dil\u0259yib.<\/span><\/p>\n<p style=\"text-align: justify; text-indent: 1cm;\"><span style=\"font-size: 12pt; font-family: 'Arial', sans-serif; color: #000000;\">V\u0259t\u0259n u\u011frunda y&uuml;ks\u0259k \u015f&uuml;ca\u0259t, f\u0259dakarl\u0131q, c\u0259sar\u0259t v\u0259 v\u0259t\u0259np\u0259rv\u0259rlik n&uuml;mun\u0259l\u0259rini ortaya qoyan \u015f\u0259hidl\u0259rimizin adlar\u0131n\u0131n \u0259b\u0259dil\u0259\u015fdirilm\u0259sinin &ouml;lk\u0259mizd\u0259 diqq\u0259t m\u0259rk\u0259zind\u0259 saxlan\u0131ld\u0131\u011f\u0131n\u0131 vur\u011fulayan rektor \u015f\u0259hid ail\u0259l\u0259ri v\u0259 qazil\u0259rimizin d&ouml;vl\u0259t t\u0259r\u0259find\u0259n daim y&uuml;ks\u0259k diqq\u0259t v\u0259 qay\u011f\u0131 il\u0259 \u0259hat\u0259 olundu\u011funu qeyd edib.<\/span><\/p>\n<p style=\"text-align: justify; text-indent: 1cm;\"><span style=\"font-size: 12pt; font-family: 'Arial', sans-serif; color: #000000;\">Otuz illik yurd h\u0259sr\u0259tin\u0259 son qoyan tarixi z\u0259f\u0259r y&uuml;r&uuml;\u015f&uuml;nd\u0259 universitetin 4 \u0259m\u0259kda\u015f\u0131n\u0131n, 120-d\u0259n &ccedil;ox t\u0259l\u0259b\u0259 v\u0259 m\u0259zununun i\u015ftirak etdiyini v\u0259 5 m\u0259zununun \u015f\u0259hdilik zirv\u0259sin\u0259 ucald\u0131\u011f\u0131n\u0131 diqq\u0259t\u0259 &ccedil;atd\u0131ran \u015e.Bayramov onlar\u0131n tan\u0131d\u0131lmas\u0131, \u0259ziz xatir\u0259l\u0259rinin ya\u015fad\u0131lmas\u0131, adlar\u0131n\u0131n daim uca tutulmas\u0131 v\u0259 g&ouml;st\u0259rdikl\u0259ri \u015f&uuml;ca\u0259tl\u0259ri t\u0259bli\u011f edilm\u0259si istiqam\u0259tind\u0259 MDU-da g&ouml;r&uuml;l\u0259n i\u015fl\u0259rd\u0259n s&ouml;hb\u0259t a&ccedil;\u0131b.<\/span><\/p>\n<p style=\"text-align: justify; text-indent: 1cm;\"><span style=\"font-size: 12pt; font-family: 'Arial', sans-serif; color: #000000;\">Haz\u0131rda q\u0259hr\u0259man v\u0259t\u0259n &ouml;vladlar\u0131n\u0131n qan\u0131 bahas\u0131na erm\u0259ni vandalizmind\u0259n xilas olan \u0259z\u0259li do\u011fma yurdlar\u0131m\u0131z\u0131n s&uuml;r\u0259tl\u0259 dir&ccedil;\u0259ldilm\u0259sind\u0259n b\u0259hs ed\u0259n rektor bu g&uuml;n \u015f\u0259hidl\u0259rimizin ruhunun \u015fad oldu\u011funa \u0259minliyini ifad\u0259 edib. <\/span><\/p>\n<p style=\"text-align: justify; text-indent: 1cm;\"><span style=\"font-size: 12pt; font-family: 'Arial', sans-serif; color: #000000;\">T\u0259dbird\u0259 &ccedil;\u0131x\u0131\u015f ed\u0259n MDU-nun \u015f\u0259hid m\u0259zunu K\u0259nan Abdullayevin anas\u0131 Azad\u0259 Abdullayeva v\u0259 \u018fz\u0259mi H&uuml;seynovun bac\u0131s\u0131 Elnar\u0259 H&uuml;seynova q\u0259hr\u0259man m\u0259zunlar\u0131m\u0131zla ba\u011fl\u0131 xatir\u0259l\u0259rini b&ouml;l&uuml;\u015f&uuml;bl\u0259r v\u0259 onlarla q&uuml;rur duyduqlar\u0131n\u0131 bildiribl\u0259r.<\/span><\/p>\n<p style=\"text-align: justify; text-indent: 1cm;\"><span style=\"font-size: 12pt; font-family: 'Arial', sans-serif; color: #000000;\">M&uuml;harib\u0259 ba\u015flayan d&ouml;vrd\u0259n bu g&uuml;n\u0259 q\u0259d\u0259r d&ouml;vl\u0259tin y&uuml;ks\u0259k diqq\u0259t v\u0259 qay\u011f\u0131s\u0131n\u0131 daim hiss etdikl\u0259rini qeyd ed\u0259n \u015f\u0259hid ail\u0259si &uuml;zvl\u0259ri &ouml;lk\u0259 ba\u015f&ccedil;\u0131s\u0131na t\u0259\u015f\u0259kk&uuml;rl\u0259rini &ccedil;atd\u0131r\u0131blar, \u015f\u0259hidlik m\u0259qam\u0131na y&uuml;ks\u0259lmi\u015f &ouml;vladlar\u0131n\u0131n m\u0259zunu olduqlar\u0131 universitetd\u0259 adlar\u0131n\u0131n uca tutulmas\u0131ndan m\u0259mnunluqlar\u0131n\u0131 ifad\u0259 edibl\u0259r.<\/span><\/p>\n<p style=\"text-align: justify; text-indent: 1cm;\"><span style=\"color: #000000;\"><span style=\"font-size: 12pt; font-family: 'Arial', sans-serif; color: black; background: white none repeat scroll 0% 0%;\">Sonra konfrans\u0131n proqram\u0131na uy\u011fun olaraq m\u0259ruz\u0259l\u0259r dinl\u0259nilib<\/span><span style=\"font-size: 12pt; font-family: 'Arial', sans-serif;\">. <\/span><\/span><\/p>\n<p style=\"text-align: justify; text-indent: 1cm;\"><span style=\"font-size: 12pt; font-family: 'Arial', sans-serif; color: #000000;\">MDU-nun Humanitar f\u0259nl\u0259r kafedras\u0131n\u0131n m&uuml;diri Esmira C\u0259f\u0259rova &ldquo;44 g&uuml;nl&uuml;k V\u0259t\u0259n m&uuml;harib\u0259sind\u0259n ke&ccedil;\u0259n bir il: siyasi t\u0259hlill\u0259r v\u0259 tarixi v\u0259zif\u0259l\u0259r&rdquo;, ba\u015f m&uuml;\u0259llim \u0130lham M\u0259mm\u0259dov &ldquo;Qaraba\u011f\u0131n azadl\u0131\u011f\u0131 tarixi z\u0259rur\u0259t v\u0259 milli \u015f\u0259r\u0259f m\u0259s\u0259l\u0259si kimi&rdquo;, m&uuml;\u0259llim Ayg&uuml;n Q\u0259dirova &ldquo;\u015e\u0259hidliyin Z\u0259f\u0259r zirv\u0259sin\u0259 ucalan q\u0259hr\u0259manlar \u0259b\u0259di ya\u015fayacaq!&rdquo;, m&uuml;\u0259llim Mirz\u0259 Cavadov &ldquo;44 g&uuml;nl&uuml;k V\u0259t\u0259n m&uuml;harib\u0259sinin ideoloji, elmi-k&uuml;tl\u0259vi v\u0259 ictimai-m\u0259d\u0259ni aspektl\u0259ri&rdquo; m&ouml;vzusunda m\u0259ruz\u0259l\u0259rl\u0259 &ccedil;\u0131x\u0131\u015f edibl\u0259r. <\/span><\/p>\n<p style=\"text-align: justify; text-indent: 1cm;\"><span style=\"font-size: 12pt; font-family: 'Arial', sans-serif; color: #000000;\">Konfrans\u0131n i\u015fi yekunla\u015fd\u0131qdan sonra \u015f\u0259hidl\u0259rin \u0259ziz xatir\u0259sin\u0259 ehtiram \u0259lam\u0259ti olaraq a\u011fac\u0259km\u0259 aksiyas\u0131 ke&ccedil;irilib, MDU-nun q\u0259hr\u0259man m\u0259zunlar\u0131 &uuml;&ccedil;&uuml;n yarad\u0131lan gu\u015f\u0259nin qar\u015f\u0131s\u0131nda xatir\u0259 \u015f\u0259kill\u0259ri &ccedil;\u0259kilib. <\/span><\/p>\n<p style=\"text-align: justify; text-indent: 1cm;\"><span style=\"font-size: 12pt; font-family: 'Arial', sans-serif; color: #000000;\">An\u0131m G&uuml;n&uuml; &ccedil;\u0259r&ccedil;iv\u0259sind\u0259 ke&ccedil;il\u0259n t\u0259dbirl\u0259r proqram\u0131 MDU-nun professor-m&uuml;\u0259llim hey\u0259ti &uuml;zvl\u0259ri t\u0259r\u0259find\u0259n t\u0259l\u0259b\u0259 v\u0259 magistrantlar &uuml;&ccedil;&uuml;n &ldquo;\u015eanl\u0131 Z\u0259f\u0259r tariximizd\u0259n ke&ccedil;\u0259n bir il: m&ouml;vcud reall\u0131qlar v\u0259 tarixi v\u0259zif\u0259l\u0259r&rdquo; v\u0259 &#8220;44 g&uuml;nl&uuml;k V\u0259t\u0259n m&uuml;harib\u0259sind\u0259n ke&ccedil;\u0259n bir il: postm&uuml;harib\u0259 d&ouml;vr&uuml; v\u0259 qar\u015f\u0131da duran v\u0259zif\u0259l\u0259r&#8221; m&ouml;vzular\u0131nda &ldquo;Microsoft Teams&rdquo; platformas\u0131 &uuml;z\u0259rind\u0259n onlayn m&uuml;hazir\u0259l\u0259r t\u0259\u015fkil edilm\u0259si il\u0259 sona &ccedil;at\u0131b.<\/span><\/p>\n<p style=\"text-align: justify; text-indent: 1cm;\"><span style=\"font-size: 12pt; font-family: 'Arial', sans-serif; color: #000000;\">Qeyd ed\u0259k ki, t\u0259l\u0259b\u0259 g\u0259ncl\u0259rin xalq\u0131na, v\u0259t\u0259nin\u0259 v\u0259 d&ouml;vl\u0259tin\u0259 ba\u011fl\u0131 layiqli v\u0259t\u0259nda\u015f kimi yeti\u015fdirilm\u0259si i\u015fin\u0259 x&uuml;susi &ouml;n\u0259m ver\u0259n MDU-da V\u0259t\u0259n m&uuml;harib\u0259sin\u0259 v\u0259 \u0259ld\u0259 edil\u0259n tarixi Z\u0259f\u0259r\u0259 h\u0259sr olunan, q\u0259hr\u0259man \u015f\u0259hidl\u0259rimizin adlar\u0131n\u0131n \u0259b\u0259dil\u0259\u015fdirilm\u0259sin\u0259, c\u0259sur \u0259sg\u0259r v\u0259 zabitl\u0259rimizin g&ouml;st\u0259rdikl\u0259ri \u015f&uuml;ca\u0259t v\u0259 v\u0259t\u0259np\u0259rv\u0259rlik n&uuml;mun\u0259l\u0259rinin t\u0259l\u0259b\u0259 g\u0259ncl\u0259r\u0259 &ouml;t&uuml;r&uuml;lm\u0259sin\u0259 xidm\u0259t ed\u0259n, tariximizin faci\u0259vi v\u0259 \u015fanl\u0131 s\u0259hif\u0259l\u0259rinin &ouml;yr\u0259nilm\u0259sin\u0259 v\u0259 t\u0259bli\u011f edilm\u0259sin\u0259 h\u0259d\u0259fl\u0259n\u0259n m&uuml;xt\u0259lif formatl\u0131 &ccedil;oxsayl\u0131 t\u0259dbirl\u0259rin ke&ccedil;irilm\u0259si diqq\u0259t m\u0259rk\u0259zind\u0259 saxlan\u0131l\u0131r. Bu istiqam\u0259td\u0259 f\u0259aliyy\u0259tl\u0259ri &ccedil;evik v\u0259 s\u0259m\u0259r\u0259li \u0259laq\u0259l\u0259ndirm\u0259k &uuml;&ccedil;&uuml;n universitetd\u0259 T\u0259l\u0259b\u0259 V\u0259t\u0259np\u0259rv\u0259rlik \u0130nki\u015faf\u0131 M\u0259rk\u0259zi yarad\u0131l\u0131b. <\/span><\/p>\n<p><span style=\"color: #000000;\">{phocagallery view=category|categoryid=683|limitstart=0|limitcount=0}<\/span><\/p>","protected":false},"excerpt":{"rendered":"<p>Ming\u0259&ccedil;evir D&ouml;vl\u0259t Universitetind\u0259 An\u0131m G&uuml;n&uuml; qeyd olunub 27 sentyabr 2021-ci il tarixind\u0259 Ming\u0259&ccedil;evir D&ouml;vl\u0259t Universitetind\u0259 (MDU) An\u0131m G&uuml;n&uuml; qeyd edilib. An\u0131m G&uuml;n&uuml; &ccedil;\u0259r&ccedil;iv\u0259sind\u0259 MDU-da Ming\u0259&ccedil;evir \u015e\u0259hidl\u0259r Xiyaban\u0131na ziyar\u0259t, elmi-praktiki konfrans, onlayn m&uuml;hazir\u0259l\u0259r v\u0259 a\u011fac\u0259km\u0259 aksiyas\u0131 t\u0259\u015fkil edilib. \u0130lk n&ouml;vb\u0259d\u0259, \u015e\u0259hidl\u0259r Xiyaban\u0131n\u0131 ziyar\u0259t ed\u0259n universitetin bir qrup t\u0259l\u0259b\u0259 v\u0259 m&uuml;\u0259llim kollektivi &uuml;zv&uuml; &ouml;lk\u0259mizin \u0259razi b&uuml;t&ouml;vl&uuml;y&uuml;n&uuml;n t\u0259min [&hellip;]<\/p>\n","protected":false},"author":1,"featured_media":0,"comment_status":"open","ping_status":"open","sticky":false,"template":"","format":"standard","meta":{"_eb_attr":"","ocean_post_layout":"","ocean_both_sidebars_style":"","ocean_both_sidebars_content_width":0,"ocean_both_sidebars_sidebars_width":0,"ocean_sidebar":"","ocean_second_sidebar":"","ocean_disable_margins":"enable","ocean_add_body_class":"","ocean_shortcode_before_top_bar":"","ocean_shortcode_after_top_bar":"","ocean_shortcode_before_header":"","ocean_shortcode_after_header":"","ocean_has_shortcode":"","ocean_shortcode_after_title":"","ocean_shortcode_before_footer_widgets":"","ocean_shortcode_after_footer_widgets":"","ocean_shortcode_before_footer_bottom":"","ocean_shortcode_after_footer_bottom":"","ocean_display_top_bar":"default","ocean_display_header":"default","ocean_header_style":"","ocean_center_header_left_menu":"","ocean_custom_header_template":"","ocean_custom_logo":0,"ocean_custom_retina_logo":0,"ocean_custom_logo_max_width":0,"ocean_custom_logo_tablet_max_width":0,"ocean_custom_logo_mobile_max_width":0,"ocean_custom_logo_max_height":0,"ocean_custom_logo_tablet_max_height":0,"ocean_custom_logo_mobile_max_height":0,"ocean_header_custom_menu":"","ocean_menu_typo_font_family":"","ocean_menu_typo_font_subset":"","ocean_menu_typo_font_size":0,"ocean_menu_typo_font_size_tablet":0,"ocean_menu_typo_font_size_mobile":0,"ocean_menu_typo_font_size_unit":"px","ocean_menu_typo_font_weight":"","ocean_menu_typo_font_weight_tablet":"","ocean_menu_typo_font_weight_mobile":"","ocean_menu_typo_transform":"","ocean_menu_typo_transform_tablet":"","ocean_menu_typo_transform_mobile":"","ocean_menu_typo_line_height":0,"ocean_menu_typo_line_height_tablet":0,"ocean_menu_typo_line_height_mobile":0,"ocean_menu_typo_line_height_unit":"","ocean_menu_typo_spacing":0,"ocean_menu_typo_spacing_tablet":0,"ocean_menu_typo_spacing_mobile":0,"ocean_menu_typo_spacing_unit":"","ocean_menu_link_color":"","ocean_menu_link_color_hover":"","ocean_menu_link_color_active":"","ocean_menu_link_background":"","ocean_menu_link_hover_background":"","ocean_menu_link_active_background":"","ocean_menu_social_links_bg":"","ocean_menu_social_hover_links_bg":"","ocean_menu_social_links_color":"","ocean_menu_social_hover_links_color":"","ocean_disable_title":"default","ocean_disable_heading":"default","ocean_post_title":"","ocean_post_subheading":"","ocean_post_title_style":"","ocean_post_title_background_color":"","ocean_post_title_background":0,"ocean_post_title_bg_image_position":"","ocean_post_title_bg_image_attachment":"","ocean_post_title_bg_image_repeat":"","ocean_post_title_bg_image_size":"","ocean_post_title_height":0,"ocean_post_title_bg_overlay":0.5,"ocean_post_title_bg_overlay_color":"","ocean_disable_breadcrumbs":"default","ocean_breadcrumbs_color":"","ocean_breadcrumbs_separator_color":"","ocean_breadcrumbs_links_color":"","ocean_breadcrumbs_links_hover_color":"","ocean_display_footer_widgets":"default","ocean_display_footer_bottom":"default","ocean_custom_footer_template":"","ocean_post_oembed":"","ocean_post_self_hosted_media":"","ocean_post_video_embed":"","ocean_link_format":"","ocean_link_format_target":"self","ocean_quote_format":"","ocean_quote_format_link":"post","ocean_gallery_link_images":"on","ocean_gallery_id":[],"footnotes":""},"categories":[63],"tags":[],"class_list":["post-16054","post","type-post","status-publish","format-standard","hentry","category-khaebaerlaer-az","entry"],"_links":{"self":[{"href":"https:\/\/mdu.edu.az\/en\/wp-json\/wp\/v2\/posts\/16054","targetHints":{"allow":["GET"]}}],"collection":[{"href":"https:\/\/mdu.edu.az\/en\/wp-json\/wp\/v2\/posts"}],"about":[{"href":"https:\/\/mdu.edu.az\/en\/wp-json\/wp\/v2\/types\/post"}],"author":[{"embeddable":true,"href":"https:\/\/mdu.edu.az\/en\/wp-json\/wp\/v2\/users\/1"}],"replies":[{"embeddable":true,"href":"https:\/\/mdu.edu.az\/en\/wp-json\/wp\/v2\/comments?post=16054"}],"version-history":[{"count":0,"href":"https:\/\/mdu.edu.az\/en\/wp-json\/wp\/v2\/posts\/16054\/revisions"}],"wp:attachment":[{"href":"https:\/\/mdu.edu.az\/en\/wp-json\/wp\/v2\/media?parent=16054"}],"wp:term":[{"taxonomy":"category","embeddable":true,"href":"https:\/\/mdu.edu.az\/en\/wp-json\/wp\/v2\/categories?post=16054"},{"taxonomy":"post_tag","embeddable":true,"href":"https:\/\/mdu.edu.az\/en\/wp-json\/wp\/v2\/tags?post=16054"}],"curies":[{"name":"wp","href":"https:\/\/api.w.org\/{rel}","templated":true}]}}