{"id":16055,"date":"2021-09-28T11:37:17","date_gmt":"2021-09-28T08:37:17","guid":{"rendered":"https:\/\/mdu.edu.az\/44-zh-nl-k-v-t-n-m-harib-si-milli-irad-milli-ruh-milli-l-yag-t-t-nt-n-sidir\/"},"modified":"2022-10-11T11:45:44","modified_gmt":"2022-10-11T08:45:44","slug":"44-zh-nl-k-v-t-n-m-harib-si-milli-irad-milli-ruh-milli-l-yag-t-t-nt-n-sidir","status":"publish","type":"post","link":"https:\/\/mdu.edu.az\/en\/44-zh-nl-k-v-t-n-m-harib-si-milli-irad-milli-ruh-milli-l-yag-t-t-nt-n-sidir\/","title":{"rendered":"44 g\u00fcnl\u00fck V\u0259t\u0259n m\u00fcharib\u0259si milli irad\u0259, milli ruh, milli l\u0259yaq\u0259t t\u0259nt\u0259n\u0259sidir"},"content":{"rendered":"<p style=\"text-align: justify; text-indent: 1cm;\"><span style=\"font-size: 12pt; font-family: 'Arial', sans-serif; color: #000000;\">Bir il bundan \u0259vv\u0259l 27 sentyabr 2020-ci ild\u0259 Erm\u0259nistan Az\u0259rbaycana qar\u015f\u0131 h\u0259rbi t\u0259xribat t\u00f6r\u0259d\u0259r\u0259k bizim d\u00f6y\u00fc\u015f m\u00f6vqel\u0259rimizi v\u0259 ya\u015fay\u0131\u015f m\u0259nt\u0259q\u0259l\u0259rimizi at\u0259\u015f\u0259 tutmu\u015fdur. Bu nam\u0259rd at\u0259\u015f n\u0259tic\u0259sind\u0259 ilk saatlarda m\u00fclki \u015f\u0259xsl\u0259r, h\u0259rb\u00e7il\u0259r h\u0259lak olmu\u015fdur. Bu qanl\u0131 cinay\u0259t\u0259 cavab olaraq Az\u0259rbaycan Ordusunun geni\u015fmiqyasl\u0131 \u0259ks-h\u00fccum \u0259m\u0259liyyat\u0131n\u0131n ba\u015flan\u0131lmas\u0131na dair tarixi q\u0259rar q\u0259bul olunmu\u015fdur. 44 g\u00fcn davam ed\u0259n \u0130kinci Qaraba\u011f m\u00fcharib\u0259sind\u0259 Az\u0259rbaycan Ordusu v\u0259 xalq\u0131 tam Q\u0259l\u0259b\u0259 qazanm\u0131\u015fd\u0131r.<\/span><\/p>\n<p style=\"text-align: justify; text-indent: 1cm;\"><span style=\"font-size: 12pt; font-family: 'Arial', sans-serif; color: #000000;\">\u0130kinci Qaraba\u011f m\u00fcharib\u0259si bizim \u015fanl\u0131 tariximizdir. Bu Q\u0259l\u0259b\u0259 tarixd\u0259 \u0259b\u0259di qalacaq. Az\u0259rbaycan Silahl\u0131 Q\u00fcvv\u0259l\u0259ri 44 g\u00fcn \u0259rzind\u0259 d\u00fc\u015fm\u0259n ordusunu m\u0259hv ed\u0259r\u0259k \u00f6z \u0259razi b\u00fct\u00f6vl\u00fcy\u00fcn\u00fc b\u0259rpa etdi. D\u00fc\u015fm\u0259n torpaqlar\u0131m\u0131zdan qovuldu, \u0259dal\u0259t v\u0259 beyn\u0259lxalq h\u00fcquq b\u0259rpa olundu. Bu g\u00fcn Az\u0259rbaycan d\u00f6vl\u0259ti qalib d\u00f6vl\u0259t kimi ya\u015fay\u0131r v\u0259 bundan sonra m\u00fcz\u0259ff\u0259r xalq v\u0259 qalib d\u00f6vl\u0259t kimi \u0259b\u0259di ya\u015fayacaq.<\/span><\/p>\n<p style=\"text-align: justify; text-indent: 1cm;\"><span style=\"font-size: 12pt; font-family: 'Arial', sans-serif; color: #000000;\">Az\u0259rbaycan m\u00fcharib\u0259ni h\u0259rbi-siyasi yollarla h\u0259ll etdi, m\u00fcharib\u0259 arxada qald\u0131, Da\u011fl\u0131q Qaraba\u011f m\u00fcnaqi\u015f\u0259si d\u0259 tarixd\u0259 qald\u0131. Az\u0259rbaycanda \u201cDa\u011fl\u0131q Qaraba\u011f\u201d adl\u0131 inzibati \u0259razi m\u00f6vcud deyil v\u0259 \u0259g\u0259r kims\u0259 \u201cDa\u011fl\u0131q Qaraba\u011f\u201d adl\u0131 \u00f6l\u00fcn\u00fc diriltm\u0259k ist\u0259yirs\u0259, onu \u00f6z \u0259razisind\u0259 diriltsin, \u00f6z \u0259razisind\u0259 \u201cDa\u011fl\u0131q Qaraba\u011f\u201d adl\u0131 qurum yarats\u0131n, respublika yarats\u0131n, c\u0259miyy\u0259t yarats\u0131n. Ancaq Az\u0259rbaycanda yox! Bu m\u0259s\u0259l\u0259 art\u0131q \u00f6z h\u0259llini tapm\u0131\u015fd\u0131r.<\/span><\/p>\n<p style=\"text-align: justify; text-indent: 1cm;\"><span style=\"font-size: 12pt; font-family: 'Arial', sans-serif; color: #000000;\">Az\u0259rbaycan Ordusu \u015f\u0259hidl\u0259rin qan\u0131n\u0131 ald\u0131. Biz onlar\u0131n qisas\u0131n\u0131 d\u00f6y\u00fc\u015f meydan\u0131nda ald\u0131q. Bu Q\u0259l\u0259b\u0259ni biz\u0259 b\u0259x\u015f ed\u0259n q\u0259hr\u0259man \u0259sg\u0259r v\u0259 zabitl\u0259rimiz bizim q\u00fcrur m\u0259nb\u0259yimizdir. Onlar\u0131n q\u0259hr\u0259manl\u0131\u011f\u0131, onlar\u0131n \u015f\u00fcca\u0259ti, f\u0259dakarl\u0131\u011f\u0131 art\u0131q dastana \u00e7evrilib. Biz bundan sonra qalib \u00f6lk\u0259, m\u00fcz\u0259ff\u0259r xalq kimi ya\u015fayaca\u011f\u0131q v\u0259 azad edilmi\u015f torpaqlar\u0131 quraca\u011f\u0131q, b\u0259rpa ed\u0259c\u0259yik.<\/span><\/p>\n<p style=\"text-align: justify; text-indent: 1cm;\"><span style=\"font-size: 12pt; font-family: 'Arial', sans-serif; color: #000000;\">2020-ci il dekabr\u0131n 2-d\u0259 m\u00fcvafiq Prezident S\u0259r\u0259ncam\u0131 il\u0259 sentyabr\u0131n 27-si Az\u0259rbaycanda An\u0131m G\u00fcn\u00fc kimi t\u0259sis edilmi\u015fdir. Biz \u015f\u0259hidl\u0259rimizi \u00f6z q\u0259lbimizd\u0259 \u0259b\u0259di saxlayaca\u011f\u0131q. Eyni zamanda, Bak\u0131da V\u0259t\u0259n M\u00fcharib\u0259si Memorial Kompleksi v\u0259 Z\u0259f\u0259r Muzeyi in\u015fa olunacaqd\u0131r. Bak\u0131da, \u015f\u0259h\u0259rimizin \u0259n g\u00f6z\u0259l yerl\u0259rinin birind\u0259 \u0130kinci Qaraba\u011f m\u00fcharib\u0259sinin q\u0259hr\u0259manlar\u0131n\u0131n \u015f\u0259r\u0259fin\u0259 m\u00f6ht\u0259\u015f\u0259m abid\u0259 ucald\u0131lacaqd\u0131r.<\/span><\/p>\n<p style=\"text-align: justify; text-indent: 1cm;\"><span style=\"font-size: 12pt; font-family: 'Arial', sans-serif; color: #000000;\">44 g\u00fcn \u0259rzind\u0259 biz\u0259 \u0259n b\u00f6y\u00fck d\u0259st\u0259k ver\u0259n \u00f6lk\u0259 qarda\u015f T\u00fcrkiy\u0259 olmu\u015fdur. Qarda\u015f T\u00fcrkiy\u0259 v\u0259 qarda\u015f t\u00fcrk xalq\u0131 m\u00fcharib\u0259nin ilk saatlar\u0131ndan Az\u0259rbaycanla h\u0259mr\u0259y oldular, Az\u0259rbaycana \u00f6z d\u0259st\u0259yini g\u00f6st\u0259rdil\u0259r. T\u00fcrkiy\u0259 r\u0259hb\u0259rliyi t\u0259r\u0259find\u0259n veril\u0259n a\u00e7\u0131qlamalar biz\u0259 \u00e7ox b\u00f6y\u00fck siyasi d\u0259st\u0259k oldu, biz\u0259 \u0259lav\u0259 g\u00fcc verdi v\u0259 biz bunu he\u00e7 vaxt unutmayaca\u011f\u0131q.<\/span><\/p>\n<p style=\"text-align: justify; text-indent: 1cm;\"><span style=\"font-size: 12pt; font-family: 'Arial', sans-serif; color: #000000;\">B\u00fct\u00fcn dig\u0259r \u00f6lk\u0259l\u0259r ki, biz\u0259 siyasi d\u0259st\u0259k g\u00f6st\u0259rdil\u0259r, biz onlara da minn\u0259tdar\u0131q. Xarici \u00f6lk\u0259l\u0259rd\u0259 ya\u015fayan milyonlarla az\u0259rbaycanl\u0131lar h\u0259r g\u00fcn ged\u0259n d\u00f6y\u00fc\u015fl\u0259ri izl\u0259yirdil\u0259r, bizim u\u011furlar\u0131m\u0131za sevinirdil\u0259r.<\/span><\/p>\n<p style=\"text-align: justify; text-indent: 1cm;\"><span style=\"font-size: 12pt; font-family: 'Arial', sans-serif; color: #000000;\">M\u00fcharib\u0259 d\u00f6vr\u00fcnd\u0259 ham\u0131m\u0131z bir \u015f\u00fcarla ya\u015fay\u0131rd\u0131q-\u00f6ld\u00fc var, d\u00f6nd\u00fc yoxdur. Az\u0259rbaycan xalq\u0131 Az\u0259rbaycan Ordusunun arxas\u0131nda m\u00f6hk\u0259m dayanaraq ordumuza \u0259lav\u0259 g\u00fcc verirdi. G\u00fcnahs\u0131z insanlar\u0131n h\u0259lak olmas\u0131, \u015f\u0259h\u0259r v\u0259 k\u0259ndl\u0259rimizin da\u011f\u0131d\u0131lmas\u0131 Az\u0259rbaycan xalq\u0131n\u0131n irad\u0259sini q\u0131ra bilm\u0259di. 44 g\u00fcn \u0259rzind\u0259 bir g\u00fcn d\u0259 olmay\u0131b ki, biz geriy\u0259 add\u0131m ataq.<\/span><\/p>\n<p style=\"text-align: justify; text-indent: 1cm;\"><span style=\"font-size: 12pt; font-family: 'Arial', sans-serif; color: #000000;\">Baxmayaraq ki, m\u0259nfur d\u00fc\u015fm\u0259nin \u0259lind\u0259 \u0259lveri\u015fli m\u00f6vqel\u0259r var idi, \u0259razinin relyefi onlara b\u00f6y\u00fck \u00fcst\u00fcnl\u00fck t\u0259\u015fkil edirdi, 30 il \u0259rzind\u0259 5-6 x\u0259td\u0259n ibar\u0259t m\u00fcdafi\u0259 istehkamlar\u0131 qurulmu\u015fdu, d\u00fc\u015fm\u0259n ordusu geri getm\u0259y\u0259 m\u0259cbur olmu\u015fdur. 44 g\u00fcnl\u00fck m\u00fcharib\u0259 zaman\u0131 Az\u0259rbaycan Silahl\u0131 Q\u00fcvv\u0259l\u0259rind\u0259 bir n\u0259f\u0259r d\u0259 olsun f\u0259rari olmam\u0131\u015fd\u0131r. Ancaq Erm\u0259nistan ordusunda 10 mind\u0259n \u00e7ox f\u0259rari olmu\u015fdur.<\/span><\/p>\n<p style=\"text-align: justify; text-indent: 1cm;\"><span style=\"font-size: 12pt; font-family: 'Arial', sans-serif; color: #000000;\">Biz Q\u0259l\u0259b\u0259ni d\u00f6y\u00fc\u015f meydan\u0131nda qazand\u0131q. 300-d\u0259n \u00e7ox \u015f\u0259h\u0259r v\u0259 k\u0259nd d\u00f6y\u00fc\u015f meydan\u0131nda i\u015f\u011faldan azad edildi. Biz qan t\u00f6k\u0259r\u0259k, \u015f\u0259hidl\u0259r ver\u0259r\u0259k bu Q\u0259l\u0259b\u0259ni \u0259ld\u0259 etdik v\u0259 d\u00fc\u015fm\u0259ni m\u0259cbur etdik ki, bizim qaba\u011f\u0131m\u0131zda diz \u00e7\u00f6ks\u00fcn v\u0259 kapitulyasiya akt\u0131na imza ats\u0131n. H\u0259min d\u00fc\u015fm\u0259n ki, 30 il \u0259rzind\u0259 Az\u0259rbaycan xalq\u0131n\u0131n \u015f\u0259r\u0259f v\u0259 l\u0259yaq\u0259tini tapdalama\u011fa \u00e7al\u0131\u015f\u0131rd\u0131. Az\u011f\u0131nla\u015fm\u0131\u015f, har\u0131nlam\u0131\u015f, quduzla\u015fm\u0131\u015f, qudurmu\u015f d\u00fc\u015fm\u0259n bizim qaba\u011f\u0131m\u0131zda diz \u00e7\u00f6kd\u00fc, a\u011f bayraq qald\u0131rd\u0131, t\u0259slim oldu v\u0259 m\u0259cbur oldu ki, noyabr\u0131n 9-dan 10-na ke\u00e7\u0259n gec\u0259 kapitulyasiya akt\u0131na imza ats\u0131n. Bunun n\u0259tic\u0259sind\u0259 y\u00fczl\u0259rl\u0259 \u015f\u0259h\u0259r v\u0259 k\u0259nd bir g\u00fcll\u0259 atmadan, bir \u015f\u0259hid verm\u0259d\u0259n geri qaytar\u0131ld\u0131.<\/span><\/p>\n<p style=\"text-align: justify; text-indent: 1cm;\"><span style=\"font-size: 12pt; font-family: 'Arial', sans-serif; color: #000000;\">Erm\u0259nistan d\u00f6y\u00fc\u015f meydan\u0131nda m\u0259\u011flub olark\u0259n yen\u0259 d\u0259 \u0259n \u00e7irkin \u0259m\u0259ll\u0259r\u0259 \u0259l atd\u0131, m\u00fclki \u015f\u0259xsl\u0259r\u0259 qar\u015f\u0131 h\u0259rbi t\u0259xribat t\u00f6r\u0259tdi. Y\u00fczd\u0259n \u00e7ox m\u00fclki \u015f\u0259xs erm\u0259ni fa\u015fizminin qurban\u0131 oldu. \u015e\u0259h\u0259r v\u0259 k\u0259ndl\u0259rimiz m\u00fcnt\u0259z\u0259m olaraq daim at\u0259\u015f alt\u0131nda idi. Erm\u0259nistan qada\u011fan olunmu\u015f silahlardan istifad\u0259 edirdi, a\u011f fosforlu bombalardan istifad\u0259 edirdi, ballistik raketl\u0259rd\u0259n istifad\u0259 edirdi.<\/span><\/p>\n<p style=\"text-align: justify; text-indent: 1cm;\"><span style=\"font-size: 12pt; font-family: 'Arial', sans-serif; color: #000000;\">Bu g\u00fcn azad edilmi\u015f torpaqlara g\u0259l\u0259n h\u0259r bir insan erm\u0259ni v\u0259h\u015filiyinin t\u0259zah\u00fcrl\u0259rini \u00f6z g\u00f6zl\u0259ri il\u0259 g\u00f6r\u00fcr. Bizim b\u00fct\u00fcn \u015f\u0259h\u0259rl\u0259rimiz yerl\u0259-yeksan edilib, b\u00fct\u00fcn tarixi abid\u0259l\u0259rimiz, m\u0259scidl\u0259rimiz erm\u0259nil\u0259r t\u0259r\u0259find\u0259n ya tam da\u011f\u0131d\u0131l\u0131b, ya da t\u0259hqir olunub. 67 m\u0259scidd\u0259n 65-i tamamil\u0259 da\u011f\u0131d\u0131l\u0131b, qalan yar\u0131da\u011f\u0131lm\u0131\u015f m\u0259scidl\u0259rd\u0259 m\u0259nfur d\u00fc\u015fm\u0259n bizi t\u0259hqir etm\u0259k \u00fc\u00e7\u00fcn, b\u00fct\u00fcn d\u00fcnya m\u00fcs\u0259lmanlar\u0131n\u0131 t\u0259hqir etm\u0259k \u00fc\u00e7\u00fcn heyvan saxlay\u0131rd\u0131, in\u0259k, donuz saxlay\u0131rd\u0131.<\/span><\/p>\n<p style=\"text-align: justify; text-indent: 1cm;\"><span style=\"font-size: 12pt; font-family: 'Arial', sans-serif; color: #000000;\"> Erm\u0259nistanda t\u00fc\u011fyan ed\u0259n az\u0259rbaycanofobiya, islamofobiya psixi x\u0259st\u0259lik d\u0259r\u0259c\u0259sin\u0259 \u00e7atm\u0131\u015fd\u0131r. Az\u0259rbaycanl\u0131lara qar\u015f\u0131 olan nifr\u0259t orada r\u0259smi ideologiya kimi b\u0259rq\u0259rar edilib. \u018fks t\u0259qdird\u0259, bu q\u0259d\u0259r v\u0259h\u015filik t\u00f6r\u0259dilm\u0259zdi. Azad edilmi\u015f torpaqlara h\u0259r g\u0259l\u0259n insan d\u0259h\u015f\u0259t\u0259 g\u0259lir ki, bunu t\u00f6r\u0259d\u0259n insan deyil. Bunu t\u00f6r\u0259d\u0259n az\u011f\u0131nla\u015fm\u0131\u015f, quduzla\u015fm\u0131\u015f, az\u0259rbaycanofob k\u00fctl\u0259dir, q\u0259bil\u0259dir. Erm\u0259nistan\u0131n havadarlar\u0131 bunu g\u00f6rm\u0259lidirl\u0259r. G\u00f6rm\u0259k ist\u0259m\u0259s\u0259l\u0259r d\u0259, g\u00f6rm\u0259lidirl\u0259r v\u0259 g\u00f6r\u0259c\u0259kl\u0259r, biz g\u00f6st\u0259r\u0259c\u0259yik, b\u00fct\u00fcn d\u00fcnyaya g\u00f6st\u0259r\u0259c\u0259yik ki, biz hans\u0131 b\u0259lan\u0131n d\u0259rsini verdik, biz b\u00f6lg\u0259mizi hans\u0131 b\u0259ladan xilas etdik.<\/span><\/p>\n<p style=\"text-align: justify; text-indent: 1cm;\"><span style=\"font-size: 12pt; font-family: 'Arial', sans-serif; color: #000000;\">M\u00fcharib\u0259d\u0259n \u0259vv\u0259l Prezident \u0130lham \u018fliyev d\u0259f\u0259l\u0259rl\u0259 demi\u015fdi ki, \u0259g\u0259r Erm\u0259nistan r\u0259hb\u0259rliyi \u00f6z xo\u015fu il\u0259, beyn\u0259lxalq h\u00fcququn norma v\u0259 prinsipl\u0259rin\u0259 riay\u0259t ed\u0259r\u0259k torpaqlar\u0131m\u0131zdan \u00e7\u0131xarsa, m\u00fcharib\u0259 t\u0259bii ki, istisna edil\u0259c\u0259kdir. M\u00fcharib\u0259 d\u00f6vr\u00fcnd\u0259 bu fikir d\u0259f\u0259l\u0259rl\u0259 Erm\u0259nistan hakimiyy\u0259tin\u0259 deyilmi\u015fdir. Deyilmi\u015fdir ki, Erm\u0259nistan r\u0259hb\u0259rliyi biz\u0259 tarix versin, hans\u0131 g\u00fcnd\u0259 hans\u0131 torpa\u011f\u0131m\u0131zdan \u00e7\u0131x\u0131r v\u0259 biz m\u00fcharib\u0259ni dayand\u0131rma\u011fa haz\u0131r\u0131q. Ancaq bunu etm\u0259dil\u0259r. 44 g\u00fcnd\u0259n sonra &#8211; art\u0131q Erm\u0259nistan ordusunun beli q\u0131r\u0131landan, biz al\u0131nmaz qala say\u0131lan \u015eu\u015fan\u0131 v\u0259 ard\u0131nca 70-d\u0259n \u00e7ox k\u0259ndi i\u015f\u011fal\u00e7\u0131lardan azad ed\u0259nd\u0259n sonra d\u00fc\u015fm\u0259n m\u0259cbur qal\u0131b t\u0259slim olub.<\/span><\/p>\n<p style=\"text-align: justify; text-indent: 1cm;\"><span style=\"font-size: 12pt; font-family: 'Arial', sans-serif; color: #000000;\"> Erm\u0259ni fa\u015fizmi m\u0259hv edilib, ancaq onun t\u0259zah\u00fcrl\u0259ri g\u00f6r\u00fcnm\u0259kd\u0259dir. Bu, \u00e7ox t\u0259hl\u00fck\u0259li tendensiyad\u0131r, ilk n\u00f6vb\u0259d\u0259, Erm\u0259nistan d\u00f6vl\u0259ti \u00fc\u00e7\u00fcn. \u018fg\u0259r biz g\u00f6rs\u0259k ki, erm\u0259ni fa\u015fizmi ba\u015f qald\u0131r\u0131r, \u0259g\u0259r biz g\u00f6rs\u0259k ki, xalq\u0131m\u0131za, d\u00f6vl\u0259timiz\u0259 yeni t\u0259hl\u00fck\u0259 m\u0259nb\u0259yi yaran\u0131r, he\u00e7 t\u0259r\u0259dd\u00fcd etm\u0259d\u0259n erm\u0259ni fa\u015fizminin ba\u015f\u0131n\u0131 bir daha \u0259z\u0259c\u0259yik. Bunu h\u0259r k\u0259s bilm\u0259lidir.<\/span><\/p>\n<p style=\"text-align: justify; text-indent: 1cm;\"><span style=\"font-size: 12pt; font-family: 'Arial', sans-serif; color: #000000;\">27 sentyabr tarixind\u0259 V\u0259t\u0259n m\u00fcharib\u0259si zaman\u0131 Az\u0259rbaycan\u0131n \u0259razi b\u00fct\u00f6vl\u00fcy\u00fc u\u011frunda d\u00f6y\u00fc\u015fl\u0259rd\u0259 h\u0259lak olmu\u015f \u0259sg\u0259r v\u0259 zabitl\u0259rimiz\u0259, q\u0259tl\u0259 yetiril\u0259n m\u00fclki v\u0259t\u0259nda\u015flara v\u0259 itkin d\u00fc\u015fm\u00fc\u015f soyda\u015flar\u0131m\u0131za ehtiram \u0259lam\u0259ti olaraq M\u00fcz\u0259ff\u0259r Ali Ba\u015f Komandan, Prezident \u0130lham \u018fliyev v\u0259 birinci xan\u0131m Mehriban \u018fliyevan\u0131n i\u015ftirak\u0131 il\u0259 An\u0131m G\u00fcn\u00fcn\u0259 h\u0259sr olunmu\u015f y\u00fcr\u00fc\u015f t\u0259\u015fkil edilmi\u015fdir. \u015e\u0259hidl\u0259rin xatir\u0259sini \u0259b\u0259dil\u0259\u015fdirm\u0259k \u00fc\u00e7\u00fcn Bak\u0131 \u015f\u0259h\u0259rind\u0259 in\u015fa olunacaq V\u0259t\u0259n M\u00fcharib\u0259si Memorial Kompleksinin v\u0259 Z\u0259f\u0259r Muzeyinin t\u0259m\u0259lqoyma m\u0259rasimind\u0259 d\u00f6vl\u0259timizin ba\u015f\u00e7\u0131s\u0131 i\u015ftirak etmi\u015fdir. T\u0259m\u0259lqoyma m\u0259rasimind\u0259n sonra Prezident, M\u00fcz\u0259ff\u0259r Ali Ba\u015f Komandan \u0130lham \u018fliyev v\u0259 birinci xan\u0131m Mehriban \u018fliyeva D\u0259nizk\u0259nar\u0131 bulvar \u0259razisin\u0259 g\u0259l\u0259r\u0259k q\u0259hr\u0259man \u015f\u0259hidl\u0259rimizin \u0259ziz xatir\u0259sini bir d\u0259qiq\u0259lik s\u00fckutla yad etdil\u0259r.<span style=\"color: black;\"> Daha sonra Prezident \u0130lham \u018fliyev v\u0259 birinci xan\u0131m Mehriban \u018fliyeva F\u0259xri xiyabanda Ulu \u00d6nd\u0259r Heyd\u0259r \u018fliyevin m\u0259zar\u0131n\u0131 ziyar\u0259t edibl\u0259r.<\/span><\/span><\/p>\n<p style=\"text-align: justify; text-indent: 1cm;\"><span style=\"font-size: 12pt; font-family: 'Arial', sans-serif; color: #000000;\">&nbsp;&nbsp;&nbsp;&nbsp;&nbsp;&nbsp;&nbsp;&nbsp; \u00d6k\u0259mizin h\u0259r yerind\u0259 oldu\u011fu kimi Ming\u0259\u00e7evir \u015f\u0259h\u0259rind\u0259 d\u0259 27 sentyabr An\u0131m g\u00fcn\u00fc il\u0259 ba\u011fl\u0131 \u015e\u0259hidl\u0259r Xiyaban\u0131nda t\u0259dbir t\u0259\u015fkil olunmu\u015f, \u0130cra Hakimiyy\u0259tinin ba\u015f\u00e7\u0131s\u0131, h\u00fcquq m\u00fchafiz\u0259 orqanlar\u0131n\u0131n r\u0259hb\u0259rl\u0259ri, \u015f\u0259h\u0259r ictimaiyy\u0259tinin n\u00fcmay\u0259nd\u0259l\u0259ri i\u015ftirak etmi\u015fl\u0259r. \u015e\u0259hidl\u0259rin m\u0259zarlar\u0131 \u00f6n\u00fcn\u0259 g\u00fcl d\u0259st\u0259l\u0259ri qoyulmu\u015f dualar oxunmu\u015f v\u0259 sonda \u015e\u0259hid ail\u0259l\u0259ri ziyar\u0259t edilmi\u015fdir. <\/span><\/p>\n<p style=\"text-align: justify; text-indent: 1cm;\"><span style=\"font-size: 12pt; font-family: 'Arial', sans-serif; color: #000000;\">\u015e\u0259hidl\u0259r he\u00e7vaxt unudulmayacaq, onlar b\u0259di olaraq q\u0259llbimizd\u0259 ya\u015fayacaqlar.<\/span><\/p>\n<p style=\"text-align: justify; text-indent: 1cm;\"><span style=\"font-size: 12pt; font-family: 'Arial', sans-serif; color: #000000;\">Ya\u015fas\u0131n G\u00fccl\u00fc Az\u0259rbaycan!!!<\/span><\/p>\n<p style=\"text-align: justify; text-indent: 1cm;\"><span style=\"color: #000000;\"><b><span style=\"font-size: 12pt; font-family: 'Arial', sans-serif;\">Mirz\u0259 Cavadov,<\/span><\/b><\/span><\/p>\n<p style=\"text-align: justify; text-indent: 1cm;\"><span style=\"color: #000000;\"><b><span style=\"font-size: 12pt; font-family: 'Arial', sans-serif;\">MDU-nun ba\u015f m\u00fc\u0259llimi<\/span><\/b><\/span><\/p>","protected":false},"excerpt":{"rendered":"<p>Bir il bundan \u0259vv\u0259l 27 sentyabr 2020-ci ild\u0259 Erm\u0259nistan Az\u0259rbaycana qar\u015f\u0131 h\u0259rbi t\u0259xribat t\u00f6r\u0259d\u0259r\u0259k bizim d\u00f6y\u00fc\u015f m\u00f6vqel\u0259rimizi v\u0259 ya\u015fay\u0131\u015f m\u0259nt\u0259q\u0259l\u0259rimizi at\u0259\u015f\u0259 tutmu\u015fdur. Bu nam\u0259rd at\u0259\u015f n\u0259tic\u0259sind\u0259 ilk saatlarda m\u00fclki \u015f\u0259xsl\u0259r, h\u0259rb\u00e7il\u0259r h\u0259lak olmu\u015fdur. Bu qanl\u0131 cinay\u0259t\u0259 cavab olaraq Az\u0259rbaycan Ordusunun geni\u015fmiqyasl\u0131 \u0259ks-h\u00fccum \u0259m\u0259liyyat\u0131n\u0131n ba\u015flan\u0131lmas\u0131na dair tarixi q\u0259rar q\u0259bul olunmu\u015fdur. 44 g\u00fcn davam ed\u0259n \u0130kinci Qaraba\u011f [&hellip;]<\/p>\n","protected":false},"author":1,"featured_media":34000,"comment_status":"open","ping_status":"open","sticky":false,"template":"","format":"standard","meta":{"_eb_attr":"","ocean_post_layout":"","ocean_both_sidebars_style":"","ocean_both_sidebars_content_width":0,"ocean_both_sidebars_sidebars_width":0,"ocean_sidebar":"0","ocean_second_sidebar":"0","ocean_disable_margins":"enable","ocean_add_body_class":"","ocean_shortcode_before_top_bar":"","ocean_shortcode_after_top_bar":"","ocean_shortcode_before_header":"","ocean_shortcode_after_header":"","ocean_has_shortcode":"","ocean_shortcode_after_title":"","ocean_shortcode_before_footer_widgets":"","ocean_shortcode_after_footer_widgets":"","ocean_shortcode_before_footer_bottom":"","ocean_shortcode_after_footer_bottom":"","ocean_display_top_bar":"default","ocean_display_header":"default","ocean_header_style":"","ocean_center_header_left_menu":"0","ocean_custom_header_template":"0","ocean_custom_logo":0,"ocean_custom_retina_logo":0,"ocean_custom_logo_max_width":0,"ocean_custom_logo_tablet_max_width":0,"ocean_custom_logo_mobile_max_width":0,"ocean_custom_logo_max_height":0,"ocean_custom_logo_tablet_max_height":0,"ocean_custom_logo_mobile_max_height":0,"ocean_header_custom_menu":"0","ocean_menu_typo_font_family":"0","ocean_menu_typo_font_subset":"","ocean_menu_typo_font_size":0,"ocean_menu_typo_font_size_tablet":0,"ocean_menu_typo_font_size_mobile":0,"ocean_menu_typo_font_size_unit":"px","ocean_menu_typo_font_weight":"","ocean_menu_typo_font_weight_tablet":"","ocean_menu_typo_font_weight_mobile":"","ocean_menu_typo_transform":"","ocean_menu_typo_transform_tablet":"","ocean_menu_typo_transform_mobile":"","ocean_menu_typo_line_height":0,"ocean_menu_typo_line_height_tablet":0,"ocean_menu_typo_line_height_mobile":0,"ocean_menu_typo_line_height_unit":"","ocean_menu_typo_spacing":0,"ocean_menu_typo_spacing_tablet":0,"ocean_menu_typo_spacing_mobile":0,"ocean_menu_typo_spacing_unit":"","ocean_menu_link_color":"","ocean_menu_link_color_hover":"","ocean_menu_link_color_active":"","ocean_menu_link_background":"","ocean_menu_link_hover_background":"","ocean_menu_link_active_background":"","ocean_menu_social_links_bg":"","ocean_menu_social_hover_links_bg":"","ocean_menu_social_links_color":"","ocean_menu_social_hover_links_color":"","ocean_disable_title":"default","ocean_disable_heading":"default","ocean_post_title":"","ocean_post_subheading":"","ocean_post_title_style":"","ocean_post_title_background_color":"","ocean_post_title_background":0,"ocean_post_title_bg_image_position":"","ocean_post_title_bg_image_attachment":"","ocean_post_title_bg_image_repeat":"","ocean_post_title_bg_image_size":"","ocean_post_title_height":0,"ocean_post_title_bg_overlay":0.5,"ocean_post_title_bg_overlay_color":"","ocean_disable_breadcrumbs":"default","ocean_breadcrumbs_color":"","ocean_breadcrumbs_separator_color":"","ocean_breadcrumbs_links_color":"","ocean_breadcrumbs_links_hover_color":"","ocean_display_footer_widgets":"default","ocean_display_footer_bottom":"default","ocean_custom_footer_template":"0","ocean_post_oembed":"","ocean_post_self_hosted_media":"","ocean_post_video_embed":"","ocean_link_format":"","ocean_link_format_target":"self","ocean_quote_format":"","ocean_quote_format_link":"post","ocean_gallery_link_images":"off","ocean_gallery_id":[],"footnotes":""},"categories":[117],"tags":[],"class_list":["post-16055","post","type-post","status-publish","format-standard","has-post-thumbnail","hentry","category-vtn-muharibsi","entry","has-media"],"_links":{"self":[{"href":"https:\/\/mdu.edu.az\/en\/wp-json\/wp\/v2\/posts\/16055","targetHints":{"allow":["GET"]}}],"collection":[{"href":"https:\/\/mdu.edu.az\/en\/wp-json\/wp\/v2\/posts"}],"about":[{"href":"https:\/\/mdu.edu.az\/en\/wp-json\/wp\/v2\/types\/post"}],"author":[{"embeddable":true,"href":"https:\/\/mdu.edu.az\/en\/wp-json\/wp\/v2\/users\/1"}],"replies":[{"embeddable":true,"href":"https:\/\/mdu.edu.az\/en\/wp-json\/wp\/v2\/comments?post=16055"}],"version-history":[{"count":2,"href":"https:\/\/mdu.edu.az\/en\/wp-json\/wp\/v2\/posts\/16055\/revisions"}],"predecessor-version":[{"id":38654,"href":"https:\/\/mdu.edu.az\/en\/wp-json\/wp\/v2\/posts\/16055\/revisions\/38654"}],"wp:featuredmedia":[{"embeddable":true,"href":"https:\/\/mdu.edu.az\/en\/wp-json\/wp\/v2\/media\/34000"}],"wp:attachment":[{"href":"https:\/\/mdu.edu.az\/en\/wp-json\/wp\/v2\/media?parent=16055"}],"wp:term":[{"taxonomy":"category","embeddable":true,"href":"https:\/\/mdu.edu.az\/en\/wp-json\/wp\/v2\/categories?post=16055"},{"taxonomy":"post_tag","embeddable":true,"href":"https:\/\/mdu.edu.az\/en\/wp-json\/wp\/v2\/tags?post=16055"}],"curies":[{"name":"wp","href":"https:\/\/api.w.org\/{rel}","templated":true}]}}